{"id":2233,"date":"2011-11-09T13:42:41","date_gmt":"2011-11-09T13:42:41","guid":{"rendered":"http:\/\/www.fieam.org.br\/site\/sesi\/?p=2233"},"modified":"2011-11-09T13:42:41","modified_gmt":"2011-11-09T13:42:41","slug":"correios-e-sesi-firmam-parceria-para-insercao-profissional-de-jovens-do-viravida","status":"publish","type":"post","link":"https:\/\/fieam.org.br\/sesi\/correios-e-sesi-firmam-parceria-para-insercao-profissional-de-jovens-do-viravida\/","title":{"rendered":"Correios e SESI firmam parceria para inser\u00e7\u00e3o profissional de jovens do ViraVida"},"content":{"rendered":"<p>&nbsp;<\/p>\n<figure id=\"attachment_2234\" aria-describedby=\"caption-attachment-2234\" style=\"width: 300px\" class=\"wp-caption alignleft\"><a href=\"http:\/\/www.fieam.org.br\/site\/sesi\/files\/2011\/11\/Cr%C3%A9dito-Caio-Nantes.jpg\"><img fetchpriority=\"high\" decoding=\"async\" class=\"size-medium wp-image-2234\" src=\"http:\/\/www.fieam.org.br\/site\/sesi\/files\/2011\/11\/Cr%C3%A9dito-Caio-Nantes-300x196.jpg\" alt=\"Cr\u00e9dito: Caio Nantes\" width=\"300\" height=\"196\" \/><\/a><figcaption id=\"caption-attachment-2234\" class=\"wp-caption-text\">Cr\u00e9dito: Caio Nantes<\/figcaption><\/figure>\n<p><a href=\"http:\/\/www.correios.com.br\/\" target=\"_blank\" rel=\"noopener\">Os Correios<\/a> e o <a href=\"http:\/\/www.conselhonacionaldosesi.org.br\/\" target=\"_blank\" rel=\"noopener\">Conselho Nacional do SESI<\/a> assinaram, nesta ter\u00e7a-feira (08\/11), um termo de coopera\u00e7\u00e3o t\u00e9cnica de \u00e2mbito nacional para promover a inser\u00e7\u00e3o profissional de alunos do programa ViraVida nos quadros de jovens aprendizes e estagi\u00e1rios de n\u00edvel m\u00e9dio da ECT.<\/p>\n<p>A assinatura aconteceu na sede dos Correios, em Bras\u00edlia, e contou com a participa\u00e7\u00e3o do presidente da ECT, Wagner Pinheiro de Oliveira, e do presidente do SESI\/CN e idealizador do ViraVida, Jair Meneguelli.<\/p>\n<p><a href=\"http:\/\/www.viravida.org.br\/programa\" target=\"_blank\" rel=\"noopener\">O programa ViraVida<\/a> \u00e9 uma iniciativa do Conselho Nacional do SESI que capacita profissionalmente jovens com idade entre 16 e 21 anos, v\u00edtimas de explora\u00e7\u00e3o sexual. Ele busca promover a eleva\u00e7\u00e3o da auto-estima e da escolaridade dos participantes, para que desvendem o pr\u00f3prio potencial e assim conquistem autonomia.<\/p>\n<p>Com a assinatura do acordo, os alunos atendidos pelo ViraVida participar\u00e3o das sele\u00e7\u00f5es dos programas de est\u00e1gio de Ensino M\u00e9dio e Jovem Aprendiz dos Correios, a partir do pr\u00f3ximo ano.<\/p>\n<p>O Programa Jovem Aprendiz atende mais de tr\u00eas mil jovens com idade entre 15 e 21 anos, aprovados em sele\u00e7\u00e3o p\u00fablica, para contrata\u00e7\u00e3o por at\u00e9 dois anos. Os aprendizes atuam em \u00e1reas administrativas da institui\u00e7\u00e3o e nas ag\u00eancias. Al\u00e9m de cumprirem a carga hor\u00e1ria nos Correios, os jovens participam de aulas no SENAI.<\/p>\n<p>Para Jair Meneguelli, a assinatura do termo t\u00e9cnico representa um grande avan\u00e7o<strong> <\/strong>na empregabilidade do programa, pois ser\u00e3o ofertadas vagas nas 16 cidades onde o ViraVida est\u00e1 implantado. \u201cO Sistema S est\u00e1 comemorando mais esta parceria que dar\u00e1 uma oportunidade \u00fanica a esses jovens de trabalharem nesta grande institui\u00e7\u00e3o\u201d, afirmou.<\/p>\n<p>J\u00e1 o presidente da ECT, Wagner Pinheiro, disse que a empresa tamb\u00e9m vai ajudar na divulga\u00e7\u00e3o por meio das ag\u00eancias espalhadas por todo o pa\u00eds. \u201cEm todo o Brasil, milhares de crian\u00e7as e adolescentes t\u00eam seus direitos violados. \u00c9 uma satisfa\u00e7\u00e3o enorme para n\u00f3s ajudarmos um projeto t\u00e3o relevante\u201d.<\/p>\n<p>Durante a cerim\u00f4nia, os participantes da cerim\u00f4nia assistiram ao videoclipe da campanha Carinho de Verdade, que contou com a participa\u00e7\u00e3o de 22 artistas e j\u00e1 tem mais de 100 mil acessos na internet. Para assistir o clipe, acesse <a href=\"http:\/\/www.carinhodeverdade.org.br\/\" target=\"_blank\" rel=\"noopener\">www.carinhodeverdade.org.br<\/a>.<\/p>\n<p><strong>Mais informa\u00e7\u00f5es para a imprensa<\/strong><\/p>\n<p><strong>Assessoria de Imprensa do Conselho Nacional do SESI<\/strong><br \/>\nYnaiana Leite <a href=\"%2861%29%203217%200745\" target=\"_blank\" rel=\"noopener\">\u00a0\u00a0\u00a0\u00a0\u00a0\u00a0\u00a0\u00a0\u00a0\u00a0\u00a0\u00a0(61) 3217 0745\u00a0\u00a0\u00a0\u00a0\u00a0\u00a0<\/a><br \/>\nPaloma Santos <a href=\"%2861%29%203217%200746\" target=\"_blank\" rel=\"noopener\">\u00a0\u00a0\u00a0\u00a0\u00a0\u00a0\u00a0\u00a0\u00a0\u00a0\u00a0\u00a0(61) 3217 0746\u00a0\u00a0\u00a0\u00a0\u00a0\u00a0<\/a><\/p>\n","protected":false},"excerpt":{"rendered":"<p>&nbsp; Os Correios e o Conselho Nacional do SESI assinaram, nesta ter\u00e7a-feira (08\/11), um termo de coopera\u00e7\u00e3o t\u00e9cnica de \u00e2mbito nacional para promover a inser\u00e7\u00e3o profissional de alunos do programa ViraVida nos quadros de jovens aprendizes e estagi\u00e1rios de n\u00edvel m\u00e9dio da ECT. A assinatura aconteceu na sede dos Correios, em Bras\u00edlia, e contou com [&hellip;]<\/p>\n","protected":false},"author":1,"featured_media":0,"comment_status":"open","ping_status":"open","sticky":false,"template":"","format":"standard","meta":{"footnotes":""},"categories":[25],"tags":[],"class_list":["post-2233","post","type-post","status-publish","format-standard","hentry","category-news"],"yoast_head":"<!-- This site is optimized with the Yoast SEO plugin v28.2 - https:\/\/yoast.com\/product\/yoast-seo-wordpress\/ -->\n<title>Correios e SESI firmam parceria para inser\u00e7\u00e3o profissional de jovens do ViraVida - SESI<\/title>\n<meta name=\"robots\" content=\"index, follow, max-snippet:-1, max-image-preview:large, max-video-preview:-1\" \/>\n<link rel=\"canonical\" href=\"https:\/\/fieam.org.br\/sesi\/correios-e-sesi-firmam-parceria-para-insercao-profissional-de-jovens-do-viravida\/\" \/>\n<meta property=\"og:locale\" content=\"pt_BR\" \/>\n<meta property=\"og:type\" content=\"article\" \/>\n<meta property=\"og:title\" content=\"Correios e SESI firmam parceria para inser\u00e7\u00e3o profissional de jovens do ViraVida - SESI\" \/>\n<meta property=\"og:description\" content=\"&nbsp; Os Correios e o Conselho Nacional do SESI assinaram, nesta ter\u00e7a-feira (08\/11), um termo de coopera\u00e7\u00e3o t\u00e9cnica de \u00e2mbito nacional para promover a inser\u00e7\u00e3o profissional de alunos do programa ViraVida nos quadros de jovens aprendizes e estagi\u00e1rios de n\u00edvel m\u00e9dio da ECT. A assinatura aconteceu na sede dos Correios, em Bras\u00edlia, e contou com [&hellip;]\" \/>\n<meta property=\"og:url\" content=\"https:\/\/fieam.org.br\/sesi\/correios-e-sesi-firmam-parceria-para-insercao-profissional-de-jovens-do-viravida\/\" \/>\n<meta property=\"og:site_name\" content=\"SESI\" \/>\n<meta property=\"article:published_time\" content=\"2011-11-09T13:42:41+00:00\" \/>\n<meta name=\"author\" content=\"Autor\" \/>\n<meta name=\"twitter:card\" content=\"summary_large_image\" \/>\n<meta name=\"twitter:label1\" content=\"Escrito por\" \/>\n\t<meta name=\"twitter:data1\" content=\"Autor\" \/>\n\t<meta name=\"twitter:label2\" content=\"Est. tempo de leitura\" \/>\n\t<meta name=\"twitter:data2\" content=\"2 minutos\" \/>\n<script type=\"application\/ld+json\" class=\"yoast-schema-graph\">{\"@context\":\"https:\\\/\\\/schema.org\",\"@graph\":[{\"@type\":\"Article\",\"@id\":\"https:\\\/\\\/fieam.org.br\\\/sesi\\\/correios-e-sesi-firmam-parceria-para-insercao-profissional-de-jovens-do-viravida\\\/#article\",\"isPartOf\":{\"@id\":\"https:\\\/\\\/fieam.org.br\\\/sesi\\\/correios-e-sesi-firmam-parceria-para-insercao-profissional-de-jovens-do-viravida\\\/\"},\"author\":{\"name\":\"Autor\",\"@id\":\"https:\\\/\\\/fieam.org.br\\\/sesi\\\/#\\\/schema\\\/person\\\/f54998dd14d5f0695b41444f2b01c31e\"},\"headline\":\"Correios e SESI firmam parceria para inser\u00e7\u00e3o profissional de jovens do ViraVida\",\"datePublished\":\"2011-11-09T13:42:41+00:00\",\"mainEntityOfPage\":{\"@id\":\"https:\\\/\\\/fieam.org.br\\\/sesi\\\/correios-e-sesi-firmam-parceria-para-insercao-profissional-de-jovens-do-viravida\\\/\"},\"wordCount\":424,\"commentCount\":0,\"publisher\":{\"@id\":\"https:\\\/\\\/fieam.org.br\\\/sesi\\\/#organization\"},\"image\":{\"@id\":\"https:\\\/\\\/fieam.org.br\\\/sesi\\\/correios-e-sesi-firmam-parceria-para-insercao-profissional-de-jovens-do-viravida\\\/#primaryimage\"},\"thumbnailUrl\":\"http:\\\/\\\/www.fieam.org.br\\\/site\\\/sesi\\\/files\\\/2011\\\/11\\\/Cr%C3%A9dito-Caio-Nantes-300x196.jpg\",\"articleSection\":[\"News\"],\"inLanguage\":\"pt-BR\",\"potentialAction\":[{\"@type\":\"CommentAction\",\"name\":\"Comment\",\"target\":[\"https:\\\/\\\/fieam.org.br\\\/sesi\\\/correios-e-sesi-firmam-parceria-para-insercao-profissional-de-jovens-do-viravida\\\/#respond\"]}]},{\"@type\":\"WebPage\",\"@id\":\"https:\\\/\\\/fieam.org.br\\\/sesi\\\/correios-e-sesi-firmam-parceria-para-insercao-profissional-de-jovens-do-viravida\\\/\",\"url\":\"https:\\\/\\\/fieam.org.br\\\/sesi\\\/correios-e-sesi-firmam-parceria-para-insercao-profissional-de-jovens-do-viravida\\\/\",\"name\":\"Correios e SESI firmam parceria para inser\u00e7\u00e3o profissional de jovens do ViraVida - SESI\",\"isPartOf\":{\"@id\":\"https:\\\/\\\/fieam.org.br\\\/sesi\\\/#website\"},\"primaryImageOfPage\":{\"@id\":\"https:\\\/\\\/fieam.org.br\\\/sesi\\\/correios-e-sesi-firmam-parceria-para-insercao-profissional-de-jovens-do-viravida\\\/#primaryimage\"},\"image\":{\"@id\":\"https:\\\/\\\/fieam.org.br\\\/sesi\\\/correios-e-sesi-firmam-parceria-para-insercao-profissional-de-jovens-do-viravida\\\/#primaryimage\"},\"thumbnailUrl\":\"http:\\\/\\\/www.fieam.org.br\\\/site\\\/sesi\\\/files\\\/2011\\\/11\\\/Cr%C3%A9dito-Caio-Nantes-300x196.jpg\",\"datePublished\":\"2011-11-09T13:42:41+00:00\",\"breadcrumb\":{\"@id\":\"https:\\\/\\\/fieam.org.br\\\/sesi\\\/correios-e-sesi-firmam-parceria-para-insercao-profissional-de-jovens-do-viravida\\\/#breadcrumb\"},\"inLanguage\":\"pt-BR\",\"potentialAction\":[{\"@type\":\"ReadAction\",\"target\":[\"https:\\\/\\\/fieam.org.br\\\/sesi\\\/correios-e-sesi-firmam-parceria-para-insercao-profissional-de-jovens-do-viravida\\\/\"]}]},{\"@type\":\"ImageObject\",\"inLanguage\":\"pt-BR\",\"@id\":\"https:\\\/\\\/fieam.org.br\\\/sesi\\\/correios-e-sesi-firmam-parceria-para-insercao-profissional-de-jovens-do-viravida\\\/#primaryimage\",\"url\":\"http:\\\/\\\/www.fieam.org.br\\\/site\\\/sesi\\\/files\\\/2011\\\/11\\\/Cr%C3%A9dito-Caio-Nantes-300x196.jpg\",\"contentUrl\":\"http:\\\/\\\/www.fieam.org.br\\\/site\\\/sesi\\\/files\\\/2011\\\/11\\\/Cr%C3%A9dito-Caio-Nantes-300x196.jpg\"},{\"@type\":\"BreadcrumbList\",\"@id\":\"https:\\\/\\\/fieam.org.br\\\/sesi\\\/correios-e-sesi-firmam-parceria-para-insercao-profissional-de-jovens-do-viravida\\\/#breadcrumb\",\"itemListElement\":[{\"@type\":\"ListItem\",\"position\":1,\"name\":\"In\u00edcio\",\"item\":\"https:\\\/\\\/fieam.org.br\\\/sesi\\\/\"},{\"@type\":\"ListItem\",\"position\":2,\"name\":\"Correios e SESI firmam parceria para inser\u00e7\u00e3o profissional de jovens do ViraVida\"}]},{\"@type\":\"WebSite\",\"@id\":\"https:\\\/\\\/fieam.org.br\\\/sesi\\\/#website\",\"url\":\"https:\\\/\\\/fieam.org.br\\\/sesi\\\/\",\"name\":\"SESI\",\"description\":\"Site Oficial!\",\"publisher\":{\"@id\":\"https:\\\/\\\/fieam.org.br\\\/sesi\\\/#organization\"},\"potentialAction\":[{\"@type\":\"SearchAction\",\"target\":{\"@type\":\"EntryPoint\",\"urlTemplate\":\"https:\\\/\\\/fieam.org.br\\\/sesi\\\/?s={search_term_string}\"},\"query-input\":{\"@type\":\"PropertyValueSpecification\",\"valueRequired\":true,\"valueName\":\"search_term_string\"}}],\"inLanguage\":\"pt-BR\"},{\"@type\":\"Organization\",\"@id\":\"https:\\\/\\\/fieam.org.br\\\/sesi\\\/#organization\",\"name\":\"SESI\",\"url\":\"https:\\\/\\\/fieam.org.br\\\/sesi\\\/\",\"logo\":{\"@type\":\"ImageObject\",\"inLanguage\":\"pt-BR\",\"@id\":\"https:\\\/\\\/fieam.org.br\\\/sesi\\\/#\\\/schema\\\/logo\\\/image\\\/\",\"url\":\"https:\\\/\\\/fieam.org.br\\\/sesi\\\/wp-content\\\/uploads\\\/sites\\\/14\\\/2024\\\/03\\\/cropped-fav.png\",\"contentUrl\":\"https:\\\/\\\/fieam.org.br\\\/sesi\\\/wp-content\\\/uploads\\\/sites\\\/14\\\/2024\\\/03\\\/cropped-fav.png\",\"width\":610,\"height\":589,\"caption\":\"SESI\"},\"image\":{\"@id\":\"https:\\\/\\\/fieam.org.br\\\/sesi\\\/#\\\/schema\\\/logo\\\/image\\\/\"}},{\"@type\":\"Person\",\"@id\":\"https:\\\/\\\/fieam.org.br\\\/sesi\\\/#\\\/schema\\\/person\\\/f54998dd14d5f0695b41444f2b01c31e\",\"name\":\"Autor\",\"image\":{\"@type\":\"ImageObject\",\"inLanguage\":\"pt-BR\",\"@id\":\"https:\\\/\\\/secure.gravatar.com\\\/avatar\\\/3732c223e0e1fad69062a8f770955c9068d37b055204f310a0be18d4069fe380?s=96&d=mm&r=g\",\"url\":\"https:\\\/\\\/secure.gravatar.com\\\/avatar\\\/3732c223e0e1fad69062a8f770955c9068d37b055204f310a0be18d4069fe380?s=96&d=mm&r=g\",\"contentUrl\":\"https:\\\/\\\/secure.gravatar.com\\\/avatar\\\/3732c223e0e1fad69062a8f770955c9068d37b055204f310a0be18d4069fe380?s=96&d=mm&r=g\",\"caption\":\"Autor\"},\"sameAs\":[\"https:\\\/\\\/marketingmassivo.com.br\"],\"url\":\"https:\\\/\\\/fieam.org.br\\\/sesi\\\/author\\\/admin\\\/\"}]}<\/script>\n<!-- \/ Yoast SEO plugin. -->","yoast_head_json":{"title":"Correios e SESI firmam parceria para inser\u00e7\u00e3o profissional de jovens do ViraVida - SESI","robots":{"index":"index","follow":"follow","max-snippet":"max-snippet:-1","max-image-preview":"max-image-preview:large","max-video-preview":"max-video-preview:-1"},"canonical":"https:\/\/fieam.org.br\/sesi\/correios-e-sesi-firmam-parceria-para-insercao-profissional-de-jovens-do-viravida\/","og_locale":"pt_BR","og_type":"article","og_title":"Correios e SESI firmam parceria para inser\u00e7\u00e3o profissional de jovens do ViraVida - SESI","og_description":"&nbsp; Os Correios e o Conselho Nacional do SESI assinaram, nesta ter\u00e7a-feira (08\/11), um termo de coopera\u00e7\u00e3o t\u00e9cnica de \u00e2mbito nacional para promover a inser\u00e7\u00e3o profissional de alunos do programa ViraVida nos quadros de jovens aprendizes e estagi\u00e1rios de n\u00edvel m\u00e9dio da ECT. A assinatura aconteceu na sede dos Correios, em Bras\u00edlia, e contou com [&hellip;]","og_url":"https:\/\/fieam.org.br\/sesi\/correios-e-sesi-firmam-parceria-para-insercao-profissional-de-jovens-do-viravida\/","og_site_name":"SESI","article_published_time":"2011-11-09T13:42:41+00:00","author":"Autor","twitter_card":"summary_large_image","twitter_misc":{"Escrito por":"Autor","Est. tempo de leitura":"2 minutos"},"schema":{"@context":"https:\/\/schema.org","@graph":[{"@type":"Article","@id":"https:\/\/fieam.org.br\/sesi\/correios-e-sesi-firmam-parceria-para-insercao-profissional-de-jovens-do-viravida\/#article","isPartOf":{"@id":"https:\/\/fieam.org.br\/sesi\/correios-e-sesi-firmam-parceria-para-insercao-profissional-de-jovens-do-viravida\/"},"author":{"name":"Autor","@id":"https:\/\/fieam.org.br\/sesi\/#\/schema\/person\/f54998dd14d5f0695b41444f2b01c31e"},"headline":"Correios e SESI firmam parceria para inser\u00e7\u00e3o profissional de jovens do ViraVida","datePublished":"2011-11-09T13:42:41+00:00","mainEntityOfPage":{"@id":"https:\/\/fieam.org.br\/sesi\/correios-e-sesi-firmam-parceria-para-insercao-profissional-de-jovens-do-viravida\/"},"wordCount":424,"commentCount":0,"publisher":{"@id":"https:\/\/fieam.org.br\/sesi\/#organization"},"image":{"@id":"https:\/\/fieam.org.br\/sesi\/correios-e-sesi-firmam-parceria-para-insercao-profissional-de-jovens-do-viravida\/#primaryimage"},"thumbnailUrl":"http:\/\/www.fieam.org.br\/site\/sesi\/files\/2011\/11\/Cr%C3%A9dito-Caio-Nantes-300x196.jpg","articleSection":["News"],"inLanguage":"pt-BR","potentialAction":[{"@type":"CommentAction","name":"Comment","target":["https:\/\/fieam.org.br\/sesi\/correios-e-sesi-firmam-parceria-para-insercao-profissional-de-jovens-do-viravida\/#respond"]}]},{"@type":"WebPage","@id":"https:\/\/fieam.org.br\/sesi\/correios-e-sesi-firmam-parceria-para-insercao-profissional-de-jovens-do-viravida\/","url":"https:\/\/fieam.org.br\/sesi\/correios-e-sesi-firmam-parceria-para-insercao-profissional-de-jovens-do-viravida\/","name":"Correios e SESI firmam parceria para inser\u00e7\u00e3o profissional de jovens do ViraVida - SESI","isPartOf":{"@id":"https:\/\/fieam.org.br\/sesi\/#website"},"primaryImageOfPage":{"@id":"https:\/\/fieam.org.br\/sesi\/correios-e-sesi-firmam-parceria-para-insercao-profissional-de-jovens-do-viravida\/#primaryimage"},"image":{"@id":"https:\/\/fieam.org.br\/sesi\/correios-e-sesi-firmam-parceria-para-insercao-profissional-de-jovens-do-viravida\/#primaryimage"},"thumbnailUrl":"http:\/\/www.fieam.org.br\/site\/sesi\/files\/2011\/11\/Cr%C3%A9dito-Caio-Nantes-300x196.jpg","datePublished":"2011-11-09T13:42:41+00:00","breadcrumb":{"@id":"https:\/\/fieam.org.br\/sesi\/correios-e-sesi-firmam-parceria-para-insercao-profissional-de-jovens-do-viravida\/#breadcrumb"},"inLanguage":"pt-BR","potentialAction":[{"@type":"ReadAction","target":["https:\/\/fieam.org.br\/sesi\/correios-e-sesi-firmam-parceria-para-insercao-profissional-de-jovens-do-viravida\/"]}]},{"@type":"ImageObject","inLanguage":"pt-BR","@id":"https:\/\/fieam.org.br\/sesi\/correios-e-sesi-firmam-parceria-para-insercao-profissional-de-jovens-do-viravida\/#primaryimage","url":"http:\/\/www.fieam.org.br\/site\/sesi\/files\/2011\/11\/Cr%C3%A9dito-Caio-Nantes-300x196.jpg","contentUrl":"http:\/\/www.fieam.org.br\/site\/sesi\/files\/2011\/11\/Cr%C3%A9dito-Caio-Nantes-300x196.jpg"},{"@type":"BreadcrumbList","@id":"https:\/\/fieam.org.br\/sesi\/correios-e-sesi-firmam-parceria-para-insercao-profissional-de-jovens-do-viravida\/#breadcrumb","itemListElement":[{"@type":"ListItem","position":1,"name":"In\u00edcio","item":"https:\/\/fieam.org.br\/sesi\/"},{"@type":"ListItem","position":2,"name":"Correios e SESI firmam parceria para inser\u00e7\u00e3o profissional de jovens do ViraVida"}]},{"@type":"WebSite","@id":"https:\/\/fieam.org.br\/sesi\/#website","url":"https:\/\/fieam.org.br\/sesi\/","name":"SESI","description":"Site Oficial!","publisher":{"@id":"https:\/\/fieam.org.br\/sesi\/#organization"},"potentialAction":[{"@type":"SearchAction","target":{"@type":"EntryPoint","urlTemplate":"https:\/\/fieam.org.br\/sesi\/?s={search_term_string}"},"query-input":{"@type":"PropertyValueSpecification","valueRequired":true,"valueName":"search_term_string"}}],"inLanguage":"pt-BR"},{"@type":"Organization","@id":"https:\/\/fieam.org.br\/sesi\/#organization","name":"SESI","url":"https:\/\/fieam.org.br\/sesi\/","logo":{"@type":"ImageObject","inLanguage":"pt-BR","@id":"https:\/\/fieam.org.br\/sesi\/#\/schema\/logo\/image\/","url":"https:\/\/fieam.org.br\/sesi\/wp-content\/uploads\/sites\/14\/2024\/03\/cropped-fav.png","contentUrl":"https:\/\/fieam.org.br\/sesi\/wp-content\/uploads\/sites\/14\/2024\/03\/cropped-fav.png","width":610,"height":589,"caption":"SESI"},"image":{"@id":"https:\/\/fieam.org.br\/sesi\/#\/schema\/logo\/image\/"}},{"@type":"Person","@id":"https:\/\/fieam.org.br\/sesi\/#\/schema\/person\/f54998dd14d5f0695b41444f2b01c31e","name":"Autor","image":{"@type":"ImageObject","inLanguage":"pt-BR","@id":"https:\/\/secure.gravatar.com\/avatar\/3732c223e0e1fad69062a8f770955c9068d37b055204f310a0be18d4069fe380?s=96&d=mm&r=g","url":"https:\/\/secure.gravatar.com\/avatar\/3732c223e0e1fad69062a8f770955c9068d37b055204f310a0be18d4069fe380?s=96&d=mm&r=g","contentUrl":"https:\/\/secure.gravatar.com\/avatar\/3732c223e0e1fad69062a8f770955c9068d37b055204f310a0be18d4069fe380?s=96&d=mm&r=g","caption":"Autor"},"sameAs":["https:\/\/marketingmassivo.com.br"],"url":"https:\/\/fieam.org.br\/sesi\/author\/admin\/"}]}},"_links":{"self":[{"href":"https:\/\/fieam.org.br\/sesi\/wp-json\/wp\/v2\/posts\/2233","targetHints":{"allow":["GET"]}}],"collection":[{"href":"https:\/\/fieam.org.br\/sesi\/wp-json\/wp\/v2\/posts"}],"about":[{"href":"https:\/\/fieam.org.br\/sesi\/wp-json\/wp\/v2\/types\/post"}],"author":[{"embeddable":true,"href":"https:\/\/fieam.org.br\/sesi\/wp-json\/wp\/v2\/users\/1"}],"replies":[{"embeddable":true,"href":"https:\/\/fieam.org.br\/sesi\/wp-json\/wp\/v2\/comments?post=2233"}],"version-history":[{"count":0,"href":"https:\/\/fieam.org.br\/sesi\/wp-json\/wp\/v2\/posts\/2233\/revisions"}],"wp:attachment":[{"href":"https:\/\/fieam.org.br\/sesi\/wp-json\/wp\/v2\/media?parent=2233"}],"wp:term":[{"taxonomy":"category","embeddable":true,"href":"https:\/\/fieam.org.br\/sesi\/wp-json\/wp\/v2\/categories?post=2233"},{"taxonomy":"post_tag","embeddable":true,"href":"https:\/\/fieam.org.br\/sesi\/wp-json\/wp\/v2\/tags?post=2233"}],"curies":[{"name":"wp","href":"https:\/\/api.w.org\/{rel}","templated":true}]}}