{"id":2227,"date":"2011-11-08T15:14:37","date_gmt":"2011-11-08T15:14:37","guid":{"rendered":"http:\/\/www.fieam.org.br\/site\/sesi\/?p=2227"},"modified":"2011-11-08T15:14:37","modified_gmt":"2011-11-08T15:14:37","slug":"colaboradores-do-sistema-fieam-tem-semana-interna-de-prevencao-de-acidentes-no-trabalho","status":"publish","type":"post","link":"https:\/\/fieam.org.br\/sesi\/colaboradores-do-sistema-fieam-tem-semana-interna-de-prevencao-de-acidentes-no-trabalho\/","title":{"rendered":"Colaboradores do Sistema FIEAM t\u00eam Semana Interna de Preven\u00e7\u00e3o de Acidentes no Trabalho"},"content":{"rendered":"<figure id=\"attachment_2228\" aria-describedby=\"caption-attachment-2228\" style=\"width: 300px\" class=\"wp-caption alignleft\"><a href=\"http:\/\/www.fieam.org.br\/site\/sesi\/files\/2011\/11\/Dagmar-enfermeira-do-trabalho.jpg\"><img fetchpriority=\"high\" decoding=\"async\" class=\"size-medium wp-image-2228\" src=\"http:\/\/www.fieam.org.br\/site\/sesi\/files\/2011\/11\/Dagmar-enfermeira-do-trabalho-300x230.jpg\" alt=\"Dagmar, enfermeira do trabalho\" width=\"300\" height=\"230\" \/><\/a><figcaption id=\"caption-attachment-2228\" class=\"wp-caption-text\">Dagmar, enfermeira do trabalho<\/figcaption><\/figure>\n<p>A 2\u00aa Semana Interna de Preven\u00e7\u00e3o de Acidentes no Trabalho (Sipat Integrada) do Sistema FIEAM iniciou-se nesta segunda-feira (7), no audit\u00f3rio Auton Furtado Junior, com o tema \u201cA vida em suas m\u00e3os\u201d.<\/p>\n<p>Ao abrir o evento, o coordenador do Servi\u00e7o Especializado em Engenharia de Seguran\u00e7a e de Medicina do Trabalho (SESMT), Leonardo Mississipe, disse que a Sipat pretende proporcionar nova reflex\u00e3o sobre os desafios que se colocam \u00e0s organiza\u00e7\u00f5es e sobre o trabalho, perante aos novos riscos profissionais, emergentes das novas formas de trabalho.<\/p>\n<p>De acordo com Mississipe, que representou o superintendente do <a href=\"http:\/\/www.fieam.org.br\/site\/sesi\/institucional\" target=\"_blank\" rel=\"noopener\">SESI,<\/a> Luiz Alberto Medeiros, as novas formas de trabalho s\u00e3o consequ\u00eancias do estado da economia global e preocupam na medida em que\u00a0 conduzem\u00a0 ao aparecimento de novos riscos profissionais.<\/p>\n<p>Ele disse que a crise econ\u00f4mica que atinge o mundo come\u00e7a a refletir-se no dom\u00ednio da Seguran\u00e7a e Sa\u00fade do Trabalho,\u00a0 principalmente na estrutura de organiza\u00e7\u00e3o e de gest\u00e3o do trabalho.<\/p>\n<p>A programa\u00e7\u00e3o teve continuidade com a palestra, \u201cImuniza\u00e7\u00e3o como preven\u00e7\u00e3o\u201d, proferida pela enfermeira do trabalho, Dagmar Silva, que recomendou a vacina\u00e7\u00e3o como o caminho para evitar v\u00e1rias doen\u00e7as.<\/p>\n<p>Ela disse que o SESI disponibiliza aos trabalhadores do <a href=\"http:\/\/www.suframa.gov.br\/zfm_principal.cfm\" target=\"_blank\" rel=\"noopener\">Polo Industrial de Manaus (PIM)<\/a> e colaboradores do Sistema FIEAM vacinas contra difteria, t\u00e9tano, febre-amarela, hepatite B, trivalente (gripes) tr\u00edplice viral (sarampo, rub\u00e9ola e caxumba).<\/p>\n<p>Dagmar disse que a vacina contra o t\u00e9tano tem imunidade por cinco anos, mas que s\u00e3o necess\u00e1rias tr\u00eas doses, uma a cada dois meses, e que a hepatite B, \u00e9 uma doen\u00e7a contagiosa e que pode ser transmitida por meio da rela\u00e7\u00e3o sexual e por objetos perfurantes, levando \u00e0 morte.<\/p>\n<p>Segundo a enfermeira do SESI, a legisla\u00e7\u00e3o trabalhista exige que o trabalhador tenha em dia, a carteira de sa\u00fade constando a data da vacina\u00e7\u00e3o contra difteria, t\u00e9tano, febre-amarela e\u00a0 tr\u00edplice viral.<\/p>\n<figure id=\"attachment_2229\" aria-describedby=\"caption-attachment-2229\" style=\"width: 300px\" class=\"wp-caption alignleft\"><a href=\"http:\/\/www.fieam.org.br\/site\/sesi\/files\/2011\/11\/Equipe-de-imuniza%C3%A7%C3%A3o-do-SESI.jpg\"><img decoding=\"async\" class=\"size-medium wp-image-2229\" src=\"http:\/\/www.fieam.org.br\/site\/sesi\/files\/2011\/11\/Equipe-de-imuniza%C3%A7%C3%A3o-do-SESI-300x200.jpg\" alt=\"Equipe de imuniza\u00e7\u00e3o do SESI\" width=\"300\" height=\"200\" \/><\/a><figcaption id=\"caption-attachment-2229\" class=\"wp-caption-text\">Equipe de imuniza\u00e7\u00e3o do SESI<\/figcaption><\/figure>\n<p>De acordo com Silva, o setor de imuniza\u00e7\u00e3o do SESI n\u00e3o ir\u00e1 atender os trabalhadores industriais em janeiro de 2012, concentrando o servi\u00e7o na vacina\u00e7\u00e3o dos colaboradores do Sistema FIEAM.<\/p>\n<p>A programa\u00e7\u00e3o da manh\u00e3 foi encerrada com a palestra proferida pela m\u00e9dica do trabalho, Daniela Souto Maior sobre Qualidade de Vida, que destacou a import\u00e2ncia de um equil\u00edbrio entre atividades profissionais e pessoais, planejamento do tempo, priorizar as a\u00e7\u00f5es, al\u00e9m da pr\u00e1tica de atividades f\u00edsicas, e\u00a0 vida sexual gratificante.<\/p>\n<p>A 2\u00aa Sipat\u00a0 ser\u00e1 realizada at\u00e9 o dia 10 no audit\u00f3rio\u00a0 Auton Furtado Junior com atividades pela manh\u00e3 e \u00e0 tarde e\u00a0 encerramento no dia 11 na Unidade de Educa\u00e7\u00e3o Francisco Garcia.<\/p>\n<p>[nggallery id=62]<\/p>\n<p>&nbsp;<\/p>\n","protected":false},"excerpt":{"rendered":"<p>A 2\u00aa Semana Interna de Preven\u00e7\u00e3o de Acidentes no Trabalho (Sipat Integrada) do Sistema FIEAM iniciou-se nesta segunda-feira (7), no audit\u00f3rio Auton Furtado Junior, com o tema \u201cA vida em suas m\u00e3os\u201d. Ao abrir o evento, o coordenador do Servi\u00e7o Especializado em Engenharia de Seguran\u00e7a e de Medicina do Trabalho (SESMT), Leonardo Mississipe, disse que [&hellip;]<\/p>\n","protected":false},"author":1,"featured_media":0,"comment_status":"open","ping_status":"open","sticky":false,"template":"","format":"standard","meta":{"footnotes":""},"categories":[25],"tags":[],"class_list":["post-2227","post","type-post","status-publish","format-standard","hentry","category-news"],"yoast_head":"<!-- This site is optimized with the Yoast SEO plugin v28.2 - https:\/\/yoast.com\/product\/yoast-seo-wordpress\/ -->\n<title>Colaboradores do Sistema FIEAM t\u00eam Semana Interna de Preven\u00e7\u00e3o de Acidentes no Trabalho - SESI<\/title>\n<meta name=\"robots\" content=\"index, follow, max-snippet:-1, max-image-preview:large, max-video-preview:-1\" \/>\n<link rel=\"canonical\" href=\"https:\/\/fieam.org.br\/sesi\/colaboradores-do-sistema-fieam-tem-semana-interna-de-prevencao-de-acidentes-no-trabalho\/\" \/>\n<meta property=\"og:locale\" content=\"pt_BR\" \/>\n<meta property=\"og:type\" content=\"article\" \/>\n<meta property=\"og:title\" content=\"Colaboradores do Sistema FIEAM t\u00eam Semana Interna de Preven\u00e7\u00e3o de Acidentes no Trabalho - SESI\" \/>\n<meta property=\"og:description\" content=\"A 2\u00aa Semana Interna de Preven\u00e7\u00e3o de Acidentes no Trabalho (Sipat Integrada) do Sistema FIEAM iniciou-se nesta segunda-feira (7), no audit\u00f3rio Auton Furtado Junior, com o tema \u201cA vida em suas m\u00e3os\u201d. Ao abrir o evento, o coordenador do Servi\u00e7o Especializado em Engenharia de Seguran\u00e7a e de Medicina do Trabalho (SESMT), Leonardo Mississipe, disse que [&hellip;]\" \/>\n<meta property=\"og:url\" content=\"https:\/\/fieam.org.br\/sesi\/colaboradores-do-sistema-fieam-tem-semana-interna-de-prevencao-de-acidentes-no-trabalho\/\" \/>\n<meta property=\"og:site_name\" content=\"SESI\" \/>\n<meta property=\"article:published_time\" content=\"2011-11-08T15:14:37+00:00\" \/>\n<meta property=\"og:image\" content=\"https:\/\/fieam.org.br\/sesi\/wp-content\/uploads\/sites\/14\/2011\/11\/Dagmar-enfermeira-do-trabalho.jpg\" \/>\n\t<meta property=\"og:image:width\" content=\"999\" \/>\n\t<meta property=\"og:image:height\" content=\"768\" \/>\n\t<meta property=\"og:image:type\" content=\"image\/jpeg\" \/>\n<meta name=\"author\" content=\"Autor\" \/>\n<meta name=\"twitter:card\" content=\"summary_large_image\" \/>\n<meta name=\"twitter:label1\" content=\"Escrito por\" \/>\n\t<meta name=\"twitter:data1\" content=\"Autor\" \/>\n\t<meta name=\"twitter:label2\" content=\"Est. tempo de leitura\" \/>\n\t<meta name=\"twitter:data2\" content=\"2 minutos\" \/>\n<script type=\"application\/ld+json\" class=\"yoast-schema-graph\">{\"@context\":\"https:\\\/\\\/schema.org\",\"@graph\":[{\"@type\":\"Article\",\"@id\":\"https:\\\/\\\/fieam.org.br\\\/sesi\\\/colaboradores-do-sistema-fieam-tem-semana-interna-de-prevencao-de-acidentes-no-trabalho\\\/#article\",\"isPartOf\":{\"@id\":\"https:\\\/\\\/fieam.org.br\\\/sesi\\\/colaboradores-do-sistema-fieam-tem-semana-interna-de-prevencao-de-acidentes-no-trabalho\\\/\"},\"author\":{\"name\":\"Autor\",\"@id\":\"https:\\\/\\\/fieam.org.br\\\/sesi\\\/#\\\/schema\\\/person\\\/f54998dd14d5f0695b41444f2b01c31e\"},\"headline\":\"Colaboradores do Sistema FIEAM t\u00eam Semana Interna de Preven\u00e7\u00e3o de Acidentes no Trabalho\",\"datePublished\":\"2011-11-08T15:14:37+00:00\",\"mainEntityOfPage\":{\"@id\":\"https:\\\/\\\/fieam.org.br\\\/sesi\\\/colaboradores-do-sistema-fieam-tem-semana-interna-de-prevencao-de-acidentes-no-trabalho\\\/\"},\"wordCount\":492,\"commentCount\":0,\"publisher\":{\"@id\":\"https:\\\/\\\/fieam.org.br\\\/sesi\\\/#organization\"},\"image\":{\"@id\":\"https:\\\/\\\/fieam.org.br\\\/sesi\\\/colaboradores-do-sistema-fieam-tem-semana-interna-de-prevencao-de-acidentes-no-trabalho\\\/#primaryimage\"},\"thumbnailUrl\":\"http:\\\/\\\/www.fieam.org.br\\\/site\\\/sesi\\\/files\\\/2011\\\/11\\\/Dagmar-enfermeira-do-trabalho-300x230.jpg\",\"articleSection\":[\"News\"],\"inLanguage\":\"pt-BR\",\"potentialAction\":[{\"@type\":\"CommentAction\",\"name\":\"Comment\",\"target\":[\"https:\\\/\\\/fieam.org.br\\\/sesi\\\/colaboradores-do-sistema-fieam-tem-semana-interna-de-prevencao-de-acidentes-no-trabalho\\\/#respond\"]}]},{\"@type\":\"WebPage\",\"@id\":\"https:\\\/\\\/fieam.org.br\\\/sesi\\\/colaboradores-do-sistema-fieam-tem-semana-interna-de-prevencao-de-acidentes-no-trabalho\\\/\",\"url\":\"https:\\\/\\\/fieam.org.br\\\/sesi\\\/colaboradores-do-sistema-fieam-tem-semana-interna-de-prevencao-de-acidentes-no-trabalho\\\/\",\"name\":\"Colaboradores do Sistema FIEAM t\u00eam Semana Interna de Preven\u00e7\u00e3o de Acidentes no Trabalho - SESI\",\"isPartOf\":{\"@id\":\"https:\\\/\\\/fieam.org.br\\\/sesi\\\/#website\"},\"primaryImageOfPage\":{\"@id\":\"https:\\\/\\\/fieam.org.br\\\/sesi\\\/colaboradores-do-sistema-fieam-tem-semana-interna-de-prevencao-de-acidentes-no-trabalho\\\/#primaryimage\"},\"image\":{\"@id\":\"https:\\\/\\\/fieam.org.br\\\/sesi\\\/colaboradores-do-sistema-fieam-tem-semana-interna-de-prevencao-de-acidentes-no-trabalho\\\/#primaryimage\"},\"thumbnailUrl\":\"http:\\\/\\\/www.fieam.org.br\\\/site\\\/sesi\\\/files\\\/2011\\\/11\\\/Dagmar-enfermeira-do-trabalho-300x230.jpg\",\"datePublished\":\"2011-11-08T15:14:37+00:00\",\"breadcrumb\":{\"@id\":\"https:\\\/\\\/fieam.org.br\\\/sesi\\\/colaboradores-do-sistema-fieam-tem-semana-interna-de-prevencao-de-acidentes-no-trabalho\\\/#breadcrumb\"},\"inLanguage\":\"pt-BR\",\"potentialAction\":[{\"@type\":\"ReadAction\",\"target\":[\"https:\\\/\\\/fieam.org.br\\\/sesi\\\/colaboradores-do-sistema-fieam-tem-semana-interna-de-prevencao-de-acidentes-no-trabalho\\\/\"]}]},{\"@type\":\"ImageObject\",\"inLanguage\":\"pt-BR\",\"@id\":\"https:\\\/\\\/fieam.org.br\\\/sesi\\\/colaboradores-do-sistema-fieam-tem-semana-interna-de-prevencao-de-acidentes-no-trabalho\\\/#primaryimage\",\"url\":\"http:\\\/\\\/www.fieam.org.br\\\/site\\\/sesi\\\/files\\\/2011\\\/11\\\/Dagmar-enfermeira-do-trabalho-300x230.jpg\",\"contentUrl\":\"http:\\\/\\\/www.fieam.org.br\\\/site\\\/sesi\\\/files\\\/2011\\\/11\\\/Dagmar-enfermeira-do-trabalho-300x230.jpg\"},{\"@type\":\"BreadcrumbList\",\"@id\":\"https:\\\/\\\/fieam.org.br\\\/sesi\\\/colaboradores-do-sistema-fieam-tem-semana-interna-de-prevencao-de-acidentes-no-trabalho\\\/#breadcrumb\",\"itemListElement\":[{\"@type\":\"ListItem\",\"position\":1,\"name\":\"In\u00edcio\",\"item\":\"https:\\\/\\\/fieam.org.br\\\/sesi\\\/\"},{\"@type\":\"ListItem\",\"position\":2,\"name\":\"Colaboradores do Sistema FIEAM t\u00eam Semana Interna de Preven\u00e7\u00e3o de Acidentes no Trabalho\"}]},{\"@type\":\"WebSite\",\"@id\":\"https:\\\/\\\/fieam.org.br\\\/sesi\\\/#website\",\"url\":\"https:\\\/\\\/fieam.org.br\\\/sesi\\\/\",\"name\":\"SESI\",\"description\":\"Site Oficial!\",\"publisher\":{\"@id\":\"https:\\\/\\\/fieam.org.br\\\/sesi\\\/#organization\"},\"potentialAction\":[{\"@type\":\"SearchAction\",\"target\":{\"@type\":\"EntryPoint\",\"urlTemplate\":\"https:\\\/\\\/fieam.org.br\\\/sesi\\\/?s={search_term_string}\"},\"query-input\":{\"@type\":\"PropertyValueSpecification\",\"valueRequired\":true,\"valueName\":\"search_term_string\"}}],\"inLanguage\":\"pt-BR\"},{\"@type\":\"Organization\",\"@id\":\"https:\\\/\\\/fieam.org.br\\\/sesi\\\/#organization\",\"name\":\"SESI\",\"url\":\"https:\\\/\\\/fieam.org.br\\\/sesi\\\/\",\"logo\":{\"@type\":\"ImageObject\",\"inLanguage\":\"pt-BR\",\"@id\":\"https:\\\/\\\/fieam.org.br\\\/sesi\\\/#\\\/schema\\\/logo\\\/image\\\/\",\"url\":\"https:\\\/\\\/fieam.org.br\\\/sesi\\\/wp-content\\\/uploads\\\/sites\\\/14\\\/2024\\\/03\\\/cropped-fav.png\",\"contentUrl\":\"https:\\\/\\\/fieam.org.br\\\/sesi\\\/wp-content\\\/uploads\\\/sites\\\/14\\\/2024\\\/03\\\/cropped-fav.png\",\"width\":610,\"height\":589,\"caption\":\"SESI\"},\"image\":{\"@id\":\"https:\\\/\\\/fieam.org.br\\\/sesi\\\/#\\\/schema\\\/logo\\\/image\\\/\"}},{\"@type\":\"Person\",\"@id\":\"https:\\\/\\\/fieam.org.br\\\/sesi\\\/#\\\/schema\\\/person\\\/f54998dd14d5f0695b41444f2b01c31e\",\"name\":\"Autor\",\"image\":{\"@type\":\"ImageObject\",\"inLanguage\":\"pt-BR\",\"@id\":\"https:\\\/\\\/secure.gravatar.com\\\/avatar\\\/3732c223e0e1fad69062a8f770955c9068d37b055204f310a0be18d4069fe380?s=96&d=mm&r=g\",\"url\":\"https:\\\/\\\/secure.gravatar.com\\\/avatar\\\/3732c223e0e1fad69062a8f770955c9068d37b055204f310a0be18d4069fe380?s=96&d=mm&r=g\",\"contentUrl\":\"https:\\\/\\\/secure.gravatar.com\\\/avatar\\\/3732c223e0e1fad69062a8f770955c9068d37b055204f310a0be18d4069fe380?s=96&d=mm&r=g\",\"caption\":\"Autor\"},\"sameAs\":[\"https:\\\/\\\/marketingmassivo.com.br\"],\"url\":\"https:\\\/\\\/fieam.org.br\\\/sesi\\\/author\\\/admin\\\/\"}]}<\/script>\n<!-- \/ Yoast SEO plugin. -->","yoast_head_json":{"title":"Colaboradores do Sistema FIEAM t\u00eam Semana Interna de Preven\u00e7\u00e3o de Acidentes no Trabalho - SESI","robots":{"index":"index","follow":"follow","max-snippet":"max-snippet:-1","max-image-preview":"max-image-preview:large","max-video-preview":"max-video-preview:-1"},"canonical":"https:\/\/fieam.org.br\/sesi\/colaboradores-do-sistema-fieam-tem-semana-interna-de-prevencao-de-acidentes-no-trabalho\/","og_locale":"pt_BR","og_type":"article","og_title":"Colaboradores do Sistema FIEAM t\u00eam Semana Interna de Preven\u00e7\u00e3o de Acidentes no Trabalho - SESI","og_description":"A 2\u00aa Semana Interna de Preven\u00e7\u00e3o de Acidentes no Trabalho (Sipat Integrada) do Sistema FIEAM iniciou-se nesta segunda-feira (7), no audit\u00f3rio Auton Furtado Junior, com o tema \u201cA vida em suas m\u00e3os\u201d. Ao abrir o evento, o coordenador do Servi\u00e7o Especializado em Engenharia de Seguran\u00e7a e de Medicina do Trabalho (SESMT), Leonardo Mississipe, disse que [&hellip;]","og_url":"https:\/\/fieam.org.br\/sesi\/colaboradores-do-sistema-fieam-tem-semana-interna-de-prevencao-de-acidentes-no-trabalho\/","og_site_name":"SESI","article_published_time":"2011-11-08T15:14:37+00:00","og_image":[{"width":999,"height":768,"url":"https:\/\/fieam.org.br\/sesi\/wp-content\/uploads\/sites\/14\/2011\/11\/Dagmar-enfermeira-do-trabalho.jpg","type":"image\/jpeg"}],"author":"Autor","twitter_card":"summary_large_image","twitter_misc":{"Escrito por":"Autor","Est. tempo de leitura":"2 minutos"},"schema":{"@context":"https:\/\/schema.org","@graph":[{"@type":"Article","@id":"https:\/\/fieam.org.br\/sesi\/colaboradores-do-sistema-fieam-tem-semana-interna-de-prevencao-de-acidentes-no-trabalho\/#article","isPartOf":{"@id":"https:\/\/fieam.org.br\/sesi\/colaboradores-do-sistema-fieam-tem-semana-interna-de-prevencao-de-acidentes-no-trabalho\/"},"author":{"name":"Autor","@id":"https:\/\/fieam.org.br\/sesi\/#\/schema\/person\/f54998dd14d5f0695b41444f2b01c31e"},"headline":"Colaboradores do Sistema FIEAM t\u00eam Semana Interna de Preven\u00e7\u00e3o de Acidentes no Trabalho","datePublished":"2011-11-08T15:14:37+00:00","mainEntityOfPage":{"@id":"https:\/\/fieam.org.br\/sesi\/colaboradores-do-sistema-fieam-tem-semana-interna-de-prevencao-de-acidentes-no-trabalho\/"},"wordCount":492,"commentCount":0,"publisher":{"@id":"https:\/\/fieam.org.br\/sesi\/#organization"},"image":{"@id":"https:\/\/fieam.org.br\/sesi\/colaboradores-do-sistema-fieam-tem-semana-interna-de-prevencao-de-acidentes-no-trabalho\/#primaryimage"},"thumbnailUrl":"http:\/\/www.fieam.org.br\/site\/sesi\/files\/2011\/11\/Dagmar-enfermeira-do-trabalho-300x230.jpg","articleSection":["News"],"inLanguage":"pt-BR","potentialAction":[{"@type":"CommentAction","name":"Comment","target":["https:\/\/fieam.org.br\/sesi\/colaboradores-do-sistema-fieam-tem-semana-interna-de-prevencao-de-acidentes-no-trabalho\/#respond"]}]},{"@type":"WebPage","@id":"https:\/\/fieam.org.br\/sesi\/colaboradores-do-sistema-fieam-tem-semana-interna-de-prevencao-de-acidentes-no-trabalho\/","url":"https:\/\/fieam.org.br\/sesi\/colaboradores-do-sistema-fieam-tem-semana-interna-de-prevencao-de-acidentes-no-trabalho\/","name":"Colaboradores do Sistema FIEAM t\u00eam Semana Interna de Preven\u00e7\u00e3o de Acidentes no Trabalho - SESI","isPartOf":{"@id":"https:\/\/fieam.org.br\/sesi\/#website"},"primaryImageOfPage":{"@id":"https:\/\/fieam.org.br\/sesi\/colaboradores-do-sistema-fieam-tem-semana-interna-de-prevencao-de-acidentes-no-trabalho\/#primaryimage"},"image":{"@id":"https:\/\/fieam.org.br\/sesi\/colaboradores-do-sistema-fieam-tem-semana-interna-de-prevencao-de-acidentes-no-trabalho\/#primaryimage"},"thumbnailUrl":"http:\/\/www.fieam.org.br\/site\/sesi\/files\/2011\/11\/Dagmar-enfermeira-do-trabalho-300x230.jpg","datePublished":"2011-11-08T15:14:37+00:00","breadcrumb":{"@id":"https:\/\/fieam.org.br\/sesi\/colaboradores-do-sistema-fieam-tem-semana-interna-de-prevencao-de-acidentes-no-trabalho\/#breadcrumb"},"inLanguage":"pt-BR","potentialAction":[{"@type":"ReadAction","target":["https:\/\/fieam.org.br\/sesi\/colaboradores-do-sistema-fieam-tem-semana-interna-de-prevencao-de-acidentes-no-trabalho\/"]}]},{"@type":"ImageObject","inLanguage":"pt-BR","@id":"https:\/\/fieam.org.br\/sesi\/colaboradores-do-sistema-fieam-tem-semana-interna-de-prevencao-de-acidentes-no-trabalho\/#primaryimage","url":"http:\/\/www.fieam.org.br\/site\/sesi\/files\/2011\/11\/Dagmar-enfermeira-do-trabalho-300x230.jpg","contentUrl":"http:\/\/www.fieam.org.br\/site\/sesi\/files\/2011\/11\/Dagmar-enfermeira-do-trabalho-300x230.jpg"},{"@type":"BreadcrumbList","@id":"https:\/\/fieam.org.br\/sesi\/colaboradores-do-sistema-fieam-tem-semana-interna-de-prevencao-de-acidentes-no-trabalho\/#breadcrumb","itemListElement":[{"@type":"ListItem","position":1,"name":"In\u00edcio","item":"https:\/\/fieam.org.br\/sesi\/"},{"@type":"ListItem","position":2,"name":"Colaboradores do Sistema FIEAM t\u00eam Semana Interna de Preven\u00e7\u00e3o de Acidentes no Trabalho"}]},{"@type":"WebSite","@id":"https:\/\/fieam.org.br\/sesi\/#website","url":"https:\/\/fieam.org.br\/sesi\/","name":"SESI","description":"Site Oficial!","publisher":{"@id":"https:\/\/fieam.org.br\/sesi\/#organization"},"potentialAction":[{"@type":"SearchAction","target":{"@type":"EntryPoint","urlTemplate":"https:\/\/fieam.org.br\/sesi\/?s={search_term_string}"},"query-input":{"@type":"PropertyValueSpecification","valueRequired":true,"valueName":"search_term_string"}}],"inLanguage":"pt-BR"},{"@type":"Organization","@id":"https:\/\/fieam.org.br\/sesi\/#organization","name":"SESI","url":"https:\/\/fieam.org.br\/sesi\/","logo":{"@type":"ImageObject","inLanguage":"pt-BR","@id":"https:\/\/fieam.org.br\/sesi\/#\/schema\/logo\/image\/","url":"https:\/\/fieam.org.br\/sesi\/wp-content\/uploads\/sites\/14\/2024\/03\/cropped-fav.png","contentUrl":"https:\/\/fieam.org.br\/sesi\/wp-content\/uploads\/sites\/14\/2024\/03\/cropped-fav.png","width":610,"height":589,"caption":"SESI"},"image":{"@id":"https:\/\/fieam.org.br\/sesi\/#\/schema\/logo\/image\/"}},{"@type":"Person","@id":"https:\/\/fieam.org.br\/sesi\/#\/schema\/person\/f54998dd14d5f0695b41444f2b01c31e","name":"Autor","image":{"@type":"ImageObject","inLanguage":"pt-BR","@id":"https:\/\/secure.gravatar.com\/avatar\/3732c223e0e1fad69062a8f770955c9068d37b055204f310a0be18d4069fe380?s=96&d=mm&r=g","url":"https:\/\/secure.gravatar.com\/avatar\/3732c223e0e1fad69062a8f770955c9068d37b055204f310a0be18d4069fe380?s=96&d=mm&r=g","contentUrl":"https:\/\/secure.gravatar.com\/avatar\/3732c223e0e1fad69062a8f770955c9068d37b055204f310a0be18d4069fe380?s=96&d=mm&r=g","caption":"Autor"},"sameAs":["https:\/\/marketingmassivo.com.br"],"url":"https:\/\/fieam.org.br\/sesi\/author\/admin\/"}]}},"_links":{"self":[{"href":"https:\/\/fieam.org.br\/sesi\/wp-json\/wp\/v2\/posts\/2227","targetHints":{"allow":["GET"]}}],"collection":[{"href":"https:\/\/fieam.org.br\/sesi\/wp-json\/wp\/v2\/posts"}],"about":[{"href":"https:\/\/fieam.org.br\/sesi\/wp-json\/wp\/v2\/types\/post"}],"author":[{"embeddable":true,"href":"https:\/\/fieam.org.br\/sesi\/wp-json\/wp\/v2\/users\/1"}],"replies":[{"embeddable":true,"href":"https:\/\/fieam.org.br\/sesi\/wp-json\/wp\/v2\/comments?post=2227"}],"version-history":[{"count":0,"href":"https:\/\/fieam.org.br\/sesi\/wp-json\/wp\/v2\/posts\/2227\/revisions"}],"wp:attachment":[{"href":"https:\/\/fieam.org.br\/sesi\/wp-json\/wp\/v2\/media?parent=2227"}],"wp:term":[{"taxonomy":"category","embeddable":true,"href":"https:\/\/fieam.org.br\/sesi\/wp-json\/wp\/v2\/categories?post=2227"},{"taxonomy":"post_tag","embeddable":true,"href":"https:\/\/fieam.org.br\/sesi\/wp-json\/wp\/v2\/tags?post=2227"}],"curies":[{"name":"wp","href":"https:\/\/api.w.org\/{rel}","templated":true}]}}