{"id":22184,"date":"2025-07-25T20:34:59","date_gmt":"2025-07-25T20:34:59","guid":{"rendered":"https:\/\/fieam.org.br\/sesi\/?p=22184"},"modified":"2025-07-25T20:34:59","modified_gmt":"2025-07-25T20:34:59","slug":"fapeam-anuncia-novos-investimentos-para-pesquisas-em-evento-na-fieam","status":"publish","type":"post","link":"https:\/\/fieam.org.br\/sesi\/fapeam-anuncia-novos-investimentos-para-pesquisas-em-evento-na-fieam\/","title":{"rendered":"Fapeam anuncia novos investimentos\u00a0para pesquisas em evento na FIEAM"},"content":{"rendered":"<p>A valoriza\u00e7\u00e3o da pesquisa e da inova\u00e7\u00e3o foi destaque no evento desta sexta-feira (25) na Federa\u00e7\u00e3o das Ind\u00fastrias do Estado do Amazonas (FIEAM), em solenidade que celebrou o Dia Nacional da Ci\u00eancia e do Pesquisador Cient\u00edfico. O evento reuniu professores, mestres, doutores, representantes institucionais e autoridades para comemorar os avan\u00e7os da ci\u00eancia no estado, al\u00e9m de anunciar novos investimentos da Funda\u00e7\u00e3o de Amparo \u00e0 Pesquisa do Estado do Amazonas (Fapeam).<\/p>\n<p>Presente no evento, Serafim Corr\u00eaa, titular da Secretaria de Desenvolvimento Econ\u00f4mico, Ci\u00eancia, Tecnologia e Inova\u00e7\u00e3o (Sedecti), destacou o comprometimento do Governo do Amazonas com o fortalecimento da ci\u00eancia, tecnologia e inova\u00e7\u00e3o (CT&amp;I). E ressaltou que a gest\u00e3o estadual tem cumprido o compromisso de investir de forma cont\u00ednua e respons\u00e1vel no setor, por meio da Fapeam, contribuindo para transformar conhecimento em desenvolvimento para a sociedade.<\/p>\n<p>O vice-presidente da FIEAM, Nelson Azevedo, refor\u00e7ou a import\u00e2ncia do evento como reconhecimento ao trabalho dos cientistas e ao papel da ci\u00eancia para o desenvolvimento sustent\u00e1vel da regi\u00e3o. Segundo o empres\u00e1rio, a Amaz\u00f4nia representa uma oportunidade \u00fanica para o avan\u00e7o da bioeconomia e que esse caminho s\u00f3 pode ser trilhado com investimento em pesquisa, inova\u00e7\u00e3o e valoriza\u00e7\u00e3o dos saberes locais. \u201cInvestir em ci\u00eancia n\u00e3o \u00e9 um luxo, mas uma necessidade estrat\u00e9gica, uma aposta no futuro, mais justo, competitivo, sustent\u00e1vel e soberano\u201d, afirmou.<\/p>\n<p>A diretora-presidente da Fapeam, professora doutora M\u00e1rcia Perales, fez amplo balan\u00e7o das a\u00e7\u00f5es da funda\u00e7\u00e3o nos \u00faltimos seis anos e meio, com \u00eanfase nos resultados obtidos e nos novos investimentos para o segundo semestre de 2025. A gestora anunciou a reabertura de dois importantes editais da Fapeam: o PAPPE (Programa de Apoio \u00e0 Participa\u00e7\u00e3o de Eventos), que concede apoio financeiro para a participa\u00e7\u00e3o de mestres e doutores em eventos cient\u00edficos, tecnol\u00f3gicos e art\u00edsticos no Brasil e no exterior; e o edital de P\u00f3s-Doutorado, que concede bolsas a pesquisadores residentes no Amazonas, para que realizem est\u00e1gios no pa\u00eds ou fora dele, com o objetivo de fortalecer a produ\u00e7\u00e3o cient\u00edfica local. Os interessados devem acessar o site da Fapeam (<a href=\"http:\/\/www.fapeam.am.gov.br\/\">www.fapeam.am.gov.br<\/a>) para consultar os editais completos, que cont\u00eam todas as orienta\u00e7\u00f5es sobre requisitos, prazos e formas de submiss\u00e3o.<\/p>\n<p>Outro destaque do evento foi o lan\u00e7amento do \u201cPerfil da P\u00f3s-Gradua\u00e7\u00e3o Stricto Sensu do Estado do Amazonas \u2013 2017-2024\u201d, estudo in\u00e9dito elaborado pela Fapeam que mapeia a evolu\u00e7\u00e3o da p\u00f3s-gradua\u00e7\u00e3o no estado. Segundo Perales, o n\u00famero de cursos de mestrado cresceu 300% e o de doutorado 200% nos \u00faltimos 18 anos, com 33 novos cursos aprovados somente em 2024. Al\u00e9m disso, 33 programas de p\u00f3s-gradua\u00e7\u00e3o obtiveram eleva\u00e7\u00e3o de nota junto \u00e0 Capes, refletindo o salto de qualidade da forma\u00e7\u00e3o cient\u00edfica no estado. Ela tamb\u00e9m informou que houve aumento significativo no n\u00famero de bolsas ofertadas pela funda\u00e7\u00e3o, com 60% de crescimento no mestrado e 53% no doutorado.<\/p>\n<p>Durante sua apresenta\u00e7\u00e3o, M\u00e1rcia Perales tamb\u00e9m compartilhou conquistas expressivas da Fapeam. Desde 2019, foram investidos mais de R$ 880 milh\u00f5es em CT&amp;I, com o lan\u00e7amento de 170 chamadas p\u00fablicas \u2013 quase metade delas in\u00e9ditas \u2013 e mais de 25 mil propostas submetidas. A atua\u00e7\u00e3o da Fapeam chegou aos 62 munic\u00edpios amazonenses, por meio de programas como o Ci\u00eancia na Escola (PCE), contribuindo diretamente para o desenvolvimento educacional e cient\u00edfico em todas as regi\u00f5es do estado. A funda\u00e7\u00e3o foi ainda reconhecida como a 5\u00aa ag\u00eancia do mundo que mais investe em pesquisa sobre a Amaz\u00f4nia, conforme artigo publicado em 2023 na revista IUCVA. Outra conquista importante foi a lideran\u00e7a, pelo 5\u00ba ano consecutivo, do ranking nacional de investimento estadual na forma\u00e7\u00e3o de mestres e doutores com recursos pr\u00f3prios, colocando o Amazonas como refer\u00eancia nacional nesse tipo de fomento.<\/p>\n<p>O evento tamb\u00e9m teve car\u00e1ter celebrativo e simb\u00f3lico, valorizando o papel dos cientistas, dos professores e das institui\u00e7\u00f5es parceiras que contribuem para o fortalecimento da pesquisa. A mesa foi composta por representantes da Universidade do Estado do Amazonas (UEA), da Fiocruz, da Federa\u00e7\u00e3o da Agricultura e Pecu\u00e1ria do Amazonas (FAEA), da Federa\u00e7\u00e3o do Com\u00e9rcio (Fecom\u00e9rcio) e da pr\u00f3pria FIEAM. O audit\u00f3rio Gilberto Mendes Azevedo ficou lotado pelos participantes do evento. Emocionada, M\u00e1rcia Perales agradeceu a confian\u00e7a do governo estadual, o apoio das institui\u00e7\u00f5es parceiras e o trabalho das equipes da Fapeam. \u201cEssa \u00e9 uma conquista coletiva. A ci\u00eancia \u00e9 a mola propulsora do desenvolvimento e reafirmamos aqui o nosso compromisso de seguir avan\u00e7ando juntos\u201d, finalizou.<\/p>\n","protected":false},"excerpt":{"rendered":"<p>A valoriza\u00e7\u00e3o da pesquisa e da inova\u00e7\u00e3o foi destaque no evento desta sexta-feira (25) na Federa\u00e7\u00e3o das Ind\u00fastrias do Estado do Amazonas (FIEAM), em solenidade que celebrou o Dia Nacional da Ci\u00eancia e do Pesquisador Cient\u00edfico. O evento reuniu professores, mestres, doutores, representantes institucionais e autoridades para comemorar os avan\u00e7os da ci\u00eancia no estado, al\u00e9m [&hellip;]<\/p>\n","protected":false},"author":9,"featured_media":22185,"comment_status":"open","ping_status":"open","sticky":false,"template":"","format":"standard","meta":{"footnotes":""},"categories":[20,25,26],"tags":[],"class_list":["post-22184","post","type-post","status-publish","format-standard","has-post-thumbnail","hentry","category-banner-destaque","category-news","category-news-destaque"],"yoast_head":"<!-- This site is optimized with the Yoast SEO plugin v26.8 - https:\/\/yoast.com\/product\/yoast-seo-wordpress\/ -->\n<title>Fapeam anuncia novos investimentos\u00a0para pesquisas em evento na FIEAM - SESI<\/title>\n<meta name=\"robots\" content=\"index, follow, max-snippet:-1, max-image-preview:large, max-video-preview:-1\" \/>\n<link rel=\"canonical\" href=\"https:\/\/fieam.org.br\/sesi\/fapeam-anuncia-novos-investimentos-para-pesquisas-em-evento-na-fieam\/\" \/>\n<meta property=\"og:locale\" content=\"pt_BR\" \/>\n<meta property=\"og:type\" content=\"article\" \/>\n<meta property=\"og:title\" content=\"Fapeam anuncia novos investimentos\u00a0para pesquisas em evento na FIEAM - SESI\" \/>\n<meta property=\"og:description\" content=\"A valoriza\u00e7\u00e3o da pesquisa e da inova\u00e7\u00e3o foi destaque no evento desta sexta-feira (25) na Federa\u00e7\u00e3o das Ind\u00fastrias do Estado do Amazonas (FIEAM), em solenidade que celebrou o Dia Nacional da Ci\u00eancia e do Pesquisador Cient\u00edfico. O evento reuniu professores, mestres, doutores, representantes institucionais e autoridades para comemorar os avan\u00e7os da ci\u00eancia no estado, al\u00e9m [&hellip;]\" \/>\n<meta property=\"og:url\" content=\"https:\/\/fieam.org.br\/sesi\/fapeam-anuncia-novos-investimentos-para-pesquisas-em-evento-na-fieam\/\" \/>\n<meta property=\"og:site_name\" content=\"SESI\" \/>\n<meta property=\"article:published_time\" content=\"2025-07-25T20:34:59+00:00\" \/>\n<meta property=\"og:image\" content=\"https:\/\/fieam.org.br\/sesi\/wp-content\/uploads\/sites\/14\/2025\/07\/Nelson-Azevedo-fala-sobre-a-importancia-da-Ciencia.jpg\" \/>\n\t<meta property=\"og:image:width\" content=\"2000\" \/>\n\t<meta property=\"og:image:height\" content=\"1333\" \/>\n\t<meta property=\"og:image:type\" content=\"image\/jpeg\" \/>\n<meta name=\"author\" content=\"cris\" \/>\n<meta name=\"twitter:card\" content=\"summary_large_image\" \/>\n<meta name=\"twitter:creator\" content=\"@tour-virtual@fieam.org.br\" \/>\n<meta name=\"twitter:label1\" content=\"Escrito por\" \/>\n\t<meta name=\"twitter:data1\" content=\"cris\" \/>\n\t<meta name=\"twitter:label2\" content=\"Est. tempo de leitura\" \/>\n\t<meta name=\"twitter:data2\" content=\"4 minutos\" \/>\n<script type=\"application\/ld+json\" class=\"yoast-schema-graph\">{\"@context\":\"https:\/\/schema.org\",\"@graph\":[{\"@type\":\"Article\",\"@id\":\"https:\/\/fieam.org.br\/sesi\/fapeam-anuncia-novos-investimentos-para-pesquisas-em-evento-na-fieam\/#article\",\"isPartOf\":{\"@id\":\"https:\/\/fieam.org.br\/sesi\/fapeam-anuncia-novos-investimentos-para-pesquisas-em-evento-na-fieam\/\"},\"author\":{\"name\":\"cris\",\"@id\":\"https:\/\/fieam.org.br\/sesi\/#\/schema\/person\/ff86678b986855fb9f8d2e599eab31ae\"},\"headline\":\"Fapeam anuncia novos investimentos\u00a0para pesquisas em evento na FIEAM\",\"datePublished\":\"2025-07-25T20:34:59+00:00\",\"mainEntityOfPage\":{\"@id\":\"https:\/\/fieam.org.br\/sesi\/fapeam-anuncia-novos-investimentos-para-pesquisas-em-evento-na-fieam\/\"},\"wordCount\":802,\"commentCount\":0,\"publisher\":{\"@id\":\"https:\/\/fieam.org.br\/sesi\/#organization\"},\"image\":{\"@id\":\"https:\/\/fieam.org.br\/sesi\/fapeam-anuncia-novos-investimentos-para-pesquisas-em-evento-na-fieam\/#primaryimage\"},\"thumbnailUrl\":\"https:\/\/fieam.org.br\/sesi\/wp-content\/uploads\/sites\/14\/2025\/07\/Nelson-Azevedo-fala-sobre-a-importancia-da-Ciencia.jpg\",\"articleSection\":[\"Banner Destaque\",\"News\",\"News Destaque\"],\"inLanguage\":\"pt-BR\",\"potentialAction\":[{\"@type\":\"CommentAction\",\"name\":\"Comment\",\"target\":[\"https:\/\/fieam.org.br\/sesi\/fapeam-anuncia-novos-investimentos-para-pesquisas-em-evento-na-fieam\/#respond\"]}]},{\"@type\":\"WebPage\",\"@id\":\"https:\/\/fieam.org.br\/sesi\/fapeam-anuncia-novos-investimentos-para-pesquisas-em-evento-na-fieam\/\",\"url\":\"https:\/\/fieam.org.br\/sesi\/fapeam-anuncia-novos-investimentos-para-pesquisas-em-evento-na-fieam\/\",\"name\":\"Fapeam anuncia novos investimentos\u00a0para pesquisas em evento na FIEAM - SESI\",\"isPartOf\":{\"@id\":\"https:\/\/fieam.org.br\/sesi\/#website\"},\"primaryImageOfPage\":{\"@id\":\"https:\/\/fieam.org.br\/sesi\/fapeam-anuncia-novos-investimentos-para-pesquisas-em-evento-na-fieam\/#primaryimage\"},\"image\":{\"@id\":\"https:\/\/fieam.org.br\/sesi\/fapeam-anuncia-novos-investimentos-para-pesquisas-em-evento-na-fieam\/#primaryimage\"},\"thumbnailUrl\":\"https:\/\/fieam.org.br\/sesi\/wp-content\/uploads\/sites\/14\/2025\/07\/Nelson-Azevedo-fala-sobre-a-importancia-da-Ciencia.jpg\",\"datePublished\":\"2025-07-25T20:34:59+00:00\",\"breadcrumb\":{\"@id\":\"https:\/\/fieam.org.br\/sesi\/fapeam-anuncia-novos-investimentos-para-pesquisas-em-evento-na-fieam\/#breadcrumb\"},\"inLanguage\":\"pt-BR\",\"potentialAction\":[{\"@type\":\"ReadAction\",\"target\":[\"https:\/\/fieam.org.br\/sesi\/fapeam-anuncia-novos-investimentos-para-pesquisas-em-evento-na-fieam\/\"]}]},{\"@type\":\"ImageObject\",\"inLanguage\":\"pt-BR\",\"@id\":\"https:\/\/fieam.org.br\/sesi\/fapeam-anuncia-novos-investimentos-para-pesquisas-em-evento-na-fieam\/#primaryimage\",\"url\":\"https:\/\/fieam.org.br\/sesi\/wp-content\/uploads\/sites\/14\/2025\/07\/Nelson-Azevedo-fala-sobre-a-importancia-da-Ciencia.jpg\",\"contentUrl\":\"https:\/\/fieam.org.br\/sesi\/wp-content\/uploads\/sites\/14\/2025\/07\/Nelson-Azevedo-fala-sobre-a-importancia-da-Ciencia.jpg\",\"width\":2000,\"height\":1333},{\"@type\":\"BreadcrumbList\",\"@id\":\"https:\/\/fieam.org.br\/sesi\/fapeam-anuncia-novos-investimentos-para-pesquisas-em-evento-na-fieam\/#breadcrumb\",\"itemListElement\":[{\"@type\":\"ListItem\",\"position\":1,\"name\":\"In\u00edcio\",\"item\":\"https:\/\/fieam.org.br\/sesi\/\"},{\"@type\":\"ListItem\",\"position\":2,\"name\":\"Fapeam anuncia novos investimentos\u00a0para pesquisas em evento na FIEAM\"}]},{\"@type\":\"WebSite\",\"@id\":\"https:\/\/fieam.org.br\/sesi\/#website\",\"url\":\"https:\/\/fieam.org.br\/sesi\/\",\"name\":\"SESI\",\"description\":\"Site Oficial!\",\"publisher\":{\"@id\":\"https:\/\/fieam.org.br\/sesi\/#organization\"},\"potentialAction\":[{\"@type\":\"SearchAction\",\"target\":{\"@type\":\"EntryPoint\",\"urlTemplate\":\"https:\/\/fieam.org.br\/sesi\/?s={search_term_string}\"},\"query-input\":{\"@type\":\"PropertyValueSpecification\",\"valueRequired\":true,\"valueName\":\"search_term_string\"}}],\"inLanguage\":\"pt-BR\"},{\"@type\":\"Organization\",\"@id\":\"https:\/\/fieam.org.br\/sesi\/#organization\",\"name\":\"SESI\",\"url\":\"https:\/\/fieam.org.br\/sesi\/\",\"logo\":{\"@type\":\"ImageObject\",\"inLanguage\":\"pt-BR\",\"@id\":\"https:\/\/fieam.org.br\/sesi\/#\/schema\/logo\/image\/\",\"url\":\"https:\/\/fieam.org.br\/sesi\/wp-content\/uploads\/sites\/14\/2024\/03\/cropped-fav.png\",\"contentUrl\":\"https:\/\/fieam.org.br\/sesi\/wp-content\/uploads\/sites\/14\/2024\/03\/cropped-fav.png\",\"width\":610,\"height\":589,\"caption\":\"SESI\"},\"image\":{\"@id\":\"https:\/\/fieam.org.br\/sesi\/#\/schema\/logo\/image\/\"}},{\"@type\":\"Person\",\"@id\":\"https:\/\/fieam.org.br\/sesi\/#\/schema\/person\/ff86678b986855fb9f8d2e599eab31ae\",\"name\":\"cris\",\"image\":{\"@type\":\"ImageObject\",\"inLanguage\":\"pt-BR\",\"@id\":\"https:\/\/fieam.org.br\/sesi\/#\/schema\/person\/image\/\",\"url\":\"https:\/\/secure.gravatar.com\/avatar\/e66688f9186abb74f11662d64a816c0971765b5f3721fc721afe90af108548a3?s=96&d=mm&r=g\",\"contentUrl\":\"https:\/\/secure.gravatar.com\/avatar\/e66688f9186abb74f11662d64a816c0971765b5f3721fc721afe90af108548a3?s=96&d=mm&r=g\",\"caption\":\"cris\"},\"sameAs\":[\"https:\/\/x.com\/tour-virtual@fieam.org.br\"],\"url\":\"https:\/\/fieam.org.br\/sesi\/author\/cris\/\"}]}<\/script>\n<!-- \/ Yoast SEO plugin. -->","yoast_head_json":{"title":"Fapeam anuncia novos investimentos\u00a0para pesquisas em evento na FIEAM - SESI","robots":{"index":"index","follow":"follow","max-snippet":"max-snippet:-1","max-image-preview":"max-image-preview:large","max-video-preview":"max-video-preview:-1"},"canonical":"https:\/\/fieam.org.br\/sesi\/fapeam-anuncia-novos-investimentos-para-pesquisas-em-evento-na-fieam\/","og_locale":"pt_BR","og_type":"article","og_title":"Fapeam anuncia novos investimentos\u00a0para pesquisas em evento na FIEAM - SESI","og_description":"A valoriza\u00e7\u00e3o da pesquisa e da inova\u00e7\u00e3o foi destaque no evento desta sexta-feira (25) na Federa\u00e7\u00e3o das Ind\u00fastrias do Estado do Amazonas (FIEAM), em solenidade que celebrou o Dia Nacional da Ci\u00eancia e do Pesquisador Cient\u00edfico. O evento reuniu professores, mestres, doutores, representantes institucionais e autoridades para comemorar os avan\u00e7os da ci\u00eancia no estado, al\u00e9m [&hellip;]","og_url":"https:\/\/fieam.org.br\/sesi\/fapeam-anuncia-novos-investimentos-para-pesquisas-em-evento-na-fieam\/","og_site_name":"SESI","article_published_time":"2025-07-25T20:34:59+00:00","og_image":[{"width":2000,"height":1333,"url":"https:\/\/fieam.org.br\/sesi\/wp-content\/uploads\/sites\/14\/2025\/07\/Nelson-Azevedo-fala-sobre-a-importancia-da-Ciencia.jpg","type":"image\/jpeg"}],"author":"cris","twitter_card":"summary_large_image","twitter_creator":"@tour-virtual@fieam.org.br","twitter_misc":{"Escrito por":"cris","Est. tempo de leitura":"4 minutos"},"schema":{"@context":"https:\/\/schema.org","@graph":[{"@type":"Article","@id":"https:\/\/fieam.org.br\/sesi\/fapeam-anuncia-novos-investimentos-para-pesquisas-em-evento-na-fieam\/#article","isPartOf":{"@id":"https:\/\/fieam.org.br\/sesi\/fapeam-anuncia-novos-investimentos-para-pesquisas-em-evento-na-fieam\/"},"author":{"name":"cris","@id":"https:\/\/fieam.org.br\/sesi\/#\/schema\/person\/ff86678b986855fb9f8d2e599eab31ae"},"headline":"Fapeam anuncia novos investimentos\u00a0para pesquisas em evento na FIEAM","datePublished":"2025-07-25T20:34:59+00:00","mainEntityOfPage":{"@id":"https:\/\/fieam.org.br\/sesi\/fapeam-anuncia-novos-investimentos-para-pesquisas-em-evento-na-fieam\/"},"wordCount":802,"commentCount":0,"publisher":{"@id":"https:\/\/fieam.org.br\/sesi\/#organization"},"image":{"@id":"https:\/\/fieam.org.br\/sesi\/fapeam-anuncia-novos-investimentos-para-pesquisas-em-evento-na-fieam\/#primaryimage"},"thumbnailUrl":"https:\/\/fieam.org.br\/sesi\/wp-content\/uploads\/sites\/14\/2025\/07\/Nelson-Azevedo-fala-sobre-a-importancia-da-Ciencia.jpg","articleSection":["Banner Destaque","News","News Destaque"],"inLanguage":"pt-BR","potentialAction":[{"@type":"CommentAction","name":"Comment","target":["https:\/\/fieam.org.br\/sesi\/fapeam-anuncia-novos-investimentos-para-pesquisas-em-evento-na-fieam\/#respond"]}]},{"@type":"WebPage","@id":"https:\/\/fieam.org.br\/sesi\/fapeam-anuncia-novos-investimentos-para-pesquisas-em-evento-na-fieam\/","url":"https:\/\/fieam.org.br\/sesi\/fapeam-anuncia-novos-investimentos-para-pesquisas-em-evento-na-fieam\/","name":"Fapeam anuncia novos investimentos\u00a0para pesquisas em evento na FIEAM - SESI","isPartOf":{"@id":"https:\/\/fieam.org.br\/sesi\/#website"},"primaryImageOfPage":{"@id":"https:\/\/fieam.org.br\/sesi\/fapeam-anuncia-novos-investimentos-para-pesquisas-em-evento-na-fieam\/#primaryimage"},"image":{"@id":"https:\/\/fieam.org.br\/sesi\/fapeam-anuncia-novos-investimentos-para-pesquisas-em-evento-na-fieam\/#primaryimage"},"thumbnailUrl":"https:\/\/fieam.org.br\/sesi\/wp-content\/uploads\/sites\/14\/2025\/07\/Nelson-Azevedo-fala-sobre-a-importancia-da-Ciencia.jpg","datePublished":"2025-07-25T20:34:59+00:00","breadcrumb":{"@id":"https:\/\/fieam.org.br\/sesi\/fapeam-anuncia-novos-investimentos-para-pesquisas-em-evento-na-fieam\/#breadcrumb"},"inLanguage":"pt-BR","potentialAction":[{"@type":"ReadAction","target":["https:\/\/fieam.org.br\/sesi\/fapeam-anuncia-novos-investimentos-para-pesquisas-em-evento-na-fieam\/"]}]},{"@type":"ImageObject","inLanguage":"pt-BR","@id":"https:\/\/fieam.org.br\/sesi\/fapeam-anuncia-novos-investimentos-para-pesquisas-em-evento-na-fieam\/#primaryimage","url":"https:\/\/fieam.org.br\/sesi\/wp-content\/uploads\/sites\/14\/2025\/07\/Nelson-Azevedo-fala-sobre-a-importancia-da-Ciencia.jpg","contentUrl":"https:\/\/fieam.org.br\/sesi\/wp-content\/uploads\/sites\/14\/2025\/07\/Nelson-Azevedo-fala-sobre-a-importancia-da-Ciencia.jpg","width":2000,"height":1333},{"@type":"BreadcrumbList","@id":"https:\/\/fieam.org.br\/sesi\/fapeam-anuncia-novos-investimentos-para-pesquisas-em-evento-na-fieam\/#breadcrumb","itemListElement":[{"@type":"ListItem","position":1,"name":"In\u00edcio","item":"https:\/\/fieam.org.br\/sesi\/"},{"@type":"ListItem","position":2,"name":"Fapeam anuncia novos investimentos\u00a0para pesquisas em evento na FIEAM"}]},{"@type":"WebSite","@id":"https:\/\/fieam.org.br\/sesi\/#website","url":"https:\/\/fieam.org.br\/sesi\/","name":"SESI","description":"Site Oficial!","publisher":{"@id":"https:\/\/fieam.org.br\/sesi\/#organization"},"potentialAction":[{"@type":"SearchAction","target":{"@type":"EntryPoint","urlTemplate":"https:\/\/fieam.org.br\/sesi\/?s={search_term_string}"},"query-input":{"@type":"PropertyValueSpecification","valueRequired":true,"valueName":"search_term_string"}}],"inLanguage":"pt-BR"},{"@type":"Organization","@id":"https:\/\/fieam.org.br\/sesi\/#organization","name":"SESI","url":"https:\/\/fieam.org.br\/sesi\/","logo":{"@type":"ImageObject","inLanguage":"pt-BR","@id":"https:\/\/fieam.org.br\/sesi\/#\/schema\/logo\/image\/","url":"https:\/\/fieam.org.br\/sesi\/wp-content\/uploads\/sites\/14\/2024\/03\/cropped-fav.png","contentUrl":"https:\/\/fieam.org.br\/sesi\/wp-content\/uploads\/sites\/14\/2024\/03\/cropped-fav.png","width":610,"height":589,"caption":"SESI"},"image":{"@id":"https:\/\/fieam.org.br\/sesi\/#\/schema\/logo\/image\/"}},{"@type":"Person","@id":"https:\/\/fieam.org.br\/sesi\/#\/schema\/person\/ff86678b986855fb9f8d2e599eab31ae","name":"cris","image":{"@type":"ImageObject","inLanguage":"pt-BR","@id":"https:\/\/fieam.org.br\/sesi\/#\/schema\/person\/image\/","url":"https:\/\/secure.gravatar.com\/avatar\/e66688f9186abb74f11662d64a816c0971765b5f3721fc721afe90af108548a3?s=96&d=mm&r=g","contentUrl":"https:\/\/secure.gravatar.com\/avatar\/e66688f9186abb74f11662d64a816c0971765b5f3721fc721afe90af108548a3?s=96&d=mm&r=g","caption":"cris"},"sameAs":["https:\/\/x.com\/tour-virtual@fieam.org.br"],"url":"https:\/\/fieam.org.br\/sesi\/author\/cris\/"}]}},"_links":{"self":[{"href":"https:\/\/fieam.org.br\/sesi\/wp-json\/wp\/v2\/posts\/22184","targetHints":{"allow":["GET"]}}],"collection":[{"href":"https:\/\/fieam.org.br\/sesi\/wp-json\/wp\/v2\/posts"}],"about":[{"href":"https:\/\/fieam.org.br\/sesi\/wp-json\/wp\/v2\/types\/post"}],"author":[{"embeddable":true,"href":"https:\/\/fieam.org.br\/sesi\/wp-json\/wp\/v2\/users\/9"}],"replies":[{"embeddable":true,"href":"https:\/\/fieam.org.br\/sesi\/wp-json\/wp\/v2\/comments?post=22184"}],"version-history":[{"count":1,"href":"https:\/\/fieam.org.br\/sesi\/wp-json\/wp\/v2\/posts\/22184\/revisions"}],"predecessor-version":[{"id":22186,"href":"https:\/\/fieam.org.br\/sesi\/wp-json\/wp\/v2\/posts\/22184\/revisions\/22186"}],"wp:featuredmedia":[{"embeddable":true,"href":"https:\/\/fieam.org.br\/sesi\/wp-json\/wp\/v2\/media\/22185"}],"wp:attachment":[{"href":"https:\/\/fieam.org.br\/sesi\/wp-json\/wp\/v2\/media?parent=22184"}],"wp:term":[{"taxonomy":"category","embeddable":true,"href":"https:\/\/fieam.org.br\/sesi\/wp-json\/wp\/v2\/categories?post=22184"},{"taxonomy":"post_tag","embeddable":true,"href":"https:\/\/fieam.org.br\/sesi\/wp-json\/wp\/v2\/tags?post=22184"}],"curies":[{"name":"wp","href":"https:\/\/api.w.org\/{rel}","templated":true}]}}