{"id":22126,"date":"2025-07-11T19:10:19","date_gmt":"2025-07-11T19:10:19","guid":{"rendered":"https:\/\/fieam.org.br\/sesi\/?p=22126"},"modified":"2025-07-11T19:10:19","modified_gmt":"2025-07-11T19:10:19","slug":"conexao-sesi-edital-vai-apoiar-projetos-dos-departamentos-regionais-em-educacao-saude-e-cultura","status":"publish","type":"post","link":"https:\/\/fieam.org.br\/sesi\/conexao-sesi-edital-vai-apoiar-projetos-dos-departamentos-regionais-em-educacao-saude-e-cultura\/","title":{"rendered":"Conex\u00e3o SESI: edital vai apoiar projetos dos departamentos regionais em educa\u00e7\u00e3o, sa\u00fade e cultura"},"content":{"rendered":"<p class=\"x_MsoNormal\" align=\"center\"><i>Iniciativa do Conselho Nacional do SESI, cada projeto poder\u00e1 receber at\u00e9 R$ 500 mil de apoio<\/i><\/p>\n<div><\/div>\n<div>\n<p class=\"x_MsoNormal\">O <u><a title=\"https:\/\/www.cnsesi.com.br\/\" href=\"https:\/\/www.cnsesi.com.br\/\" target=\"_blank\" rel=\"noopener noreferrer\" data-auth=\"NotApplicable\" data-linkindex=\"3\">Conselho Nacional do SESI (CN-SESI)<\/a><\/u>\u00a0lan\u00e7ou nesta ter\u00e7a-feira, 8 de julho, o Edital 01\/2025 do programa Conex\u00e3o SESI, com o objetivo de apoiar financeiramente projetos apresentados pelos Departamentos Regionais da institui\u00e7\u00e3o em todo o pa\u00eds.<\/p>\n<\/div>\n<div>\n<p class=\"x_MsoNormal\">As inscri\u00e7\u00f5es ficam abertas at\u00e9 o dia 8 de agosto de 2025. A iniciativa busca fomentar a\u00e7\u00f5es inovadoras, sustent\u00e1veis e de impacto social nas \u00e1reas de educa\u00e7\u00e3o, sa\u00fade e cultura, respeitando as particularidades e os desafios de cada territ\u00f3rio.<\/p>\n<\/div>\n<div>\n<p class=\"x_MsoNormal\">\u201cA iniciativa articula as din\u00e2micas sociais locais, mobilizando atores regionais para identificar demandas e desenvolver projetos sustent\u00e1veis que fortalecem o la\u00e7o social, ampliam o bem-estar coletivo e promovem mudan\u00e7as estruturais duradouras\u201d, afirma o presidente do Conselho Nacional do SESI, Fausto Augusto Junior.<\/p>\n<\/div>\n<div>\n<p class=\"x_MsoNormal\">Com limite de at\u00e9 R$ 500 mil por projeto, o edital permite que cada Departamento Regional apresente um ou mais projetos, desde que o valor solicitado por proposta n\u00e3o ultrapasse esse teto. Cada regional ser\u00e1 respons\u00e1vel pela execu\u00e7\u00e3o e presta\u00e7\u00e3o de contas dos projetos, que poder\u00e3o ser apresentados por qualquer um dos conselheiros do CN-SESI.<\/p>\n<\/div>\n<div>\n<p class=\"x_MsoNormal\">O apoio financeiro visa fortalecer iniciativas j\u00e1 existentes, incentivar a experimenta\u00e7\u00e3o de novas solu\u00e7\u00f5es e ampliar o alcance das a\u00e7\u00f5es do SESI junto a popula\u00e7\u00f5es vulnerabilizadas, trabalhadores da ind\u00fastria e suas comunidades.<\/p>\n<\/div>\n<div>\n<p class=\"x_MsoNormal\">\u201cO edital \u00e9 um importante instrumento de apoio \u00e0s iniciativas dos Departamentos Regionais, porque permitir\u00e1 ao Conselho, al\u00e9m de uma maior aproxima\u00e7\u00e3o com os estados, conhecer diferentes realidades e potencializar ainda mais as a\u00e7\u00f5es que ocorrem nos territ\u00f3rios\u201d, afirma a gerente de Projetos do CN-SESI, Roberta Oliveira.<\/p>\n<\/div>\n<div>\n<p class=\"x_MsoNormal\">Na \u00e1rea da educa\u00e7\u00e3o, o edital contempla, entre outras possibilidades, a\u00e7\u00f5es para a perman\u00eancia estudantil, apoio a estudantes da Educa\u00e7\u00e3o de Jovens e Adultos (EJA), incentivo \u00e0 inicia\u00e7\u00e3o cient\u00edfica, al\u00e9m da cria\u00e7\u00e3o de espa\u00e7os estruturados de acolhida e cuidado para filhos e filhas de estudantes. Tamb\u00e9m h\u00e1 margem para propostas voltadas \u00e0 forma\u00e7\u00e3o docente para a inclus\u00e3o e \u00e0 educa\u00e7\u00e3o ambiental em contextos de transi\u00e7\u00e3o clim\u00e1tica e tecnol\u00f3gica.<\/p>\n<\/div>\n<div>\n<p class=\"x_MsoNormal\">Na sa\u00fade, o foco est\u00e1 na promo\u00e7\u00e3o do bem-estar f\u00edsico e mental, com a\u00e7\u00f5es que abrangem desde brigadas de emerg\u00eancia psicol\u00f3gica at\u00e9 apoio psicossocial em escolas da rede SESI. A preven\u00e7\u00e3o ao ass\u00e9dio, a inclus\u00e3o de pessoas com defici\u00eancia e a promo\u00e7\u00e3o de ambientes de trabalho mais seguros tamb\u00e9m comp\u00f5em as diretrizes incentivadas.<\/p>\n<\/div>\n<div>\n<p class=\"x_MsoNormal\">J\u00e1 no campo da cultura, o edital prop\u00f5e o fortalecimento de identidades locais e a amplia\u00e7\u00e3o do acesso \u00e0 forma\u00e7\u00e3o art\u00edstica, com est\u00edmulo a escolas de m\u00fasica, grupos de teatro e festivais, al\u00e9m da valoriza\u00e7\u00e3o da economia criativa. As a\u00e7\u00f5es devem contribuir para a cidadania cultural e o desenvolvimento de repert\u00f3rios diversos entre estudantes, trabalhadores e comunidades.<\/p>\n<\/div>\n<div>\n<p class=\"x_MsoNormal\">Os projetos selecionados dever\u00e3o ser executados at\u00e9 31 de dezembro de 2025, e os Departamentos Regionais respons\u00e1veis ter\u00e3o at\u00e9 60 dias para apresentar a presta\u00e7\u00e3o de contas. Aquelas propostas que n\u00e3o forem inicialmente contempladas integrar\u00e3o um Banco de Projetos, podendo ser mobilizadas em at\u00e9 12 meses.<\/p>\n<\/div>\n<div>\n<p class=\"x_MsoNormal\">Com diretrizes alinhadas ao Plano Estrat\u00e9gico Sist\u00eamico do SESI (2022\u20132027), o Conex\u00e3o SESI representa uma iniciativa de \u00e2mbito nacional que aposta na capacidade de transforma\u00e7\u00e3o dos territ\u00f3rios por meio da escuta ativa, da colabora\u00e7\u00e3o interinstitucional e do investimento em solu\u00e7\u00f5es criativas para atender \u00e0s demandas sociais contempor\u00e2neas do pa\u00eds.<\/p>\n<\/div>\n<div>\n<p class=\"x_MsoNormal\"><u><a title=\"https:\/\/www.cnsesi.com.br\/praticas\/30\/conexao-sesi-apoio-a-projetos-regionais-nas-areas-de-educacao-saude-e-cultura\" href=\"https:\/\/www.cnsesi.com.br\/praticas\/30\/conexao-sesi-apoio-a-projetos-regionais-nas-areas-de-educacao-saude-e-cultura\" target=\"_blank\" rel=\"noopener noreferrer\" data-auth=\"NotApplicable\" data-linkindex=\"4\">Clique aqui para mais informa\u00e7\u00f5es e acesso ao edital.<\/a><\/u><\/p>\n<\/div>\n","protected":false},"excerpt":{"rendered":"<p>Iniciativa do Conselho Nacional do SESI, cada projeto poder\u00e1 receber at\u00e9 R$ 500 mil de apoio O Conselho Nacional do SESI (CN-SESI)\u00a0lan\u00e7ou nesta ter\u00e7a-feira, 8 de julho, o Edital 01\/2025 do programa Conex\u00e3o SESI, com o objetivo de apoiar financeiramente projetos apresentados pelos Departamentos Regionais da institui\u00e7\u00e3o em todo o pa\u00eds. As inscri\u00e7\u00f5es ficam abertas [&hellip;]<\/p>\n","protected":false},"author":9,"featured_media":22127,"comment_status":"open","ping_status":"open","sticky":false,"template":"","format":"standard","meta":{"footnotes":""},"categories":[20,25,26],"tags":[],"class_list":["post-22126","post","type-post","status-publish","format-standard","has-post-thumbnail","hentry","category-banner-destaque","category-news","category-news-destaque"],"yoast_head":"<!-- This site is optimized with the Yoast SEO plugin v26.8 - https:\/\/yoast.com\/product\/yoast-seo-wordpress\/ -->\n<title>Conex\u00e3o SESI: edital vai apoiar projetos dos departamentos regionais em educa\u00e7\u00e3o, sa\u00fade e cultura - SESI<\/title>\n<meta name=\"robots\" content=\"index, follow, max-snippet:-1, max-image-preview:large, max-video-preview:-1\" \/>\n<link rel=\"canonical\" href=\"https:\/\/fieam.org.br\/sesi\/conexao-sesi-edital-vai-apoiar-projetos-dos-departamentos-regionais-em-educacao-saude-e-cultura\/\" \/>\n<meta property=\"og:locale\" content=\"pt_BR\" \/>\n<meta property=\"og:type\" content=\"article\" \/>\n<meta property=\"og:title\" content=\"Conex\u00e3o SESI: edital vai apoiar projetos dos departamentos regionais em educa\u00e7\u00e3o, sa\u00fade e cultura - SESI\" \/>\n<meta property=\"og:description\" content=\"Iniciativa do Conselho Nacional do SESI, cada projeto poder\u00e1 receber at\u00e9 R$ 500 mil de apoio O Conselho Nacional do SESI (CN-SESI)\u00a0lan\u00e7ou nesta ter\u00e7a-feira, 8 de julho, o Edital 01\/2025 do programa Conex\u00e3o SESI, com o objetivo de apoiar financeiramente projetos apresentados pelos Departamentos Regionais da institui\u00e7\u00e3o em todo o pa\u00eds. As inscri\u00e7\u00f5es ficam abertas [&hellip;]\" \/>\n<meta property=\"og:url\" content=\"https:\/\/fieam.org.br\/sesi\/conexao-sesi-edital-vai-apoiar-projetos-dos-departamentos-regionais-em-educacao-saude-e-cultura\/\" \/>\n<meta property=\"og:site_name\" content=\"SESI\" \/>\n<meta property=\"article:published_time\" content=\"2025-07-11T19:10:19+00:00\" \/>\n<meta property=\"og:image\" content=\"https:\/\/fieam.org.br\/sesi\/wp-content\/uploads\/sites\/14\/2025\/07\/Conexao-SESI_Divulgacao-scaled.webp\" \/>\n\t<meta property=\"og:image:width\" content=\"2560\" \/>\n\t<meta property=\"og:image:height\" content=\"1707\" \/>\n\t<meta property=\"og:image:type\" content=\"image\/webp\" \/>\n<meta name=\"author\" content=\"cris\" \/>\n<meta name=\"twitter:card\" content=\"summary_large_image\" \/>\n<meta name=\"twitter:creator\" content=\"@tour-virtual@fieam.org.br\" \/>\n<meta name=\"twitter:label1\" content=\"Escrito por\" \/>\n\t<meta name=\"twitter:data1\" content=\"cris\" \/>\n\t<meta name=\"twitter:label2\" content=\"Est. tempo de leitura\" \/>\n\t<meta name=\"twitter:data2\" content=\"3 minutos\" \/>\n<script type=\"application\/ld+json\" class=\"yoast-schema-graph\">{\"@context\":\"https:\/\/schema.org\",\"@graph\":[{\"@type\":\"Article\",\"@id\":\"https:\/\/fieam.org.br\/sesi\/conexao-sesi-edital-vai-apoiar-projetos-dos-departamentos-regionais-em-educacao-saude-e-cultura\/#article\",\"isPartOf\":{\"@id\":\"https:\/\/fieam.org.br\/sesi\/conexao-sesi-edital-vai-apoiar-projetos-dos-departamentos-regionais-em-educacao-saude-e-cultura\/\"},\"author\":{\"name\":\"cris\",\"@id\":\"https:\/\/fieam.org.br\/sesi\/#\/schema\/person\/ff86678b986855fb9f8d2e599eab31ae\"},\"headline\":\"Conex\u00e3o SESI: edital vai apoiar projetos dos departamentos regionais em educa\u00e7\u00e3o, sa\u00fade e cultura\",\"datePublished\":\"2025-07-11T19:10:19+00:00\",\"mainEntityOfPage\":{\"@id\":\"https:\/\/fieam.org.br\/sesi\/conexao-sesi-edital-vai-apoiar-projetos-dos-departamentos-regionais-em-educacao-saude-e-cultura\/\"},\"wordCount\":634,\"commentCount\":0,\"publisher\":{\"@id\":\"https:\/\/fieam.org.br\/sesi\/#organization\"},\"image\":{\"@id\":\"https:\/\/fieam.org.br\/sesi\/conexao-sesi-edital-vai-apoiar-projetos-dos-departamentos-regionais-em-educacao-saude-e-cultura\/#primaryimage\"},\"thumbnailUrl\":\"https:\/\/fieam.org.br\/sesi\/wp-content\/uploads\/sites\/14\/2025\/07\/Conexao-SESI_Divulgacao-scaled.webp\",\"articleSection\":[\"Banner Destaque\",\"News\",\"News Destaque\"],\"inLanguage\":\"pt-BR\",\"potentialAction\":[{\"@type\":\"CommentAction\",\"name\":\"Comment\",\"target\":[\"https:\/\/fieam.org.br\/sesi\/conexao-sesi-edital-vai-apoiar-projetos-dos-departamentos-regionais-em-educacao-saude-e-cultura\/#respond\"]}]},{\"@type\":\"WebPage\",\"@id\":\"https:\/\/fieam.org.br\/sesi\/conexao-sesi-edital-vai-apoiar-projetos-dos-departamentos-regionais-em-educacao-saude-e-cultura\/\",\"url\":\"https:\/\/fieam.org.br\/sesi\/conexao-sesi-edital-vai-apoiar-projetos-dos-departamentos-regionais-em-educacao-saude-e-cultura\/\",\"name\":\"Conex\u00e3o SESI: edital vai apoiar projetos dos departamentos regionais em educa\u00e7\u00e3o, sa\u00fade e cultura - SESI\",\"isPartOf\":{\"@id\":\"https:\/\/fieam.org.br\/sesi\/#website\"},\"primaryImageOfPage\":{\"@id\":\"https:\/\/fieam.org.br\/sesi\/conexao-sesi-edital-vai-apoiar-projetos-dos-departamentos-regionais-em-educacao-saude-e-cultura\/#primaryimage\"},\"image\":{\"@id\":\"https:\/\/fieam.org.br\/sesi\/conexao-sesi-edital-vai-apoiar-projetos-dos-departamentos-regionais-em-educacao-saude-e-cultura\/#primaryimage\"},\"thumbnailUrl\":\"https:\/\/fieam.org.br\/sesi\/wp-content\/uploads\/sites\/14\/2025\/07\/Conexao-SESI_Divulgacao-scaled.webp\",\"datePublished\":\"2025-07-11T19:10:19+00:00\",\"breadcrumb\":{\"@id\":\"https:\/\/fieam.org.br\/sesi\/conexao-sesi-edital-vai-apoiar-projetos-dos-departamentos-regionais-em-educacao-saude-e-cultura\/#breadcrumb\"},\"inLanguage\":\"pt-BR\",\"potentialAction\":[{\"@type\":\"ReadAction\",\"target\":[\"https:\/\/fieam.org.br\/sesi\/conexao-sesi-edital-vai-apoiar-projetos-dos-departamentos-regionais-em-educacao-saude-e-cultura\/\"]}]},{\"@type\":\"ImageObject\",\"inLanguage\":\"pt-BR\",\"@id\":\"https:\/\/fieam.org.br\/sesi\/conexao-sesi-edital-vai-apoiar-projetos-dos-departamentos-regionais-em-educacao-saude-e-cultura\/#primaryimage\",\"url\":\"https:\/\/fieam.org.br\/sesi\/wp-content\/uploads\/sites\/14\/2025\/07\/Conexao-SESI_Divulgacao-scaled.webp\",\"contentUrl\":\"https:\/\/fieam.org.br\/sesi\/wp-content\/uploads\/sites\/14\/2025\/07\/Conexao-SESI_Divulgacao-scaled.webp\",\"width\":2560,\"height\":1707},{\"@type\":\"BreadcrumbList\",\"@id\":\"https:\/\/fieam.org.br\/sesi\/conexao-sesi-edital-vai-apoiar-projetos-dos-departamentos-regionais-em-educacao-saude-e-cultura\/#breadcrumb\",\"itemListElement\":[{\"@type\":\"ListItem\",\"position\":1,\"name\":\"In\u00edcio\",\"item\":\"https:\/\/fieam.org.br\/sesi\/\"},{\"@type\":\"ListItem\",\"position\":2,\"name\":\"Conex\u00e3o SESI: edital vai apoiar projetos dos departamentos regionais em educa\u00e7\u00e3o, sa\u00fade e cultura\"}]},{\"@type\":\"WebSite\",\"@id\":\"https:\/\/fieam.org.br\/sesi\/#website\",\"url\":\"https:\/\/fieam.org.br\/sesi\/\",\"name\":\"SESI\",\"description\":\"Site Oficial!\",\"publisher\":{\"@id\":\"https:\/\/fieam.org.br\/sesi\/#organization\"},\"potentialAction\":[{\"@type\":\"SearchAction\",\"target\":{\"@type\":\"EntryPoint\",\"urlTemplate\":\"https:\/\/fieam.org.br\/sesi\/?s={search_term_string}\"},\"query-input\":{\"@type\":\"PropertyValueSpecification\",\"valueRequired\":true,\"valueName\":\"search_term_string\"}}],\"inLanguage\":\"pt-BR\"},{\"@type\":\"Organization\",\"@id\":\"https:\/\/fieam.org.br\/sesi\/#organization\",\"name\":\"SESI\",\"url\":\"https:\/\/fieam.org.br\/sesi\/\",\"logo\":{\"@type\":\"ImageObject\",\"inLanguage\":\"pt-BR\",\"@id\":\"https:\/\/fieam.org.br\/sesi\/#\/schema\/logo\/image\/\",\"url\":\"https:\/\/fieam.org.br\/sesi\/wp-content\/uploads\/sites\/14\/2024\/03\/cropped-fav.png\",\"contentUrl\":\"https:\/\/fieam.org.br\/sesi\/wp-content\/uploads\/sites\/14\/2024\/03\/cropped-fav.png\",\"width\":610,\"height\":589,\"caption\":\"SESI\"},\"image\":{\"@id\":\"https:\/\/fieam.org.br\/sesi\/#\/schema\/logo\/image\/\"}},{\"@type\":\"Person\",\"@id\":\"https:\/\/fieam.org.br\/sesi\/#\/schema\/person\/ff86678b986855fb9f8d2e599eab31ae\",\"name\":\"cris\",\"image\":{\"@type\":\"ImageObject\",\"inLanguage\":\"pt-BR\",\"@id\":\"https:\/\/fieam.org.br\/sesi\/#\/schema\/person\/image\/\",\"url\":\"https:\/\/secure.gravatar.com\/avatar\/e66688f9186abb74f11662d64a816c0971765b5f3721fc721afe90af108548a3?s=96&d=mm&r=g\",\"contentUrl\":\"https:\/\/secure.gravatar.com\/avatar\/e66688f9186abb74f11662d64a816c0971765b5f3721fc721afe90af108548a3?s=96&d=mm&r=g\",\"caption\":\"cris\"},\"sameAs\":[\"https:\/\/x.com\/tour-virtual@fieam.org.br\"],\"url\":\"https:\/\/fieam.org.br\/sesi\/author\/cris\/\"}]}<\/script>\n<!-- \/ Yoast SEO plugin. -->","yoast_head_json":{"title":"Conex\u00e3o SESI: edital vai apoiar projetos dos departamentos regionais em educa\u00e7\u00e3o, sa\u00fade e cultura - SESI","robots":{"index":"index","follow":"follow","max-snippet":"max-snippet:-1","max-image-preview":"max-image-preview:large","max-video-preview":"max-video-preview:-1"},"canonical":"https:\/\/fieam.org.br\/sesi\/conexao-sesi-edital-vai-apoiar-projetos-dos-departamentos-regionais-em-educacao-saude-e-cultura\/","og_locale":"pt_BR","og_type":"article","og_title":"Conex\u00e3o SESI: edital vai apoiar projetos dos departamentos regionais em educa\u00e7\u00e3o, sa\u00fade e cultura - SESI","og_description":"Iniciativa do Conselho Nacional do SESI, cada projeto poder\u00e1 receber at\u00e9 R$ 500 mil de apoio O Conselho Nacional do SESI (CN-SESI)\u00a0lan\u00e7ou nesta ter\u00e7a-feira, 8 de julho, o Edital 01\/2025 do programa Conex\u00e3o SESI, com o objetivo de apoiar financeiramente projetos apresentados pelos Departamentos Regionais da institui\u00e7\u00e3o em todo o pa\u00eds. As inscri\u00e7\u00f5es ficam abertas [&hellip;]","og_url":"https:\/\/fieam.org.br\/sesi\/conexao-sesi-edital-vai-apoiar-projetos-dos-departamentos-regionais-em-educacao-saude-e-cultura\/","og_site_name":"SESI","article_published_time":"2025-07-11T19:10:19+00:00","og_image":[{"width":2560,"height":1707,"url":"https:\/\/fieam.org.br\/sesi\/wp-content\/uploads\/sites\/14\/2025\/07\/Conexao-SESI_Divulgacao-scaled.webp","type":"image\/webp"}],"author":"cris","twitter_card":"summary_large_image","twitter_creator":"@tour-virtual@fieam.org.br","twitter_misc":{"Escrito por":"cris","Est. tempo de leitura":"3 minutos"},"schema":{"@context":"https:\/\/schema.org","@graph":[{"@type":"Article","@id":"https:\/\/fieam.org.br\/sesi\/conexao-sesi-edital-vai-apoiar-projetos-dos-departamentos-regionais-em-educacao-saude-e-cultura\/#article","isPartOf":{"@id":"https:\/\/fieam.org.br\/sesi\/conexao-sesi-edital-vai-apoiar-projetos-dos-departamentos-regionais-em-educacao-saude-e-cultura\/"},"author":{"name":"cris","@id":"https:\/\/fieam.org.br\/sesi\/#\/schema\/person\/ff86678b986855fb9f8d2e599eab31ae"},"headline":"Conex\u00e3o SESI: edital vai apoiar projetos dos departamentos regionais em educa\u00e7\u00e3o, sa\u00fade e cultura","datePublished":"2025-07-11T19:10:19+00:00","mainEntityOfPage":{"@id":"https:\/\/fieam.org.br\/sesi\/conexao-sesi-edital-vai-apoiar-projetos-dos-departamentos-regionais-em-educacao-saude-e-cultura\/"},"wordCount":634,"commentCount":0,"publisher":{"@id":"https:\/\/fieam.org.br\/sesi\/#organization"},"image":{"@id":"https:\/\/fieam.org.br\/sesi\/conexao-sesi-edital-vai-apoiar-projetos-dos-departamentos-regionais-em-educacao-saude-e-cultura\/#primaryimage"},"thumbnailUrl":"https:\/\/fieam.org.br\/sesi\/wp-content\/uploads\/sites\/14\/2025\/07\/Conexao-SESI_Divulgacao-scaled.webp","articleSection":["Banner Destaque","News","News Destaque"],"inLanguage":"pt-BR","potentialAction":[{"@type":"CommentAction","name":"Comment","target":["https:\/\/fieam.org.br\/sesi\/conexao-sesi-edital-vai-apoiar-projetos-dos-departamentos-regionais-em-educacao-saude-e-cultura\/#respond"]}]},{"@type":"WebPage","@id":"https:\/\/fieam.org.br\/sesi\/conexao-sesi-edital-vai-apoiar-projetos-dos-departamentos-regionais-em-educacao-saude-e-cultura\/","url":"https:\/\/fieam.org.br\/sesi\/conexao-sesi-edital-vai-apoiar-projetos-dos-departamentos-regionais-em-educacao-saude-e-cultura\/","name":"Conex\u00e3o SESI: edital vai apoiar projetos dos departamentos regionais em educa\u00e7\u00e3o, sa\u00fade e cultura - SESI","isPartOf":{"@id":"https:\/\/fieam.org.br\/sesi\/#website"},"primaryImageOfPage":{"@id":"https:\/\/fieam.org.br\/sesi\/conexao-sesi-edital-vai-apoiar-projetos-dos-departamentos-regionais-em-educacao-saude-e-cultura\/#primaryimage"},"image":{"@id":"https:\/\/fieam.org.br\/sesi\/conexao-sesi-edital-vai-apoiar-projetos-dos-departamentos-regionais-em-educacao-saude-e-cultura\/#primaryimage"},"thumbnailUrl":"https:\/\/fieam.org.br\/sesi\/wp-content\/uploads\/sites\/14\/2025\/07\/Conexao-SESI_Divulgacao-scaled.webp","datePublished":"2025-07-11T19:10:19+00:00","breadcrumb":{"@id":"https:\/\/fieam.org.br\/sesi\/conexao-sesi-edital-vai-apoiar-projetos-dos-departamentos-regionais-em-educacao-saude-e-cultura\/#breadcrumb"},"inLanguage":"pt-BR","potentialAction":[{"@type":"ReadAction","target":["https:\/\/fieam.org.br\/sesi\/conexao-sesi-edital-vai-apoiar-projetos-dos-departamentos-regionais-em-educacao-saude-e-cultura\/"]}]},{"@type":"ImageObject","inLanguage":"pt-BR","@id":"https:\/\/fieam.org.br\/sesi\/conexao-sesi-edital-vai-apoiar-projetos-dos-departamentos-regionais-em-educacao-saude-e-cultura\/#primaryimage","url":"https:\/\/fieam.org.br\/sesi\/wp-content\/uploads\/sites\/14\/2025\/07\/Conexao-SESI_Divulgacao-scaled.webp","contentUrl":"https:\/\/fieam.org.br\/sesi\/wp-content\/uploads\/sites\/14\/2025\/07\/Conexao-SESI_Divulgacao-scaled.webp","width":2560,"height":1707},{"@type":"BreadcrumbList","@id":"https:\/\/fieam.org.br\/sesi\/conexao-sesi-edital-vai-apoiar-projetos-dos-departamentos-regionais-em-educacao-saude-e-cultura\/#breadcrumb","itemListElement":[{"@type":"ListItem","position":1,"name":"In\u00edcio","item":"https:\/\/fieam.org.br\/sesi\/"},{"@type":"ListItem","position":2,"name":"Conex\u00e3o SESI: edital vai apoiar projetos dos departamentos regionais em educa\u00e7\u00e3o, sa\u00fade e cultura"}]},{"@type":"WebSite","@id":"https:\/\/fieam.org.br\/sesi\/#website","url":"https:\/\/fieam.org.br\/sesi\/","name":"SESI","description":"Site Oficial!","publisher":{"@id":"https:\/\/fieam.org.br\/sesi\/#organization"},"potentialAction":[{"@type":"SearchAction","target":{"@type":"EntryPoint","urlTemplate":"https:\/\/fieam.org.br\/sesi\/?s={search_term_string}"},"query-input":{"@type":"PropertyValueSpecification","valueRequired":true,"valueName":"search_term_string"}}],"inLanguage":"pt-BR"},{"@type":"Organization","@id":"https:\/\/fieam.org.br\/sesi\/#organization","name":"SESI","url":"https:\/\/fieam.org.br\/sesi\/","logo":{"@type":"ImageObject","inLanguage":"pt-BR","@id":"https:\/\/fieam.org.br\/sesi\/#\/schema\/logo\/image\/","url":"https:\/\/fieam.org.br\/sesi\/wp-content\/uploads\/sites\/14\/2024\/03\/cropped-fav.png","contentUrl":"https:\/\/fieam.org.br\/sesi\/wp-content\/uploads\/sites\/14\/2024\/03\/cropped-fav.png","width":610,"height":589,"caption":"SESI"},"image":{"@id":"https:\/\/fieam.org.br\/sesi\/#\/schema\/logo\/image\/"}},{"@type":"Person","@id":"https:\/\/fieam.org.br\/sesi\/#\/schema\/person\/ff86678b986855fb9f8d2e599eab31ae","name":"cris","image":{"@type":"ImageObject","inLanguage":"pt-BR","@id":"https:\/\/fieam.org.br\/sesi\/#\/schema\/person\/image\/","url":"https:\/\/secure.gravatar.com\/avatar\/e66688f9186abb74f11662d64a816c0971765b5f3721fc721afe90af108548a3?s=96&d=mm&r=g","contentUrl":"https:\/\/secure.gravatar.com\/avatar\/e66688f9186abb74f11662d64a816c0971765b5f3721fc721afe90af108548a3?s=96&d=mm&r=g","caption":"cris"},"sameAs":["https:\/\/x.com\/tour-virtual@fieam.org.br"],"url":"https:\/\/fieam.org.br\/sesi\/author\/cris\/"}]}},"_links":{"self":[{"href":"https:\/\/fieam.org.br\/sesi\/wp-json\/wp\/v2\/posts\/22126","targetHints":{"allow":["GET"]}}],"collection":[{"href":"https:\/\/fieam.org.br\/sesi\/wp-json\/wp\/v2\/posts"}],"about":[{"href":"https:\/\/fieam.org.br\/sesi\/wp-json\/wp\/v2\/types\/post"}],"author":[{"embeddable":true,"href":"https:\/\/fieam.org.br\/sesi\/wp-json\/wp\/v2\/users\/9"}],"replies":[{"embeddable":true,"href":"https:\/\/fieam.org.br\/sesi\/wp-json\/wp\/v2\/comments?post=22126"}],"version-history":[{"count":1,"href":"https:\/\/fieam.org.br\/sesi\/wp-json\/wp\/v2\/posts\/22126\/revisions"}],"predecessor-version":[{"id":22128,"href":"https:\/\/fieam.org.br\/sesi\/wp-json\/wp\/v2\/posts\/22126\/revisions\/22128"}],"wp:featuredmedia":[{"embeddable":true,"href":"https:\/\/fieam.org.br\/sesi\/wp-json\/wp\/v2\/media\/22127"}],"wp:attachment":[{"href":"https:\/\/fieam.org.br\/sesi\/wp-json\/wp\/v2\/media?parent=22126"}],"wp:term":[{"taxonomy":"category","embeddable":true,"href":"https:\/\/fieam.org.br\/sesi\/wp-json\/wp\/v2\/categories?post=22126"},{"taxonomy":"post_tag","embeddable":true,"href":"https:\/\/fieam.org.br\/sesi\/wp-json\/wp\/v2\/tags?post=22126"}],"curies":[{"name":"wp","href":"https:\/\/api.w.org\/{rel}","templated":true}]}}