{"id":2191,"date":"2011-11-01T15:57:15","date_gmt":"2011-11-01T15:57:15","guid":{"rendered":"http:\/\/www.fieam.org.br\/site\/sesi\/?p=2191"},"modified":"2011-11-01T15:57:15","modified_gmt":"2011-11-01T15:57:15","slug":"sesi-participa-da-virada-ambiental-no-parque-dos-bilhares","status":"publish","type":"post","link":"https:\/\/fieam.org.br\/sesi\/sesi-participa-da-virada-ambiental-no-parque-dos-bilhares\/","title":{"rendered":"SESI participa da Virada Ambiental no Parque dos Bilhares"},"content":{"rendered":"<figure id=\"attachment_2195\" aria-describedby=\"caption-attachment-2195\" style=\"width: 300px\" class=\"wp-caption alignleft\"><a href=\"http:\/\/www.fieam.org.br\/site\/sesi\/files\/2011\/11\/Sim%C3%B4nica-orienta-participantes-da-virada.jpg\"><img fetchpriority=\"high\" decoding=\"async\" class=\"size-medium wp-image-2195\" src=\"http:\/\/www.fieam.org.br\/site\/sesi\/files\/2011\/11\/Sim%C3%B4nica-orienta-participantes-da-virada-300x200.jpg\" alt=\"Sim\u00f4nica orienta participantes da virada\" width=\"300\" height=\"200\" \/><\/a><figcaption id=\"caption-attachment-2195\" class=\"wp-caption-text\">Sim\u00f4nica orienta participantes da virada<\/figcaption><\/figure>\n<p>O <a href=\"..\/institucional\" target=\"_blank\" rel=\"noopener\">SESI<\/a> participou ontem (30\/10) da 1\u00aa Virada Ambiental promovida pela Secretaria Municipal da Juventude, no Parque dos Bilhares, Avenida Constantino Nery, na Chapada, Zona Centro-Sul.\u00a0 A Virada Ambiental teve por objetivo conscientizar a popula\u00e7\u00e3o \u00e0 preserva\u00e7\u00e3o do meio ambiente e constou de atividades como limpeza do ambiente, recolhimento do lixo eletr\u00f4nico, exposi\u00e7\u00e3o de artesanato, distribui\u00e7\u00e3o de folhetos educativos pelas institui\u00e7\u00f5es que participaram do evento, al\u00e9m de shows musicais e apresenta\u00e7\u00e3o de grupos de dan\u00e7a.<\/p>\n<p>O SESI participou da Virada Ambiental com estande para divulgar o trabalho que realiza na \u00e1rea, com informa\u00e7\u00f5es sobre os programas desenvolvidos. Na ocasi\u00e3o, os t\u00e9cnicos do SESI distribu\u00edram folhetos educativos.<\/p>\n<p>A gerente de Responsabilidade Social Empresarial do SESI, Sim\u00f4nica Sidrim, disse que na \u00e1rea socioambiental o SESI trabalha com duas vertentes, sendo uma para servi\u00e7os destinados a empresas do Polo Industrial de Manaus (PIM) e outra para dentro da Institui\u00e7\u00e3o.<\/p>\n<p>Destacou ainda a gerente que o programa de Otimiza\u00e7\u00e3o de Consumo promove a conscientiza\u00e7\u00e3o de toda a for\u00e7a de trabalho dos colaboradores, dependentes, clientes e fornecedores, para a redu\u00e7\u00e3o e compensa\u00e7\u00e3o dos impactos socioambientais que os neg\u00f3cios da Institui\u00e7\u00e3o causam no meio ambiente, al\u00e9m de gera\u00e7\u00e3o de emprego e renda aos catadores de cooperativas.<\/p>\n<figure id=\"attachment_2194\" aria-describedby=\"caption-attachment-2194\" style=\"width: 300px\" class=\"wp-caption alignleft\"><a href=\"http:\/\/www.fieam.org.br\/site\/sesi\/files\/2011\/11\/Jordana-entre-o-pai-dela-e-sim%C3%B4nica.jpg\"><img decoding=\"async\" class=\"size-medium wp-image-2194\" src=\"http:\/\/www.fieam.org.br\/site\/sesi\/files\/2011\/11\/Jordana-entre-o-pai-dela-e-sim%C3%B4nica-300x200.jpg\" alt=\"Jordana entre o pai dela e sim\u00f4nica\" width=\"300\" height=\"200\" \/><\/a><figcaption id=\"caption-attachment-2194\" class=\"wp-caption-text\">Jordana entre o pai dela e sim\u00f4nica<\/figcaption><\/figure>\n<p>Ela destacou os benef\u00edcios imediatos do programa, como a redu\u00e7\u00e3o de copos descart\u00e1veis, papel, energia e \u00e1gua. A gerente disse tamb\u00e9m que a participa\u00e7\u00e3o do SESI no evento, \u00e9 uma forma de divulgar o programa, e que cuidar do meu ambiente \u00e9 uma quest\u00e3o de sobreviv\u00eancia e que todos s\u00e3o respons\u00e1veis pelos impactos causados ao meio ambiente.<\/p>\n<p>Segundo Sim\u00f4nica, \u00e9 preciso cuidar dos igarap\u00e9s, dos animais, da floresta, para n\u00e3o quebrar a cadeia, evitando graves problemas para os habitantes da terra. De acordo com Sidrim, \u00e9 preciso uma nova mudan\u00e7a de comportamento e que as novas gera\u00e7\u00f5es devem ser orientadas nas escolas e na fam\u00edlia. \u201cUm simples ato de n\u00e3o jogar papel na rua, \u00e9 um bom come\u00e7o\u201d, disse.<\/p>\n<p>Jordana Costa Siqueira, aluna do 1\u00ba ano do Ensino Fundamental, na Unidade de Educa\u00e7\u00e3o Adalberto Valle, foi um das participantes da Virada. Com apenas seis anos, Jordan j\u00e1 mostra preocupa\u00e7\u00e3o com meio ambiente. Segundo a aluna do SESI, as pessoas n\u00e3o est\u00e3o cuidando do meio ambiente, jogando lixo nos igarap\u00e9s e nas ruas.<\/p>\n<p>De acordo com a aluna do SESI, as pessoas devem ter mais consci\u00eancia para que possam ter uma vida mais saud\u00e1vel, e que \u00e9 preciso fazer a separa\u00e7\u00e3o seletiva do lixo.<\/p>\n<p>Para Sidrim, a educa\u00e7\u00e3o ambiental deve come\u00e7ar cedo e que a escola e fam\u00edlia s\u00e3o fundamentais para melhorar a qualidade de vida das pessoas.<\/p>\n","protected":false},"excerpt":{"rendered":"<p>O SESI participou ontem (30\/10) da 1\u00aa Virada Ambiental promovida pela Secretaria Municipal da Juventude, no Parque dos Bilhares, Avenida Constantino Nery, na Chapada, Zona Centro-Sul.\u00a0 A Virada Ambiental teve por objetivo conscientizar a popula\u00e7\u00e3o \u00e0 preserva\u00e7\u00e3o do meio ambiente e constou de atividades como limpeza do ambiente, recolhimento do lixo eletr\u00f4nico, exposi\u00e7\u00e3o de artesanato, [&hellip;]<\/p>\n","protected":false},"author":1,"featured_media":0,"comment_status":"open","ping_status":"open","sticky":false,"template":"","format":"standard","meta":{"footnotes":""},"categories":[25],"tags":[],"class_list":["post-2191","post","type-post","status-publish","format-standard","hentry","category-news"],"yoast_head":"<!-- This site is optimized with the Yoast SEO plugin v28.2 - https:\/\/yoast.com\/product\/yoast-seo-wordpress\/ -->\n<title>SESI participa da Virada Ambiental no Parque dos Bilhares - SESI<\/title>\n<meta name=\"robots\" content=\"index, follow, max-snippet:-1, max-image-preview:large, max-video-preview:-1\" \/>\n<link rel=\"canonical\" href=\"https:\/\/fieam.org.br\/sesi\/sesi-participa-da-virada-ambiental-no-parque-dos-bilhares\/\" \/>\n<meta property=\"og:locale\" content=\"pt_BR\" \/>\n<meta property=\"og:type\" content=\"article\" \/>\n<meta property=\"og:title\" content=\"SESI participa da Virada Ambiental no Parque dos Bilhares - SESI\" \/>\n<meta property=\"og:description\" content=\"O SESI participou ontem (30\/10) da 1\u00aa Virada Ambiental promovida pela Secretaria Municipal da Juventude, no Parque dos Bilhares, Avenida Constantino Nery, na Chapada, Zona Centro-Sul.\u00a0 A Virada Ambiental teve por objetivo conscientizar a popula\u00e7\u00e3o \u00e0 preserva\u00e7\u00e3o do meio ambiente e constou de atividades como limpeza do ambiente, recolhimento do lixo eletr\u00f4nico, exposi\u00e7\u00e3o de artesanato, [&hellip;]\" \/>\n<meta property=\"og:url\" content=\"https:\/\/fieam.org.br\/sesi\/sesi-participa-da-virada-ambiental-no-parque-dos-bilhares\/\" \/>\n<meta property=\"og:site_name\" content=\"SESI\" \/>\n<meta property=\"article:published_time\" content=\"2011-11-01T15:57:15+00:00\" \/>\n<meta name=\"author\" content=\"Autor\" \/>\n<meta name=\"twitter:card\" content=\"summary_large_image\" \/>\n<meta name=\"twitter:label1\" content=\"Escrito por\" \/>\n\t<meta name=\"twitter:data1\" content=\"Autor\" \/>\n\t<meta name=\"twitter:label2\" content=\"Est. tempo de leitura\" \/>\n\t<meta name=\"twitter:data2\" content=\"3 minutos\" \/>\n<script type=\"application\/ld+json\" class=\"yoast-schema-graph\">{\"@context\":\"https:\\\/\\\/schema.org\",\"@graph\":[{\"@type\":\"Article\",\"@id\":\"https:\\\/\\\/fieam.org.br\\\/sesi\\\/sesi-participa-da-virada-ambiental-no-parque-dos-bilhares\\\/#article\",\"isPartOf\":{\"@id\":\"https:\\\/\\\/fieam.org.br\\\/sesi\\\/sesi-participa-da-virada-ambiental-no-parque-dos-bilhares\\\/\"},\"author\":{\"name\":\"Autor\",\"@id\":\"https:\\\/\\\/fieam.org.br\\\/sesi\\\/#\\\/schema\\\/person\\\/f54998dd14d5f0695b41444f2b01c31e\"},\"headline\":\"SESI participa da Virada Ambiental no Parque dos Bilhares\",\"datePublished\":\"2011-11-01T15:57:15+00:00\",\"mainEntityOfPage\":{\"@id\":\"https:\\\/\\\/fieam.org.br\\\/sesi\\\/sesi-participa-da-virada-ambiental-no-parque-dos-bilhares\\\/\"},\"wordCount\":510,\"commentCount\":0,\"publisher\":{\"@id\":\"https:\\\/\\\/fieam.org.br\\\/sesi\\\/#organization\"},\"image\":{\"@id\":\"https:\\\/\\\/fieam.org.br\\\/sesi\\\/sesi-participa-da-virada-ambiental-no-parque-dos-bilhares\\\/#primaryimage\"},\"thumbnailUrl\":\"http:\\\/\\\/www.fieam.org.br\\\/site\\\/sesi\\\/files\\\/2011\\\/11\\\/Sim%C3%B4nica-orienta-participantes-da-virada-300x200.jpg\",\"articleSection\":[\"News\"],\"inLanguage\":\"pt-BR\",\"potentialAction\":[{\"@type\":\"CommentAction\",\"name\":\"Comment\",\"target\":[\"https:\\\/\\\/fieam.org.br\\\/sesi\\\/sesi-participa-da-virada-ambiental-no-parque-dos-bilhares\\\/#respond\"]}]},{\"@type\":\"WebPage\",\"@id\":\"https:\\\/\\\/fieam.org.br\\\/sesi\\\/sesi-participa-da-virada-ambiental-no-parque-dos-bilhares\\\/\",\"url\":\"https:\\\/\\\/fieam.org.br\\\/sesi\\\/sesi-participa-da-virada-ambiental-no-parque-dos-bilhares\\\/\",\"name\":\"SESI participa da Virada Ambiental no Parque dos Bilhares - SESI\",\"isPartOf\":{\"@id\":\"https:\\\/\\\/fieam.org.br\\\/sesi\\\/#website\"},\"primaryImageOfPage\":{\"@id\":\"https:\\\/\\\/fieam.org.br\\\/sesi\\\/sesi-participa-da-virada-ambiental-no-parque-dos-bilhares\\\/#primaryimage\"},\"image\":{\"@id\":\"https:\\\/\\\/fieam.org.br\\\/sesi\\\/sesi-participa-da-virada-ambiental-no-parque-dos-bilhares\\\/#primaryimage\"},\"thumbnailUrl\":\"http:\\\/\\\/www.fieam.org.br\\\/site\\\/sesi\\\/files\\\/2011\\\/11\\\/Sim%C3%B4nica-orienta-participantes-da-virada-300x200.jpg\",\"datePublished\":\"2011-11-01T15:57:15+00:00\",\"breadcrumb\":{\"@id\":\"https:\\\/\\\/fieam.org.br\\\/sesi\\\/sesi-participa-da-virada-ambiental-no-parque-dos-bilhares\\\/#breadcrumb\"},\"inLanguage\":\"pt-BR\",\"potentialAction\":[{\"@type\":\"ReadAction\",\"target\":[\"https:\\\/\\\/fieam.org.br\\\/sesi\\\/sesi-participa-da-virada-ambiental-no-parque-dos-bilhares\\\/\"]}]},{\"@type\":\"ImageObject\",\"inLanguage\":\"pt-BR\",\"@id\":\"https:\\\/\\\/fieam.org.br\\\/sesi\\\/sesi-participa-da-virada-ambiental-no-parque-dos-bilhares\\\/#primaryimage\",\"url\":\"http:\\\/\\\/www.fieam.org.br\\\/site\\\/sesi\\\/files\\\/2011\\\/11\\\/Sim%C3%B4nica-orienta-participantes-da-virada-300x200.jpg\",\"contentUrl\":\"http:\\\/\\\/www.fieam.org.br\\\/site\\\/sesi\\\/files\\\/2011\\\/11\\\/Sim%C3%B4nica-orienta-participantes-da-virada-300x200.jpg\"},{\"@type\":\"BreadcrumbList\",\"@id\":\"https:\\\/\\\/fieam.org.br\\\/sesi\\\/sesi-participa-da-virada-ambiental-no-parque-dos-bilhares\\\/#breadcrumb\",\"itemListElement\":[{\"@type\":\"ListItem\",\"position\":1,\"name\":\"In\u00edcio\",\"item\":\"https:\\\/\\\/fieam.org.br\\\/sesi\\\/\"},{\"@type\":\"ListItem\",\"position\":2,\"name\":\"SESI participa da Virada Ambiental no Parque dos Bilhares\"}]},{\"@type\":\"WebSite\",\"@id\":\"https:\\\/\\\/fieam.org.br\\\/sesi\\\/#website\",\"url\":\"https:\\\/\\\/fieam.org.br\\\/sesi\\\/\",\"name\":\"SESI\",\"description\":\"Site Oficial!\",\"publisher\":{\"@id\":\"https:\\\/\\\/fieam.org.br\\\/sesi\\\/#organization\"},\"potentialAction\":[{\"@type\":\"SearchAction\",\"target\":{\"@type\":\"EntryPoint\",\"urlTemplate\":\"https:\\\/\\\/fieam.org.br\\\/sesi\\\/?s={search_term_string}\"},\"query-input\":{\"@type\":\"PropertyValueSpecification\",\"valueRequired\":true,\"valueName\":\"search_term_string\"}}],\"inLanguage\":\"pt-BR\"},{\"@type\":\"Organization\",\"@id\":\"https:\\\/\\\/fieam.org.br\\\/sesi\\\/#organization\",\"name\":\"SESI\",\"url\":\"https:\\\/\\\/fieam.org.br\\\/sesi\\\/\",\"logo\":{\"@type\":\"ImageObject\",\"inLanguage\":\"pt-BR\",\"@id\":\"https:\\\/\\\/fieam.org.br\\\/sesi\\\/#\\\/schema\\\/logo\\\/image\\\/\",\"url\":\"https:\\\/\\\/fieam.org.br\\\/sesi\\\/wp-content\\\/uploads\\\/sites\\\/14\\\/2024\\\/03\\\/cropped-fav.png\",\"contentUrl\":\"https:\\\/\\\/fieam.org.br\\\/sesi\\\/wp-content\\\/uploads\\\/sites\\\/14\\\/2024\\\/03\\\/cropped-fav.png\",\"width\":610,\"height\":589,\"caption\":\"SESI\"},\"image\":{\"@id\":\"https:\\\/\\\/fieam.org.br\\\/sesi\\\/#\\\/schema\\\/logo\\\/image\\\/\"}},{\"@type\":\"Person\",\"@id\":\"https:\\\/\\\/fieam.org.br\\\/sesi\\\/#\\\/schema\\\/person\\\/f54998dd14d5f0695b41444f2b01c31e\",\"name\":\"Autor\",\"image\":{\"@type\":\"ImageObject\",\"inLanguage\":\"pt-BR\",\"@id\":\"https:\\\/\\\/secure.gravatar.com\\\/avatar\\\/3732c223e0e1fad69062a8f770955c9068d37b055204f310a0be18d4069fe380?s=96&d=mm&r=g\",\"url\":\"https:\\\/\\\/secure.gravatar.com\\\/avatar\\\/3732c223e0e1fad69062a8f770955c9068d37b055204f310a0be18d4069fe380?s=96&d=mm&r=g\",\"contentUrl\":\"https:\\\/\\\/secure.gravatar.com\\\/avatar\\\/3732c223e0e1fad69062a8f770955c9068d37b055204f310a0be18d4069fe380?s=96&d=mm&r=g\",\"caption\":\"Autor\"},\"sameAs\":[\"https:\\\/\\\/marketingmassivo.com.br\"],\"url\":\"https:\\\/\\\/fieam.org.br\\\/sesi\\\/author\\\/admin\\\/\"}]}<\/script>\n<!-- \/ Yoast SEO plugin. -->","yoast_head_json":{"title":"SESI participa da Virada Ambiental no Parque dos Bilhares - SESI","robots":{"index":"index","follow":"follow","max-snippet":"max-snippet:-1","max-image-preview":"max-image-preview:large","max-video-preview":"max-video-preview:-1"},"canonical":"https:\/\/fieam.org.br\/sesi\/sesi-participa-da-virada-ambiental-no-parque-dos-bilhares\/","og_locale":"pt_BR","og_type":"article","og_title":"SESI participa da Virada Ambiental no Parque dos Bilhares - SESI","og_description":"O SESI participou ontem (30\/10) da 1\u00aa Virada Ambiental promovida pela Secretaria Municipal da Juventude, no Parque dos Bilhares, Avenida Constantino Nery, na Chapada, Zona Centro-Sul.\u00a0 A Virada Ambiental teve por objetivo conscientizar a popula\u00e7\u00e3o \u00e0 preserva\u00e7\u00e3o do meio ambiente e constou de atividades como limpeza do ambiente, recolhimento do lixo eletr\u00f4nico, exposi\u00e7\u00e3o de artesanato, [&hellip;]","og_url":"https:\/\/fieam.org.br\/sesi\/sesi-participa-da-virada-ambiental-no-parque-dos-bilhares\/","og_site_name":"SESI","article_published_time":"2011-11-01T15:57:15+00:00","author":"Autor","twitter_card":"summary_large_image","twitter_misc":{"Escrito por":"Autor","Est. tempo de leitura":"3 minutos"},"schema":{"@context":"https:\/\/schema.org","@graph":[{"@type":"Article","@id":"https:\/\/fieam.org.br\/sesi\/sesi-participa-da-virada-ambiental-no-parque-dos-bilhares\/#article","isPartOf":{"@id":"https:\/\/fieam.org.br\/sesi\/sesi-participa-da-virada-ambiental-no-parque-dos-bilhares\/"},"author":{"name":"Autor","@id":"https:\/\/fieam.org.br\/sesi\/#\/schema\/person\/f54998dd14d5f0695b41444f2b01c31e"},"headline":"SESI participa da Virada Ambiental no Parque dos Bilhares","datePublished":"2011-11-01T15:57:15+00:00","mainEntityOfPage":{"@id":"https:\/\/fieam.org.br\/sesi\/sesi-participa-da-virada-ambiental-no-parque-dos-bilhares\/"},"wordCount":510,"commentCount":0,"publisher":{"@id":"https:\/\/fieam.org.br\/sesi\/#organization"},"image":{"@id":"https:\/\/fieam.org.br\/sesi\/sesi-participa-da-virada-ambiental-no-parque-dos-bilhares\/#primaryimage"},"thumbnailUrl":"http:\/\/www.fieam.org.br\/site\/sesi\/files\/2011\/11\/Sim%C3%B4nica-orienta-participantes-da-virada-300x200.jpg","articleSection":["News"],"inLanguage":"pt-BR","potentialAction":[{"@type":"CommentAction","name":"Comment","target":["https:\/\/fieam.org.br\/sesi\/sesi-participa-da-virada-ambiental-no-parque-dos-bilhares\/#respond"]}]},{"@type":"WebPage","@id":"https:\/\/fieam.org.br\/sesi\/sesi-participa-da-virada-ambiental-no-parque-dos-bilhares\/","url":"https:\/\/fieam.org.br\/sesi\/sesi-participa-da-virada-ambiental-no-parque-dos-bilhares\/","name":"SESI participa da Virada Ambiental no Parque dos Bilhares - SESI","isPartOf":{"@id":"https:\/\/fieam.org.br\/sesi\/#website"},"primaryImageOfPage":{"@id":"https:\/\/fieam.org.br\/sesi\/sesi-participa-da-virada-ambiental-no-parque-dos-bilhares\/#primaryimage"},"image":{"@id":"https:\/\/fieam.org.br\/sesi\/sesi-participa-da-virada-ambiental-no-parque-dos-bilhares\/#primaryimage"},"thumbnailUrl":"http:\/\/www.fieam.org.br\/site\/sesi\/files\/2011\/11\/Sim%C3%B4nica-orienta-participantes-da-virada-300x200.jpg","datePublished":"2011-11-01T15:57:15+00:00","breadcrumb":{"@id":"https:\/\/fieam.org.br\/sesi\/sesi-participa-da-virada-ambiental-no-parque-dos-bilhares\/#breadcrumb"},"inLanguage":"pt-BR","potentialAction":[{"@type":"ReadAction","target":["https:\/\/fieam.org.br\/sesi\/sesi-participa-da-virada-ambiental-no-parque-dos-bilhares\/"]}]},{"@type":"ImageObject","inLanguage":"pt-BR","@id":"https:\/\/fieam.org.br\/sesi\/sesi-participa-da-virada-ambiental-no-parque-dos-bilhares\/#primaryimage","url":"http:\/\/www.fieam.org.br\/site\/sesi\/files\/2011\/11\/Sim%C3%B4nica-orienta-participantes-da-virada-300x200.jpg","contentUrl":"http:\/\/www.fieam.org.br\/site\/sesi\/files\/2011\/11\/Sim%C3%B4nica-orienta-participantes-da-virada-300x200.jpg"},{"@type":"BreadcrumbList","@id":"https:\/\/fieam.org.br\/sesi\/sesi-participa-da-virada-ambiental-no-parque-dos-bilhares\/#breadcrumb","itemListElement":[{"@type":"ListItem","position":1,"name":"In\u00edcio","item":"https:\/\/fieam.org.br\/sesi\/"},{"@type":"ListItem","position":2,"name":"SESI participa da Virada Ambiental no Parque dos Bilhares"}]},{"@type":"WebSite","@id":"https:\/\/fieam.org.br\/sesi\/#website","url":"https:\/\/fieam.org.br\/sesi\/","name":"SESI","description":"Site Oficial!","publisher":{"@id":"https:\/\/fieam.org.br\/sesi\/#organization"},"potentialAction":[{"@type":"SearchAction","target":{"@type":"EntryPoint","urlTemplate":"https:\/\/fieam.org.br\/sesi\/?s={search_term_string}"},"query-input":{"@type":"PropertyValueSpecification","valueRequired":true,"valueName":"search_term_string"}}],"inLanguage":"pt-BR"},{"@type":"Organization","@id":"https:\/\/fieam.org.br\/sesi\/#organization","name":"SESI","url":"https:\/\/fieam.org.br\/sesi\/","logo":{"@type":"ImageObject","inLanguage":"pt-BR","@id":"https:\/\/fieam.org.br\/sesi\/#\/schema\/logo\/image\/","url":"https:\/\/fieam.org.br\/sesi\/wp-content\/uploads\/sites\/14\/2024\/03\/cropped-fav.png","contentUrl":"https:\/\/fieam.org.br\/sesi\/wp-content\/uploads\/sites\/14\/2024\/03\/cropped-fav.png","width":610,"height":589,"caption":"SESI"},"image":{"@id":"https:\/\/fieam.org.br\/sesi\/#\/schema\/logo\/image\/"}},{"@type":"Person","@id":"https:\/\/fieam.org.br\/sesi\/#\/schema\/person\/f54998dd14d5f0695b41444f2b01c31e","name":"Autor","image":{"@type":"ImageObject","inLanguage":"pt-BR","@id":"https:\/\/secure.gravatar.com\/avatar\/3732c223e0e1fad69062a8f770955c9068d37b055204f310a0be18d4069fe380?s=96&d=mm&r=g","url":"https:\/\/secure.gravatar.com\/avatar\/3732c223e0e1fad69062a8f770955c9068d37b055204f310a0be18d4069fe380?s=96&d=mm&r=g","contentUrl":"https:\/\/secure.gravatar.com\/avatar\/3732c223e0e1fad69062a8f770955c9068d37b055204f310a0be18d4069fe380?s=96&d=mm&r=g","caption":"Autor"},"sameAs":["https:\/\/marketingmassivo.com.br"],"url":"https:\/\/fieam.org.br\/sesi\/author\/admin\/"}]}},"_links":{"self":[{"href":"https:\/\/fieam.org.br\/sesi\/wp-json\/wp\/v2\/posts\/2191","targetHints":{"allow":["GET"]}}],"collection":[{"href":"https:\/\/fieam.org.br\/sesi\/wp-json\/wp\/v2\/posts"}],"about":[{"href":"https:\/\/fieam.org.br\/sesi\/wp-json\/wp\/v2\/types\/post"}],"author":[{"embeddable":true,"href":"https:\/\/fieam.org.br\/sesi\/wp-json\/wp\/v2\/users\/1"}],"replies":[{"embeddable":true,"href":"https:\/\/fieam.org.br\/sesi\/wp-json\/wp\/v2\/comments?post=2191"}],"version-history":[{"count":0,"href":"https:\/\/fieam.org.br\/sesi\/wp-json\/wp\/v2\/posts\/2191\/revisions"}],"wp:attachment":[{"href":"https:\/\/fieam.org.br\/sesi\/wp-json\/wp\/v2\/media?parent=2191"}],"wp:term":[{"taxonomy":"category","embeddable":true,"href":"https:\/\/fieam.org.br\/sesi\/wp-json\/wp\/v2\/categories?post=2191"},{"taxonomy":"post_tag","embeddable":true,"href":"https:\/\/fieam.org.br\/sesi\/wp-json\/wp\/v2\/tags?post=2191"}],"curies":[{"name":"wp","href":"https:\/\/api.w.org\/{rel}","templated":true}]}}