{"id":219,"date":"2010-12-17T09:04:47","date_gmt":"2010-12-17T09:04:47","guid":{"rendered":"http:\/\/www.fieam.org.br\/site\/sesi\/?p=219"},"modified":"2010-12-17T09:04:47","modified_gmt":"2010-12-17T09:04:47","slug":"sesi-entrega-donativos-ao-abrigo-moacir-alves","status":"publish","type":"post","link":"https:\/\/fieam.org.br\/sesi\/sesi-entrega-donativos-ao-abrigo-moacir-alves\/","title":{"rendered":"SESI entrega donativos ao Abrigo Moacir Alves"},"content":{"rendered":"<p>Funcion\u00e1rios do Servi\u00e7o Social da Ind\u00fastria (SESI\/AM) entregaram ontem donativos ao Abrigo Moacir Alves (Rua Sete, Alvorada I, zona Centro-Oeste). Entre os itens doados, pelos colaboradores do SESI e de empresas do Polo Industrial de Manaus, estavam medicamentos, fraldas e leite em p\u00f3. Criado em 1952, o abrigo atende 54 pessoas portadoras de necessidades especiais, entre crian\u00e7as, adolescentes e adultos, que foram abandonados pelas fam\u00edlias.<\/p>\n<p>De acordo com a coordenadora de eventos do abrigo, Corina Amaral, o \u201cMoacir Alves\u201d se mant\u00e9m gra\u00e7as \u00e0s doa\u00e7\u00f5es realizadas pelas empresas do Polo Industrial de Manaus (PIM) e da sociedade civil. Destacou, ainda, que a institui\u00e7\u00e3o funciona com profissionais de v\u00e1rias \u00e1reas, como fisioterapeuta, pediatra, dentista, psic\u00f3logo e servi\u00e7o social.<\/p>\n<div class=\"mceTemp mceIEcenter\">\n<figure id=\"attachment_225\" aria-describedby=\"caption-attachment-225\" style=\"width: 665px\" class=\"wp-caption aligncenter\"><a href=\"http:\/\/www.fieam.org.br\/site\/sesi\/files\/2010\/12\/donativo_moacir660.jpg\"><img fetchpriority=\"high\" decoding=\"async\" class=\"size-full wp-image-225\" src=\"http:\/\/www.fieam.org.br\/site\/sesi\/files\/2010\/12\/donativo_moacir660.jpg\" alt=\"SESI entrega donativos ao Abrigo Moacir Alves\" width=\"665\" height=\"300\" srcset=\"https:\/\/fieam.org.br\/sesi\/wp-content\/uploads\/sites\/14\/2010\/12\/donativo_moacir660.jpg 665w, https:\/\/fieam.org.br\/sesi\/wp-content\/uploads\/sites\/14\/2010\/12\/donativo_moacir660-300x135.jpg 300w\" sizes=\"(max-width: 665px) 100vw, 665px\" \/><\/a><figcaption id=\"caption-attachment-225\" class=\"wp-caption-text\">SESI entrega donativos ao Abrigo Moacir Alves<\/figcaption><\/figure>\n<\/div>\n<p>Administrado pelo N\u00facleo de Amparo Social Tom\u00e1s de Aquino (Nasta), o abrigo possui 60 funcion\u00e1rios cujos sal\u00e1rios s\u00e3o pagos, por meio de conv\u00eanio assinado com a Secretaria de Estado e Assist\u00eancia Social (Seas). Segundo Amaral, os internos da institui\u00e7\u00e3o desenvolvem v\u00e1rias atividades durante o dia, muitos estudam na Associa\u00e7\u00e3o de Pais e Alunos Excepcionais (Apae), e, ainda aprendem m\u00fasica, dan\u00e7a e artes no Liceu de Artes e Of\u00edcios Cl\u00e1udio Santoro.<\/p>\n<p>O objetivo \u00e9 promover o desenvolvimento afetivo-emocional e promover servi\u00e7os de preven\u00e7\u00e3o e reabilita\u00e7\u00e3o das pessoas necessitadas. \u201cOs internos s\u00e3o encaminhados ao abrigo, por interm\u00e9dio de conselhos tutelares e do Juizado da Inf\u00e2ncia e da Juventude\u201d, explicou Corina Amaral.<\/p>\n<p>A gerente de Rela\u00e7\u00f5es com o Mercado do SESI Amazonas, Rosana Vasconcelos, disse que, al\u00e9m da doa\u00e7\u00e3o, a visita ao abrigo teve o prop\u00f3sito de incentivar as pessoas a participarem no dia a dia dos que precisam de apoio e solidariedade.<\/p>\n<p>De acordo com Rosana, responsabilidade social \u00e9 estar presente e perceber a necessidade de cada uma dessas pessoas. A sociedade precisa tamb\u00e9m, al\u00e9m de doar produtos, avan\u00e7ar mais em rela\u00e7\u00e3o ao afeto e carinho. \u201cCada um pode dedicar parte de seu tempo, ouvindo e passando experi\u00eancias aos que necessitam\u201d, sugeriu.<\/p>\n<p>Para a gerente, a iniciativa possibilita trazer para pr\u00f3ximo do SESI, empresas e pessoas que possam compreender a abrang\u00eancia dessas atitudes. Participaram tamb\u00e9m da visita ao Abrigo Moacir Alves, a consultora de Responsabilidade Social, Cl\u00edcia Tupinamb\u00e1, a coordenadora de Projetos Sociais, Silvane Almeida e a analista de Neg\u00f3cios, Cl\u00e9dia Pac\u00f3 &#8211; funcion\u00e1rias do SESI\/AM.<\/p>\n","protected":false},"excerpt":{"rendered":"<p>O objetivo \u00e9 promover o desenvolvimento afetivo-emocional e promover servi\u00e7os de preven\u00e7\u00e3o e reabilita\u00e7\u00e3o das pessoas necessitadas<\/p>\n","protected":false},"author":1,"featured_media":0,"comment_status":"open","ping_status":"open","sticky":false,"template":"","format":"standard","meta":{"footnotes":""},"categories":[25],"tags":[34,118],"class_list":["post-219","post","type-post","status-publish","format-standard","hentry","category-news","tag-abrigo-moacir-alves","tag-sesi-entrega-donativos"],"yoast_head":"<!-- This site is optimized with the Yoast SEO plugin v28.2 - https:\/\/yoast.com\/product\/yoast-seo-wordpress\/ -->\n<title>SESI entrega donativos ao Abrigo Moacir Alves - SESI<\/title>\n<meta name=\"robots\" content=\"index, follow, max-snippet:-1, max-image-preview:large, max-video-preview:-1\" \/>\n<link rel=\"canonical\" href=\"https:\/\/fieam.org.br\/sesi\/sesi-entrega-donativos-ao-abrigo-moacir-alves\/\" \/>\n<meta property=\"og:locale\" content=\"pt_BR\" \/>\n<meta property=\"og:type\" content=\"article\" \/>\n<meta property=\"og:title\" content=\"SESI entrega donativos ao Abrigo Moacir Alves - SESI\" \/>\n<meta property=\"og:description\" content=\"O objetivo \u00e9 promover o desenvolvimento afetivo-emocional e promover servi\u00e7os de preven\u00e7\u00e3o e reabilita\u00e7\u00e3o das pessoas necessitadas\" \/>\n<meta property=\"og:url\" content=\"https:\/\/fieam.org.br\/sesi\/sesi-entrega-donativos-ao-abrigo-moacir-alves\/\" \/>\n<meta property=\"og:site_name\" content=\"SESI\" \/>\n<meta property=\"article:published_time\" content=\"2010-12-17T09:04:47+00:00\" \/>\n<meta property=\"og:image\" content=\"https:\/\/fieam.org.br\/sesi\/wp-content\/uploads\/sites\/14\/2010\/12\/donativo_moacir660.jpg\" \/>\n\t<meta property=\"og:image:width\" content=\"665\" \/>\n\t<meta property=\"og:image:height\" content=\"300\" \/>\n\t<meta property=\"og:image:type\" content=\"image\/jpeg\" \/>\n<meta name=\"author\" content=\"Autor\" \/>\n<meta name=\"twitter:card\" content=\"summary_large_image\" \/>\n<meta name=\"twitter:label1\" content=\"Escrito por\" \/>\n\t<meta name=\"twitter:data1\" content=\"Autor\" \/>\n\t<meta name=\"twitter:label2\" content=\"Est. tempo de leitura\" \/>\n\t<meta name=\"twitter:data2\" content=\"2 minutos\" \/>\n<script type=\"application\/ld+json\" class=\"yoast-schema-graph\">{\"@context\":\"https:\\\/\\\/schema.org\",\"@graph\":[{\"@type\":\"Article\",\"@id\":\"https:\\\/\\\/fieam.org.br\\\/sesi\\\/sesi-entrega-donativos-ao-abrigo-moacir-alves\\\/#article\",\"isPartOf\":{\"@id\":\"https:\\\/\\\/fieam.org.br\\\/sesi\\\/sesi-entrega-donativos-ao-abrigo-moacir-alves\\\/\"},\"author\":{\"name\":\"Autor\",\"@id\":\"https:\\\/\\\/fieam.org.br\\\/sesi\\\/#\\\/schema\\\/person\\\/f54998dd14d5f0695b41444f2b01c31e\"},\"headline\":\"SESI entrega donativos ao Abrigo Moacir Alves\",\"datePublished\":\"2010-12-17T09:04:47+00:00\",\"mainEntityOfPage\":{\"@id\":\"https:\\\/\\\/fieam.org.br\\\/sesi\\\/sesi-entrega-donativos-ao-abrigo-moacir-alves\\\/\"},\"wordCount\":437,\"commentCount\":0,\"publisher\":{\"@id\":\"https:\\\/\\\/fieam.org.br\\\/sesi\\\/#organization\"},\"image\":{\"@id\":\"https:\\\/\\\/fieam.org.br\\\/sesi\\\/sesi-entrega-donativos-ao-abrigo-moacir-alves\\\/#primaryimage\"},\"thumbnailUrl\":\"http:\\\/\\\/www.fieam.org.br\\\/site\\\/sesi\\\/files\\\/2010\\\/12\\\/donativo_moacir660.jpg\",\"keywords\":[\"Abrigo Moacir Alves\",\"Sesi entrega donativos\"],\"articleSection\":[\"News\"],\"inLanguage\":\"pt-BR\",\"potentialAction\":[{\"@type\":\"CommentAction\",\"name\":\"Comment\",\"target\":[\"https:\\\/\\\/fieam.org.br\\\/sesi\\\/sesi-entrega-donativos-ao-abrigo-moacir-alves\\\/#respond\"]}]},{\"@type\":\"WebPage\",\"@id\":\"https:\\\/\\\/fieam.org.br\\\/sesi\\\/sesi-entrega-donativos-ao-abrigo-moacir-alves\\\/\",\"url\":\"https:\\\/\\\/fieam.org.br\\\/sesi\\\/sesi-entrega-donativos-ao-abrigo-moacir-alves\\\/\",\"name\":\"SESI entrega donativos ao Abrigo Moacir Alves - SESI\",\"isPartOf\":{\"@id\":\"https:\\\/\\\/fieam.org.br\\\/sesi\\\/#website\"},\"primaryImageOfPage\":{\"@id\":\"https:\\\/\\\/fieam.org.br\\\/sesi\\\/sesi-entrega-donativos-ao-abrigo-moacir-alves\\\/#primaryimage\"},\"image\":{\"@id\":\"https:\\\/\\\/fieam.org.br\\\/sesi\\\/sesi-entrega-donativos-ao-abrigo-moacir-alves\\\/#primaryimage\"},\"thumbnailUrl\":\"http:\\\/\\\/www.fieam.org.br\\\/site\\\/sesi\\\/files\\\/2010\\\/12\\\/donativo_moacir660.jpg\",\"datePublished\":\"2010-12-17T09:04:47+00:00\",\"breadcrumb\":{\"@id\":\"https:\\\/\\\/fieam.org.br\\\/sesi\\\/sesi-entrega-donativos-ao-abrigo-moacir-alves\\\/#breadcrumb\"},\"inLanguage\":\"pt-BR\",\"potentialAction\":[{\"@type\":\"ReadAction\",\"target\":[\"https:\\\/\\\/fieam.org.br\\\/sesi\\\/sesi-entrega-donativos-ao-abrigo-moacir-alves\\\/\"]}]},{\"@type\":\"ImageObject\",\"inLanguage\":\"pt-BR\",\"@id\":\"https:\\\/\\\/fieam.org.br\\\/sesi\\\/sesi-entrega-donativos-ao-abrigo-moacir-alves\\\/#primaryimage\",\"url\":\"http:\\\/\\\/www.fieam.org.br\\\/site\\\/sesi\\\/files\\\/2010\\\/12\\\/donativo_moacir660.jpg\",\"contentUrl\":\"http:\\\/\\\/www.fieam.org.br\\\/site\\\/sesi\\\/files\\\/2010\\\/12\\\/donativo_moacir660.jpg\"},{\"@type\":\"BreadcrumbList\",\"@id\":\"https:\\\/\\\/fieam.org.br\\\/sesi\\\/sesi-entrega-donativos-ao-abrigo-moacir-alves\\\/#breadcrumb\",\"itemListElement\":[{\"@type\":\"ListItem\",\"position\":1,\"name\":\"In\u00edcio\",\"item\":\"https:\\\/\\\/fieam.org.br\\\/sesi\\\/\"},{\"@type\":\"ListItem\",\"position\":2,\"name\":\"SESI entrega donativos ao Abrigo Moacir Alves\"}]},{\"@type\":\"WebSite\",\"@id\":\"https:\\\/\\\/fieam.org.br\\\/sesi\\\/#website\",\"url\":\"https:\\\/\\\/fieam.org.br\\\/sesi\\\/\",\"name\":\"SESI\",\"description\":\"Site Oficial!\",\"publisher\":{\"@id\":\"https:\\\/\\\/fieam.org.br\\\/sesi\\\/#organization\"},\"potentialAction\":[{\"@type\":\"SearchAction\",\"target\":{\"@type\":\"EntryPoint\",\"urlTemplate\":\"https:\\\/\\\/fieam.org.br\\\/sesi\\\/?s={search_term_string}\"},\"query-input\":{\"@type\":\"PropertyValueSpecification\",\"valueRequired\":true,\"valueName\":\"search_term_string\"}}],\"inLanguage\":\"pt-BR\"},{\"@type\":\"Organization\",\"@id\":\"https:\\\/\\\/fieam.org.br\\\/sesi\\\/#organization\",\"name\":\"SESI\",\"url\":\"https:\\\/\\\/fieam.org.br\\\/sesi\\\/\",\"logo\":{\"@type\":\"ImageObject\",\"inLanguage\":\"pt-BR\",\"@id\":\"https:\\\/\\\/fieam.org.br\\\/sesi\\\/#\\\/schema\\\/logo\\\/image\\\/\",\"url\":\"https:\\\/\\\/fieam.org.br\\\/sesi\\\/wp-content\\\/uploads\\\/sites\\\/14\\\/2024\\\/03\\\/cropped-fav.png\",\"contentUrl\":\"https:\\\/\\\/fieam.org.br\\\/sesi\\\/wp-content\\\/uploads\\\/sites\\\/14\\\/2024\\\/03\\\/cropped-fav.png\",\"width\":610,\"height\":589,\"caption\":\"SESI\"},\"image\":{\"@id\":\"https:\\\/\\\/fieam.org.br\\\/sesi\\\/#\\\/schema\\\/logo\\\/image\\\/\"}},{\"@type\":\"Person\",\"@id\":\"https:\\\/\\\/fieam.org.br\\\/sesi\\\/#\\\/schema\\\/person\\\/f54998dd14d5f0695b41444f2b01c31e\",\"name\":\"Autor\",\"image\":{\"@type\":\"ImageObject\",\"inLanguage\":\"pt-BR\",\"@id\":\"https:\\\/\\\/secure.gravatar.com\\\/avatar\\\/3732c223e0e1fad69062a8f770955c9068d37b055204f310a0be18d4069fe380?s=96&d=mm&r=g\",\"url\":\"https:\\\/\\\/secure.gravatar.com\\\/avatar\\\/3732c223e0e1fad69062a8f770955c9068d37b055204f310a0be18d4069fe380?s=96&d=mm&r=g\",\"contentUrl\":\"https:\\\/\\\/secure.gravatar.com\\\/avatar\\\/3732c223e0e1fad69062a8f770955c9068d37b055204f310a0be18d4069fe380?s=96&d=mm&r=g\",\"caption\":\"Autor\"},\"sameAs\":[\"https:\\\/\\\/marketingmassivo.com.br\"],\"url\":\"https:\\\/\\\/fieam.org.br\\\/sesi\\\/author\\\/admin\\\/\"}]}<\/script>\n<!-- \/ Yoast SEO plugin. -->","yoast_head_json":{"title":"SESI entrega donativos ao Abrigo Moacir Alves - SESI","robots":{"index":"index","follow":"follow","max-snippet":"max-snippet:-1","max-image-preview":"max-image-preview:large","max-video-preview":"max-video-preview:-1"},"canonical":"https:\/\/fieam.org.br\/sesi\/sesi-entrega-donativos-ao-abrigo-moacir-alves\/","og_locale":"pt_BR","og_type":"article","og_title":"SESI entrega donativos ao Abrigo Moacir Alves - SESI","og_description":"O objetivo \u00e9 promover o desenvolvimento afetivo-emocional e promover servi\u00e7os de preven\u00e7\u00e3o e reabilita\u00e7\u00e3o das pessoas necessitadas","og_url":"https:\/\/fieam.org.br\/sesi\/sesi-entrega-donativos-ao-abrigo-moacir-alves\/","og_site_name":"SESI","article_published_time":"2010-12-17T09:04:47+00:00","og_image":[{"width":665,"height":300,"url":"https:\/\/fieam.org.br\/sesi\/wp-content\/uploads\/sites\/14\/2010\/12\/donativo_moacir660.jpg","type":"image\/jpeg"}],"author":"Autor","twitter_card":"summary_large_image","twitter_misc":{"Escrito por":"Autor","Est. tempo de leitura":"2 minutos"},"schema":{"@context":"https:\/\/schema.org","@graph":[{"@type":"Article","@id":"https:\/\/fieam.org.br\/sesi\/sesi-entrega-donativos-ao-abrigo-moacir-alves\/#article","isPartOf":{"@id":"https:\/\/fieam.org.br\/sesi\/sesi-entrega-donativos-ao-abrigo-moacir-alves\/"},"author":{"name":"Autor","@id":"https:\/\/fieam.org.br\/sesi\/#\/schema\/person\/f54998dd14d5f0695b41444f2b01c31e"},"headline":"SESI entrega donativos ao Abrigo Moacir Alves","datePublished":"2010-12-17T09:04:47+00:00","mainEntityOfPage":{"@id":"https:\/\/fieam.org.br\/sesi\/sesi-entrega-donativos-ao-abrigo-moacir-alves\/"},"wordCount":437,"commentCount":0,"publisher":{"@id":"https:\/\/fieam.org.br\/sesi\/#organization"},"image":{"@id":"https:\/\/fieam.org.br\/sesi\/sesi-entrega-donativos-ao-abrigo-moacir-alves\/#primaryimage"},"thumbnailUrl":"http:\/\/www.fieam.org.br\/site\/sesi\/files\/2010\/12\/donativo_moacir660.jpg","keywords":["Abrigo Moacir Alves","Sesi entrega donativos"],"articleSection":["News"],"inLanguage":"pt-BR","potentialAction":[{"@type":"CommentAction","name":"Comment","target":["https:\/\/fieam.org.br\/sesi\/sesi-entrega-donativos-ao-abrigo-moacir-alves\/#respond"]}]},{"@type":"WebPage","@id":"https:\/\/fieam.org.br\/sesi\/sesi-entrega-donativos-ao-abrigo-moacir-alves\/","url":"https:\/\/fieam.org.br\/sesi\/sesi-entrega-donativos-ao-abrigo-moacir-alves\/","name":"SESI entrega donativos ao Abrigo Moacir Alves - SESI","isPartOf":{"@id":"https:\/\/fieam.org.br\/sesi\/#website"},"primaryImageOfPage":{"@id":"https:\/\/fieam.org.br\/sesi\/sesi-entrega-donativos-ao-abrigo-moacir-alves\/#primaryimage"},"image":{"@id":"https:\/\/fieam.org.br\/sesi\/sesi-entrega-donativos-ao-abrigo-moacir-alves\/#primaryimage"},"thumbnailUrl":"http:\/\/www.fieam.org.br\/site\/sesi\/files\/2010\/12\/donativo_moacir660.jpg","datePublished":"2010-12-17T09:04:47+00:00","breadcrumb":{"@id":"https:\/\/fieam.org.br\/sesi\/sesi-entrega-donativos-ao-abrigo-moacir-alves\/#breadcrumb"},"inLanguage":"pt-BR","potentialAction":[{"@type":"ReadAction","target":["https:\/\/fieam.org.br\/sesi\/sesi-entrega-donativos-ao-abrigo-moacir-alves\/"]}]},{"@type":"ImageObject","inLanguage":"pt-BR","@id":"https:\/\/fieam.org.br\/sesi\/sesi-entrega-donativos-ao-abrigo-moacir-alves\/#primaryimage","url":"http:\/\/www.fieam.org.br\/site\/sesi\/files\/2010\/12\/donativo_moacir660.jpg","contentUrl":"http:\/\/www.fieam.org.br\/site\/sesi\/files\/2010\/12\/donativo_moacir660.jpg"},{"@type":"BreadcrumbList","@id":"https:\/\/fieam.org.br\/sesi\/sesi-entrega-donativos-ao-abrigo-moacir-alves\/#breadcrumb","itemListElement":[{"@type":"ListItem","position":1,"name":"In\u00edcio","item":"https:\/\/fieam.org.br\/sesi\/"},{"@type":"ListItem","position":2,"name":"SESI entrega donativos ao Abrigo Moacir Alves"}]},{"@type":"WebSite","@id":"https:\/\/fieam.org.br\/sesi\/#website","url":"https:\/\/fieam.org.br\/sesi\/","name":"SESI","description":"Site Oficial!","publisher":{"@id":"https:\/\/fieam.org.br\/sesi\/#organization"},"potentialAction":[{"@type":"SearchAction","target":{"@type":"EntryPoint","urlTemplate":"https:\/\/fieam.org.br\/sesi\/?s={search_term_string}"},"query-input":{"@type":"PropertyValueSpecification","valueRequired":true,"valueName":"search_term_string"}}],"inLanguage":"pt-BR"},{"@type":"Organization","@id":"https:\/\/fieam.org.br\/sesi\/#organization","name":"SESI","url":"https:\/\/fieam.org.br\/sesi\/","logo":{"@type":"ImageObject","inLanguage":"pt-BR","@id":"https:\/\/fieam.org.br\/sesi\/#\/schema\/logo\/image\/","url":"https:\/\/fieam.org.br\/sesi\/wp-content\/uploads\/sites\/14\/2024\/03\/cropped-fav.png","contentUrl":"https:\/\/fieam.org.br\/sesi\/wp-content\/uploads\/sites\/14\/2024\/03\/cropped-fav.png","width":610,"height":589,"caption":"SESI"},"image":{"@id":"https:\/\/fieam.org.br\/sesi\/#\/schema\/logo\/image\/"}},{"@type":"Person","@id":"https:\/\/fieam.org.br\/sesi\/#\/schema\/person\/f54998dd14d5f0695b41444f2b01c31e","name":"Autor","image":{"@type":"ImageObject","inLanguage":"pt-BR","@id":"https:\/\/secure.gravatar.com\/avatar\/3732c223e0e1fad69062a8f770955c9068d37b055204f310a0be18d4069fe380?s=96&d=mm&r=g","url":"https:\/\/secure.gravatar.com\/avatar\/3732c223e0e1fad69062a8f770955c9068d37b055204f310a0be18d4069fe380?s=96&d=mm&r=g","contentUrl":"https:\/\/secure.gravatar.com\/avatar\/3732c223e0e1fad69062a8f770955c9068d37b055204f310a0be18d4069fe380?s=96&d=mm&r=g","caption":"Autor"},"sameAs":["https:\/\/marketingmassivo.com.br"],"url":"https:\/\/fieam.org.br\/sesi\/author\/admin\/"}]}},"_links":{"self":[{"href":"https:\/\/fieam.org.br\/sesi\/wp-json\/wp\/v2\/posts\/219","targetHints":{"allow":["GET"]}}],"collection":[{"href":"https:\/\/fieam.org.br\/sesi\/wp-json\/wp\/v2\/posts"}],"about":[{"href":"https:\/\/fieam.org.br\/sesi\/wp-json\/wp\/v2\/types\/post"}],"author":[{"embeddable":true,"href":"https:\/\/fieam.org.br\/sesi\/wp-json\/wp\/v2\/users\/1"}],"replies":[{"embeddable":true,"href":"https:\/\/fieam.org.br\/sesi\/wp-json\/wp\/v2\/comments?post=219"}],"version-history":[{"count":0,"href":"https:\/\/fieam.org.br\/sesi\/wp-json\/wp\/v2\/posts\/219\/revisions"}],"wp:attachment":[{"href":"https:\/\/fieam.org.br\/sesi\/wp-json\/wp\/v2\/media?parent=219"}],"wp:term":[{"taxonomy":"category","embeddable":true,"href":"https:\/\/fieam.org.br\/sesi\/wp-json\/wp\/v2\/categories?post=219"},{"taxonomy":"post_tag","embeddable":true,"href":"https:\/\/fieam.org.br\/sesi\/wp-json\/wp\/v2\/tags?post=219"}],"curies":[{"name":"wp","href":"https:\/\/api.w.org\/{rel}","templated":true}]}}