{"id":21690,"date":"2025-01-31T19:32:03","date_gmt":"2025-01-31T19:32:03","guid":{"rendered":"https:\/\/fieam.org.br\/sesi\/?p=21690"},"modified":"2025-03-24T17:19:32","modified_gmt":"2025-03-24T17:19:32","slug":"comunicado-processo-seletivo-externo-no-005-2025-cargo-pas-profissional-analista-superior","status":"publish","type":"post","link":"https:\/\/fieam.org.br\/sesi\/comunicado-processo-seletivo-externo-no-005-2025-cargo-pas-profissional-analista-superior\/","title":{"rendered":"COMUNICADO PROCESSO SELETIVO EXTERNO \u2013 N\u00ba 005-2025 \/ CARGO: PAS \u2013 PROFISSIONAL ANALISTA SUPERIOR"},"content":{"rendered":"<p><strong>COMUNICADO PROCESSO SELETIVO EXTERNO \u2013 N\u00ba 005-2025<\/strong><\/p>\n<p><strong>\u00a0<\/strong><\/p>\n<p><strong>CARGO: <\/strong>PAS \u2013 PROFISSIONAL ANALISTA SUPERIOR<\/p>\n<p><strong>OCUPA\u00c7\u00c3O: <\/strong>PEDAGOGO<\/p>\n<p><strong>CARGA HOR\u00c1RIA MENSAL: <\/strong>180 HORAS<\/p>\n<p><strong>SAL\u00c1RIO: <\/strong>R$ 5.828,42<\/p>\n<p>&nbsp;<\/p>\n<p>O Servi\u00e7o Social da Ind\u00fastria \u2013 SESI, por meio da Gest\u00e3o Geral de Pessoas\/Sele\u00e7\u00e3o de Talentos do Sistema Ind\u00fastria do Estado do Amazonas (FIEAM, SESI, SENAI e IEL), abre inscri\u00e7\u00f5es para preenchimento de\u00a0 uma vaga e forma\u00e7\u00e3o de cadastro reserva para lota\u00e7\u00e3o na Escola SESI Abrah\u00e3o Sabb\u00e1, no munic\u00edpio de Itacoatiara.<\/p>\n<p><a href=\"https:\/\/fieam.org.br\/sesi\/wp-content\/uploads\/sites\/14\/2025\/01\/310125-1-005-2025-PSE-SESI-UE07-PAS_Pedagogo.pdf\" target=\"_blank\" rel=\"noopener\">Clique aqui para obter mais informa\u00e7\u00f5es pertinentes ao processo<\/a><\/p>\n<p><a href=\"https:\/\/fieam.org.br\/sesi\/wp-content\/uploads\/sites\/14\/2025\/01\/CADASTRO-INICIAL-NOVO.pdf\" target=\"_blank\" rel=\"noopener\">Formul\u00e1rio para Cadastro Inicial<\/a><\/p>\n<p><a href=\"https:\/\/fieam.org.br\/sesi\/wp-content\/uploads\/sites\/14\/2025\/01\/Formulario-protocolo-de-entrega-de-documentos-novo.pdf\" target=\"_blank\" rel=\"noopener\">Formul\u00e1rio de Entrega de Documentos<\/a><\/p>\n<p><a href=\"https:\/\/fieam.org.br\/sesi\/wp-content\/uploads\/sites\/14\/2025\/01\/Formulario-para-interposicao-de-recurso_V2.pdf\" target=\"_blank\" rel=\"noopener\">Formul\u00e1rio para Interposi\u00e7\u00e3o de Recurso<\/a><\/p>\n<p><a href=\"https:\/\/fieam.org.br\/sesi\/wp-content\/uploads\/sites\/14\/2025\/01\/100225-2-005-2025-PRORROGACAO-PSE-SESI-UE07-PAS_PEDAGOGO.pdf\">Prorroga\u00e7\u00e3o de Cronograma<\/a><\/p>\n<p><a href=\"https:\/\/fieam.org.br\/sesi\/wp-content\/uploads\/sites\/14\/2025\/01\/180225-3-005-2025-RESULT.-PARCIAL-PSE-SESI-UE07-PAS_PEDAGOGO.pdf\">Resultado Parcial An\u00e1lise Documental &#8211; Etapa 1<\/a><\/p>\n<p><a href=\"https:\/\/fieam.org.br\/sesi\/wp-content\/uploads\/sites\/14\/2025\/01\/100325-5-005-2025-RESULT.-PARCIAL-ETAPA-2-PSE-SESI-UE07-PAS_PEDAGOGO.pdf\">Resultado Parcial Entrevista Comportamental\/T\u00e9cnica &#8211; Etapa 2<\/a><\/p>\n<p><a href=\"https:\/\/fieam.org.br\/sesi\/wp-content\/uploads\/sites\/14\/2025\/01\/240325-6-005-2025-RESULT.-FINAL-ETAPA-2-PSE-SESI-UE07-PAS_PEDAGOGO.pdf\">Resultado Final Entrevista Comportamental\/T\u00e9cnica &#8211; Etapa 2<\/a><\/p>\n<p>&nbsp;<\/p>\n<p>&nbsp;<\/p>\n<p>&nbsp;<\/p>\n","protected":false},"excerpt":{"rendered":"<p>COMUNICADO PROCESSO SELETIVO EXTERNO \u2013 N\u00ba 005-2025 \u00a0 CARGO: PAS \u2013 PROFISSIONAL ANALISTA SUPERIOR OCUPA\u00c7\u00c3O: PEDAGOGO CARGA HOR\u00c1RIA MENSAL: 180 HORAS SAL\u00c1RIO: R$ 5.828,42 &nbsp; O Servi\u00e7o Social da Ind\u00fastria \u2013 SESI, por meio da Gest\u00e3o Geral de Pessoas\/Sele\u00e7\u00e3o de Talentos do Sistema Ind\u00fastria do Estado do Amazonas (FIEAM, SESI, SENAI e IEL), abre inscri\u00e7\u00f5es [&hellip;]<\/p>\n","protected":false},"author":16,"featured_media":21624,"comment_status":"open","ping_status":"open","sticky":false,"template":"","format":"standard","meta":{"footnotes":""},"categories":[28],"tags":[],"class_list":["post-21690","post","type-post","status-publish","format-standard","has-post-thumbnail","hentry","category-selecao"],"yoast_head":"<!-- This site is optimized with the Yoast SEO plugin v28.2 - https:\/\/yoast.com\/product\/yoast-seo-wordpress\/ -->\n<title>COMUNICADO PROCESSO SELETIVO EXTERNO \u2013 N\u00ba 005-2025 \/ CARGO: PAS \u2013 PROFISSIONAL ANALISTA SUPERIOR - SESI<\/title>\n<meta name=\"robots\" content=\"index, follow, max-snippet:-1, max-image-preview:large, max-video-preview:-1\" \/>\n<link rel=\"canonical\" href=\"https:\/\/fieam.org.br\/sesi\/comunicado-processo-seletivo-externo-no-005-2025-cargo-pas-profissional-analista-superior\/\" \/>\n<meta property=\"og:locale\" content=\"pt_BR\" \/>\n<meta property=\"og:type\" content=\"article\" \/>\n<meta property=\"og:title\" content=\"COMUNICADO PROCESSO SELETIVO EXTERNO \u2013 N\u00ba 005-2025 \/ CARGO: PAS \u2013 PROFISSIONAL ANALISTA SUPERIOR - SESI\" \/>\n<meta property=\"og:description\" content=\"COMUNICADO PROCESSO SELETIVO EXTERNO \u2013 N\u00ba 005-2025 \u00a0 CARGO: PAS \u2013 PROFISSIONAL ANALISTA SUPERIOR OCUPA\u00c7\u00c3O: PEDAGOGO CARGA HOR\u00c1RIA MENSAL: 180 HORAS SAL\u00c1RIO: R$ 5.828,42 &nbsp; O Servi\u00e7o Social da Ind\u00fastria \u2013 SESI, por meio da Gest\u00e3o Geral de Pessoas\/Sele\u00e7\u00e3o de Talentos do Sistema Ind\u00fastria do Estado do Amazonas (FIEAM, SESI, SENAI e IEL), abre inscri\u00e7\u00f5es [&hellip;]\" \/>\n<meta property=\"og:url\" content=\"https:\/\/fieam.org.br\/sesi\/comunicado-processo-seletivo-externo-no-005-2025-cargo-pas-profissional-analista-superior\/\" \/>\n<meta property=\"og:site_name\" content=\"SESI\" \/>\n<meta property=\"article:published_time\" content=\"2025-01-31T19:32:03+00:00\" \/>\n<meta property=\"article:modified_time\" content=\"2025-03-24T17:19:32+00:00\" \/>\n<meta property=\"og:image\" content=\"https:\/\/fieam.org.br\/sesi\/wp-content\/uploads\/sites\/14\/2025\/01\/SELECAO-DE-TALENTOS-SENAI-copia-2.png\" \/>\n\t<meta property=\"og:image:width\" content=\"466\" \/>\n\t<meta property=\"og:image:height\" content=\"466\" \/>\n\t<meta property=\"og:image:type\" content=\"image\/png\" \/>\n<meta name=\"author\" content=\"Nayara Oliveira\" \/>\n<meta name=\"twitter:card\" content=\"summary_large_image\" \/>\n<meta name=\"twitter:label1\" content=\"Escrito por\" \/>\n\t<meta name=\"twitter:data1\" content=\"Nayara Oliveira\" \/>\n\t<meta name=\"twitter:label2\" content=\"Est. tempo de leitura\" \/>\n\t<meta name=\"twitter:data2\" content=\"1 minuto\" \/>\n<script type=\"application\/ld+json\" class=\"yoast-schema-graph\">{\"@context\":\"https:\\\/\\\/schema.org\",\"@graph\":[{\"@type\":\"Article\",\"@id\":\"https:\\\/\\\/fieam.org.br\\\/sesi\\\/comunicado-processo-seletivo-externo-no-005-2025-cargo-pas-profissional-analista-superior\\\/#article\",\"isPartOf\":{\"@id\":\"https:\\\/\\\/fieam.org.br\\\/sesi\\\/comunicado-processo-seletivo-externo-no-005-2025-cargo-pas-profissional-analista-superior\\\/\"},\"author\":{\"name\":\"Nayara Oliveira\",\"@id\":\"https:\\\/\\\/fieam.org.br\\\/sesi\\\/#\\\/schema\\\/person\\\/3e67903a1caf69496f5c0b81bf483b68\"},\"headline\":\"COMUNICADO PROCESSO SELETIVO EXTERNO \u2013 N\u00ba 005-2025 \\\/ CARGO: PAS \u2013 PROFISSIONAL ANALISTA SUPERIOR\",\"datePublished\":\"2025-01-31T19:32:03+00:00\",\"dateModified\":\"2025-03-24T17:19:32+00:00\",\"mainEntityOfPage\":{\"@id\":\"https:\\\/\\\/fieam.org.br\\\/sesi\\\/comunicado-processo-seletivo-externo-no-005-2025-cargo-pas-profissional-analista-superior\\\/\"},\"wordCount\":153,\"commentCount\":0,\"publisher\":{\"@id\":\"https:\\\/\\\/fieam.org.br\\\/sesi\\\/#organization\"},\"image\":{\"@id\":\"https:\\\/\\\/fieam.org.br\\\/sesi\\\/comunicado-processo-seletivo-externo-no-005-2025-cargo-pas-profissional-analista-superior\\\/#primaryimage\"},\"thumbnailUrl\":\"https:\\\/\\\/fieam.org.br\\\/sesi\\\/wp-content\\\/uploads\\\/sites\\\/14\\\/2025\\\/01\\\/SELECAO-DE-TALENTOS-SENAI-copia-2.png\",\"articleSection\":[\"selecao\"],\"inLanguage\":\"pt-BR\",\"potentialAction\":[{\"@type\":\"CommentAction\",\"name\":\"Comment\",\"target\":[\"https:\\\/\\\/fieam.org.br\\\/sesi\\\/comunicado-processo-seletivo-externo-no-005-2025-cargo-pas-profissional-analista-superior\\\/#respond\"]}]},{\"@type\":\"WebPage\",\"@id\":\"https:\\\/\\\/fieam.org.br\\\/sesi\\\/comunicado-processo-seletivo-externo-no-005-2025-cargo-pas-profissional-analista-superior\\\/\",\"url\":\"https:\\\/\\\/fieam.org.br\\\/sesi\\\/comunicado-processo-seletivo-externo-no-005-2025-cargo-pas-profissional-analista-superior\\\/\",\"name\":\"COMUNICADO PROCESSO SELETIVO EXTERNO \u2013 N\u00ba 005-2025 \\\/ CARGO: PAS \u2013 PROFISSIONAL ANALISTA SUPERIOR - SESI\",\"isPartOf\":{\"@id\":\"https:\\\/\\\/fieam.org.br\\\/sesi\\\/#website\"},\"primaryImageOfPage\":{\"@id\":\"https:\\\/\\\/fieam.org.br\\\/sesi\\\/comunicado-processo-seletivo-externo-no-005-2025-cargo-pas-profissional-analista-superior\\\/#primaryimage\"},\"image\":{\"@id\":\"https:\\\/\\\/fieam.org.br\\\/sesi\\\/comunicado-processo-seletivo-externo-no-005-2025-cargo-pas-profissional-analista-superior\\\/#primaryimage\"},\"thumbnailUrl\":\"https:\\\/\\\/fieam.org.br\\\/sesi\\\/wp-content\\\/uploads\\\/sites\\\/14\\\/2025\\\/01\\\/SELECAO-DE-TALENTOS-SENAI-copia-2.png\",\"datePublished\":\"2025-01-31T19:32:03+00:00\",\"dateModified\":\"2025-03-24T17:19:32+00:00\",\"breadcrumb\":{\"@id\":\"https:\\\/\\\/fieam.org.br\\\/sesi\\\/comunicado-processo-seletivo-externo-no-005-2025-cargo-pas-profissional-analista-superior\\\/#breadcrumb\"},\"inLanguage\":\"pt-BR\",\"potentialAction\":[{\"@type\":\"ReadAction\",\"target\":[\"https:\\\/\\\/fieam.org.br\\\/sesi\\\/comunicado-processo-seletivo-externo-no-005-2025-cargo-pas-profissional-analista-superior\\\/\"]}]},{\"@type\":\"ImageObject\",\"inLanguage\":\"pt-BR\",\"@id\":\"https:\\\/\\\/fieam.org.br\\\/sesi\\\/comunicado-processo-seletivo-externo-no-005-2025-cargo-pas-profissional-analista-superior\\\/#primaryimage\",\"url\":\"https:\\\/\\\/fieam.org.br\\\/sesi\\\/wp-content\\\/uploads\\\/sites\\\/14\\\/2025\\\/01\\\/SELECAO-DE-TALENTOS-SENAI-copia-2.png\",\"contentUrl\":\"https:\\\/\\\/fieam.org.br\\\/sesi\\\/wp-content\\\/uploads\\\/sites\\\/14\\\/2025\\\/01\\\/SELECAO-DE-TALENTOS-SENAI-copia-2.png\",\"width\":466,\"height\":466},{\"@type\":\"BreadcrumbList\",\"@id\":\"https:\\\/\\\/fieam.org.br\\\/sesi\\\/comunicado-processo-seletivo-externo-no-005-2025-cargo-pas-profissional-analista-superior\\\/#breadcrumb\",\"itemListElement\":[{\"@type\":\"ListItem\",\"position\":1,\"name\":\"In\u00edcio\",\"item\":\"https:\\\/\\\/fieam.org.br\\\/sesi\\\/\"},{\"@type\":\"ListItem\",\"position\":2,\"name\":\"COMUNICADO PROCESSO SELETIVO EXTERNO \u2013 N\u00ba 005-2025 \\\/ CARGO: PAS \u2013 PROFISSIONAL ANALISTA SUPERIOR\"}]},{\"@type\":\"WebSite\",\"@id\":\"https:\\\/\\\/fieam.org.br\\\/sesi\\\/#website\",\"url\":\"https:\\\/\\\/fieam.org.br\\\/sesi\\\/\",\"name\":\"SESI\",\"description\":\"Site Oficial!\",\"publisher\":{\"@id\":\"https:\\\/\\\/fieam.org.br\\\/sesi\\\/#organization\"},\"potentialAction\":[{\"@type\":\"SearchAction\",\"target\":{\"@type\":\"EntryPoint\",\"urlTemplate\":\"https:\\\/\\\/fieam.org.br\\\/sesi\\\/?s={search_term_string}\"},\"query-input\":{\"@type\":\"PropertyValueSpecification\",\"valueRequired\":true,\"valueName\":\"search_term_string\"}}],\"inLanguage\":\"pt-BR\"},{\"@type\":\"Organization\",\"@id\":\"https:\\\/\\\/fieam.org.br\\\/sesi\\\/#organization\",\"name\":\"SESI\",\"url\":\"https:\\\/\\\/fieam.org.br\\\/sesi\\\/\",\"logo\":{\"@type\":\"ImageObject\",\"inLanguage\":\"pt-BR\",\"@id\":\"https:\\\/\\\/fieam.org.br\\\/sesi\\\/#\\\/schema\\\/logo\\\/image\\\/\",\"url\":\"https:\\\/\\\/fieam.org.br\\\/sesi\\\/wp-content\\\/uploads\\\/sites\\\/14\\\/2024\\\/03\\\/cropped-fav.png\",\"contentUrl\":\"https:\\\/\\\/fieam.org.br\\\/sesi\\\/wp-content\\\/uploads\\\/sites\\\/14\\\/2024\\\/03\\\/cropped-fav.png\",\"width\":610,\"height\":589,\"caption\":\"SESI\"},\"image\":{\"@id\":\"https:\\\/\\\/fieam.org.br\\\/sesi\\\/#\\\/schema\\\/logo\\\/image\\\/\"}},{\"@type\":\"Person\",\"@id\":\"https:\\\/\\\/fieam.org.br\\\/sesi\\\/#\\\/schema\\\/person\\\/3e67903a1caf69496f5c0b81bf483b68\",\"name\":\"Nayara Oliveira\",\"image\":{\"@type\":\"ImageObject\",\"inLanguage\":\"pt-BR\",\"@id\":\"https:\\\/\\\/secure.gravatar.com\\\/avatar\\\/4adc65c96deae5d9cf9a8f16f2dfb2ef57c642262be12fe193212ede968a260b?s=96&d=mm&r=g\",\"url\":\"https:\\\/\\\/secure.gravatar.com\\\/avatar\\\/4adc65c96deae5d9cf9a8f16f2dfb2ef57c642262be12fe193212ede968a260b?s=96&d=mm&r=g\",\"contentUrl\":\"https:\\\/\\\/secure.gravatar.com\\\/avatar\\\/4adc65c96deae5d9cf9a8f16f2dfb2ef57c642262be12fe193212ede968a260b?s=96&d=mm&r=g\",\"caption\":\"Nayara Oliveira\"},\"url\":\"https:\\\/\\\/fieam.org.br\\\/sesi\\\/author\\\/nayaraoliveira\\\/\"}]}<\/script>\n<!-- \/ Yoast SEO plugin. -->","yoast_head_json":{"title":"COMUNICADO PROCESSO SELETIVO EXTERNO \u2013 N\u00ba 005-2025 \/ CARGO: PAS \u2013 PROFISSIONAL ANALISTA SUPERIOR - SESI","robots":{"index":"index","follow":"follow","max-snippet":"max-snippet:-1","max-image-preview":"max-image-preview:large","max-video-preview":"max-video-preview:-1"},"canonical":"https:\/\/fieam.org.br\/sesi\/comunicado-processo-seletivo-externo-no-005-2025-cargo-pas-profissional-analista-superior\/","og_locale":"pt_BR","og_type":"article","og_title":"COMUNICADO PROCESSO SELETIVO EXTERNO \u2013 N\u00ba 005-2025 \/ CARGO: PAS \u2013 PROFISSIONAL ANALISTA SUPERIOR - SESI","og_description":"COMUNICADO PROCESSO SELETIVO EXTERNO \u2013 N\u00ba 005-2025 \u00a0 CARGO: PAS \u2013 PROFISSIONAL ANALISTA SUPERIOR OCUPA\u00c7\u00c3O: PEDAGOGO CARGA HOR\u00c1RIA MENSAL: 180 HORAS SAL\u00c1RIO: R$ 5.828,42 &nbsp; O Servi\u00e7o Social da Ind\u00fastria \u2013 SESI, por meio da Gest\u00e3o Geral de Pessoas\/Sele\u00e7\u00e3o de Talentos do Sistema Ind\u00fastria do Estado do Amazonas (FIEAM, SESI, SENAI e IEL), abre inscri\u00e7\u00f5es [&hellip;]","og_url":"https:\/\/fieam.org.br\/sesi\/comunicado-processo-seletivo-externo-no-005-2025-cargo-pas-profissional-analista-superior\/","og_site_name":"SESI","article_published_time":"2025-01-31T19:32:03+00:00","article_modified_time":"2025-03-24T17:19:32+00:00","og_image":[{"width":466,"height":466,"url":"https:\/\/fieam.org.br\/sesi\/wp-content\/uploads\/sites\/14\/2025\/01\/SELECAO-DE-TALENTOS-SENAI-copia-2.png","type":"image\/png"}],"author":"Nayara Oliveira","twitter_card":"summary_large_image","twitter_misc":{"Escrito por":"Nayara Oliveira","Est. tempo de leitura":"1 minuto"},"schema":{"@context":"https:\/\/schema.org","@graph":[{"@type":"Article","@id":"https:\/\/fieam.org.br\/sesi\/comunicado-processo-seletivo-externo-no-005-2025-cargo-pas-profissional-analista-superior\/#article","isPartOf":{"@id":"https:\/\/fieam.org.br\/sesi\/comunicado-processo-seletivo-externo-no-005-2025-cargo-pas-profissional-analista-superior\/"},"author":{"name":"Nayara Oliveira","@id":"https:\/\/fieam.org.br\/sesi\/#\/schema\/person\/3e67903a1caf69496f5c0b81bf483b68"},"headline":"COMUNICADO PROCESSO SELETIVO EXTERNO \u2013 N\u00ba 005-2025 \/ CARGO: PAS \u2013 PROFISSIONAL ANALISTA SUPERIOR","datePublished":"2025-01-31T19:32:03+00:00","dateModified":"2025-03-24T17:19:32+00:00","mainEntityOfPage":{"@id":"https:\/\/fieam.org.br\/sesi\/comunicado-processo-seletivo-externo-no-005-2025-cargo-pas-profissional-analista-superior\/"},"wordCount":153,"commentCount":0,"publisher":{"@id":"https:\/\/fieam.org.br\/sesi\/#organization"},"image":{"@id":"https:\/\/fieam.org.br\/sesi\/comunicado-processo-seletivo-externo-no-005-2025-cargo-pas-profissional-analista-superior\/#primaryimage"},"thumbnailUrl":"https:\/\/fieam.org.br\/sesi\/wp-content\/uploads\/sites\/14\/2025\/01\/SELECAO-DE-TALENTOS-SENAI-copia-2.png","articleSection":["selecao"],"inLanguage":"pt-BR","potentialAction":[{"@type":"CommentAction","name":"Comment","target":["https:\/\/fieam.org.br\/sesi\/comunicado-processo-seletivo-externo-no-005-2025-cargo-pas-profissional-analista-superior\/#respond"]}]},{"@type":"WebPage","@id":"https:\/\/fieam.org.br\/sesi\/comunicado-processo-seletivo-externo-no-005-2025-cargo-pas-profissional-analista-superior\/","url":"https:\/\/fieam.org.br\/sesi\/comunicado-processo-seletivo-externo-no-005-2025-cargo-pas-profissional-analista-superior\/","name":"COMUNICADO PROCESSO SELETIVO EXTERNO \u2013 N\u00ba 005-2025 \/ CARGO: PAS \u2013 PROFISSIONAL ANALISTA SUPERIOR - SESI","isPartOf":{"@id":"https:\/\/fieam.org.br\/sesi\/#website"},"primaryImageOfPage":{"@id":"https:\/\/fieam.org.br\/sesi\/comunicado-processo-seletivo-externo-no-005-2025-cargo-pas-profissional-analista-superior\/#primaryimage"},"image":{"@id":"https:\/\/fieam.org.br\/sesi\/comunicado-processo-seletivo-externo-no-005-2025-cargo-pas-profissional-analista-superior\/#primaryimage"},"thumbnailUrl":"https:\/\/fieam.org.br\/sesi\/wp-content\/uploads\/sites\/14\/2025\/01\/SELECAO-DE-TALENTOS-SENAI-copia-2.png","datePublished":"2025-01-31T19:32:03+00:00","dateModified":"2025-03-24T17:19:32+00:00","breadcrumb":{"@id":"https:\/\/fieam.org.br\/sesi\/comunicado-processo-seletivo-externo-no-005-2025-cargo-pas-profissional-analista-superior\/#breadcrumb"},"inLanguage":"pt-BR","potentialAction":[{"@type":"ReadAction","target":["https:\/\/fieam.org.br\/sesi\/comunicado-processo-seletivo-externo-no-005-2025-cargo-pas-profissional-analista-superior\/"]}]},{"@type":"ImageObject","inLanguage":"pt-BR","@id":"https:\/\/fieam.org.br\/sesi\/comunicado-processo-seletivo-externo-no-005-2025-cargo-pas-profissional-analista-superior\/#primaryimage","url":"https:\/\/fieam.org.br\/sesi\/wp-content\/uploads\/sites\/14\/2025\/01\/SELECAO-DE-TALENTOS-SENAI-copia-2.png","contentUrl":"https:\/\/fieam.org.br\/sesi\/wp-content\/uploads\/sites\/14\/2025\/01\/SELECAO-DE-TALENTOS-SENAI-copia-2.png","width":466,"height":466},{"@type":"BreadcrumbList","@id":"https:\/\/fieam.org.br\/sesi\/comunicado-processo-seletivo-externo-no-005-2025-cargo-pas-profissional-analista-superior\/#breadcrumb","itemListElement":[{"@type":"ListItem","position":1,"name":"In\u00edcio","item":"https:\/\/fieam.org.br\/sesi\/"},{"@type":"ListItem","position":2,"name":"COMUNICADO PROCESSO SELETIVO EXTERNO \u2013 N\u00ba 005-2025 \/ CARGO: PAS \u2013 PROFISSIONAL ANALISTA SUPERIOR"}]},{"@type":"WebSite","@id":"https:\/\/fieam.org.br\/sesi\/#website","url":"https:\/\/fieam.org.br\/sesi\/","name":"SESI","description":"Site Oficial!","publisher":{"@id":"https:\/\/fieam.org.br\/sesi\/#organization"},"potentialAction":[{"@type":"SearchAction","target":{"@type":"EntryPoint","urlTemplate":"https:\/\/fieam.org.br\/sesi\/?s={search_term_string}"},"query-input":{"@type":"PropertyValueSpecification","valueRequired":true,"valueName":"search_term_string"}}],"inLanguage":"pt-BR"},{"@type":"Organization","@id":"https:\/\/fieam.org.br\/sesi\/#organization","name":"SESI","url":"https:\/\/fieam.org.br\/sesi\/","logo":{"@type":"ImageObject","inLanguage":"pt-BR","@id":"https:\/\/fieam.org.br\/sesi\/#\/schema\/logo\/image\/","url":"https:\/\/fieam.org.br\/sesi\/wp-content\/uploads\/sites\/14\/2024\/03\/cropped-fav.png","contentUrl":"https:\/\/fieam.org.br\/sesi\/wp-content\/uploads\/sites\/14\/2024\/03\/cropped-fav.png","width":610,"height":589,"caption":"SESI"},"image":{"@id":"https:\/\/fieam.org.br\/sesi\/#\/schema\/logo\/image\/"}},{"@type":"Person","@id":"https:\/\/fieam.org.br\/sesi\/#\/schema\/person\/3e67903a1caf69496f5c0b81bf483b68","name":"Nayara Oliveira","image":{"@type":"ImageObject","inLanguage":"pt-BR","@id":"https:\/\/secure.gravatar.com\/avatar\/4adc65c96deae5d9cf9a8f16f2dfb2ef57c642262be12fe193212ede968a260b?s=96&d=mm&r=g","url":"https:\/\/secure.gravatar.com\/avatar\/4adc65c96deae5d9cf9a8f16f2dfb2ef57c642262be12fe193212ede968a260b?s=96&d=mm&r=g","contentUrl":"https:\/\/secure.gravatar.com\/avatar\/4adc65c96deae5d9cf9a8f16f2dfb2ef57c642262be12fe193212ede968a260b?s=96&d=mm&r=g","caption":"Nayara Oliveira"},"url":"https:\/\/fieam.org.br\/sesi\/author\/nayaraoliveira\/"}]}},"_links":{"self":[{"href":"https:\/\/fieam.org.br\/sesi\/wp-json\/wp\/v2\/posts\/21690","targetHints":{"allow":["GET"]}}],"collection":[{"href":"https:\/\/fieam.org.br\/sesi\/wp-json\/wp\/v2\/posts"}],"about":[{"href":"https:\/\/fieam.org.br\/sesi\/wp-json\/wp\/v2\/types\/post"}],"author":[{"embeddable":true,"href":"https:\/\/fieam.org.br\/sesi\/wp-json\/wp\/v2\/users\/16"}],"replies":[{"embeddable":true,"href":"https:\/\/fieam.org.br\/sesi\/wp-json\/wp\/v2\/comments?post=21690"}],"version-history":[{"count":6,"href":"https:\/\/fieam.org.br\/sesi\/wp-json\/wp\/v2\/posts\/21690\/revisions"}],"predecessor-version":[{"id":21898,"href":"https:\/\/fieam.org.br\/sesi\/wp-json\/wp\/v2\/posts\/21690\/revisions\/21898"}],"wp:featuredmedia":[{"embeddable":true,"href":"https:\/\/fieam.org.br\/sesi\/wp-json\/wp\/v2\/media\/21624"}],"wp:attachment":[{"href":"https:\/\/fieam.org.br\/sesi\/wp-json\/wp\/v2\/media?parent=21690"}],"wp:term":[{"taxonomy":"category","embeddable":true,"href":"https:\/\/fieam.org.br\/sesi\/wp-json\/wp\/v2\/categories?post=21690"},{"taxonomy":"post_tag","embeddable":true,"href":"https:\/\/fieam.org.br\/sesi\/wp-json\/wp\/v2\/tags?post=21690"}],"curies":[{"name":"wp","href":"https:\/\/api.w.org\/{rel}","templated":true}]}}