{"id":21539,"date":"2024-12-19T21:05:17","date_gmt":"2024-12-19T21:05:17","guid":{"rendered":"https:\/\/fieam.org.br\/sesi\/?p=21539"},"modified":"2024-12-19T21:05:17","modified_gmt":"2024-12-19T21:05:17","slug":"escolas-sesi-anunciam-programa-bilingue-em-2025","status":"publish","type":"post","link":"https:\/\/fieam.org.br\/sesi\/escolas-sesi-anunciam-programa-bilingue-em-2025\/","title":{"rendered":"Escolas SESI anunciam programa bil\u00edngue em 2025"},"content":{"rendered":"<p>O Servi\u00e7o Social da Ind\u00fastria, SESI Amazonas, vai implementar em 2025 o programa bil\u00edngue (portugu\u00eas-ingl\u00eas), com a International School, em todas as escolas da institui\u00e7\u00e3o, em Manaus, Iranduba, Itacoatiara e Parintins, desde o Maternal III at\u00e9 o Ensino M\u00e9dio. O presidente da Federa\u00e7\u00e3o das Ind\u00fastrias do Estado do Amazonas e diretor regional do SESI Amazonas, Antonio Silva, ao anunciar a novidade, disse que o programa n\u00e3o ser\u00e1 apenas um diferencial, mas uma resposta necess\u00e1ria ao mundo atual.<\/p>\n<p>\u201cEssa tend\u00eancia amplia as perspectivas de carreira dos alunos e contribui para o desenvolvimento integral das compet\u00eancias exigidas pelo s\u00e9culo 21 em um mundo cada vez mais globalizado\u201d, ponderou Silva. Neste ano, 3.873 alunos foram matriculados em Educa\u00e7\u00e3o Infantil, Ensino Fundamental e Novo Ensino M\u00e9dio, al\u00e9m de mais de 3.353 alunos em Educa\u00e7\u00e3o de Jovens e Adultos.<\/p>\n<p>Ana Karina Holanda, gerente da SESI Escola de Refer\u00eancia Emina B. Mustafa, anuncia tamb\u00e9m a expans\u00e3o do Clube de Ci\u00eancias para a unidade de Itacoatiara, a Escola SESI Abrah\u00e3o Sabb\u00e1, para estimular os alunos a constru\u00edrem o conhecimento cient\u00edfico de forma diversificada. \u00a0A professora de Ci\u00eancias da Natureza, Ana Carolina Duarte, acrescenta que a inclus\u00e3o de Itacoatiara no projeto vai permitir o acesso \u00e0 ci\u00eancia aplicada e inova\u00e7\u00f5es para os alunos.<\/p>\n<p>O Clube de Ci\u00eancias oferece atividades pr\u00e1ticas e inicia\u00e7\u00e3o cient\u00edfica, promovendo pensamento cr\u00edtico, habilidades em STEM (Ci\u00eancia, Tecnologia, Engenharia e Matem\u00e1tica) e conex\u00e3o com quest\u00f5es locais. \u201cCom o objetivo de formar cidad\u00e3os globais e engajados, a iniciativa refor\u00e7a o compromisso do SESI em aliar educa\u00e7\u00e3o de qualidade e impacto social\u201d, pontua a professora.<\/p>\n<p>Em setembro, a institui\u00e7\u00e3o inaugurou o pavilh\u00e3o tecnol\u00f3gico da SESI Escola de Refer\u00eancia Dra. Emina Barbosa Mustafa, composto de salas de aula voltadas ao desenvolvimento da metodologia STEAM (Ci\u00eancias, Tecnologia, Engenharia, Artes e Matem\u00e1tica) para o centro do processo pedag\u00f3gico.<\/p>\n<p>\u201cEsse investimento veio estruturar a Escola de Refer\u00eancia do SESI, que possui uma metodologia de ensino, com material did\u00e1tico pr\u00f3prio, dedicada a formar alunos alinhados com o mundo do trabalho, orientados por professores bem formados para um ensino em sintonia com as tecnologias de educa\u00e7\u00e3o e uma gest\u00e3o escolar efetiva\u201d, descreveu Antonio Silva.<\/p>\n<p><strong>SESI Sa\u00fade amplia foco em sa\u00fade mental <\/strong><\/p>\n<p>O SESI Sa\u00fade consolida 2024 como um ano de transforma\u00e7\u00f5es em suas opera\u00e7\u00f5es, com destaque para a inova\u00e7\u00e3o tecnol\u00f3gica e amplia\u00e7\u00e3o de atendimentos. O gerente de Sa\u00fade e Seguran\u00e7a do Trabalho do Sa\u00fade, Cl\u00e1udio Palheta, cita iniciativas como o uso dos sistemas S+ e InfoSESI Viva Mais, que possibilitaram \u00e0s empresas a monitora\u00e7\u00e3o de indicadores de sa\u00fade e seguran\u00e7a de maneira estrat\u00e9gica.<\/p>\n<p>A unidade Leste, localizada no Clube do Trabalhador, foi outro destaque ao registrar um crescimento de 50% nos atendimentos e expressiva gera\u00e7\u00e3o de receita. Palheta atribuiu o sucesso a um esfor\u00e7o conjunto em divulga\u00e7\u00e3o, excel\u00eancia no atendimento t\u00e9cnico e integra\u00e7\u00e3o entre lazer, cultura e sa\u00fade.<\/p>\n<p>Para 2025, o foco estar\u00e1 na sa\u00fade mental, alinhado \u00e0s exig\u00eancias da nova NR1 sobre riscos psicossociais. &#8220;Estamos trabalhando \u00e0 frente dos nossos concorrentes, com ferramentas que ajudar\u00e3o as empresas a avaliar esses riscos e construir ambientes mais saud\u00e1veis&#8221;, disse o gerente, que tamb\u00e9m ressaltou a import\u00e2ncia da proximidade com as ind\u00fastrias, com planos de oferecer atendimento ocupacional diretamente na unidade do Clube do Trabalhador. \u201cO compromisso do SESI Amazonas em liderar discuss\u00f5es t\u00e9cnicas, em n\u00edvel nacional e regional, refor\u00e7a a busca por ambientes de trabalho mais humanos e produtivos\u201d, garante Palheta.<\/p>\n<p><strong>Clube registra expans\u00e3o das atividades <\/strong><\/p>\n<p>O SESI Clube do Trabalhador encerra este ano com avan\u00e7os expressivos nas \u00e1reas cultural e esportiva. Entre os destaques est\u00e3o os projetos com as aulas de dan\u00e7a e m\u00fasica oferecidas, em parceria com as escolas SESI Emina Mustafa e Francisco Garcia, e o fortalecimento das atividades no pr\u00f3prio clube.<\/p>\n<p>\u201cEstamos focados em aumentar os servi\u00e7os oferecidos, aproveitando os novos investimentos do Departamento Nacional em Cultura. Alcan\u00e7amos nossas metas de 2024 e j\u00e1 nos preparamos para os desafios de 2025, que dever\u00e3o ser ainda maiores\u201d, afirma o gerente do Clube, Ant\u00f4nio J\u00fanior, que aponta o \u201cFestival Cultura Inf\u00e2ncia\u201d como um evento importante para 2025. \u00a0Realizada pela primeira vez em 2024, a iniciativa \u00e9 voltada para crian\u00e7as de 0 a 12 anos e inclui apresenta\u00e7\u00f5es art\u00edsticas, workshops e palestras em espa\u00e7os do SESI e parceiros. No pr\u00f3ximo ano, a meta \u00e9 atingir quatro mil participantes, tendo o \u201cbrincar\u201d como a principal linguagem do desenvolvimento infantil.<\/p>\n<p>Na \u00e1rea esportiva, as atividades realizadas em 2024 tamb\u00e9m tiveram grande impacto com corridas, caminhadas, campeonatos esportivos e SIPATs. Cerca de oito mil trabalhadores de 146 empresas foram atendidos. \u201cBuscamos incentivar o desenvolvimento f\u00edsico, psicol\u00f3gico e social, proporcionando bem-estar aos trabalhadores e suas fam\u00edlias. Eventos tradicionais, como o Festival de M\u00fasica e o Festival Junino, tamb\u00e9m devem ser integrados ao calend\u00e1rio do ano, refor\u00e7ando o compromisso com a educa\u00e7\u00e3o, cultura e qualidade de vida\u201d, disse o gerente.<\/p>\n<p>&nbsp;<\/p>\n","protected":false},"excerpt":{"rendered":"<p>O Servi\u00e7o Social da Ind\u00fastria, SESI Amazonas, vai implementar em 2025 o programa bil\u00edngue (portugu\u00eas-ingl\u00eas), com a International School, em todas as escolas da institui\u00e7\u00e3o, em Manaus, Iranduba, Itacoatiara e Parintins, desde o Maternal III at\u00e9 o Ensino M\u00e9dio. O presidente da Federa\u00e7\u00e3o das Ind\u00fastrias do Estado do Amazonas e diretor regional do SESI Amazonas, [&hellip;]<\/p>\n","protected":false},"author":12,"featured_media":21540,"comment_status":"open","ping_status":"open","sticky":false,"template":"","format":"standard","meta":{"footnotes":""},"categories":[1],"tags":[],"class_list":["post-21539","post","type-post","status-publish","format-standard","has-post-thumbnail","hentry","category-geral"],"yoast_head":"<!-- This site is optimized with the Yoast SEO plugin v26.8 - https:\/\/yoast.com\/product\/yoast-seo-wordpress\/ -->\n<title>Escolas SESI anunciam programa bil\u00edngue em 2025 - SESI<\/title>\n<meta name=\"robots\" content=\"index, follow, max-snippet:-1, max-image-preview:large, max-video-preview:-1\" \/>\n<link rel=\"canonical\" href=\"https:\/\/fieam.org.br\/sesi\/escolas-sesi-anunciam-programa-bilingue-em-2025\/\" \/>\n<meta property=\"og:locale\" content=\"pt_BR\" \/>\n<meta property=\"og:type\" content=\"article\" \/>\n<meta property=\"og:title\" content=\"Escolas SESI anunciam programa bil\u00edngue em 2025 - SESI\" \/>\n<meta property=\"og:description\" content=\"O Servi\u00e7o Social da Ind\u00fastria, SESI Amazonas, vai implementar em 2025 o programa bil\u00edngue (portugu\u00eas-ingl\u00eas), com a International School, em todas as escolas da institui\u00e7\u00e3o, em Manaus, Iranduba, Itacoatiara e Parintins, desde o Maternal III at\u00e9 o Ensino M\u00e9dio. O presidente da Federa\u00e7\u00e3o das Ind\u00fastrias do Estado do Amazonas e diretor regional do SESI Amazonas, [&hellip;]\" \/>\n<meta property=\"og:url\" content=\"https:\/\/fieam.org.br\/sesi\/escolas-sesi-anunciam-programa-bilingue-em-2025\/\" \/>\n<meta property=\"og:site_name\" content=\"SESI\" \/>\n<meta property=\"article:published_time\" content=\"2024-12-19T21:05:17+00:00\" \/>\n<meta property=\"og:image\" content=\"https:\/\/fieam.org.br\/sesi\/wp-content\/uploads\/sites\/14\/2024\/12\/SESI-Escola-de-Referencia-Emina-B.-Mustafa-inaugurada-em-2024.jpg\" \/>\n\t<meta property=\"og:image:width\" content=\"1170\" \/>\n\t<meta property=\"og:image:height\" content=\"743\" \/>\n\t<meta property=\"og:image:type\" content=\"image\/jpeg\" \/>\n<meta name=\"author\" content=\"joania\" \/>\n<meta name=\"twitter:card\" content=\"summary_large_image\" \/>\n<meta name=\"twitter:label1\" content=\"Escrito por\" \/>\n\t<meta name=\"twitter:data1\" content=\"joania\" \/>\n\t<meta name=\"twitter:label2\" content=\"Est. tempo de leitura\" \/>\n\t<meta name=\"twitter:data2\" content=\"4 minutos\" \/>\n<script type=\"application\/ld+json\" class=\"yoast-schema-graph\">{\"@context\":\"https:\/\/schema.org\",\"@graph\":[{\"@type\":\"Article\",\"@id\":\"https:\/\/fieam.org.br\/sesi\/escolas-sesi-anunciam-programa-bilingue-em-2025\/#article\",\"isPartOf\":{\"@id\":\"https:\/\/fieam.org.br\/sesi\/escolas-sesi-anunciam-programa-bilingue-em-2025\/\"},\"author\":{\"name\":\"joania\",\"@id\":\"https:\/\/fieam.org.br\/sesi\/#\/schema\/person\/5a4d0cbf4cb90316068853a537ee7b75\"},\"headline\":\"Escolas SESI anunciam programa bil\u00edngue em 2025\",\"datePublished\":\"2024-12-19T21:05:17+00:00\",\"mainEntityOfPage\":{\"@id\":\"https:\/\/fieam.org.br\/sesi\/escolas-sesi-anunciam-programa-bilingue-em-2025\/\"},\"wordCount\":894,\"commentCount\":0,\"publisher\":{\"@id\":\"https:\/\/fieam.org.br\/sesi\/#organization\"},\"image\":{\"@id\":\"https:\/\/fieam.org.br\/sesi\/escolas-sesi-anunciam-programa-bilingue-em-2025\/#primaryimage\"},\"thumbnailUrl\":\"https:\/\/fieam.org.br\/sesi\/wp-content\/uploads\/sites\/14\/2024\/12\/SESI-Escola-de-Referencia-Emina-B.-Mustafa-inaugurada-em-2024.jpg\",\"articleSection\":[\"Geral\"],\"inLanguage\":\"pt-BR\",\"potentialAction\":[{\"@type\":\"CommentAction\",\"name\":\"Comment\",\"target\":[\"https:\/\/fieam.org.br\/sesi\/escolas-sesi-anunciam-programa-bilingue-em-2025\/#respond\"]}]},{\"@type\":\"WebPage\",\"@id\":\"https:\/\/fieam.org.br\/sesi\/escolas-sesi-anunciam-programa-bilingue-em-2025\/\",\"url\":\"https:\/\/fieam.org.br\/sesi\/escolas-sesi-anunciam-programa-bilingue-em-2025\/\",\"name\":\"Escolas SESI anunciam programa bil\u00edngue em 2025 - SESI\",\"isPartOf\":{\"@id\":\"https:\/\/fieam.org.br\/sesi\/#website\"},\"primaryImageOfPage\":{\"@id\":\"https:\/\/fieam.org.br\/sesi\/escolas-sesi-anunciam-programa-bilingue-em-2025\/#primaryimage\"},\"image\":{\"@id\":\"https:\/\/fieam.org.br\/sesi\/escolas-sesi-anunciam-programa-bilingue-em-2025\/#primaryimage\"},\"thumbnailUrl\":\"https:\/\/fieam.org.br\/sesi\/wp-content\/uploads\/sites\/14\/2024\/12\/SESI-Escola-de-Referencia-Emina-B.-Mustafa-inaugurada-em-2024.jpg\",\"datePublished\":\"2024-12-19T21:05:17+00:00\",\"breadcrumb\":{\"@id\":\"https:\/\/fieam.org.br\/sesi\/escolas-sesi-anunciam-programa-bilingue-em-2025\/#breadcrumb\"},\"inLanguage\":\"pt-BR\",\"potentialAction\":[{\"@type\":\"ReadAction\",\"target\":[\"https:\/\/fieam.org.br\/sesi\/escolas-sesi-anunciam-programa-bilingue-em-2025\/\"]}]},{\"@type\":\"ImageObject\",\"inLanguage\":\"pt-BR\",\"@id\":\"https:\/\/fieam.org.br\/sesi\/escolas-sesi-anunciam-programa-bilingue-em-2025\/#primaryimage\",\"url\":\"https:\/\/fieam.org.br\/sesi\/wp-content\/uploads\/sites\/14\/2024\/12\/SESI-Escola-de-Referencia-Emina-B.-Mustafa-inaugurada-em-2024.jpg\",\"contentUrl\":\"https:\/\/fieam.org.br\/sesi\/wp-content\/uploads\/sites\/14\/2024\/12\/SESI-Escola-de-Referencia-Emina-B.-Mustafa-inaugurada-em-2024.jpg\",\"width\":1170,\"height\":743},{\"@type\":\"BreadcrumbList\",\"@id\":\"https:\/\/fieam.org.br\/sesi\/escolas-sesi-anunciam-programa-bilingue-em-2025\/#breadcrumb\",\"itemListElement\":[{\"@type\":\"ListItem\",\"position\":1,\"name\":\"In\u00edcio\",\"item\":\"https:\/\/fieam.org.br\/sesi\/\"},{\"@type\":\"ListItem\",\"position\":2,\"name\":\"Escolas SESI anunciam programa bil\u00edngue em 2025\"}]},{\"@type\":\"WebSite\",\"@id\":\"https:\/\/fieam.org.br\/sesi\/#website\",\"url\":\"https:\/\/fieam.org.br\/sesi\/\",\"name\":\"SESI\",\"description\":\"Site Oficial!\",\"publisher\":{\"@id\":\"https:\/\/fieam.org.br\/sesi\/#organization\"},\"potentialAction\":[{\"@type\":\"SearchAction\",\"target\":{\"@type\":\"EntryPoint\",\"urlTemplate\":\"https:\/\/fieam.org.br\/sesi\/?s={search_term_string}\"},\"query-input\":{\"@type\":\"PropertyValueSpecification\",\"valueRequired\":true,\"valueName\":\"search_term_string\"}}],\"inLanguage\":\"pt-BR\"},{\"@type\":\"Organization\",\"@id\":\"https:\/\/fieam.org.br\/sesi\/#organization\",\"name\":\"SESI\",\"url\":\"https:\/\/fieam.org.br\/sesi\/\",\"logo\":{\"@type\":\"ImageObject\",\"inLanguage\":\"pt-BR\",\"@id\":\"https:\/\/fieam.org.br\/sesi\/#\/schema\/logo\/image\/\",\"url\":\"https:\/\/fieam.org.br\/sesi\/wp-content\/uploads\/sites\/14\/2024\/03\/cropped-fav.png\",\"contentUrl\":\"https:\/\/fieam.org.br\/sesi\/wp-content\/uploads\/sites\/14\/2024\/03\/cropped-fav.png\",\"width\":610,\"height\":589,\"caption\":\"SESI\"},\"image\":{\"@id\":\"https:\/\/fieam.org.br\/sesi\/#\/schema\/logo\/image\/\"}},{\"@type\":\"Person\",\"@id\":\"https:\/\/fieam.org.br\/sesi\/#\/schema\/person\/5a4d0cbf4cb90316068853a537ee7b75\",\"name\":\"joania\",\"image\":{\"@type\":\"ImageObject\",\"inLanguage\":\"pt-BR\",\"@id\":\"https:\/\/fieam.org.br\/sesi\/#\/schema\/person\/image\/\",\"url\":\"https:\/\/secure.gravatar.com\/avatar\/cf50cdab9b211eed7bfb47385e62cad09b856cc1b523532170e88b6bb2768e66?s=96&d=mm&r=g\",\"contentUrl\":\"https:\/\/secure.gravatar.com\/avatar\/cf50cdab9b211eed7bfb47385e62cad09b856cc1b523532170e88b6bb2768e66?s=96&d=mm&r=g\",\"caption\":\"joania\"},\"url\":\"https:\/\/fieam.org.br\/sesi\/author\/joania\/\"}]}<\/script>\n<!-- \/ Yoast SEO plugin. -->","yoast_head_json":{"title":"Escolas SESI anunciam programa bil\u00edngue em 2025 - SESI","robots":{"index":"index","follow":"follow","max-snippet":"max-snippet:-1","max-image-preview":"max-image-preview:large","max-video-preview":"max-video-preview:-1"},"canonical":"https:\/\/fieam.org.br\/sesi\/escolas-sesi-anunciam-programa-bilingue-em-2025\/","og_locale":"pt_BR","og_type":"article","og_title":"Escolas SESI anunciam programa bil\u00edngue em 2025 - SESI","og_description":"O Servi\u00e7o Social da Ind\u00fastria, SESI Amazonas, vai implementar em 2025 o programa bil\u00edngue (portugu\u00eas-ingl\u00eas), com a International School, em todas as escolas da institui\u00e7\u00e3o, em Manaus, Iranduba, Itacoatiara e Parintins, desde o Maternal III at\u00e9 o Ensino M\u00e9dio. O presidente da Federa\u00e7\u00e3o das Ind\u00fastrias do Estado do Amazonas e diretor regional do SESI Amazonas, [&hellip;]","og_url":"https:\/\/fieam.org.br\/sesi\/escolas-sesi-anunciam-programa-bilingue-em-2025\/","og_site_name":"SESI","article_published_time":"2024-12-19T21:05:17+00:00","og_image":[{"width":1170,"height":743,"url":"https:\/\/fieam.org.br\/sesi\/wp-content\/uploads\/sites\/14\/2024\/12\/SESI-Escola-de-Referencia-Emina-B.-Mustafa-inaugurada-em-2024.jpg","type":"image\/jpeg"}],"author":"joania","twitter_card":"summary_large_image","twitter_misc":{"Escrito por":"joania","Est. tempo de leitura":"4 minutos"},"schema":{"@context":"https:\/\/schema.org","@graph":[{"@type":"Article","@id":"https:\/\/fieam.org.br\/sesi\/escolas-sesi-anunciam-programa-bilingue-em-2025\/#article","isPartOf":{"@id":"https:\/\/fieam.org.br\/sesi\/escolas-sesi-anunciam-programa-bilingue-em-2025\/"},"author":{"name":"joania","@id":"https:\/\/fieam.org.br\/sesi\/#\/schema\/person\/5a4d0cbf4cb90316068853a537ee7b75"},"headline":"Escolas SESI anunciam programa bil\u00edngue em 2025","datePublished":"2024-12-19T21:05:17+00:00","mainEntityOfPage":{"@id":"https:\/\/fieam.org.br\/sesi\/escolas-sesi-anunciam-programa-bilingue-em-2025\/"},"wordCount":894,"commentCount":0,"publisher":{"@id":"https:\/\/fieam.org.br\/sesi\/#organization"},"image":{"@id":"https:\/\/fieam.org.br\/sesi\/escolas-sesi-anunciam-programa-bilingue-em-2025\/#primaryimage"},"thumbnailUrl":"https:\/\/fieam.org.br\/sesi\/wp-content\/uploads\/sites\/14\/2024\/12\/SESI-Escola-de-Referencia-Emina-B.-Mustafa-inaugurada-em-2024.jpg","articleSection":["Geral"],"inLanguage":"pt-BR","potentialAction":[{"@type":"CommentAction","name":"Comment","target":["https:\/\/fieam.org.br\/sesi\/escolas-sesi-anunciam-programa-bilingue-em-2025\/#respond"]}]},{"@type":"WebPage","@id":"https:\/\/fieam.org.br\/sesi\/escolas-sesi-anunciam-programa-bilingue-em-2025\/","url":"https:\/\/fieam.org.br\/sesi\/escolas-sesi-anunciam-programa-bilingue-em-2025\/","name":"Escolas SESI anunciam programa bil\u00edngue em 2025 - SESI","isPartOf":{"@id":"https:\/\/fieam.org.br\/sesi\/#website"},"primaryImageOfPage":{"@id":"https:\/\/fieam.org.br\/sesi\/escolas-sesi-anunciam-programa-bilingue-em-2025\/#primaryimage"},"image":{"@id":"https:\/\/fieam.org.br\/sesi\/escolas-sesi-anunciam-programa-bilingue-em-2025\/#primaryimage"},"thumbnailUrl":"https:\/\/fieam.org.br\/sesi\/wp-content\/uploads\/sites\/14\/2024\/12\/SESI-Escola-de-Referencia-Emina-B.-Mustafa-inaugurada-em-2024.jpg","datePublished":"2024-12-19T21:05:17+00:00","breadcrumb":{"@id":"https:\/\/fieam.org.br\/sesi\/escolas-sesi-anunciam-programa-bilingue-em-2025\/#breadcrumb"},"inLanguage":"pt-BR","potentialAction":[{"@type":"ReadAction","target":["https:\/\/fieam.org.br\/sesi\/escolas-sesi-anunciam-programa-bilingue-em-2025\/"]}]},{"@type":"ImageObject","inLanguage":"pt-BR","@id":"https:\/\/fieam.org.br\/sesi\/escolas-sesi-anunciam-programa-bilingue-em-2025\/#primaryimage","url":"https:\/\/fieam.org.br\/sesi\/wp-content\/uploads\/sites\/14\/2024\/12\/SESI-Escola-de-Referencia-Emina-B.-Mustafa-inaugurada-em-2024.jpg","contentUrl":"https:\/\/fieam.org.br\/sesi\/wp-content\/uploads\/sites\/14\/2024\/12\/SESI-Escola-de-Referencia-Emina-B.-Mustafa-inaugurada-em-2024.jpg","width":1170,"height":743},{"@type":"BreadcrumbList","@id":"https:\/\/fieam.org.br\/sesi\/escolas-sesi-anunciam-programa-bilingue-em-2025\/#breadcrumb","itemListElement":[{"@type":"ListItem","position":1,"name":"In\u00edcio","item":"https:\/\/fieam.org.br\/sesi\/"},{"@type":"ListItem","position":2,"name":"Escolas SESI anunciam programa bil\u00edngue em 2025"}]},{"@type":"WebSite","@id":"https:\/\/fieam.org.br\/sesi\/#website","url":"https:\/\/fieam.org.br\/sesi\/","name":"SESI","description":"Site Oficial!","publisher":{"@id":"https:\/\/fieam.org.br\/sesi\/#organization"},"potentialAction":[{"@type":"SearchAction","target":{"@type":"EntryPoint","urlTemplate":"https:\/\/fieam.org.br\/sesi\/?s={search_term_string}"},"query-input":{"@type":"PropertyValueSpecification","valueRequired":true,"valueName":"search_term_string"}}],"inLanguage":"pt-BR"},{"@type":"Organization","@id":"https:\/\/fieam.org.br\/sesi\/#organization","name":"SESI","url":"https:\/\/fieam.org.br\/sesi\/","logo":{"@type":"ImageObject","inLanguage":"pt-BR","@id":"https:\/\/fieam.org.br\/sesi\/#\/schema\/logo\/image\/","url":"https:\/\/fieam.org.br\/sesi\/wp-content\/uploads\/sites\/14\/2024\/03\/cropped-fav.png","contentUrl":"https:\/\/fieam.org.br\/sesi\/wp-content\/uploads\/sites\/14\/2024\/03\/cropped-fav.png","width":610,"height":589,"caption":"SESI"},"image":{"@id":"https:\/\/fieam.org.br\/sesi\/#\/schema\/logo\/image\/"}},{"@type":"Person","@id":"https:\/\/fieam.org.br\/sesi\/#\/schema\/person\/5a4d0cbf4cb90316068853a537ee7b75","name":"joania","image":{"@type":"ImageObject","inLanguage":"pt-BR","@id":"https:\/\/fieam.org.br\/sesi\/#\/schema\/person\/image\/","url":"https:\/\/secure.gravatar.com\/avatar\/cf50cdab9b211eed7bfb47385e62cad09b856cc1b523532170e88b6bb2768e66?s=96&d=mm&r=g","contentUrl":"https:\/\/secure.gravatar.com\/avatar\/cf50cdab9b211eed7bfb47385e62cad09b856cc1b523532170e88b6bb2768e66?s=96&d=mm&r=g","caption":"joania"},"url":"https:\/\/fieam.org.br\/sesi\/author\/joania\/"}]}},"_links":{"self":[{"href":"https:\/\/fieam.org.br\/sesi\/wp-json\/wp\/v2\/posts\/21539","targetHints":{"allow":["GET"]}}],"collection":[{"href":"https:\/\/fieam.org.br\/sesi\/wp-json\/wp\/v2\/posts"}],"about":[{"href":"https:\/\/fieam.org.br\/sesi\/wp-json\/wp\/v2\/types\/post"}],"author":[{"embeddable":true,"href":"https:\/\/fieam.org.br\/sesi\/wp-json\/wp\/v2\/users\/12"}],"replies":[{"embeddable":true,"href":"https:\/\/fieam.org.br\/sesi\/wp-json\/wp\/v2\/comments?post=21539"}],"version-history":[{"count":1,"href":"https:\/\/fieam.org.br\/sesi\/wp-json\/wp\/v2\/posts\/21539\/revisions"}],"predecessor-version":[{"id":21541,"href":"https:\/\/fieam.org.br\/sesi\/wp-json\/wp\/v2\/posts\/21539\/revisions\/21541"}],"wp:featuredmedia":[{"embeddable":true,"href":"https:\/\/fieam.org.br\/sesi\/wp-json\/wp\/v2\/media\/21540"}],"wp:attachment":[{"href":"https:\/\/fieam.org.br\/sesi\/wp-json\/wp\/v2\/media?parent=21539"}],"wp:term":[{"taxonomy":"category","embeddable":true,"href":"https:\/\/fieam.org.br\/sesi\/wp-json\/wp\/v2\/categories?post=21539"},{"taxonomy":"post_tag","embeddable":true,"href":"https:\/\/fieam.org.br\/sesi\/wp-json\/wp\/v2\/tags?post=21539"}],"curies":[{"name":"wp","href":"https:\/\/api.w.org\/{rel}","templated":true}]}}