{"id":2153,"date":"2011-10-26T14:58:54","date_gmt":"2011-10-26T14:58:54","guid":{"rendered":"http:\/\/www.fieam.org.br\/site\/sesi\/?p=2153"},"modified":"2011-10-26T14:58:54","modified_gmt":"2011-10-26T14:58:54","slug":"corrida-consagra-trabalhadores-da-industria","status":"publish","type":"post","link":"https:\/\/fieam.org.br\/sesi\/corrida-consagra-trabalhadores-da-industria\/","title":{"rendered":"Corrida consagra trabalhadores da ind\u00fastria"},"content":{"rendered":"<figure id=\"attachment_2154\" aria-describedby=\"caption-attachment-2154\" style=\"width: 240px\" class=\"wp-caption alignleft\"><a href=\"http:\/\/www.fieam.org.br\/site\/sesi\/files\/2011\/10\/Atletas-na-largada-da-prova.jpg\"><img decoding=\"async\" class=\"size-medium wp-image-2154 \" src=\"http:\/\/www.fieam.org.br\/site\/sesi\/files\/2011\/10\/Atletas-na-largada-da-prova-300x200.jpg\" alt=\"Atletas na largada da prova\" width=\"240\" height=\"160\" srcset=\"https:\/\/fieam.org.br\/sesi\/wp-content\/uploads\/sites\/14\/2011\/10\/Atletas-na-largada-da-prova-300x200.jpg 300w, https:\/\/fieam.org.br\/sesi\/wp-content\/uploads\/sites\/14\/2011\/10\/Atletas-na-largada-da-prova.jpg 640w\" sizes=\"(max-width: 240px) 100vw, 240px\" \/><\/a><figcaption id=\"caption-attachment-2154\" class=\"wp-caption-text\">Atletas na largada da prova<\/figcaption><\/figure>\n<p>Os atletas Jackson Mendes e Sandra Morete conquistaram o primeiro lugar, entre trabalhadores da ind\u00fastria, na 3\u00aa Corrida Internacional Cidade de Manaus, realizada nesta segunda-feira (24), na Estrada da Ponta Negra, em homenagem aos 342 anos de funda\u00e7\u00e3o de Manaus. Mendes, da Steck da Amaz\u00f4nia, e Morete, da <a href=\"http:\/\/www.keihin-corp.co.jp\/english\/network\/overseas\/world15.shtml\" target=\"_blank\" rel=\"noopener\">Keihin Tecnologia do Brasil,<\/a> asseguraram participa\u00e7\u00e3o, junto com os segundos colocados de cada naipe, na Meia Maratona de S\u00e3o Silvestre, dia 31 de dezembro deste ano, em <a href=\"http:\/\/www.saopaulo.sp.gov.br\/\" target=\"_blank\" rel=\"noopener\">S\u00e3o Paulo (SP)<\/a>, como parte da premia\u00e7\u00e3o oferecida pelo <a href=\"http:\/\/www.fieam.org.br\/site\/sesi\/institucional\" target=\"_blank\" rel=\"noopener\">SESI Amazonas<\/a>.<\/p>\n<p>Pelo menos 200 trabalhadores-atletas de empresas do <a href=\"http:\/\/www.suframa.gov.br\/zfm_principal.cfm\" target=\"_blank\" rel=\"noopener\">Polo Industrial de Manaus (PIM)<\/a> participaram da corrida oficial, com seus 10 quil\u00f4metros de percurso, e integraram a categoria paralela criada pelo SESI. Foi o segundo ano consecutivo que Jackson Mendes conquistou a primeira coloca\u00e7\u00e3o no evento. Alecsandro Vieira, da Vulcaplast, e Maria dos Santos, da Technos, ficaram em 2\u00ba lugar entre os trabalhadores.<\/p>\n<figure id=\"attachment_2157\" aria-describedby=\"caption-attachment-2157\" style=\"width: 240px\" class=\"wp-caption alignleft\"><a href=\"http:\/\/www.fieam.org.br\/site\/sesi\/files\/2011\/10\/Morete-1\u00ba-lugar-feminino-trabalhadores1.jpg\"><img decoding=\"async\" class=\"size-medium wp-image-2157 \" src=\"http:\/\/www.fieam.org.br\/site\/sesi\/files\/2011\/10\/Morete-1\u00ba-lugar-feminino-trabalhadores1-300x200.jpg\" alt=\"Morete - 1\u00ba lugar feminino (trabalhadores)\" width=\"240\" height=\"160\" \/><\/a><figcaption id=\"caption-attachment-2157\" class=\"wp-caption-text\">Morete - 1\u00ba lugar feminino (trabalhadores)<\/figcaption><\/figure>\n<p>A corrida teve a participa\u00e7\u00e3o de cerca de 3 mil atletas locais e de outros estados. Na pontua\u00e7\u00e3o geral, o 1\u00ba lugar no masculino foi conquistado pelo atleta do Estado do Par\u00e1, Jos\u00e9 Maria Arruda, enquanto que a atleta de Bras\u00edlia, Irismar Aranha, ficou com o 1\u00ba lugar no feminino. A competi\u00e7\u00e3o foi promovida pela Prefeitura de Manaus e SESI Amazonas.<\/p>\n<p>De acordo com o coordenador de Esportes do SESI, Alberto J\u00fanior, o apoio aos trabalhadores que participaram da prova pedestre est\u00e1 dentro das atividades desenvolvidas pela institui\u00e7\u00e3o para oferecer uma vida mais saud\u00e1vel para os trabalhadores. J\u00fanior ressaltou que os quatros trabalhadores: Jackson Mendes (<a href=\"http:\/\/www.steck.com.br\/\" target=\"_blank\" rel=\"noopener\">Steck<\/a>), Alecssandro Vieira (Vulcaplast),\u00a0 Sandra Morete (Keihin) e Maria dos Santos (<a href=\"http:\/\/www.technos.com.br\/\" target=\"_blank\" rel=\"noopener\">Technos<\/a>) estar\u00e3o participando da Meia-Maratona de S\u00e3o Silvestre, em S\u00e3o Paulo,\u00a0 com todas as despesas pagas pelo SESI.<\/p>\n<p>Jackson Mendes, 30, disse que o n\u00edvel da prova foi alto, mas que\u00a0 seu desempenho foi dentro do planejado.\u00a0 De acordo com Jack, o percurso da prova, na Ponta Negra, tem um tra\u00e7ado plano que facilita o desempenho dos atletas. Na pontua\u00e7\u00e3o geral, Jackson conquistou a 5\u00aa coloca\u00e7\u00e3o. O atleta da Steck \u00e9 atual campe\u00e3o dos Jogos Estaduais do SESI nos 3.000m e medalha de prata nessa prova dos Jogos Nacionais do SESI deste ano, em Sim\u00f5es Filho (BA). Ele participar\u00e1 dos Jogos Regionais do SESI, em Manaus, de 11 a 15 de novembro deste ano.<\/p>\n<figure id=\"attachment_2155\" aria-describedby=\"caption-attachment-2155\" style=\"width: 240px\" class=\"wp-caption alignleft\"><a href=\"http:\/\/www.fieam.org.br\/site\/sesi\/files\/2011\/10\/Jackson-1\u00ba-lugar-entre-trabalhadores.jpg\"><img decoding=\"async\" class=\"size-medium wp-image-2155 \" src=\"http:\/\/www.fieam.org.br\/site\/sesi\/files\/2011\/10\/Jackson-1\u00ba-lugar-entre-trabalhadores-300x200.jpg\" alt=\"Jackson- 1\u00ba lugar entre trabalhadores\" width=\"240\" height=\"160\" \/><\/a><figcaption id=\"caption-attachment-2155\" class=\"wp-caption-text\">Jackson- 1\u00ba lugar entre trabalhadores<\/figcaption><\/figure>\n<p>Para Mendes, a prova de 3.000 metros exige t\u00e9cnica e velocidade, enquanto a Meia Maratona exige for\u00e7a e resist\u00eancia, mas que ele est\u00e1 preparado para competir nas duas provas. Jackson Mendes trabalha na Steck na fun\u00e7\u00e3o de almoxarife.<\/p>\n","protected":false},"excerpt":{"rendered":"<p>Os atletas Jackson Mendes e Sandra Morete conquistaram o primeiro lugar, entre trabalhadores da ind\u00fastria, na 3\u00aa Corrida Internacional Cidade de Manaus, realizada nesta segunda-feira (24), na Estrada da Ponta Negra, em homenagem aos 342 anos de funda\u00e7\u00e3o de Manaus. Mendes, da Steck da Amaz\u00f4nia, e Morete, da Keihin Tecnologia do Brasil, asseguraram participa\u00e7\u00e3o, junto [&hellip;]<\/p>\n","protected":false},"author":1,"featured_media":0,"comment_status":"open","ping_status":"open","sticky":false,"template":"","format":"standard","meta":{"footnotes":""},"categories":[25],"tags":[],"class_list":["post-2153","post","type-post","status-publish","format-standard","hentry","category-news"],"yoast_head":"<!-- This site is optimized with the Yoast SEO plugin v28.2 - https:\/\/yoast.com\/product\/yoast-seo-wordpress\/ -->\n<title>Corrida consagra trabalhadores da ind\u00fastria - SESI<\/title>\n<meta name=\"robots\" content=\"index, follow, max-snippet:-1, max-image-preview:large, max-video-preview:-1\" \/>\n<link rel=\"canonical\" href=\"https:\/\/fieam.org.br\/sesi\/corrida-consagra-trabalhadores-da-industria\/\" \/>\n<meta property=\"og:locale\" content=\"pt_BR\" \/>\n<meta property=\"og:type\" content=\"article\" \/>\n<meta property=\"og:title\" content=\"Corrida consagra trabalhadores da ind\u00fastria - SESI\" \/>\n<meta property=\"og:description\" content=\"Os atletas Jackson Mendes e Sandra Morete conquistaram o primeiro lugar, entre trabalhadores da ind\u00fastria, na 3\u00aa Corrida Internacional Cidade de Manaus, realizada nesta segunda-feira (24), na Estrada da Ponta Negra, em homenagem aos 342 anos de funda\u00e7\u00e3o de Manaus. Mendes, da Steck da Amaz\u00f4nia, e Morete, da Keihin Tecnologia do Brasil, asseguraram participa\u00e7\u00e3o, junto [&hellip;]\" \/>\n<meta property=\"og:url\" content=\"https:\/\/fieam.org.br\/sesi\/corrida-consagra-trabalhadores-da-industria\/\" \/>\n<meta property=\"og:site_name\" content=\"SESI\" \/>\n<meta property=\"article:published_time\" content=\"2011-10-26T14:58:54+00:00\" \/>\n<meta property=\"og:image\" content=\"https:\/\/fieam.org.br\/sesi\/wp-content\/uploads\/sites\/14\/2011\/10\/Atletas-na-largada-da-prova.jpg\" \/>\n\t<meta property=\"og:image:width\" content=\"640\" \/>\n\t<meta property=\"og:image:height\" content=\"427\" \/>\n\t<meta property=\"og:image:type\" content=\"image\/jpeg\" \/>\n<meta name=\"author\" content=\"Autor\" \/>\n<meta name=\"twitter:card\" content=\"summary_large_image\" \/>\n<meta name=\"twitter:label1\" content=\"Escrito por\" \/>\n\t<meta name=\"twitter:data1\" content=\"Autor\" \/>\n\t<meta name=\"twitter:label2\" content=\"Est. tempo de leitura\" \/>\n\t<meta name=\"twitter:data2\" content=\"2 minutos\" \/>\n<script type=\"application\/ld+json\" class=\"yoast-schema-graph\">{\"@context\":\"https:\\\/\\\/schema.org\",\"@graph\":[{\"@type\":\"Article\",\"@id\":\"https:\\\/\\\/fieam.org.br\\\/sesi\\\/corrida-consagra-trabalhadores-da-industria\\\/#article\",\"isPartOf\":{\"@id\":\"https:\\\/\\\/fieam.org.br\\\/sesi\\\/corrida-consagra-trabalhadores-da-industria\\\/\"},\"author\":{\"name\":\"Autor\",\"@id\":\"https:\\\/\\\/fieam.org.br\\\/sesi\\\/#\\\/schema\\\/person\\\/f54998dd14d5f0695b41444f2b01c31e\"},\"headline\":\"Corrida consagra trabalhadores da ind\u00fastria\",\"datePublished\":\"2011-10-26T14:58:54+00:00\",\"mainEntityOfPage\":{\"@id\":\"https:\\\/\\\/fieam.org.br\\\/sesi\\\/corrida-consagra-trabalhadores-da-industria\\\/\"},\"wordCount\":473,\"commentCount\":0,\"publisher\":{\"@id\":\"https:\\\/\\\/fieam.org.br\\\/sesi\\\/#organization\"},\"image\":{\"@id\":\"https:\\\/\\\/fieam.org.br\\\/sesi\\\/corrida-consagra-trabalhadores-da-industria\\\/#primaryimage\"},\"thumbnailUrl\":\"http:\\\/\\\/www.fieam.org.br\\\/site\\\/sesi\\\/files\\\/2011\\\/10\\\/Atletas-na-largada-da-prova-300x200.jpg\",\"articleSection\":[\"News\"],\"inLanguage\":\"pt-BR\",\"potentialAction\":[{\"@type\":\"CommentAction\",\"name\":\"Comment\",\"target\":[\"https:\\\/\\\/fieam.org.br\\\/sesi\\\/corrida-consagra-trabalhadores-da-industria\\\/#respond\"]}]},{\"@type\":\"WebPage\",\"@id\":\"https:\\\/\\\/fieam.org.br\\\/sesi\\\/corrida-consagra-trabalhadores-da-industria\\\/\",\"url\":\"https:\\\/\\\/fieam.org.br\\\/sesi\\\/corrida-consagra-trabalhadores-da-industria\\\/\",\"name\":\"Corrida consagra trabalhadores da ind\u00fastria - SESI\",\"isPartOf\":{\"@id\":\"https:\\\/\\\/fieam.org.br\\\/sesi\\\/#website\"},\"primaryImageOfPage\":{\"@id\":\"https:\\\/\\\/fieam.org.br\\\/sesi\\\/corrida-consagra-trabalhadores-da-industria\\\/#primaryimage\"},\"image\":{\"@id\":\"https:\\\/\\\/fieam.org.br\\\/sesi\\\/corrida-consagra-trabalhadores-da-industria\\\/#primaryimage\"},\"thumbnailUrl\":\"http:\\\/\\\/www.fieam.org.br\\\/site\\\/sesi\\\/files\\\/2011\\\/10\\\/Atletas-na-largada-da-prova-300x200.jpg\",\"datePublished\":\"2011-10-26T14:58:54+00:00\",\"breadcrumb\":{\"@id\":\"https:\\\/\\\/fieam.org.br\\\/sesi\\\/corrida-consagra-trabalhadores-da-industria\\\/#breadcrumb\"},\"inLanguage\":\"pt-BR\",\"potentialAction\":[{\"@type\":\"ReadAction\",\"target\":[\"https:\\\/\\\/fieam.org.br\\\/sesi\\\/corrida-consagra-trabalhadores-da-industria\\\/\"]}]},{\"@type\":\"ImageObject\",\"inLanguage\":\"pt-BR\",\"@id\":\"https:\\\/\\\/fieam.org.br\\\/sesi\\\/corrida-consagra-trabalhadores-da-industria\\\/#primaryimage\",\"url\":\"http:\\\/\\\/www.fieam.org.br\\\/site\\\/sesi\\\/files\\\/2011\\\/10\\\/Atletas-na-largada-da-prova-300x200.jpg\",\"contentUrl\":\"http:\\\/\\\/www.fieam.org.br\\\/site\\\/sesi\\\/files\\\/2011\\\/10\\\/Atletas-na-largada-da-prova-300x200.jpg\"},{\"@type\":\"BreadcrumbList\",\"@id\":\"https:\\\/\\\/fieam.org.br\\\/sesi\\\/corrida-consagra-trabalhadores-da-industria\\\/#breadcrumb\",\"itemListElement\":[{\"@type\":\"ListItem\",\"position\":1,\"name\":\"In\u00edcio\",\"item\":\"https:\\\/\\\/fieam.org.br\\\/sesi\\\/\"},{\"@type\":\"ListItem\",\"position\":2,\"name\":\"Corrida consagra trabalhadores da ind\u00fastria\"}]},{\"@type\":\"WebSite\",\"@id\":\"https:\\\/\\\/fieam.org.br\\\/sesi\\\/#website\",\"url\":\"https:\\\/\\\/fieam.org.br\\\/sesi\\\/\",\"name\":\"SESI\",\"description\":\"Site Oficial!\",\"publisher\":{\"@id\":\"https:\\\/\\\/fieam.org.br\\\/sesi\\\/#organization\"},\"potentialAction\":[{\"@type\":\"SearchAction\",\"target\":{\"@type\":\"EntryPoint\",\"urlTemplate\":\"https:\\\/\\\/fieam.org.br\\\/sesi\\\/?s={search_term_string}\"},\"query-input\":{\"@type\":\"PropertyValueSpecification\",\"valueRequired\":true,\"valueName\":\"search_term_string\"}}],\"inLanguage\":\"pt-BR\"},{\"@type\":\"Organization\",\"@id\":\"https:\\\/\\\/fieam.org.br\\\/sesi\\\/#organization\",\"name\":\"SESI\",\"url\":\"https:\\\/\\\/fieam.org.br\\\/sesi\\\/\",\"logo\":{\"@type\":\"ImageObject\",\"inLanguage\":\"pt-BR\",\"@id\":\"https:\\\/\\\/fieam.org.br\\\/sesi\\\/#\\\/schema\\\/logo\\\/image\\\/\",\"url\":\"https:\\\/\\\/fieam.org.br\\\/sesi\\\/wp-content\\\/uploads\\\/sites\\\/14\\\/2024\\\/03\\\/cropped-fav.png\",\"contentUrl\":\"https:\\\/\\\/fieam.org.br\\\/sesi\\\/wp-content\\\/uploads\\\/sites\\\/14\\\/2024\\\/03\\\/cropped-fav.png\",\"width\":610,\"height\":589,\"caption\":\"SESI\"},\"image\":{\"@id\":\"https:\\\/\\\/fieam.org.br\\\/sesi\\\/#\\\/schema\\\/logo\\\/image\\\/\"}},{\"@type\":\"Person\",\"@id\":\"https:\\\/\\\/fieam.org.br\\\/sesi\\\/#\\\/schema\\\/person\\\/f54998dd14d5f0695b41444f2b01c31e\",\"name\":\"Autor\",\"image\":{\"@type\":\"ImageObject\",\"inLanguage\":\"pt-BR\",\"@id\":\"https:\\\/\\\/secure.gravatar.com\\\/avatar\\\/3732c223e0e1fad69062a8f770955c9068d37b055204f310a0be18d4069fe380?s=96&d=mm&r=g\",\"url\":\"https:\\\/\\\/secure.gravatar.com\\\/avatar\\\/3732c223e0e1fad69062a8f770955c9068d37b055204f310a0be18d4069fe380?s=96&d=mm&r=g\",\"contentUrl\":\"https:\\\/\\\/secure.gravatar.com\\\/avatar\\\/3732c223e0e1fad69062a8f770955c9068d37b055204f310a0be18d4069fe380?s=96&d=mm&r=g\",\"caption\":\"Autor\"},\"sameAs\":[\"https:\\\/\\\/marketingmassivo.com.br\"],\"url\":\"https:\\\/\\\/fieam.org.br\\\/sesi\\\/author\\\/admin\\\/\"}]}<\/script>\n<!-- \/ Yoast SEO plugin. -->","yoast_head_json":{"title":"Corrida consagra trabalhadores da ind\u00fastria - SESI","robots":{"index":"index","follow":"follow","max-snippet":"max-snippet:-1","max-image-preview":"max-image-preview:large","max-video-preview":"max-video-preview:-1"},"canonical":"https:\/\/fieam.org.br\/sesi\/corrida-consagra-trabalhadores-da-industria\/","og_locale":"pt_BR","og_type":"article","og_title":"Corrida consagra trabalhadores da ind\u00fastria - SESI","og_description":"Os atletas Jackson Mendes e Sandra Morete conquistaram o primeiro lugar, entre trabalhadores da ind\u00fastria, na 3\u00aa Corrida Internacional Cidade de Manaus, realizada nesta segunda-feira (24), na Estrada da Ponta Negra, em homenagem aos 342 anos de funda\u00e7\u00e3o de Manaus. Mendes, da Steck da Amaz\u00f4nia, e Morete, da Keihin Tecnologia do Brasil, asseguraram participa\u00e7\u00e3o, junto [&hellip;]","og_url":"https:\/\/fieam.org.br\/sesi\/corrida-consagra-trabalhadores-da-industria\/","og_site_name":"SESI","article_published_time":"2011-10-26T14:58:54+00:00","og_image":[{"width":640,"height":427,"url":"https:\/\/fieam.org.br\/sesi\/wp-content\/uploads\/sites\/14\/2011\/10\/Atletas-na-largada-da-prova.jpg","type":"image\/jpeg"}],"author":"Autor","twitter_card":"summary_large_image","twitter_misc":{"Escrito por":"Autor","Est. tempo de leitura":"2 minutos"},"schema":{"@context":"https:\/\/schema.org","@graph":[{"@type":"Article","@id":"https:\/\/fieam.org.br\/sesi\/corrida-consagra-trabalhadores-da-industria\/#article","isPartOf":{"@id":"https:\/\/fieam.org.br\/sesi\/corrida-consagra-trabalhadores-da-industria\/"},"author":{"name":"Autor","@id":"https:\/\/fieam.org.br\/sesi\/#\/schema\/person\/f54998dd14d5f0695b41444f2b01c31e"},"headline":"Corrida consagra trabalhadores da ind\u00fastria","datePublished":"2011-10-26T14:58:54+00:00","mainEntityOfPage":{"@id":"https:\/\/fieam.org.br\/sesi\/corrida-consagra-trabalhadores-da-industria\/"},"wordCount":473,"commentCount":0,"publisher":{"@id":"https:\/\/fieam.org.br\/sesi\/#organization"},"image":{"@id":"https:\/\/fieam.org.br\/sesi\/corrida-consagra-trabalhadores-da-industria\/#primaryimage"},"thumbnailUrl":"http:\/\/www.fieam.org.br\/site\/sesi\/files\/2011\/10\/Atletas-na-largada-da-prova-300x200.jpg","articleSection":["News"],"inLanguage":"pt-BR","potentialAction":[{"@type":"CommentAction","name":"Comment","target":["https:\/\/fieam.org.br\/sesi\/corrida-consagra-trabalhadores-da-industria\/#respond"]}]},{"@type":"WebPage","@id":"https:\/\/fieam.org.br\/sesi\/corrida-consagra-trabalhadores-da-industria\/","url":"https:\/\/fieam.org.br\/sesi\/corrida-consagra-trabalhadores-da-industria\/","name":"Corrida consagra trabalhadores da ind\u00fastria - SESI","isPartOf":{"@id":"https:\/\/fieam.org.br\/sesi\/#website"},"primaryImageOfPage":{"@id":"https:\/\/fieam.org.br\/sesi\/corrida-consagra-trabalhadores-da-industria\/#primaryimage"},"image":{"@id":"https:\/\/fieam.org.br\/sesi\/corrida-consagra-trabalhadores-da-industria\/#primaryimage"},"thumbnailUrl":"http:\/\/www.fieam.org.br\/site\/sesi\/files\/2011\/10\/Atletas-na-largada-da-prova-300x200.jpg","datePublished":"2011-10-26T14:58:54+00:00","breadcrumb":{"@id":"https:\/\/fieam.org.br\/sesi\/corrida-consagra-trabalhadores-da-industria\/#breadcrumb"},"inLanguage":"pt-BR","potentialAction":[{"@type":"ReadAction","target":["https:\/\/fieam.org.br\/sesi\/corrida-consagra-trabalhadores-da-industria\/"]}]},{"@type":"ImageObject","inLanguage":"pt-BR","@id":"https:\/\/fieam.org.br\/sesi\/corrida-consagra-trabalhadores-da-industria\/#primaryimage","url":"http:\/\/www.fieam.org.br\/site\/sesi\/files\/2011\/10\/Atletas-na-largada-da-prova-300x200.jpg","contentUrl":"http:\/\/www.fieam.org.br\/site\/sesi\/files\/2011\/10\/Atletas-na-largada-da-prova-300x200.jpg"},{"@type":"BreadcrumbList","@id":"https:\/\/fieam.org.br\/sesi\/corrida-consagra-trabalhadores-da-industria\/#breadcrumb","itemListElement":[{"@type":"ListItem","position":1,"name":"In\u00edcio","item":"https:\/\/fieam.org.br\/sesi\/"},{"@type":"ListItem","position":2,"name":"Corrida consagra trabalhadores da ind\u00fastria"}]},{"@type":"WebSite","@id":"https:\/\/fieam.org.br\/sesi\/#website","url":"https:\/\/fieam.org.br\/sesi\/","name":"SESI","description":"Site Oficial!","publisher":{"@id":"https:\/\/fieam.org.br\/sesi\/#organization"},"potentialAction":[{"@type":"SearchAction","target":{"@type":"EntryPoint","urlTemplate":"https:\/\/fieam.org.br\/sesi\/?s={search_term_string}"},"query-input":{"@type":"PropertyValueSpecification","valueRequired":true,"valueName":"search_term_string"}}],"inLanguage":"pt-BR"},{"@type":"Organization","@id":"https:\/\/fieam.org.br\/sesi\/#organization","name":"SESI","url":"https:\/\/fieam.org.br\/sesi\/","logo":{"@type":"ImageObject","inLanguage":"pt-BR","@id":"https:\/\/fieam.org.br\/sesi\/#\/schema\/logo\/image\/","url":"https:\/\/fieam.org.br\/sesi\/wp-content\/uploads\/sites\/14\/2024\/03\/cropped-fav.png","contentUrl":"https:\/\/fieam.org.br\/sesi\/wp-content\/uploads\/sites\/14\/2024\/03\/cropped-fav.png","width":610,"height":589,"caption":"SESI"},"image":{"@id":"https:\/\/fieam.org.br\/sesi\/#\/schema\/logo\/image\/"}},{"@type":"Person","@id":"https:\/\/fieam.org.br\/sesi\/#\/schema\/person\/f54998dd14d5f0695b41444f2b01c31e","name":"Autor","image":{"@type":"ImageObject","inLanguage":"pt-BR","@id":"https:\/\/secure.gravatar.com\/avatar\/3732c223e0e1fad69062a8f770955c9068d37b055204f310a0be18d4069fe380?s=96&d=mm&r=g","url":"https:\/\/secure.gravatar.com\/avatar\/3732c223e0e1fad69062a8f770955c9068d37b055204f310a0be18d4069fe380?s=96&d=mm&r=g","contentUrl":"https:\/\/secure.gravatar.com\/avatar\/3732c223e0e1fad69062a8f770955c9068d37b055204f310a0be18d4069fe380?s=96&d=mm&r=g","caption":"Autor"},"sameAs":["https:\/\/marketingmassivo.com.br"],"url":"https:\/\/fieam.org.br\/sesi\/author\/admin\/"}]}},"_links":{"self":[{"href":"https:\/\/fieam.org.br\/sesi\/wp-json\/wp\/v2\/posts\/2153","targetHints":{"allow":["GET"]}}],"collection":[{"href":"https:\/\/fieam.org.br\/sesi\/wp-json\/wp\/v2\/posts"}],"about":[{"href":"https:\/\/fieam.org.br\/sesi\/wp-json\/wp\/v2\/types\/post"}],"author":[{"embeddable":true,"href":"https:\/\/fieam.org.br\/sesi\/wp-json\/wp\/v2\/users\/1"}],"replies":[{"embeddable":true,"href":"https:\/\/fieam.org.br\/sesi\/wp-json\/wp\/v2\/comments?post=2153"}],"version-history":[{"count":0,"href":"https:\/\/fieam.org.br\/sesi\/wp-json\/wp\/v2\/posts\/2153\/revisions"}],"wp:attachment":[{"href":"https:\/\/fieam.org.br\/sesi\/wp-json\/wp\/v2\/media?parent=2153"}],"wp:term":[{"taxonomy":"category","embeddable":true,"href":"https:\/\/fieam.org.br\/sesi\/wp-json\/wp\/v2\/categories?post=2153"},{"taxonomy":"post_tag","embeddable":true,"href":"https:\/\/fieam.org.br\/sesi\/wp-json\/wp\/v2\/tags?post=2153"}],"curies":[{"name":"wp","href":"https:\/\/api.w.org\/{rel}","templated":true}]}}