{"id":2138,"date":"2011-10-20T19:33:44","date_gmt":"2011-10-20T19:33:44","guid":{"rendered":"http:\/\/www.fieam.org.br\/site\/sesi\/?p=2138"},"modified":"2011-10-20T19:33:44","modified_gmt":"2011-10-20T19:33:44","slug":"abnt-e-sesi-promovem-workshop-sobre-iso-26000","status":"publish","type":"post","link":"https:\/\/fieam.org.br\/sesi\/abnt-e-sesi-promovem-workshop-sobre-iso-26000\/","title":{"rendered":"ABNT e SESI promovem workshop sobre ISO 26000"},"content":{"rendered":"<p><strong>Evento re\u00fane especialistas para discutir os desafios para implementa\u00e7\u00e3o da norma ABNT NBR ISO 26000:2010 <\/strong><\/p>\n<p><em> <\/em><\/p>\n<p>Especialistas em normas t\u00e9cnicas estar\u00e3o reunidos em Manaus no dia 26 de outubro para discutir os desafios para implementa\u00e7\u00e3o da Norma Internacional de Responsabilidade Social, a ABNT NBR ISO 26000:2010. Promovido pela <a href=\"http:\/\/www.abnt.org.br\/\" target=\"_blank\" rel=\"noopener\">Associa\u00e7\u00e3o Brasileira de Normas T\u00e9cnicas (ABNT),<\/a> o workshop acontecer\u00e1 de 8h30 \u00e0s 16h, no Audit\u00f3rio Gilberto Mendes de Azevedo, do <a href=\"http:\/\/www.fieam.org.br\/site\/sesi\/institucional\/\" target=\"_blank\" rel=\"noopener\">Servi\u00e7o Social da Ind\u00fastria (SESI Amazonas)<\/a>, na Avenida Joaquim Nabuco, 1919, Centro. O evento \u00e9 patrocinado pela <a href=\"http:\/\/www.cni.org.br\/portal\/\" target=\"_blank\" rel=\"noopener\">Confedera\u00e7\u00e3o Nacional da Ind\u00fastria (CNI)<\/a>, SESI e as empresas Petrobras e Suzano Papel e Celulose.<\/p>\n<p>Considerada como ferramenta poderosa para ajudar as organiza\u00e7\u00f5es a passar das boas inten\u00e7\u00f5es para as boas a\u00e7\u00f5es em responsabilidade social, a norma ABNT NBR ISO 26000:2010 \u00e9 resultado de um complexo trabalho realizado durante cinco anos, sob a lideran\u00e7a compartilhada da ABNT e do Instituto Sueco de Normaliza\u00e7\u00e3o (<em>Swedish Standards Institute<\/em> \u2013 SIS). A elabora\u00e7\u00e3o da ISO 26000 mobilizou 450 especialistas e 210 observadores de 99 pa\u00edses e 42 organiza\u00e7\u00f5es internacionais, representando as categorias de ind\u00fastria, trabalhadores, governo, consumidores, organiza\u00e7\u00f5es n\u00e3o governamentais e de servi\u00e7os, apoio \u00e0 pesquisa e outros.<\/p>\n<p>De acordo com ABNT, a norma fornece orienta\u00e7\u00f5es para todos os tipos de organiza\u00e7\u00e3o, independentemente de porte ou localiza\u00e7\u00e3o, visando a ado\u00e7\u00e3o de pr\u00e1ticas socialmente respons\u00e1veis e que contribuam para o desenvolvimento sustent\u00e1vel. Trata-se de um guia de aplica\u00e7\u00e3o volunt\u00e1ria, mas as organiza\u00e7\u00f5es que a adotarem poder\u00e3o ser beneficiadas em v\u00e1rios aspectos como, vantagem competitiva; reputa\u00e7\u00e3o; capacidade de atrair e manter trabalhadores ou s\u00f3cios, clientes ou usu\u00e1rios, melhor relacionamento com empresas, governos, m\u00eddia, fornecedores, clientes e a comunidade em que atua.<\/p>\n<p>O objetivo <em>do workshop<\/em> \u00e9 apresentar as diretrizes da norma, principalmente, aos gestores de responsabilidade social empresarial e sustentabilidade, colocando depois em discuss\u00e3o as formas para sua implementa\u00e7\u00e3o por organiza\u00e7\u00f5es de todos os perfis. As atividades estar\u00e3o a cargo de especialistas brasileiros que participaram da elabora\u00e7\u00e3o da norma na <em><a href=\"http:\/\/www.iso.org\/iso\/home.html\" target=\"_blank\" rel=\"noopener\">International Organization for Standardization (ISO)<\/a><\/em>.<\/p>\n<p>Entre os especialistas reunidos no workshop est\u00e3o Jorge Cajazeira, diretor de Rela\u00e7\u00f5es Institucionais da Suzano Papel e Celulose e presidente do Grupo de Trabalho da ISO, Eduardo S\u00e3o Thiago, gerente de Rela\u00e7\u00f5es Internacionais da ABNT e cossecret\u00e1rio do Grupo de Trabalho da ISO, Ana Paula Grether, coordenadora do Relat\u00f3rio de Sustentabilidade da Petrobras e especialista da categoria Ind\u00fastria, Lisangela Reis, coordenadora adjunta da Assessoria da Promo\u00e7\u00e3o da Cidadania Empresarial de Furnas e Jos\u00e9 Salvador, gerente de Novos Neg\u00f3cios da Funda\u00e7\u00e3o Vanzolini, ligada ao Departamento de Engenharia de Produ\u00e7\u00e3o da Escola Polit\u00e9cnica da Universidade de S\u00e3o Paulo (USP).<\/p>\n<p><strong>Servi\u00e7o<\/strong><\/p>\n<p><strong>Evento: <\/strong>Workshop sobre Responsabilidade Social<\/p>\n<p><strong>Data: <\/strong>26 de outubro de 2011<strong><br \/>\nHor\u00e1rio: <\/strong>8h30 \u00e0s 16h<strong><br \/>\nLocal: <\/strong>Audit\u00f3rio Gilberto Mendes Azevedo \u2013 Avenida Joaquim Nabuco, 1919, Centro<strong><br \/>\nPara mais informa\u00e7\u00f5es e inscri\u00e7\u00f5es <a href=\"mailto:marketing@abnt.org.br\" target=\"_blank\" rel=\"noopener\">marketing@abnt.org.br<\/a> e <a href=\"mailto:sesi.rse@sesiam.org.br\" target=\"_blank\" rel=\"noopener\">sesi.rse@sesiam.org.br<\/a> <\/strong><\/p>\n<p><strong> <\/strong><\/p>\n<p><strong>Programa\u00e7\u00e3o<\/strong><\/p>\n<p><strong>8h30 \u00e0s 9h<\/strong> \u2013 <em>Welcome coffee<\/em><\/p>\n<p><strong>9h \u00e0s 9h30<\/strong> \u2013 Abertura, a cargo de representantes da ABNT e dos patrocinadores<\/p>\n<p><strong>9h30 \u00e0s 10h <\/strong>&#8211; \u201cProcesso de constru\u00e7\u00e3o da ISO 26000 \u2013 Grupo de Trabalho internacional\u201d, por Jorge Cajazeira e Eduardo S\u00e3o Thiago<\/p>\n<p><strong>10h \u00e0s 10h20<\/strong> &#8211; \u201cProcesso de constru\u00e7\u00e3o da ISO 26000 \u2013 ABNT\/CEE-111\u201d, por Jos\u00e9 Salvador<\/p>\n<p><strong>10h20 \u00e0s 10h50<\/strong> \u2013 Intervalo para caf\u00e9<\/p>\n<p><strong>10h50 \u00e0s 11h30<\/strong> &#8211; \u201cVis\u00e3o geral do conte\u00fado da ISO 26000 \u2013 Grandes temas de aten\u00e7\u00e3o para a ind\u00fastria brasileira\u201c, por Ana Paula Grether (Petrobras) e Lisangela Reis (Furnas)<\/p>\n<p><strong>11h30 \u00e0s 12h<\/strong> \u2013 Mesa de especialistas com o p\u00fablico \u2013 perguntas e respostas<\/p>\n<p><strong>12h \u00e0s 13h<\/strong> \u2013 Almo\u00e7o livre<\/p>\n<p><strong>13h \u00e0s 15h<\/strong> &#8211; Oficina com todos os participantes, com o tema \u201cDesafios da implementa\u00e7\u00e3o da ISO 26000 nas empresas brasileiras\u201d, conduzida por Jos\u00e9 Salvador e Eduardo S\u00e3o Thiago.<\/p>\n<p><strong>15h30 \u2013 Encerramento<\/strong><\/p>\n","protected":false},"excerpt":{"rendered":"<p>Evento re\u00fane especialistas para discutir os desafios para implementa\u00e7\u00e3o da norma ABNT NBR ISO 26000:2010 Especialistas em normas t\u00e9cnicas estar\u00e3o reunidos em Manaus no dia 26 de outubro para discutir os desafios para implementa\u00e7\u00e3o da Norma Internacional de Responsabilidade Social, a ABNT NBR ISO 26000:2010. Promovido pela Associa\u00e7\u00e3o Brasileira de Normas T\u00e9cnicas (ABNT), o workshop [&hellip;]<\/p>\n","protected":false},"author":1,"featured_media":0,"comment_status":"open","ping_status":"open","sticky":false,"template":"","format":"standard","meta":{"footnotes":""},"categories":[25],"tags":[],"class_list":["post-2138","post","type-post","status-publish","format-standard","hentry","category-news"],"yoast_head":"<!-- This site is optimized with the Yoast SEO plugin v28.2 - https:\/\/yoast.com\/product\/yoast-seo-wordpress\/ -->\n<title>ABNT e SESI promovem workshop sobre ISO 26000 - SESI<\/title>\n<meta name=\"robots\" content=\"index, follow, max-snippet:-1, max-image-preview:large, max-video-preview:-1\" \/>\n<link rel=\"canonical\" href=\"https:\/\/fieam.org.br\/sesi\/abnt-e-sesi-promovem-workshop-sobre-iso-26000\/\" \/>\n<meta property=\"og:locale\" content=\"pt_BR\" \/>\n<meta property=\"og:type\" content=\"article\" \/>\n<meta property=\"og:title\" content=\"ABNT e SESI promovem workshop sobre ISO 26000 - SESI\" \/>\n<meta property=\"og:description\" content=\"Evento re\u00fane especialistas para discutir os desafios para implementa\u00e7\u00e3o da norma ABNT NBR ISO 26000:2010 Especialistas em normas t\u00e9cnicas estar\u00e3o reunidos em Manaus no dia 26 de outubro para discutir os desafios para implementa\u00e7\u00e3o da Norma Internacional de Responsabilidade Social, a ABNT NBR ISO 26000:2010. Promovido pela Associa\u00e7\u00e3o Brasileira de Normas T\u00e9cnicas (ABNT), o workshop [&hellip;]\" \/>\n<meta property=\"og:url\" content=\"https:\/\/fieam.org.br\/sesi\/abnt-e-sesi-promovem-workshop-sobre-iso-26000\/\" \/>\n<meta property=\"og:site_name\" content=\"SESI\" \/>\n<meta property=\"article:published_time\" content=\"2011-10-20T19:33:44+00:00\" \/>\n<meta name=\"author\" content=\"Autor\" \/>\n<meta name=\"twitter:card\" content=\"summary_large_image\" \/>\n<meta name=\"twitter:label1\" content=\"Escrito por\" \/>\n\t<meta name=\"twitter:data1\" content=\"Autor\" \/>\n\t<meta name=\"twitter:label2\" content=\"Est. tempo de leitura\" \/>\n\t<meta name=\"twitter:data2\" content=\"3 minutos\" \/>\n<script type=\"application\/ld+json\" class=\"yoast-schema-graph\">{\"@context\":\"https:\\\/\\\/schema.org\",\"@graph\":[{\"@type\":\"Article\",\"@id\":\"https:\\\/\\\/fieam.org.br\\\/sesi\\\/abnt-e-sesi-promovem-workshop-sobre-iso-26000\\\/#article\",\"isPartOf\":{\"@id\":\"https:\\\/\\\/fieam.org.br\\\/sesi\\\/abnt-e-sesi-promovem-workshop-sobre-iso-26000\\\/\"},\"author\":{\"name\":\"Autor\",\"@id\":\"https:\\\/\\\/fieam.org.br\\\/sesi\\\/#\\\/schema\\\/person\\\/f54998dd14d5f0695b41444f2b01c31e\"},\"headline\":\"ABNT e SESI promovem workshop sobre ISO 26000\",\"datePublished\":\"2011-10-20T19:33:44+00:00\",\"mainEntityOfPage\":{\"@id\":\"https:\\\/\\\/fieam.org.br\\\/sesi\\\/abnt-e-sesi-promovem-workshop-sobre-iso-26000\\\/\"},\"wordCount\":659,\"commentCount\":0,\"publisher\":{\"@id\":\"https:\\\/\\\/fieam.org.br\\\/sesi\\\/#organization\"},\"articleSection\":[\"News\"],\"inLanguage\":\"pt-BR\",\"potentialAction\":[{\"@type\":\"CommentAction\",\"name\":\"Comment\",\"target\":[\"https:\\\/\\\/fieam.org.br\\\/sesi\\\/abnt-e-sesi-promovem-workshop-sobre-iso-26000\\\/#respond\"]}]},{\"@type\":\"WebPage\",\"@id\":\"https:\\\/\\\/fieam.org.br\\\/sesi\\\/abnt-e-sesi-promovem-workshop-sobre-iso-26000\\\/\",\"url\":\"https:\\\/\\\/fieam.org.br\\\/sesi\\\/abnt-e-sesi-promovem-workshop-sobre-iso-26000\\\/\",\"name\":\"ABNT e SESI promovem workshop sobre ISO 26000 - SESI\",\"isPartOf\":{\"@id\":\"https:\\\/\\\/fieam.org.br\\\/sesi\\\/#website\"},\"datePublished\":\"2011-10-20T19:33:44+00:00\",\"breadcrumb\":{\"@id\":\"https:\\\/\\\/fieam.org.br\\\/sesi\\\/abnt-e-sesi-promovem-workshop-sobre-iso-26000\\\/#breadcrumb\"},\"inLanguage\":\"pt-BR\",\"potentialAction\":[{\"@type\":\"ReadAction\",\"target\":[\"https:\\\/\\\/fieam.org.br\\\/sesi\\\/abnt-e-sesi-promovem-workshop-sobre-iso-26000\\\/\"]}]},{\"@type\":\"BreadcrumbList\",\"@id\":\"https:\\\/\\\/fieam.org.br\\\/sesi\\\/abnt-e-sesi-promovem-workshop-sobre-iso-26000\\\/#breadcrumb\",\"itemListElement\":[{\"@type\":\"ListItem\",\"position\":1,\"name\":\"In\u00edcio\",\"item\":\"https:\\\/\\\/fieam.org.br\\\/sesi\\\/\"},{\"@type\":\"ListItem\",\"position\":2,\"name\":\"ABNT e SESI promovem workshop sobre ISO 26000\"}]},{\"@type\":\"WebSite\",\"@id\":\"https:\\\/\\\/fieam.org.br\\\/sesi\\\/#website\",\"url\":\"https:\\\/\\\/fieam.org.br\\\/sesi\\\/\",\"name\":\"SESI\",\"description\":\"Site Oficial!\",\"publisher\":{\"@id\":\"https:\\\/\\\/fieam.org.br\\\/sesi\\\/#organization\"},\"potentialAction\":[{\"@type\":\"SearchAction\",\"target\":{\"@type\":\"EntryPoint\",\"urlTemplate\":\"https:\\\/\\\/fieam.org.br\\\/sesi\\\/?s={search_term_string}\"},\"query-input\":{\"@type\":\"PropertyValueSpecification\",\"valueRequired\":true,\"valueName\":\"search_term_string\"}}],\"inLanguage\":\"pt-BR\"},{\"@type\":\"Organization\",\"@id\":\"https:\\\/\\\/fieam.org.br\\\/sesi\\\/#organization\",\"name\":\"SESI\",\"url\":\"https:\\\/\\\/fieam.org.br\\\/sesi\\\/\",\"logo\":{\"@type\":\"ImageObject\",\"inLanguage\":\"pt-BR\",\"@id\":\"https:\\\/\\\/fieam.org.br\\\/sesi\\\/#\\\/schema\\\/logo\\\/image\\\/\",\"url\":\"https:\\\/\\\/fieam.org.br\\\/sesi\\\/wp-content\\\/uploads\\\/sites\\\/14\\\/2024\\\/03\\\/cropped-fav.png\",\"contentUrl\":\"https:\\\/\\\/fieam.org.br\\\/sesi\\\/wp-content\\\/uploads\\\/sites\\\/14\\\/2024\\\/03\\\/cropped-fav.png\",\"width\":610,\"height\":589,\"caption\":\"SESI\"},\"image\":{\"@id\":\"https:\\\/\\\/fieam.org.br\\\/sesi\\\/#\\\/schema\\\/logo\\\/image\\\/\"}},{\"@type\":\"Person\",\"@id\":\"https:\\\/\\\/fieam.org.br\\\/sesi\\\/#\\\/schema\\\/person\\\/f54998dd14d5f0695b41444f2b01c31e\",\"name\":\"Autor\",\"image\":{\"@type\":\"ImageObject\",\"inLanguage\":\"pt-BR\",\"@id\":\"https:\\\/\\\/secure.gravatar.com\\\/avatar\\\/3732c223e0e1fad69062a8f770955c9068d37b055204f310a0be18d4069fe380?s=96&d=mm&r=g\",\"url\":\"https:\\\/\\\/secure.gravatar.com\\\/avatar\\\/3732c223e0e1fad69062a8f770955c9068d37b055204f310a0be18d4069fe380?s=96&d=mm&r=g\",\"contentUrl\":\"https:\\\/\\\/secure.gravatar.com\\\/avatar\\\/3732c223e0e1fad69062a8f770955c9068d37b055204f310a0be18d4069fe380?s=96&d=mm&r=g\",\"caption\":\"Autor\"},\"sameAs\":[\"https:\\\/\\\/marketingmassivo.com.br\"],\"url\":\"https:\\\/\\\/fieam.org.br\\\/sesi\\\/author\\\/admin\\\/\"}]}<\/script>\n<!-- \/ Yoast SEO plugin. -->","yoast_head_json":{"title":"ABNT e SESI promovem workshop sobre ISO 26000 - SESI","robots":{"index":"index","follow":"follow","max-snippet":"max-snippet:-1","max-image-preview":"max-image-preview:large","max-video-preview":"max-video-preview:-1"},"canonical":"https:\/\/fieam.org.br\/sesi\/abnt-e-sesi-promovem-workshop-sobre-iso-26000\/","og_locale":"pt_BR","og_type":"article","og_title":"ABNT e SESI promovem workshop sobre ISO 26000 - SESI","og_description":"Evento re\u00fane especialistas para discutir os desafios para implementa\u00e7\u00e3o da norma ABNT NBR ISO 26000:2010 Especialistas em normas t\u00e9cnicas estar\u00e3o reunidos em Manaus no dia 26 de outubro para discutir os desafios para implementa\u00e7\u00e3o da Norma Internacional de Responsabilidade Social, a ABNT NBR ISO 26000:2010. Promovido pela Associa\u00e7\u00e3o Brasileira de Normas T\u00e9cnicas (ABNT), o workshop [&hellip;]","og_url":"https:\/\/fieam.org.br\/sesi\/abnt-e-sesi-promovem-workshop-sobre-iso-26000\/","og_site_name":"SESI","article_published_time":"2011-10-20T19:33:44+00:00","author":"Autor","twitter_card":"summary_large_image","twitter_misc":{"Escrito por":"Autor","Est. tempo de leitura":"3 minutos"},"schema":{"@context":"https:\/\/schema.org","@graph":[{"@type":"Article","@id":"https:\/\/fieam.org.br\/sesi\/abnt-e-sesi-promovem-workshop-sobre-iso-26000\/#article","isPartOf":{"@id":"https:\/\/fieam.org.br\/sesi\/abnt-e-sesi-promovem-workshop-sobre-iso-26000\/"},"author":{"name":"Autor","@id":"https:\/\/fieam.org.br\/sesi\/#\/schema\/person\/f54998dd14d5f0695b41444f2b01c31e"},"headline":"ABNT e SESI promovem workshop sobre ISO 26000","datePublished":"2011-10-20T19:33:44+00:00","mainEntityOfPage":{"@id":"https:\/\/fieam.org.br\/sesi\/abnt-e-sesi-promovem-workshop-sobre-iso-26000\/"},"wordCount":659,"commentCount":0,"publisher":{"@id":"https:\/\/fieam.org.br\/sesi\/#organization"},"articleSection":["News"],"inLanguage":"pt-BR","potentialAction":[{"@type":"CommentAction","name":"Comment","target":["https:\/\/fieam.org.br\/sesi\/abnt-e-sesi-promovem-workshop-sobre-iso-26000\/#respond"]}]},{"@type":"WebPage","@id":"https:\/\/fieam.org.br\/sesi\/abnt-e-sesi-promovem-workshop-sobre-iso-26000\/","url":"https:\/\/fieam.org.br\/sesi\/abnt-e-sesi-promovem-workshop-sobre-iso-26000\/","name":"ABNT e SESI promovem workshop sobre ISO 26000 - SESI","isPartOf":{"@id":"https:\/\/fieam.org.br\/sesi\/#website"},"datePublished":"2011-10-20T19:33:44+00:00","breadcrumb":{"@id":"https:\/\/fieam.org.br\/sesi\/abnt-e-sesi-promovem-workshop-sobre-iso-26000\/#breadcrumb"},"inLanguage":"pt-BR","potentialAction":[{"@type":"ReadAction","target":["https:\/\/fieam.org.br\/sesi\/abnt-e-sesi-promovem-workshop-sobre-iso-26000\/"]}]},{"@type":"BreadcrumbList","@id":"https:\/\/fieam.org.br\/sesi\/abnt-e-sesi-promovem-workshop-sobre-iso-26000\/#breadcrumb","itemListElement":[{"@type":"ListItem","position":1,"name":"In\u00edcio","item":"https:\/\/fieam.org.br\/sesi\/"},{"@type":"ListItem","position":2,"name":"ABNT e SESI promovem workshop sobre ISO 26000"}]},{"@type":"WebSite","@id":"https:\/\/fieam.org.br\/sesi\/#website","url":"https:\/\/fieam.org.br\/sesi\/","name":"SESI","description":"Site Oficial!","publisher":{"@id":"https:\/\/fieam.org.br\/sesi\/#organization"},"potentialAction":[{"@type":"SearchAction","target":{"@type":"EntryPoint","urlTemplate":"https:\/\/fieam.org.br\/sesi\/?s={search_term_string}"},"query-input":{"@type":"PropertyValueSpecification","valueRequired":true,"valueName":"search_term_string"}}],"inLanguage":"pt-BR"},{"@type":"Organization","@id":"https:\/\/fieam.org.br\/sesi\/#organization","name":"SESI","url":"https:\/\/fieam.org.br\/sesi\/","logo":{"@type":"ImageObject","inLanguage":"pt-BR","@id":"https:\/\/fieam.org.br\/sesi\/#\/schema\/logo\/image\/","url":"https:\/\/fieam.org.br\/sesi\/wp-content\/uploads\/sites\/14\/2024\/03\/cropped-fav.png","contentUrl":"https:\/\/fieam.org.br\/sesi\/wp-content\/uploads\/sites\/14\/2024\/03\/cropped-fav.png","width":610,"height":589,"caption":"SESI"},"image":{"@id":"https:\/\/fieam.org.br\/sesi\/#\/schema\/logo\/image\/"}},{"@type":"Person","@id":"https:\/\/fieam.org.br\/sesi\/#\/schema\/person\/f54998dd14d5f0695b41444f2b01c31e","name":"Autor","image":{"@type":"ImageObject","inLanguage":"pt-BR","@id":"https:\/\/secure.gravatar.com\/avatar\/3732c223e0e1fad69062a8f770955c9068d37b055204f310a0be18d4069fe380?s=96&d=mm&r=g","url":"https:\/\/secure.gravatar.com\/avatar\/3732c223e0e1fad69062a8f770955c9068d37b055204f310a0be18d4069fe380?s=96&d=mm&r=g","contentUrl":"https:\/\/secure.gravatar.com\/avatar\/3732c223e0e1fad69062a8f770955c9068d37b055204f310a0be18d4069fe380?s=96&d=mm&r=g","caption":"Autor"},"sameAs":["https:\/\/marketingmassivo.com.br"],"url":"https:\/\/fieam.org.br\/sesi\/author\/admin\/"}]}},"_links":{"self":[{"href":"https:\/\/fieam.org.br\/sesi\/wp-json\/wp\/v2\/posts\/2138","targetHints":{"allow":["GET"]}}],"collection":[{"href":"https:\/\/fieam.org.br\/sesi\/wp-json\/wp\/v2\/posts"}],"about":[{"href":"https:\/\/fieam.org.br\/sesi\/wp-json\/wp\/v2\/types\/post"}],"author":[{"embeddable":true,"href":"https:\/\/fieam.org.br\/sesi\/wp-json\/wp\/v2\/users\/1"}],"replies":[{"embeddable":true,"href":"https:\/\/fieam.org.br\/sesi\/wp-json\/wp\/v2\/comments?post=2138"}],"version-history":[{"count":0,"href":"https:\/\/fieam.org.br\/sesi\/wp-json\/wp\/v2\/posts\/2138\/revisions"}],"wp:attachment":[{"href":"https:\/\/fieam.org.br\/sesi\/wp-json\/wp\/v2\/media?parent=2138"}],"wp:term":[{"taxonomy":"category","embeddable":true,"href":"https:\/\/fieam.org.br\/sesi\/wp-json\/wp\/v2\/categories?post=2138"},{"taxonomy":"post_tag","embeddable":true,"href":"https:\/\/fieam.org.br\/sesi\/wp-json\/wp\/v2\/tags?post=2138"}],"curies":[{"name":"wp","href":"https:\/\/api.w.org\/{rel}","templated":true}]}}