{"id":21260,"date":"2024-11-12T18:41:07","date_gmt":"2024-11-12T18:41:07","guid":{"rendered":"https:\/\/fieam.org.br\/sesi\/?p=21260"},"modified":"2024-11-12T18:41:07","modified_gmt":"2024-11-12T18:41:07","slug":"estudantes-de-manaus-exibem-projetos-cientificos-no-sesi-clube-do-trabalhador","status":"publish","type":"post","link":"https:\/\/fieam.org.br\/sesi\/estudantes-de-manaus-exibem-projetos-cientificos-no-sesi-clube-do-trabalhador\/","title":{"rendered":"Estudantes de Manaus exibem projetos  cient\u00edficos no SESI Clube do Trabalhador"},"content":{"rendered":"<p>A Feira de Ci\u00eancias e Inova\u00e7\u00f5es Educacionais do SESI (Feciens), evento aberto ao p\u00fablico na sexta-feira (15) e s\u00e1bado (16), das 9h \u00e0s 18h, no SESI Clube do Trabalhador (Avenida Cosme Ferreira, 7399 &#8211; S\u00e3o Jos\u00e9 I), ser\u00e1 um espa\u00e7o dedicado a valorizar o conhecimento cient\u00edfico e a criatividade de estudantes da rede p\u00fablica e privada de ensino de Manaus. A mostra ocorre simultaneamente com a 12\u00aa edi\u00e7\u00e3o do Torneio SESI de Rob\u00f3tica, etapa regional<br \/>\nO evento vai reunir 36 projetos finalistas desenvolvidos por alunos de diferentes escolas, com o apoio da Associa\u00e7\u00e3o Brasileira de Qu\u00edmica (ABQ), da Escola Superior de Tecnologia (EST) da Universidade Federal do Amazonas (UEA) e da Olimp\u00edada Nacional de Ci\u00eancias (ONC), institui\u00e7\u00f5es que refor\u00e7am a import\u00e2ncia do evento para a forma\u00e7\u00e3o cient\u00edfica e para o est\u00edmulo ao pensamento cr\u00edtico entre os jovens.<br \/>\nSegundo o professor da SESI Escola de Refer\u00eancia Emina B. Mustafa, Nicanor Antunes, os projetos foram realizados por estudantes de diversas etapas de ensino, desde o Ensino Fundamental I e Ensino Fundamental II at\u00e9 o Ensino M\u00e9dio e a Educa\u00e7\u00e3o de Jovens e Adultos (EJA). \u201cEssa diversidade representa a amplitude da educa\u00e7\u00e3o cient\u00edfica e permite que cada faixa et\u00e1ria explore o conhecimento com propostas adequadas aos seus interesses e n\u00edveis de aprendizado\u201d, afirma o professor.<br \/>\nA Feciens incluir\u00e1 projetos em ampla variedade de \u00e1reas do conhecimento, como Ci\u00eancias Exatas e da Terra, Ci\u00eancias Biol\u00f3gicas, Engenharias, Ci\u00eancias da Sa\u00fade, Ci\u00eancias Agr\u00e1rias, Ci\u00eancias Sociais Aplicadas, Ci\u00eancias Humanas, Lingu\u00edstica, Letras e Artes, al\u00e9m de propostas interdisciplinares que integram v\u00e1rias disciplinas em uma abordagem unificada.<br \/>\n\u201cA feira busca n\u00e3o apenas inspirar novos talentos, mas tamb\u00e9m aproximar a comunidade de temas atuais em ci\u00eancia e tecnologia, promovendo um ambiente em que o conhecimento e a curiosidade caminham lado a lado. \u00c9 uma oportunidade para que o p\u00fablico compreenda o papel do ensino das ci\u00eancias nas escolas e sua aplica\u00e7\u00e3o no cotidiano\u201d, compartilha Antunes.<br \/>\nA Feciens contar\u00e1 com a participa\u00e7\u00e3o de mais de 100 alunos e 60 professores, ser\u00e1 aberta ao p\u00fablico, permitindo que visitantes explorem os estandes dos projetos e conhe\u00e7am de perto as ideias apresentadas pelos estudantes. No mesmo espa\u00e7o, os visitantes tamb\u00e9m poder\u00e3o prestigiar o Torneio SESI de Rob\u00f3tica, etapa regional, que receber\u00e1 233 alunos, 84 t\u00e9cnicos e 42 equipes, sendo 35 do Amazonas, cinco de Roraima e duas de Rond\u00f4nia, com exposi\u00e7\u00f5es das diferentes categorias de rob\u00f3tica, competi\u00e7\u00f5es entre equipes, oficinas e atividades interativas.<\/p>\n","protected":false},"excerpt":{"rendered":"<p>A Feira de Ci\u00eancias e Inova\u00e7\u00f5es Educacionais do SESI (Feciens), evento aberto ao p\u00fablico na sexta-feira (15) e s\u00e1bado (16), das 9h \u00e0s 18h, no SESI Clube do Trabalhador (Avenida Cosme Ferreira, 7399 &#8211; S\u00e3o Jos\u00e9 I), ser\u00e1 um espa\u00e7o dedicado a valorizar o conhecimento cient\u00edfico e a criatividade de estudantes da rede p\u00fablica e [&hellip;]<\/p>\n","protected":false},"author":12,"featured_media":21261,"comment_status":"open","ping_status":"open","sticky":false,"template":"","format":"standard","meta":{"footnotes":""},"categories":[1],"tags":[],"class_list":["post-21260","post","type-post","status-publish","format-standard","has-post-thumbnail","hentry","category-geral"],"yoast_head":"<!-- This site is optimized with the Yoast SEO plugin v26.8 - https:\/\/yoast.com\/product\/yoast-seo-wordpress\/ -->\n<title>Estudantes de Manaus exibem projetos cient\u00edficos no SESI Clube do Trabalhador - SESI<\/title>\n<meta name=\"robots\" content=\"index, follow, max-snippet:-1, max-image-preview:large, max-video-preview:-1\" \/>\n<link rel=\"canonical\" href=\"https:\/\/fieam.org.br\/sesi\/estudantes-de-manaus-exibem-projetos-cientificos-no-sesi-clube-do-trabalhador\/\" \/>\n<meta property=\"og:locale\" content=\"pt_BR\" \/>\n<meta property=\"og:type\" content=\"article\" \/>\n<meta property=\"og:title\" content=\"Estudantes de Manaus exibem projetos cient\u00edficos no SESI Clube do Trabalhador - SESI\" \/>\n<meta property=\"og:description\" content=\"A Feira de Ci\u00eancias e Inova\u00e7\u00f5es Educacionais do SESI (Feciens), evento aberto ao p\u00fablico na sexta-feira (15) e s\u00e1bado (16), das 9h \u00e0s 18h, no SESI Clube do Trabalhador (Avenida Cosme Ferreira, 7399 &#8211; S\u00e3o Jos\u00e9 I), ser\u00e1 um espa\u00e7o dedicado a valorizar o conhecimento cient\u00edfico e a criatividade de estudantes da rede p\u00fablica e [&hellip;]\" \/>\n<meta property=\"og:url\" content=\"https:\/\/fieam.org.br\/sesi\/estudantes-de-manaus-exibem-projetos-cientificos-no-sesi-clube-do-trabalhador\/\" \/>\n<meta property=\"og:site_name\" content=\"SESI\" \/>\n<meta property=\"article:published_time\" content=\"2024-11-12T18:41:07+00:00\" \/>\n<meta property=\"og:image\" content=\"https:\/\/fieam.org.br\/sesi\/wp-content\/uploads\/sites\/14\/2024\/11\/Estudantes-de-Manaus-exibem-projetos-cientificos-no-SESI-Clube-do-Trabalhador.jpeg\" \/>\n\t<meta property=\"og:image:width\" content=\"1600\" \/>\n\t<meta property=\"og:image:height\" content=\"1066\" \/>\n\t<meta property=\"og:image:type\" content=\"image\/jpeg\" \/>\n<meta name=\"author\" content=\"joania\" \/>\n<meta name=\"twitter:card\" content=\"summary_large_image\" \/>\n<meta name=\"twitter:label1\" content=\"Escrito por\" \/>\n\t<meta name=\"twitter:data1\" content=\"joania\" \/>\n\t<meta name=\"twitter:label2\" content=\"Est. tempo de leitura\" \/>\n\t<meta name=\"twitter:data2\" content=\"2 minutos\" \/>\n<script type=\"application\/ld+json\" class=\"yoast-schema-graph\">{\"@context\":\"https:\/\/schema.org\",\"@graph\":[{\"@type\":\"Article\",\"@id\":\"https:\/\/fieam.org.br\/sesi\/estudantes-de-manaus-exibem-projetos-cientificos-no-sesi-clube-do-trabalhador\/#article\",\"isPartOf\":{\"@id\":\"https:\/\/fieam.org.br\/sesi\/estudantes-de-manaus-exibem-projetos-cientificos-no-sesi-clube-do-trabalhador\/\"},\"author\":{\"name\":\"joania\",\"@id\":\"https:\/\/fieam.org.br\/sesi\/#\/schema\/person\/5a4d0cbf4cb90316068853a537ee7b75\"},\"headline\":\"Estudantes de Manaus exibem projetos cient\u00edficos no SESI Clube do Trabalhador\",\"datePublished\":\"2024-11-12T18:41:07+00:00\",\"mainEntityOfPage\":{\"@id\":\"https:\/\/fieam.org.br\/sesi\/estudantes-de-manaus-exibem-projetos-cientificos-no-sesi-clube-do-trabalhador\/\"},\"wordCount\":457,\"commentCount\":0,\"publisher\":{\"@id\":\"https:\/\/fieam.org.br\/sesi\/#organization\"},\"image\":{\"@id\":\"https:\/\/fieam.org.br\/sesi\/estudantes-de-manaus-exibem-projetos-cientificos-no-sesi-clube-do-trabalhador\/#primaryimage\"},\"thumbnailUrl\":\"https:\/\/fieam.org.br\/sesi\/wp-content\/uploads\/sites\/14\/2024\/11\/Estudantes-de-Manaus-exibem-projetos-cientificos-no-SESI-Clube-do-Trabalhador.jpeg\",\"articleSection\":[\"Geral\"],\"inLanguage\":\"pt-BR\",\"potentialAction\":[{\"@type\":\"CommentAction\",\"name\":\"Comment\",\"target\":[\"https:\/\/fieam.org.br\/sesi\/estudantes-de-manaus-exibem-projetos-cientificos-no-sesi-clube-do-trabalhador\/#respond\"]}]},{\"@type\":\"WebPage\",\"@id\":\"https:\/\/fieam.org.br\/sesi\/estudantes-de-manaus-exibem-projetos-cientificos-no-sesi-clube-do-trabalhador\/\",\"url\":\"https:\/\/fieam.org.br\/sesi\/estudantes-de-manaus-exibem-projetos-cientificos-no-sesi-clube-do-trabalhador\/\",\"name\":\"Estudantes de Manaus exibem projetos cient\u00edficos no SESI Clube do Trabalhador - SESI\",\"isPartOf\":{\"@id\":\"https:\/\/fieam.org.br\/sesi\/#website\"},\"primaryImageOfPage\":{\"@id\":\"https:\/\/fieam.org.br\/sesi\/estudantes-de-manaus-exibem-projetos-cientificos-no-sesi-clube-do-trabalhador\/#primaryimage\"},\"image\":{\"@id\":\"https:\/\/fieam.org.br\/sesi\/estudantes-de-manaus-exibem-projetos-cientificos-no-sesi-clube-do-trabalhador\/#primaryimage\"},\"thumbnailUrl\":\"https:\/\/fieam.org.br\/sesi\/wp-content\/uploads\/sites\/14\/2024\/11\/Estudantes-de-Manaus-exibem-projetos-cientificos-no-SESI-Clube-do-Trabalhador.jpeg\",\"datePublished\":\"2024-11-12T18:41:07+00:00\",\"breadcrumb\":{\"@id\":\"https:\/\/fieam.org.br\/sesi\/estudantes-de-manaus-exibem-projetos-cientificos-no-sesi-clube-do-trabalhador\/#breadcrumb\"},\"inLanguage\":\"pt-BR\",\"potentialAction\":[{\"@type\":\"ReadAction\",\"target\":[\"https:\/\/fieam.org.br\/sesi\/estudantes-de-manaus-exibem-projetos-cientificos-no-sesi-clube-do-trabalhador\/\"]}]},{\"@type\":\"ImageObject\",\"inLanguage\":\"pt-BR\",\"@id\":\"https:\/\/fieam.org.br\/sesi\/estudantes-de-manaus-exibem-projetos-cientificos-no-sesi-clube-do-trabalhador\/#primaryimage\",\"url\":\"https:\/\/fieam.org.br\/sesi\/wp-content\/uploads\/sites\/14\/2024\/11\/Estudantes-de-Manaus-exibem-projetos-cientificos-no-SESI-Clube-do-Trabalhador.jpeg\",\"contentUrl\":\"https:\/\/fieam.org.br\/sesi\/wp-content\/uploads\/sites\/14\/2024\/11\/Estudantes-de-Manaus-exibem-projetos-cientificos-no-SESI-Clube-do-Trabalhador.jpeg\",\"width\":1600,\"height\":1066},{\"@type\":\"BreadcrumbList\",\"@id\":\"https:\/\/fieam.org.br\/sesi\/estudantes-de-manaus-exibem-projetos-cientificos-no-sesi-clube-do-trabalhador\/#breadcrumb\",\"itemListElement\":[{\"@type\":\"ListItem\",\"position\":1,\"name\":\"In\u00edcio\",\"item\":\"https:\/\/fieam.org.br\/sesi\/\"},{\"@type\":\"ListItem\",\"position\":2,\"name\":\"Estudantes de Manaus exibem projetos cient\u00edficos no SESI Clube do Trabalhador\"}]},{\"@type\":\"WebSite\",\"@id\":\"https:\/\/fieam.org.br\/sesi\/#website\",\"url\":\"https:\/\/fieam.org.br\/sesi\/\",\"name\":\"SESI\",\"description\":\"Site Oficial!\",\"publisher\":{\"@id\":\"https:\/\/fieam.org.br\/sesi\/#organization\"},\"potentialAction\":[{\"@type\":\"SearchAction\",\"target\":{\"@type\":\"EntryPoint\",\"urlTemplate\":\"https:\/\/fieam.org.br\/sesi\/?s={search_term_string}\"},\"query-input\":{\"@type\":\"PropertyValueSpecification\",\"valueRequired\":true,\"valueName\":\"search_term_string\"}}],\"inLanguage\":\"pt-BR\"},{\"@type\":\"Organization\",\"@id\":\"https:\/\/fieam.org.br\/sesi\/#organization\",\"name\":\"SESI\",\"url\":\"https:\/\/fieam.org.br\/sesi\/\",\"logo\":{\"@type\":\"ImageObject\",\"inLanguage\":\"pt-BR\",\"@id\":\"https:\/\/fieam.org.br\/sesi\/#\/schema\/logo\/image\/\",\"url\":\"https:\/\/fieam.org.br\/sesi\/wp-content\/uploads\/sites\/14\/2024\/03\/cropped-fav.png\",\"contentUrl\":\"https:\/\/fieam.org.br\/sesi\/wp-content\/uploads\/sites\/14\/2024\/03\/cropped-fav.png\",\"width\":610,\"height\":589,\"caption\":\"SESI\"},\"image\":{\"@id\":\"https:\/\/fieam.org.br\/sesi\/#\/schema\/logo\/image\/\"}},{\"@type\":\"Person\",\"@id\":\"https:\/\/fieam.org.br\/sesi\/#\/schema\/person\/5a4d0cbf4cb90316068853a537ee7b75\",\"name\":\"joania\",\"image\":{\"@type\":\"ImageObject\",\"inLanguage\":\"pt-BR\",\"@id\":\"https:\/\/fieam.org.br\/sesi\/#\/schema\/person\/image\/\",\"url\":\"https:\/\/secure.gravatar.com\/avatar\/cf50cdab9b211eed7bfb47385e62cad09b856cc1b523532170e88b6bb2768e66?s=96&d=mm&r=g\",\"contentUrl\":\"https:\/\/secure.gravatar.com\/avatar\/cf50cdab9b211eed7bfb47385e62cad09b856cc1b523532170e88b6bb2768e66?s=96&d=mm&r=g\",\"caption\":\"joania\"},\"url\":\"https:\/\/fieam.org.br\/sesi\/author\/joania\/\"}]}<\/script>\n<!-- \/ Yoast SEO plugin. -->","yoast_head_json":{"title":"Estudantes de Manaus exibem projetos cient\u00edficos no SESI Clube do Trabalhador - SESI","robots":{"index":"index","follow":"follow","max-snippet":"max-snippet:-1","max-image-preview":"max-image-preview:large","max-video-preview":"max-video-preview:-1"},"canonical":"https:\/\/fieam.org.br\/sesi\/estudantes-de-manaus-exibem-projetos-cientificos-no-sesi-clube-do-trabalhador\/","og_locale":"pt_BR","og_type":"article","og_title":"Estudantes de Manaus exibem projetos cient\u00edficos no SESI Clube do Trabalhador - SESI","og_description":"A Feira de Ci\u00eancias e Inova\u00e7\u00f5es Educacionais do SESI (Feciens), evento aberto ao p\u00fablico na sexta-feira (15) e s\u00e1bado (16), das 9h \u00e0s 18h, no SESI Clube do Trabalhador (Avenida Cosme Ferreira, 7399 &#8211; S\u00e3o Jos\u00e9 I), ser\u00e1 um espa\u00e7o dedicado a valorizar o conhecimento cient\u00edfico e a criatividade de estudantes da rede p\u00fablica e [&hellip;]","og_url":"https:\/\/fieam.org.br\/sesi\/estudantes-de-manaus-exibem-projetos-cientificos-no-sesi-clube-do-trabalhador\/","og_site_name":"SESI","article_published_time":"2024-11-12T18:41:07+00:00","og_image":[{"width":1600,"height":1066,"url":"https:\/\/fieam.org.br\/sesi\/wp-content\/uploads\/sites\/14\/2024\/11\/Estudantes-de-Manaus-exibem-projetos-cientificos-no-SESI-Clube-do-Trabalhador.jpeg","type":"image\/jpeg"}],"author":"joania","twitter_card":"summary_large_image","twitter_misc":{"Escrito por":"joania","Est. tempo de leitura":"2 minutos"},"schema":{"@context":"https:\/\/schema.org","@graph":[{"@type":"Article","@id":"https:\/\/fieam.org.br\/sesi\/estudantes-de-manaus-exibem-projetos-cientificos-no-sesi-clube-do-trabalhador\/#article","isPartOf":{"@id":"https:\/\/fieam.org.br\/sesi\/estudantes-de-manaus-exibem-projetos-cientificos-no-sesi-clube-do-trabalhador\/"},"author":{"name":"joania","@id":"https:\/\/fieam.org.br\/sesi\/#\/schema\/person\/5a4d0cbf4cb90316068853a537ee7b75"},"headline":"Estudantes de Manaus exibem projetos cient\u00edficos no SESI Clube do Trabalhador","datePublished":"2024-11-12T18:41:07+00:00","mainEntityOfPage":{"@id":"https:\/\/fieam.org.br\/sesi\/estudantes-de-manaus-exibem-projetos-cientificos-no-sesi-clube-do-trabalhador\/"},"wordCount":457,"commentCount":0,"publisher":{"@id":"https:\/\/fieam.org.br\/sesi\/#organization"},"image":{"@id":"https:\/\/fieam.org.br\/sesi\/estudantes-de-manaus-exibem-projetos-cientificos-no-sesi-clube-do-trabalhador\/#primaryimage"},"thumbnailUrl":"https:\/\/fieam.org.br\/sesi\/wp-content\/uploads\/sites\/14\/2024\/11\/Estudantes-de-Manaus-exibem-projetos-cientificos-no-SESI-Clube-do-Trabalhador.jpeg","articleSection":["Geral"],"inLanguage":"pt-BR","potentialAction":[{"@type":"CommentAction","name":"Comment","target":["https:\/\/fieam.org.br\/sesi\/estudantes-de-manaus-exibem-projetos-cientificos-no-sesi-clube-do-trabalhador\/#respond"]}]},{"@type":"WebPage","@id":"https:\/\/fieam.org.br\/sesi\/estudantes-de-manaus-exibem-projetos-cientificos-no-sesi-clube-do-trabalhador\/","url":"https:\/\/fieam.org.br\/sesi\/estudantes-de-manaus-exibem-projetos-cientificos-no-sesi-clube-do-trabalhador\/","name":"Estudantes de Manaus exibem projetos cient\u00edficos no SESI Clube do Trabalhador - SESI","isPartOf":{"@id":"https:\/\/fieam.org.br\/sesi\/#website"},"primaryImageOfPage":{"@id":"https:\/\/fieam.org.br\/sesi\/estudantes-de-manaus-exibem-projetos-cientificos-no-sesi-clube-do-trabalhador\/#primaryimage"},"image":{"@id":"https:\/\/fieam.org.br\/sesi\/estudantes-de-manaus-exibem-projetos-cientificos-no-sesi-clube-do-trabalhador\/#primaryimage"},"thumbnailUrl":"https:\/\/fieam.org.br\/sesi\/wp-content\/uploads\/sites\/14\/2024\/11\/Estudantes-de-Manaus-exibem-projetos-cientificos-no-SESI-Clube-do-Trabalhador.jpeg","datePublished":"2024-11-12T18:41:07+00:00","breadcrumb":{"@id":"https:\/\/fieam.org.br\/sesi\/estudantes-de-manaus-exibem-projetos-cientificos-no-sesi-clube-do-trabalhador\/#breadcrumb"},"inLanguage":"pt-BR","potentialAction":[{"@type":"ReadAction","target":["https:\/\/fieam.org.br\/sesi\/estudantes-de-manaus-exibem-projetos-cientificos-no-sesi-clube-do-trabalhador\/"]}]},{"@type":"ImageObject","inLanguage":"pt-BR","@id":"https:\/\/fieam.org.br\/sesi\/estudantes-de-manaus-exibem-projetos-cientificos-no-sesi-clube-do-trabalhador\/#primaryimage","url":"https:\/\/fieam.org.br\/sesi\/wp-content\/uploads\/sites\/14\/2024\/11\/Estudantes-de-Manaus-exibem-projetos-cientificos-no-SESI-Clube-do-Trabalhador.jpeg","contentUrl":"https:\/\/fieam.org.br\/sesi\/wp-content\/uploads\/sites\/14\/2024\/11\/Estudantes-de-Manaus-exibem-projetos-cientificos-no-SESI-Clube-do-Trabalhador.jpeg","width":1600,"height":1066},{"@type":"BreadcrumbList","@id":"https:\/\/fieam.org.br\/sesi\/estudantes-de-manaus-exibem-projetos-cientificos-no-sesi-clube-do-trabalhador\/#breadcrumb","itemListElement":[{"@type":"ListItem","position":1,"name":"In\u00edcio","item":"https:\/\/fieam.org.br\/sesi\/"},{"@type":"ListItem","position":2,"name":"Estudantes de Manaus exibem projetos cient\u00edficos no SESI Clube do Trabalhador"}]},{"@type":"WebSite","@id":"https:\/\/fieam.org.br\/sesi\/#website","url":"https:\/\/fieam.org.br\/sesi\/","name":"SESI","description":"Site Oficial!","publisher":{"@id":"https:\/\/fieam.org.br\/sesi\/#organization"},"potentialAction":[{"@type":"SearchAction","target":{"@type":"EntryPoint","urlTemplate":"https:\/\/fieam.org.br\/sesi\/?s={search_term_string}"},"query-input":{"@type":"PropertyValueSpecification","valueRequired":true,"valueName":"search_term_string"}}],"inLanguage":"pt-BR"},{"@type":"Organization","@id":"https:\/\/fieam.org.br\/sesi\/#organization","name":"SESI","url":"https:\/\/fieam.org.br\/sesi\/","logo":{"@type":"ImageObject","inLanguage":"pt-BR","@id":"https:\/\/fieam.org.br\/sesi\/#\/schema\/logo\/image\/","url":"https:\/\/fieam.org.br\/sesi\/wp-content\/uploads\/sites\/14\/2024\/03\/cropped-fav.png","contentUrl":"https:\/\/fieam.org.br\/sesi\/wp-content\/uploads\/sites\/14\/2024\/03\/cropped-fav.png","width":610,"height":589,"caption":"SESI"},"image":{"@id":"https:\/\/fieam.org.br\/sesi\/#\/schema\/logo\/image\/"}},{"@type":"Person","@id":"https:\/\/fieam.org.br\/sesi\/#\/schema\/person\/5a4d0cbf4cb90316068853a537ee7b75","name":"joania","image":{"@type":"ImageObject","inLanguage":"pt-BR","@id":"https:\/\/fieam.org.br\/sesi\/#\/schema\/person\/image\/","url":"https:\/\/secure.gravatar.com\/avatar\/cf50cdab9b211eed7bfb47385e62cad09b856cc1b523532170e88b6bb2768e66?s=96&d=mm&r=g","contentUrl":"https:\/\/secure.gravatar.com\/avatar\/cf50cdab9b211eed7bfb47385e62cad09b856cc1b523532170e88b6bb2768e66?s=96&d=mm&r=g","caption":"joania"},"url":"https:\/\/fieam.org.br\/sesi\/author\/joania\/"}]}},"_links":{"self":[{"href":"https:\/\/fieam.org.br\/sesi\/wp-json\/wp\/v2\/posts\/21260","targetHints":{"allow":["GET"]}}],"collection":[{"href":"https:\/\/fieam.org.br\/sesi\/wp-json\/wp\/v2\/posts"}],"about":[{"href":"https:\/\/fieam.org.br\/sesi\/wp-json\/wp\/v2\/types\/post"}],"author":[{"embeddable":true,"href":"https:\/\/fieam.org.br\/sesi\/wp-json\/wp\/v2\/users\/12"}],"replies":[{"embeddable":true,"href":"https:\/\/fieam.org.br\/sesi\/wp-json\/wp\/v2\/comments?post=21260"}],"version-history":[{"count":1,"href":"https:\/\/fieam.org.br\/sesi\/wp-json\/wp\/v2\/posts\/21260\/revisions"}],"predecessor-version":[{"id":21262,"href":"https:\/\/fieam.org.br\/sesi\/wp-json\/wp\/v2\/posts\/21260\/revisions\/21262"}],"wp:featuredmedia":[{"embeddable":true,"href":"https:\/\/fieam.org.br\/sesi\/wp-json\/wp\/v2\/media\/21261"}],"wp:attachment":[{"href":"https:\/\/fieam.org.br\/sesi\/wp-json\/wp\/v2\/media?parent=21260"}],"wp:term":[{"taxonomy":"category","embeddable":true,"href":"https:\/\/fieam.org.br\/sesi\/wp-json\/wp\/v2\/categories?post=21260"},{"taxonomy":"post_tag","embeddable":true,"href":"https:\/\/fieam.org.br\/sesi\/wp-json\/wp\/v2\/tags?post=21260"}],"curies":[{"name":"wp","href":"https:\/\/api.w.org\/{rel}","templated":true}]}}