{"id":2124,"date":"2011-10-19T16:11:25","date_gmt":"2011-10-19T16:11:25","guid":{"rendered":"http:\/\/www.fieam.org.br\/site\/sesi\/?p=2124"},"modified":"2011-10-19T16:11:25","modified_gmt":"2011-10-19T16:11:25","slug":"programa-atleta-do-futuro-2","status":"publish","type":"post","link":"https:\/\/fieam.org.br\/sesi\/programa-atleta-do-futuro-2\/","title":{"rendered":"Programa Atleta do Futuro"},"content":{"rendered":"<figure id=\"attachment_2125\" aria-describedby=\"caption-attachment-2125\" style=\"width: 300px\" class=\"wp-caption alignleft\"><a href=\"http:\/\/www.fieam.org.br\/site\/sesi\/files\/2011\/10\/Coordenadores-e-parceiros-do-PAF.jpg\"><img fetchpriority=\"high\" decoding=\"async\" class=\"size-medium wp-image-2125\" src=\"http:\/\/www.fieam.org.br\/site\/sesi\/files\/2011\/10\/Coordenadores-e-parceiros-do-PAF-300x200.jpg\" alt=\"Coordenadores e parceiros do PAF\" width=\"300\" height=\"200\" srcset=\"https:\/\/fieam.org.br\/sesi\/wp-content\/uploads\/sites\/14\/2011\/10\/Coordenadores-e-parceiros-do-PAF-300x200.jpg 300w, https:\/\/fieam.org.br\/sesi\/wp-content\/uploads\/sites\/14\/2011\/10\/Coordenadores-e-parceiros-do-PAF.jpg 640w\" sizes=\"(max-width: 300px) 100vw, 300px\" \/><\/a><figcaption id=\"caption-attachment-2125\" class=\"wp-caption-text\">Coordenadores e parceiros do PAF<\/figcaption><\/figure>\n<p>O <a href=\"http:\/\/www.fieam.org.br\/site\/sesi\/institucional\/\" target=\"_blank\" rel=\"noopener\">Servi\u00e7o Social da Ind\u00fastria (SESI Amazonas)<\/a> prev\u00ea para este ano beneficiar 1,2 mil crian\u00e7as pelo Programa Atleta do Futuro (PAF). O programa j\u00e1 tende 700 crian\u00e7as matriculadas nas escolas estaduais Mirthes Trigueiro (Coroado II) e General Sampaio (S\u00e3o Jorge). Atualmente, o PAF conta apoio da empresa Recofarma.<\/p>\n<p>Para intensificar a divulga\u00e7\u00e3o do Programa, o SESI Amazonas promoveu nesta manh\u00e3, no <a href=\"http:\/\/www.atlanticahotels.com.br\/atlantica\/hoteis\/estrutura.asp?Numfuncionalidade=292&amp;NumHotel=1026&amp;Cidade=Manaus&amp;titulo=Apresenta\" target=\"_blank\" rel=\"noopener\">Comfort Hotel<\/a>, um Caf\u00e9 da Manh\u00e3 para empresas do Polo industrial de Manaus.<\/p>\n<p>Inicialmente, as alunas do PAF t\u00eam aulas de dan\u00e7a (bal\u00e9 e jazz) e os meninos praticam futsal. As aulas t\u00eam dura\u00e7\u00e3o de uma hora e s\u00e3o ministradas por profissionais do SESI.<\/p>\n<p>Para 2012, a expectativa \u00e9 proporcionar aos pequenos a experi\u00eancia em v\u00e1rias atividades esportivas e tamb\u00e9m a separa\u00e7\u00e3o dos grupos por faixa et\u00e1ria. Ap\u00f3s experimentar diversas modalidades, o jovem optar\u00e1 pelo esporte preferido.<\/p>\n<figure id=\"attachment_2127\" aria-describedby=\"caption-attachment-2127\" style=\"width: 300px\" class=\"wp-caption alignleft\"><a href=\"http:\/\/www.fieam.org.br\/site\/sesi\/files\/2011\/10\/Inauhini-representante-da-Recofarma.jpg\"><img decoding=\"async\" class=\"size-medium wp-image-2127\" src=\"http:\/\/www.fieam.org.br\/site\/sesi\/files\/2011\/10\/Inauhini-representante-da-Recofarma-300x200.jpg\" alt=\"Inauhini-representante da Recofarma\" width=\"300\" height=\"200\" srcset=\"https:\/\/fieam.org.br\/sesi\/wp-content\/uploads\/sites\/14\/2011\/10\/Inauhini-representante-da-Recofarma-300x200.jpg 300w, https:\/\/fieam.org.br\/sesi\/wp-content\/uploads\/sites\/14\/2011\/10\/Inauhini-representante-da-Recofarma.jpg 640w\" sizes=\"(max-width: 300px) 100vw, 300px\" \/><\/a><figcaption id=\"caption-attachment-2127\" class=\"wp-caption-text\">Inauhini-representante da Recofarma<\/figcaption><\/figure>\n<p>Segundo o coordenador do PAF no SESI\/AM, Jos\u00e9 Rodrigo Travessa, as principais vantagens do programa s\u00e3o a inclus\u00e3o social das crian\u00e7as por meio do esporte, o que resulta no melhor rendimento escolar, est\u00edmulo ao estudo, cidadania e perspectivas de futuro.<\/p>\n<p>\u201cQuem sabe este programa possa ainda descobrir em algum lugar do pa\u00eds um atleta que dispute as Olimp\u00edadas de 2016 no Brasil\u201d, disse o coordenador.<\/p>\n<p>Al\u00e9m da pr\u00e1tica esportiva, o programa trabalha com temas transversais como orienta\u00e7\u00e3o sexual, meio ambiente, \u00e9tica, respeito, entre outros.<\/p>\n<p>Na escola do Coroado II, primeira a iniciar o projeto, j\u00e1 foram promovidos cursos do Cozinha Brasil para as m\u00e3es dos alunos, orienta\u00e7\u00e3o sexual com assistente social do SESI para as crian\u00e7as, Curso de Finan\u00e7as dom\u00e9sticas para os pais de alunos e teatro sobre o meio ambiente, al\u00e9m do aprendizado dos valores do esporte como o esp\u00edrito de equipe, ajuda m\u00fatua e lideran\u00e7a.<\/p>\n<p><strong> <\/strong><\/p>\n<p><strong><\/p>\n<p><\/strong><\/p>\n<p><strong>Metas nacionais<\/strong><\/p>\n<p>At\u00e9 2015, o SESI vai formar 500 mil novos atletas com nova mentalidade esportiva, com respeito principalmente aos valores esportivos e com estilo de vida mais saud\u00e1vel.<\/p>\n<p>A afirma\u00e7\u00e3o foi feita pelo coordenador nacional do Programa Atleta do Futuro (PAF), Felipe Fagundes, para representantes de empresas do PIM, no audit\u00f3rio do Comfort Hotel, Distrito Industrial.<\/p>\n<p>De acordo com Fagundes, o PAF \u00e9 um projeto educativo que utiliza o esporte como ferramenta principal para desenvolver todas as habilidades dos alunos e tem por objetivo principal trabalhar nas crian\u00e7as valores como o esp\u00edrito de equipe, \u00e9tica e compromisso, contribuindo na forma\u00e7\u00e3o de cidad\u00e3o.<\/p>\n<p><strong><\/p>\n<figure id=\"attachment_2126\" aria-describedby=\"caption-attachment-2126\" style=\"width: 300px\" class=\"wp-caption alignleft\"><a href=\"http:\/\/www.fieam.org.br\/site\/sesi\/files\/2011\/10\/Felipe-coordenador-nacional-do-PAF.jpg\"><img decoding=\"async\" class=\"size-medium wp-image-2126\" src=\"http:\/\/www.fieam.org.br\/site\/sesi\/files\/2011\/10\/Felipe-coordenador-nacional-do-PAF-300x200.jpg\" alt=\"Felipe- coordenador nacional do PAF\" width=\"300\" height=\"200\" srcset=\"https:\/\/fieam.org.br\/sesi\/wp-content\/uploads\/sites\/14\/2011\/10\/Felipe-coordenador-nacional-do-PAF-300x200.jpg 300w, https:\/\/fieam.org.br\/sesi\/wp-content\/uploads\/sites\/14\/2011\/10\/Felipe-coordenador-nacional-do-PAF.jpg 640w\" sizes=\"(max-width: 300px) 100vw, 300px\" \/><\/a><figcaption id=\"caption-attachment-2126\" class=\"wp-caption-text\">Felipe- coordenador nacional do PAF<\/figcaption><\/figure>\n<p><\/strong>Segundo Felipe, pelos menos 16 atletas matriculados no programa dever\u00e3o participar dos Jogos Ol\u00edmpicos em 2016, no Rio de Janeiro, e que hoje o programa beneficia cerca de 190 mil alunos entre 6 e 17 anos em\u00a0 26 estados brasileiro e no Distrito Federal, em 36 modalidades esportivas em parceria com 400 ind\u00fastrias brasileiras.<\/p>\n<p>Ele disse que o Programa Atleta do Futuro tem metodologia pr\u00f3pria, sendo desenvolvido em cinco fases e que o aluno escolhe em um das fases, a modalidade que deseja praticar, e que nas\u00a0 primeiras fases, o aluno tem contato com toadas as modalidades e que\u00a0 as \u00faltimas fases s\u00e3o de especializa\u00e7\u00e3o.\u201c O programa mexe\u00a0 com o sonho da crian\u00e7a de um dia melhor\u201d, disse.<\/p>\n","protected":false},"excerpt":{"rendered":"<p>O Servi\u00e7o Social da Ind\u00fastria (SESI Amazonas) prev\u00ea para este ano beneficiar 1,2 mil crian\u00e7as pelo Programa Atleta do Futuro (PAF). O programa j\u00e1 tende 700 crian\u00e7as matriculadas nas escolas estaduais Mirthes Trigueiro (Coroado II) e General Sampaio (S\u00e3o Jorge). Atualmente, o PAF conta apoio da empresa Recofarma. Para intensificar a divulga\u00e7\u00e3o do Programa, o [&hellip;]<\/p>\n","protected":false},"author":1,"featured_media":0,"comment_status":"open","ping_status":"open","sticky":false,"template":"","format":"standard","meta":{"footnotes":""},"categories":[25],"tags":[],"class_list":["post-2124","post","type-post","status-publish","format-standard","hentry","category-news"],"yoast_head":"<!-- This site is optimized with the Yoast SEO plugin v28.2 - https:\/\/yoast.com\/product\/yoast-seo-wordpress\/ -->\n<title>Programa Atleta do Futuro - SESI<\/title>\n<meta name=\"robots\" content=\"index, follow, max-snippet:-1, max-image-preview:large, max-video-preview:-1\" \/>\n<link rel=\"canonical\" href=\"https:\/\/fieam.org.br\/sesi\/programa-atleta-do-futuro-2\/\" \/>\n<meta property=\"og:locale\" content=\"pt_BR\" \/>\n<meta property=\"og:type\" content=\"article\" \/>\n<meta property=\"og:title\" content=\"Programa Atleta do Futuro - SESI\" \/>\n<meta property=\"og:description\" content=\"O Servi\u00e7o Social da Ind\u00fastria (SESI Amazonas) prev\u00ea para este ano beneficiar 1,2 mil crian\u00e7as pelo Programa Atleta do Futuro (PAF). O programa j\u00e1 tende 700 crian\u00e7as matriculadas nas escolas estaduais Mirthes Trigueiro (Coroado II) e General Sampaio (S\u00e3o Jorge). Atualmente, o PAF conta apoio da empresa Recofarma. Para intensificar a divulga\u00e7\u00e3o do Programa, o [&hellip;]\" \/>\n<meta property=\"og:url\" content=\"https:\/\/fieam.org.br\/sesi\/programa-atleta-do-futuro-2\/\" \/>\n<meta property=\"og:site_name\" content=\"SESI\" \/>\n<meta property=\"article:published_time\" content=\"2011-10-19T16:11:25+00:00\" \/>\n<meta property=\"og:image\" content=\"https:\/\/fieam.org.br\/sesi\/wp-content\/uploads\/sites\/14\/2011\/10\/Coordenadores-e-parceiros-do-PAF.jpg\" \/>\n\t<meta property=\"og:image:width\" content=\"640\" \/>\n\t<meta property=\"og:image:height\" content=\"427\" \/>\n\t<meta property=\"og:image:type\" content=\"image\/jpeg\" \/>\n<meta name=\"author\" content=\"Autor\" \/>\n<meta name=\"twitter:card\" content=\"summary_large_image\" \/>\n<meta name=\"twitter:label1\" content=\"Escrito por\" \/>\n\t<meta name=\"twitter:data1\" content=\"Autor\" \/>\n\t<meta name=\"twitter:label2\" content=\"Est. tempo de leitura\" \/>\n\t<meta name=\"twitter:data2\" content=\"3 minutos\" \/>\n<script type=\"application\/ld+json\" class=\"yoast-schema-graph\">{\"@context\":\"https:\\\/\\\/schema.org\",\"@graph\":[{\"@type\":\"Article\",\"@id\":\"https:\\\/\\\/fieam.org.br\\\/sesi\\\/programa-atleta-do-futuro-2\\\/#article\",\"isPartOf\":{\"@id\":\"https:\\\/\\\/fieam.org.br\\\/sesi\\\/programa-atleta-do-futuro-2\\\/\"},\"author\":{\"name\":\"Autor\",\"@id\":\"https:\\\/\\\/fieam.org.br\\\/sesi\\\/#\\\/schema\\\/person\\\/f54998dd14d5f0695b41444f2b01c31e\"},\"headline\":\"Programa Atleta do Futuro\",\"datePublished\":\"2011-10-19T16:11:25+00:00\",\"mainEntityOfPage\":{\"@id\":\"https:\\\/\\\/fieam.org.br\\\/sesi\\\/programa-atleta-do-futuro-2\\\/\"},\"wordCount\":581,\"commentCount\":0,\"publisher\":{\"@id\":\"https:\\\/\\\/fieam.org.br\\\/sesi\\\/#organization\"},\"image\":{\"@id\":\"https:\\\/\\\/fieam.org.br\\\/sesi\\\/programa-atleta-do-futuro-2\\\/#primaryimage\"},\"thumbnailUrl\":\"http:\\\/\\\/www.fieam.org.br\\\/site\\\/sesi\\\/files\\\/2011\\\/10\\\/Coordenadores-e-parceiros-do-PAF-300x200.jpg\",\"articleSection\":[\"News\"],\"inLanguage\":\"pt-BR\",\"potentialAction\":[{\"@type\":\"CommentAction\",\"name\":\"Comment\",\"target\":[\"https:\\\/\\\/fieam.org.br\\\/sesi\\\/programa-atleta-do-futuro-2\\\/#respond\"]}]},{\"@type\":\"WebPage\",\"@id\":\"https:\\\/\\\/fieam.org.br\\\/sesi\\\/programa-atleta-do-futuro-2\\\/\",\"url\":\"https:\\\/\\\/fieam.org.br\\\/sesi\\\/programa-atleta-do-futuro-2\\\/\",\"name\":\"Programa Atleta do Futuro - SESI\",\"isPartOf\":{\"@id\":\"https:\\\/\\\/fieam.org.br\\\/sesi\\\/#website\"},\"primaryImageOfPage\":{\"@id\":\"https:\\\/\\\/fieam.org.br\\\/sesi\\\/programa-atleta-do-futuro-2\\\/#primaryimage\"},\"image\":{\"@id\":\"https:\\\/\\\/fieam.org.br\\\/sesi\\\/programa-atleta-do-futuro-2\\\/#primaryimage\"},\"thumbnailUrl\":\"http:\\\/\\\/www.fieam.org.br\\\/site\\\/sesi\\\/files\\\/2011\\\/10\\\/Coordenadores-e-parceiros-do-PAF-300x200.jpg\",\"datePublished\":\"2011-10-19T16:11:25+00:00\",\"breadcrumb\":{\"@id\":\"https:\\\/\\\/fieam.org.br\\\/sesi\\\/programa-atleta-do-futuro-2\\\/#breadcrumb\"},\"inLanguage\":\"pt-BR\",\"potentialAction\":[{\"@type\":\"ReadAction\",\"target\":[\"https:\\\/\\\/fieam.org.br\\\/sesi\\\/programa-atleta-do-futuro-2\\\/\"]}]},{\"@type\":\"ImageObject\",\"inLanguage\":\"pt-BR\",\"@id\":\"https:\\\/\\\/fieam.org.br\\\/sesi\\\/programa-atleta-do-futuro-2\\\/#primaryimage\",\"url\":\"http:\\\/\\\/www.fieam.org.br\\\/site\\\/sesi\\\/files\\\/2011\\\/10\\\/Coordenadores-e-parceiros-do-PAF-300x200.jpg\",\"contentUrl\":\"http:\\\/\\\/www.fieam.org.br\\\/site\\\/sesi\\\/files\\\/2011\\\/10\\\/Coordenadores-e-parceiros-do-PAF-300x200.jpg\"},{\"@type\":\"BreadcrumbList\",\"@id\":\"https:\\\/\\\/fieam.org.br\\\/sesi\\\/programa-atleta-do-futuro-2\\\/#breadcrumb\",\"itemListElement\":[{\"@type\":\"ListItem\",\"position\":1,\"name\":\"In\u00edcio\",\"item\":\"https:\\\/\\\/fieam.org.br\\\/sesi\\\/\"},{\"@type\":\"ListItem\",\"position\":2,\"name\":\"Programa Atleta do Futuro\"}]},{\"@type\":\"WebSite\",\"@id\":\"https:\\\/\\\/fieam.org.br\\\/sesi\\\/#website\",\"url\":\"https:\\\/\\\/fieam.org.br\\\/sesi\\\/\",\"name\":\"SESI\",\"description\":\"Site Oficial!\",\"publisher\":{\"@id\":\"https:\\\/\\\/fieam.org.br\\\/sesi\\\/#organization\"},\"potentialAction\":[{\"@type\":\"SearchAction\",\"target\":{\"@type\":\"EntryPoint\",\"urlTemplate\":\"https:\\\/\\\/fieam.org.br\\\/sesi\\\/?s={search_term_string}\"},\"query-input\":{\"@type\":\"PropertyValueSpecification\",\"valueRequired\":true,\"valueName\":\"search_term_string\"}}],\"inLanguage\":\"pt-BR\"},{\"@type\":\"Organization\",\"@id\":\"https:\\\/\\\/fieam.org.br\\\/sesi\\\/#organization\",\"name\":\"SESI\",\"url\":\"https:\\\/\\\/fieam.org.br\\\/sesi\\\/\",\"logo\":{\"@type\":\"ImageObject\",\"inLanguage\":\"pt-BR\",\"@id\":\"https:\\\/\\\/fieam.org.br\\\/sesi\\\/#\\\/schema\\\/logo\\\/image\\\/\",\"url\":\"https:\\\/\\\/fieam.org.br\\\/sesi\\\/wp-content\\\/uploads\\\/sites\\\/14\\\/2024\\\/03\\\/cropped-fav.png\",\"contentUrl\":\"https:\\\/\\\/fieam.org.br\\\/sesi\\\/wp-content\\\/uploads\\\/sites\\\/14\\\/2024\\\/03\\\/cropped-fav.png\",\"width\":610,\"height\":589,\"caption\":\"SESI\"},\"image\":{\"@id\":\"https:\\\/\\\/fieam.org.br\\\/sesi\\\/#\\\/schema\\\/logo\\\/image\\\/\"}},{\"@type\":\"Person\",\"@id\":\"https:\\\/\\\/fieam.org.br\\\/sesi\\\/#\\\/schema\\\/person\\\/f54998dd14d5f0695b41444f2b01c31e\",\"name\":\"Autor\",\"image\":{\"@type\":\"ImageObject\",\"inLanguage\":\"pt-BR\",\"@id\":\"https:\\\/\\\/secure.gravatar.com\\\/avatar\\\/3732c223e0e1fad69062a8f770955c9068d37b055204f310a0be18d4069fe380?s=96&d=mm&r=g\",\"url\":\"https:\\\/\\\/secure.gravatar.com\\\/avatar\\\/3732c223e0e1fad69062a8f770955c9068d37b055204f310a0be18d4069fe380?s=96&d=mm&r=g\",\"contentUrl\":\"https:\\\/\\\/secure.gravatar.com\\\/avatar\\\/3732c223e0e1fad69062a8f770955c9068d37b055204f310a0be18d4069fe380?s=96&d=mm&r=g\",\"caption\":\"Autor\"},\"sameAs\":[\"https:\\\/\\\/marketingmassivo.com.br\"],\"url\":\"https:\\\/\\\/fieam.org.br\\\/sesi\\\/author\\\/admin\\\/\"}]}<\/script>\n<!-- \/ Yoast SEO plugin. -->","yoast_head_json":{"title":"Programa Atleta do Futuro - SESI","robots":{"index":"index","follow":"follow","max-snippet":"max-snippet:-1","max-image-preview":"max-image-preview:large","max-video-preview":"max-video-preview:-1"},"canonical":"https:\/\/fieam.org.br\/sesi\/programa-atleta-do-futuro-2\/","og_locale":"pt_BR","og_type":"article","og_title":"Programa Atleta do Futuro - SESI","og_description":"O Servi\u00e7o Social da Ind\u00fastria (SESI Amazonas) prev\u00ea para este ano beneficiar 1,2 mil crian\u00e7as pelo Programa Atleta do Futuro (PAF). O programa j\u00e1 tende 700 crian\u00e7as matriculadas nas escolas estaduais Mirthes Trigueiro (Coroado II) e General Sampaio (S\u00e3o Jorge). Atualmente, o PAF conta apoio da empresa Recofarma. Para intensificar a divulga\u00e7\u00e3o do Programa, o [&hellip;]","og_url":"https:\/\/fieam.org.br\/sesi\/programa-atleta-do-futuro-2\/","og_site_name":"SESI","article_published_time":"2011-10-19T16:11:25+00:00","og_image":[{"width":640,"height":427,"url":"https:\/\/fieam.org.br\/sesi\/wp-content\/uploads\/sites\/14\/2011\/10\/Coordenadores-e-parceiros-do-PAF.jpg","type":"image\/jpeg"}],"author":"Autor","twitter_card":"summary_large_image","twitter_misc":{"Escrito por":"Autor","Est. tempo de leitura":"3 minutos"},"schema":{"@context":"https:\/\/schema.org","@graph":[{"@type":"Article","@id":"https:\/\/fieam.org.br\/sesi\/programa-atleta-do-futuro-2\/#article","isPartOf":{"@id":"https:\/\/fieam.org.br\/sesi\/programa-atleta-do-futuro-2\/"},"author":{"name":"Autor","@id":"https:\/\/fieam.org.br\/sesi\/#\/schema\/person\/f54998dd14d5f0695b41444f2b01c31e"},"headline":"Programa Atleta do Futuro","datePublished":"2011-10-19T16:11:25+00:00","mainEntityOfPage":{"@id":"https:\/\/fieam.org.br\/sesi\/programa-atleta-do-futuro-2\/"},"wordCount":581,"commentCount":0,"publisher":{"@id":"https:\/\/fieam.org.br\/sesi\/#organization"},"image":{"@id":"https:\/\/fieam.org.br\/sesi\/programa-atleta-do-futuro-2\/#primaryimage"},"thumbnailUrl":"http:\/\/www.fieam.org.br\/site\/sesi\/files\/2011\/10\/Coordenadores-e-parceiros-do-PAF-300x200.jpg","articleSection":["News"],"inLanguage":"pt-BR","potentialAction":[{"@type":"CommentAction","name":"Comment","target":["https:\/\/fieam.org.br\/sesi\/programa-atleta-do-futuro-2\/#respond"]}]},{"@type":"WebPage","@id":"https:\/\/fieam.org.br\/sesi\/programa-atleta-do-futuro-2\/","url":"https:\/\/fieam.org.br\/sesi\/programa-atleta-do-futuro-2\/","name":"Programa Atleta do Futuro - SESI","isPartOf":{"@id":"https:\/\/fieam.org.br\/sesi\/#website"},"primaryImageOfPage":{"@id":"https:\/\/fieam.org.br\/sesi\/programa-atleta-do-futuro-2\/#primaryimage"},"image":{"@id":"https:\/\/fieam.org.br\/sesi\/programa-atleta-do-futuro-2\/#primaryimage"},"thumbnailUrl":"http:\/\/www.fieam.org.br\/site\/sesi\/files\/2011\/10\/Coordenadores-e-parceiros-do-PAF-300x200.jpg","datePublished":"2011-10-19T16:11:25+00:00","breadcrumb":{"@id":"https:\/\/fieam.org.br\/sesi\/programa-atleta-do-futuro-2\/#breadcrumb"},"inLanguage":"pt-BR","potentialAction":[{"@type":"ReadAction","target":["https:\/\/fieam.org.br\/sesi\/programa-atleta-do-futuro-2\/"]}]},{"@type":"ImageObject","inLanguage":"pt-BR","@id":"https:\/\/fieam.org.br\/sesi\/programa-atleta-do-futuro-2\/#primaryimage","url":"http:\/\/www.fieam.org.br\/site\/sesi\/files\/2011\/10\/Coordenadores-e-parceiros-do-PAF-300x200.jpg","contentUrl":"http:\/\/www.fieam.org.br\/site\/sesi\/files\/2011\/10\/Coordenadores-e-parceiros-do-PAF-300x200.jpg"},{"@type":"BreadcrumbList","@id":"https:\/\/fieam.org.br\/sesi\/programa-atleta-do-futuro-2\/#breadcrumb","itemListElement":[{"@type":"ListItem","position":1,"name":"In\u00edcio","item":"https:\/\/fieam.org.br\/sesi\/"},{"@type":"ListItem","position":2,"name":"Programa Atleta do Futuro"}]},{"@type":"WebSite","@id":"https:\/\/fieam.org.br\/sesi\/#website","url":"https:\/\/fieam.org.br\/sesi\/","name":"SESI","description":"Site Oficial!","publisher":{"@id":"https:\/\/fieam.org.br\/sesi\/#organization"},"potentialAction":[{"@type":"SearchAction","target":{"@type":"EntryPoint","urlTemplate":"https:\/\/fieam.org.br\/sesi\/?s={search_term_string}"},"query-input":{"@type":"PropertyValueSpecification","valueRequired":true,"valueName":"search_term_string"}}],"inLanguage":"pt-BR"},{"@type":"Organization","@id":"https:\/\/fieam.org.br\/sesi\/#organization","name":"SESI","url":"https:\/\/fieam.org.br\/sesi\/","logo":{"@type":"ImageObject","inLanguage":"pt-BR","@id":"https:\/\/fieam.org.br\/sesi\/#\/schema\/logo\/image\/","url":"https:\/\/fieam.org.br\/sesi\/wp-content\/uploads\/sites\/14\/2024\/03\/cropped-fav.png","contentUrl":"https:\/\/fieam.org.br\/sesi\/wp-content\/uploads\/sites\/14\/2024\/03\/cropped-fav.png","width":610,"height":589,"caption":"SESI"},"image":{"@id":"https:\/\/fieam.org.br\/sesi\/#\/schema\/logo\/image\/"}},{"@type":"Person","@id":"https:\/\/fieam.org.br\/sesi\/#\/schema\/person\/f54998dd14d5f0695b41444f2b01c31e","name":"Autor","image":{"@type":"ImageObject","inLanguage":"pt-BR","@id":"https:\/\/secure.gravatar.com\/avatar\/3732c223e0e1fad69062a8f770955c9068d37b055204f310a0be18d4069fe380?s=96&d=mm&r=g","url":"https:\/\/secure.gravatar.com\/avatar\/3732c223e0e1fad69062a8f770955c9068d37b055204f310a0be18d4069fe380?s=96&d=mm&r=g","contentUrl":"https:\/\/secure.gravatar.com\/avatar\/3732c223e0e1fad69062a8f770955c9068d37b055204f310a0be18d4069fe380?s=96&d=mm&r=g","caption":"Autor"},"sameAs":["https:\/\/marketingmassivo.com.br"],"url":"https:\/\/fieam.org.br\/sesi\/author\/admin\/"}]}},"_links":{"self":[{"href":"https:\/\/fieam.org.br\/sesi\/wp-json\/wp\/v2\/posts\/2124","targetHints":{"allow":["GET"]}}],"collection":[{"href":"https:\/\/fieam.org.br\/sesi\/wp-json\/wp\/v2\/posts"}],"about":[{"href":"https:\/\/fieam.org.br\/sesi\/wp-json\/wp\/v2\/types\/post"}],"author":[{"embeddable":true,"href":"https:\/\/fieam.org.br\/sesi\/wp-json\/wp\/v2\/users\/1"}],"replies":[{"embeddable":true,"href":"https:\/\/fieam.org.br\/sesi\/wp-json\/wp\/v2\/comments?post=2124"}],"version-history":[{"count":0,"href":"https:\/\/fieam.org.br\/sesi\/wp-json\/wp\/v2\/posts\/2124\/revisions"}],"wp:attachment":[{"href":"https:\/\/fieam.org.br\/sesi\/wp-json\/wp\/v2\/media?parent=2124"}],"wp:term":[{"taxonomy":"category","embeddable":true,"href":"https:\/\/fieam.org.br\/sesi\/wp-json\/wp\/v2\/categories?post=2124"},{"taxonomy":"post_tag","embeddable":true,"href":"https:\/\/fieam.org.br\/sesi\/wp-json\/wp\/v2\/tags?post=2124"}],"curies":[{"name":"wp","href":"https:\/\/api.w.org\/{rel}","templated":true}]}}