{"id":21212,"date":"2024-10-02T15:39:12","date_gmt":"2024-10-02T15:39:12","guid":{"rendered":"https:\/\/fieam.org.br\/sesi\/?p=21212"},"modified":"2024-10-02T15:39:12","modified_gmt":"2024-10-02T15:39:12","slug":"sesi-orienta-sobre-mudancas-nas-normas-de-saude-e-seguranca-no-trabalho","status":"publish","type":"post","link":"https:\/\/fieam.org.br\/sesi\/sesi-orienta-sobre-mudancas-nas-normas-de-saude-e-seguranca-no-trabalho\/","title":{"rendered":"SESI orienta sobre mudan\u00e7as nas normas de Sa\u00fade e Seguran\u00e7a no Trabalho"},"content":{"rendered":"<p>O Servi\u00e7o Social da Ind\u00fastria (SESI Amazonas) realizou na segunda-feira, como parte da programa\u00e7\u00e3o de cinco anos do SESISA\u00daDE Clube do Trabalhador, o Caf\u00e9 com Sa\u00fade e Seguran\u00e7a no Trabalho (SST) para trabalhadores do Polo Industrial de Manaus (PIM), que participaram de pain\u00e9is com o diretor t\u00e9cnico e m\u00e9dico coordenador do Setor Ocupacional do SESI Amazonas, Denir Cruz Junior e da engenheira ambiental e especialista em Seguran\u00e7a do Trabalho, Maria Jefres, que explicaram as mudan\u00e7as recentes nas Normas de SST, com abordagem direta sobre a sa\u00fade mental e psicossocial.<\/p>\n<p>A abertura foi feita pela gerente de Sa\u00fade e Seguran\u00e7a na Ind\u00fastria (SSI), Nelsi Luni\u00e8re, que comentou o desempenho do SESISA\u00daDE Unidade Leste, ao longo do per\u00edodo que enfrentou pandemia e hoje com resultados melhores, ao incluir o diferencial em associar sa\u00fade f\u00edsica com a sa\u00fade mental. Segundo Luni\u00e8re, na Unidade Leste, o trabalhador da ind\u00fastria encontra as especialidades m\u00e9dicas e odontol\u00f3gicas, pilates e fisioterapia e, ainda, v\u00e1rias modalidades de atividades f\u00edsicas no Clube do Trabalhador, assim como as depend\u00eancias do clube, dispon\u00edveis em fins de semana.<\/p>\n<p>Convidado do Caf\u00e9 com o SST, o t\u00e9cnico de seguran\u00e7a no trabalho da Itam Ind\u00fastrias Transformadora, Elenilson Leal Rocha, disse que a empresa j\u00e1 tem um v\u00ednculo com o SESI h\u00e1 mais de 30 anos no atendimento de v\u00e1rias demandas da empresa, como o PGR (Programa de Gerenciamento de Riscos), que auxilia em algumas demandas importantes da empresa, assim como o Programa de Controle M\u00e9dico de Sa\u00fade Ocupacional (PCMSO).<\/p>\n<p>\u201cCom a ajuda do SESI, a gente conseguiu implementar a entrega de biometria no setor, que era uma coisa muito falha antes, quando utiliz\u00e1vamos papel. O SESI consegue auxiliar com ferramentas importantes, para a gente atender nossos colaboradores de forma mais r\u00e1pida e \u00e1gil\u201d, afirma.<\/p>\n<p>De acordo com o gerente de gest\u00e3o de sa\u00fade e seguran\u00e7a no trabalho, Cl\u00e1udio Palheta, o SESI recebeu com surpresa, em agosto deste ano, as atualiza\u00e7\u00f5es da NR-1, que daqui a nove meses ter\u00e1 que entrar no programa de gerenciamento de risco, os riscos psicossociais. Segundo ele, o SESI j\u00e1 est\u00e1 trabalhando o assunto e por isso a necessidade de esclarecer sobre essas atualiza\u00e7\u00f5es e o que as empresas precisar\u00e3o fazer para se adequarem.<\/p>\n<p><strong><img fetchpriority=\"high\" decoding=\"async\" class=\" wp-image-21214 alignleft\" src=\"https:\/\/fieam.org.br\/sesi\/wp-content\/uploads\/sites\/14\/2024\/10\/Diretor-tecnico-e-medico-coordenador-do-SSI-do-SESI-Amazonas-Denir-Cruz-Fernandes-Junior-200x300.jpeg\" alt=\"\" width=\"311\" height=\"467\" srcset=\"https:\/\/fieam.org.br\/sesi\/wp-content\/uploads\/sites\/14\/2024\/10\/Diretor-tecnico-e-medico-coordenador-do-SSI-do-SESI-Amazonas-Denir-Cruz-Fernandes-Junior-200x300.jpeg 200w, https:\/\/fieam.org.br\/sesi\/wp-content\/uploads\/sites\/14\/2024\/10\/Diretor-tecnico-e-medico-coordenador-do-SSI-do-SESI-Amazonas-Denir-Cruz-Fernandes-Junior-682x1024.jpeg 682w, https:\/\/fieam.org.br\/sesi\/wp-content\/uploads\/sites\/14\/2024\/10\/Diretor-tecnico-e-medico-coordenador-do-SSI-do-SESI-Amazonas-Denir-Cruz-Fernandes-Junior-768x1153.jpeg 768w, https:\/\/fieam.org.br\/sesi\/wp-content\/uploads\/sites\/14\/2024\/10\/Diretor-tecnico-e-medico-coordenador-do-SSI-do-SESI-Amazonas-Denir-Cruz-Fernandes-Junior-1023x1536.jpeg 1023w, https:\/\/fieam.org.br\/sesi\/wp-content\/uploads\/sites\/14\/2024\/10\/Diretor-tecnico-e-medico-coordenador-do-SSI-do-SESI-Amazonas-Denir-Cruz-Fernandes-Junior-rotated.jpeg 1066w\" sizes=\"(max-width: 311px) 100vw, 311px\" \/>Mudan\u00e7as nas normas de SST<\/strong><\/p>\n<p>O diretor t\u00e9cnico e m\u00e9dico coordenador do SSI do SESI Amazonas, Denir Cruz Fernandes Junior, falou sobre as principais mudan\u00e7as e como as organiza\u00e7\u00f5es devem se adaptar para cumprir as novas exig\u00eancias. De acordo com o m\u00e9dico, uma das mudan\u00e7as mais significativas refere-se ao gerenciamento de riscos ocupacionais, que passa a exigir uma abordagem mais ampla, incluindo n\u00e3o apenas os agentes f\u00edsicos, qu\u00edmicos e biol\u00f3gicos, mas tamb\u00e9m riscos ergon\u00f4micos e psicossociais. &#8220;As empresas devem agora identificar, avaliar e classificar esses riscos de forma muito mais detalhada&#8221;, explica ele.<\/p>\n<p>Al\u00e9m disso, a nova portaria destaca a import\u00e2ncia de implementar medidas de preven\u00e7\u00e3o com base na classifica\u00e7\u00e3o dos riscos ocupacionais. &#8220;Isso inclui a necessidade de priorizar a\u00e7\u00f5es preventivas para evitar agravos \u00e0 sa\u00fade dos trabalhadores&#8221;, ressalta o m\u00e9dico.<\/p>\n<p><strong>Fatores psicossociais: uma nova preocupa\u00e7\u00e3o<\/strong><\/p>\n<p>Segundo Junior, uma grande novidade no texto da portaria \u00e9 a inclus\u00e3o dos fatores psicossociais como riscos a serem gerenciados no ambiente de trabalho. &#8220;Os fatores psicossociais envolvem quest\u00f5es como o estresse, a comunica\u00e7\u00e3o no ambiente de trabalho, e at\u00e9 o suporte da chefia e dos colegas&#8221;, afirma. Segundo ele, esses fatores t\u00eam um impacto direto na sa\u00fade mental e, consequentemente, na produtividade dos trabalhadores.<\/p>\n<p><strong>O que as empresas devem fazer?<\/strong><\/p>\n<p>Frente a essas mudan\u00e7as, as empresas precisam agir rapidamente para adequar suas pr\u00e1ticas \u00e0s novas regras. O m\u00e9dico orienta que o primeiro passo \u00e9 a revis\u00e3o dos Programas de Preven\u00e7\u00e3o de Riscos Ambientais (PPRA) e dos Programas de Controle M\u00e9dico de Sa\u00fade Ocupacional (PCMSO), adaptando-os \u00e0s novas exig\u00eancias. &#8220;A adequa\u00e7\u00e3o \u00e9 crucial n\u00e3o s\u00f3 para evitar penalidades, mas tamb\u00e9m para garantir um ambiente de trabalho saud\u00e1vel e seguro&#8221;, pontua.<\/p>\n<p>Destaca o m\u00e9dico a import\u00e2ncia dos treinamentos frequentes com as equipes, especialmente quanto aos novos riscos psicossociais, e de contar com profissionais capacitados para lidar com essas demandas. &#8220;A sa\u00fade mental dos colaboradores deve ser tratada com a mesma seriedade que a sa\u00fade f\u00edsica&#8221;, finaliza.<\/p>\n<p><strong>A import\u00e2ncia da lideran\u00e7a para o cumprimento das normas<\/strong><\/p>\n<p>A engenheira ambiental e especialista em seguran\u00e7a do trabalho, Maria Jefres, da empresa Metan\u00f3ia, apresentou em painel uma palestra focada nas mudan\u00e7as significativas nas Normas Regulamentadoras (NR-1), com \u00eanfase no Programa de Gerenciamento de Riscos (PGR) e nos fatores psicossociais no ambiente de trabalho. Com ampla experi\u00eancia na \u00e1rea, Jefres ressaltou a import\u00e2ncia de uma lideran\u00e7a que se preocupe genuinamente com as pessoas, defendendo que a seguran\u00e7a no trabalho come\u00e7a na mentalidade organizacional.<\/p>\n<p>Um dos principais temas abordados foi a introdu\u00e7\u00e3o do invent\u00e1rio de riscos psicossociais nas empresas, um avan\u00e7o previsto nas atualiza\u00e7\u00f5es da NR-1. Jefres explicou que os riscos psicossociais incluem fatores como a cultura organizacional, cogni\u00e7\u00e3o das tarefas e relacionamentos t\u00f3xicos, e que as empresas devem come\u00e7ar a identificar esses riscos de maneira proativa. Embora a norma ainda n\u00e3o prescreva uma metodologia r\u00edgida, Jefres destacou a import\u00e2ncia da participa\u00e7\u00e3o dos colaboradores em todas as fases desse processo.<\/p>\n<p><img decoding=\"async\" class=\" wp-image-21215 alignright\" src=\"https:\/\/fieam.org.br\/sesi\/wp-content\/uploads\/sites\/14\/2024\/10\/SESI-orienta-sobre-mudancas-nas-normas-de-Saude-e-Seguranca-no-Trabalho-300x200.jpeg\" alt=\"\" width=\"503\" height=\"335\" srcset=\"https:\/\/fieam.org.br\/sesi\/wp-content\/uploads\/sites\/14\/2024\/10\/SESI-orienta-sobre-mudancas-nas-normas-de-Saude-e-Seguranca-no-Trabalho-300x200.jpeg 300w, https:\/\/fieam.org.br\/sesi\/wp-content\/uploads\/sites\/14\/2024\/10\/SESI-orienta-sobre-mudancas-nas-normas-de-Saude-e-Seguranca-no-Trabalho-1024x682.jpeg 1024w, https:\/\/fieam.org.br\/sesi\/wp-content\/uploads\/sites\/14\/2024\/10\/SESI-orienta-sobre-mudancas-nas-normas-de-Saude-e-Seguranca-no-Trabalho-768x512.jpeg 768w, https:\/\/fieam.org.br\/sesi\/wp-content\/uploads\/sites\/14\/2024\/10\/SESI-orienta-sobre-mudancas-nas-normas-de-Saude-e-Seguranca-no-Trabalho-1536x1023.jpeg 1536w, https:\/\/fieam.org.br\/sesi\/wp-content\/uploads\/sites\/14\/2024\/10\/SESI-orienta-sobre-mudancas-nas-normas-de-Saude-e-Seguranca-no-Trabalho.jpeg 1600w\" sizes=\"(max-width: 503px) 100vw, 503px\" \/>Outro ponto fundamental da apresenta\u00e7\u00e3o foi o impacto dessas mudan\u00e7as no PGR. Maria enfatizou que, al\u00e9m de considerar os fatores de risco psicossociais, as empresas devem adotar pr\u00e1ticas que promovam a seguran\u00e7a psicol\u00f3gica, conforme o sistema de gest\u00e3o ISO 45003. Ela tamb\u00e9m mencionou a necessidade de inclus\u00e3o de regras claras contra ass\u00e9dio e outras formas de viol\u00eancia nas normas internas das organiza\u00e7\u00f5es.<\/p>\n<p>Por fim, Jefres ressaltou que essas mudan\u00e7as representam uma oportunidade para as empresas revisarem suas culturas organizacionais, com foco na sa\u00fade mental e no bem-estar dos colaboradores. Ela concluiu afirmando que a promo\u00e7\u00e3o de um ambiente de trabalho saud\u00e1vel e seguro, tanto f\u00edsica quanto psicologicamente, \u00e9 um valor inegoci\u00e1vel.<\/p>\n<p>Na ocasi\u00e3o, a especialista de SST, Evely Medeiros, apresentou o Programa Mentis 360, que utiliza a ferramenta Depression, Anxiety, Stress Scale (DASS-21), instrumento validado nacional e internacionalmente para o rastreamento de sinais e sintomas de depress\u00e3o, ansiedade e estresse, que s\u00e3o os transtornos mentais e comportamentais\u00a0mais prevalentes nos levantamentos realizados com a ind\u00fastria. A escolha do instrumento se deu pela robustez e validade psicom\u00e9trica, al\u00e9m de proporcionar an\u00e1lises comparativas com outros pa\u00edses, por ser um instrumento amplamente utilizado no mundo.<\/p>\n<p>Para mais informa\u00e7\u00f5es, a empresa deve entrar em contato pela Contact Center do SESI Amazonas, pelo n\u00famero (92) 3182-9925.<\/p>\n","protected":false},"excerpt":{"rendered":"<p>O Servi\u00e7o Social da Ind\u00fastria (SESI Amazonas) realizou na segunda-feira, como parte da programa\u00e7\u00e3o de cinco anos do SESISA\u00daDE Clube do Trabalhador, o Caf\u00e9 com Sa\u00fade e Seguran\u00e7a no Trabalho (SST) para trabalhadores do Polo Industrial de Manaus (PIM), que participaram de pain\u00e9is com o diretor t\u00e9cnico e m\u00e9dico coordenador do Setor Ocupacional do SESI [&hellip;]<\/p>\n","protected":false},"author":12,"featured_media":21213,"comment_status":"open","ping_status":"open","sticky":false,"template":"","format":"standard","meta":{"footnotes":""},"categories":[1],"tags":[],"class_list":["post-21212","post","type-post","status-publish","format-standard","has-post-thumbnail","hentry","category-geral"],"yoast_head":"<!-- This site is optimized with the Yoast SEO plugin v26.8 - https:\/\/yoast.com\/product\/yoast-seo-wordpress\/ -->\n<title>SESI orienta sobre mudan\u00e7as nas normas de Sa\u00fade e Seguran\u00e7a no Trabalho - SESI<\/title>\n<meta name=\"robots\" content=\"index, follow, max-snippet:-1, max-image-preview:large, max-video-preview:-1\" \/>\n<link rel=\"canonical\" href=\"https:\/\/fieam.org.br\/sesi\/sesi-orienta-sobre-mudancas-nas-normas-de-saude-e-seguranca-no-trabalho\/\" \/>\n<meta property=\"og:locale\" content=\"pt_BR\" \/>\n<meta property=\"og:type\" content=\"article\" \/>\n<meta property=\"og:title\" content=\"SESI orienta sobre mudan\u00e7as nas normas de Sa\u00fade e Seguran\u00e7a no Trabalho - SESI\" \/>\n<meta property=\"og:description\" content=\"O Servi\u00e7o Social da Ind\u00fastria (SESI Amazonas) realizou na segunda-feira, como parte da programa\u00e7\u00e3o de cinco anos do SESISA\u00daDE Clube do Trabalhador, o Caf\u00e9 com Sa\u00fade e Seguran\u00e7a no Trabalho (SST) para trabalhadores do Polo Industrial de Manaus (PIM), que participaram de pain\u00e9is com o diretor t\u00e9cnico e m\u00e9dico coordenador do Setor Ocupacional do SESI [&hellip;]\" \/>\n<meta property=\"og:url\" content=\"https:\/\/fieam.org.br\/sesi\/sesi-orienta-sobre-mudancas-nas-normas-de-saude-e-seguranca-no-trabalho\/\" \/>\n<meta property=\"og:site_name\" content=\"SESI\" \/>\n<meta property=\"article:published_time\" content=\"2024-10-02T15:39:12+00:00\" \/>\n<meta property=\"og:image\" content=\"https:\/\/fieam.org.br\/sesi\/wp-content\/uploads\/sites\/14\/2024\/10\/Gerente-de-Saude-e-Seguranca-na-Industria-SSI-Nelsi-Luniere-ao-lado-do-gerente-gerente-de-gestao-de-saude-e-seguranca-no-trabalho-Claudio-Palheta.jpeg\" \/>\n\t<meta property=\"og:image:width\" content=\"1600\" \/>\n\t<meta property=\"og:image:height\" content=\"1066\" \/>\n\t<meta property=\"og:image:type\" content=\"image\/jpeg\" \/>\n<meta name=\"author\" content=\"joania\" \/>\n<meta name=\"twitter:card\" content=\"summary_large_image\" \/>\n<meta name=\"twitter:label1\" content=\"Escrito por\" \/>\n\t<meta name=\"twitter:data1\" content=\"joania\" \/>\n\t<meta name=\"twitter:label2\" content=\"Est. tempo de leitura\" \/>\n\t<meta name=\"twitter:data2\" content=\"6 minutos\" \/>\n<script type=\"application\/ld+json\" class=\"yoast-schema-graph\">{\"@context\":\"https:\/\/schema.org\",\"@graph\":[{\"@type\":\"Article\",\"@id\":\"https:\/\/fieam.org.br\/sesi\/sesi-orienta-sobre-mudancas-nas-normas-de-saude-e-seguranca-no-trabalho\/#article\",\"isPartOf\":{\"@id\":\"https:\/\/fieam.org.br\/sesi\/sesi-orienta-sobre-mudancas-nas-normas-de-saude-e-seguranca-no-trabalho\/\"},\"author\":{\"name\":\"joania\",\"@id\":\"https:\/\/fieam.org.br\/sesi\/#\/schema\/person\/5a4d0cbf4cb90316068853a537ee7b75\"},\"headline\":\"SESI orienta sobre mudan\u00e7as nas normas de Sa\u00fade e Seguran\u00e7a no Trabalho\",\"datePublished\":\"2024-10-02T15:39:12+00:00\",\"mainEntityOfPage\":{\"@id\":\"https:\/\/fieam.org.br\/sesi\/sesi-orienta-sobre-mudancas-nas-normas-de-saude-e-seguranca-no-trabalho\/\"},\"wordCount\":1198,\"commentCount\":0,\"publisher\":{\"@id\":\"https:\/\/fieam.org.br\/sesi\/#organization\"},\"image\":{\"@id\":\"https:\/\/fieam.org.br\/sesi\/sesi-orienta-sobre-mudancas-nas-normas-de-saude-e-seguranca-no-trabalho\/#primaryimage\"},\"thumbnailUrl\":\"https:\/\/fieam.org.br\/sesi\/wp-content\/uploads\/sites\/14\/2024\/10\/Gerente-de-Saude-e-Seguranca-na-Industria-SSI-Nelsi-Luniere-ao-lado-do-gerente-gerente-de-gestao-de-saude-e-seguranca-no-trabalho-Claudio-Palheta.jpeg\",\"articleSection\":[\"Geral\"],\"inLanguage\":\"pt-BR\",\"potentialAction\":[{\"@type\":\"CommentAction\",\"name\":\"Comment\",\"target\":[\"https:\/\/fieam.org.br\/sesi\/sesi-orienta-sobre-mudancas-nas-normas-de-saude-e-seguranca-no-trabalho\/#respond\"]}]},{\"@type\":\"WebPage\",\"@id\":\"https:\/\/fieam.org.br\/sesi\/sesi-orienta-sobre-mudancas-nas-normas-de-saude-e-seguranca-no-trabalho\/\",\"url\":\"https:\/\/fieam.org.br\/sesi\/sesi-orienta-sobre-mudancas-nas-normas-de-saude-e-seguranca-no-trabalho\/\",\"name\":\"SESI orienta sobre mudan\u00e7as nas normas de Sa\u00fade e Seguran\u00e7a no Trabalho - SESI\",\"isPartOf\":{\"@id\":\"https:\/\/fieam.org.br\/sesi\/#website\"},\"primaryImageOfPage\":{\"@id\":\"https:\/\/fieam.org.br\/sesi\/sesi-orienta-sobre-mudancas-nas-normas-de-saude-e-seguranca-no-trabalho\/#primaryimage\"},\"image\":{\"@id\":\"https:\/\/fieam.org.br\/sesi\/sesi-orienta-sobre-mudancas-nas-normas-de-saude-e-seguranca-no-trabalho\/#primaryimage\"},\"thumbnailUrl\":\"https:\/\/fieam.org.br\/sesi\/wp-content\/uploads\/sites\/14\/2024\/10\/Gerente-de-Saude-e-Seguranca-na-Industria-SSI-Nelsi-Luniere-ao-lado-do-gerente-gerente-de-gestao-de-saude-e-seguranca-no-trabalho-Claudio-Palheta.jpeg\",\"datePublished\":\"2024-10-02T15:39:12+00:00\",\"breadcrumb\":{\"@id\":\"https:\/\/fieam.org.br\/sesi\/sesi-orienta-sobre-mudancas-nas-normas-de-saude-e-seguranca-no-trabalho\/#breadcrumb\"},\"inLanguage\":\"pt-BR\",\"potentialAction\":[{\"@type\":\"ReadAction\",\"target\":[\"https:\/\/fieam.org.br\/sesi\/sesi-orienta-sobre-mudancas-nas-normas-de-saude-e-seguranca-no-trabalho\/\"]}]},{\"@type\":\"ImageObject\",\"inLanguage\":\"pt-BR\",\"@id\":\"https:\/\/fieam.org.br\/sesi\/sesi-orienta-sobre-mudancas-nas-normas-de-saude-e-seguranca-no-trabalho\/#primaryimage\",\"url\":\"https:\/\/fieam.org.br\/sesi\/wp-content\/uploads\/sites\/14\/2024\/10\/Gerente-de-Saude-e-Seguranca-na-Industria-SSI-Nelsi-Luniere-ao-lado-do-gerente-gerente-de-gestao-de-saude-e-seguranca-no-trabalho-Claudio-Palheta.jpeg\",\"contentUrl\":\"https:\/\/fieam.org.br\/sesi\/wp-content\/uploads\/sites\/14\/2024\/10\/Gerente-de-Saude-e-Seguranca-na-Industria-SSI-Nelsi-Luniere-ao-lado-do-gerente-gerente-de-gestao-de-saude-e-seguranca-no-trabalho-Claudio-Palheta.jpeg\",\"width\":1600,\"height\":1066},{\"@type\":\"BreadcrumbList\",\"@id\":\"https:\/\/fieam.org.br\/sesi\/sesi-orienta-sobre-mudancas-nas-normas-de-saude-e-seguranca-no-trabalho\/#breadcrumb\",\"itemListElement\":[{\"@type\":\"ListItem\",\"position\":1,\"name\":\"In\u00edcio\",\"item\":\"https:\/\/fieam.org.br\/sesi\/\"},{\"@type\":\"ListItem\",\"position\":2,\"name\":\"SESI orienta sobre mudan\u00e7as nas normas de Sa\u00fade e Seguran\u00e7a no Trabalho\"}]},{\"@type\":\"WebSite\",\"@id\":\"https:\/\/fieam.org.br\/sesi\/#website\",\"url\":\"https:\/\/fieam.org.br\/sesi\/\",\"name\":\"SESI\",\"description\":\"Site Oficial!\",\"publisher\":{\"@id\":\"https:\/\/fieam.org.br\/sesi\/#organization\"},\"potentialAction\":[{\"@type\":\"SearchAction\",\"target\":{\"@type\":\"EntryPoint\",\"urlTemplate\":\"https:\/\/fieam.org.br\/sesi\/?s={search_term_string}\"},\"query-input\":{\"@type\":\"PropertyValueSpecification\",\"valueRequired\":true,\"valueName\":\"search_term_string\"}}],\"inLanguage\":\"pt-BR\"},{\"@type\":\"Organization\",\"@id\":\"https:\/\/fieam.org.br\/sesi\/#organization\",\"name\":\"SESI\",\"url\":\"https:\/\/fieam.org.br\/sesi\/\",\"logo\":{\"@type\":\"ImageObject\",\"inLanguage\":\"pt-BR\",\"@id\":\"https:\/\/fieam.org.br\/sesi\/#\/schema\/logo\/image\/\",\"url\":\"https:\/\/fieam.org.br\/sesi\/wp-content\/uploads\/sites\/14\/2024\/03\/cropped-fav.png\",\"contentUrl\":\"https:\/\/fieam.org.br\/sesi\/wp-content\/uploads\/sites\/14\/2024\/03\/cropped-fav.png\",\"width\":610,\"height\":589,\"caption\":\"SESI\"},\"image\":{\"@id\":\"https:\/\/fieam.org.br\/sesi\/#\/schema\/logo\/image\/\"}},{\"@type\":\"Person\",\"@id\":\"https:\/\/fieam.org.br\/sesi\/#\/schema\/person\/5a4d0cbf4cb90316068853a537ee7b75\",\"name\":\"joania\",\"image\":{\"@type\":\"ImageObject\",\"inLanguage\":\"pt-BR\",\"@id\":\"https:\/\/fieam.org.br\/sesi\/#\/schema\/person\/image\/\",\"url\":\"https:\/\/secure.gravatar.com\/avatar\/cf50cdab9b211eed7bfb47385e62cad09b856cc1b523532170e88b6bb2768e66?s=96&d=mm&r=g\",\"contentUrl\":\"https:\/\/secure.gravatar.com\/avatar\/cf50cdab9b211eed7bfb47385e62cad09b856cc1b523532170e88b6bb2768e66?s=96&d=mm&r=g\",\"caption\":\"joania\"},\"url\":\"https:\/\/fieam.org.br\/sesi\/author\/joania\/\"}]}<\/script>\n<!-- \/ Yoast SEO plugin. -->","yoast_head_json":{"title":"SESI orienta sobre mudan\u00e7as nas normas de Sa\u00fade e Seguran\u00e7a no Trabalho - SESI","robots":{"index":"index","follow":"follow","max-snippet":"max-snippet:-1","max-image-preview":"max-image-preview:large","max-video-preview":"max-video-preview:-1"},"canonical":"https:\/\/fieam.org.br\/sesi\/sesi-orienta-sobre-mudancas-nas-normas-de-saude-e-seguranca-no-trabalho\/","og_locale":"pt_BR","og_type":"article","og_title":"SESI orienta sobre mudan\u00e7as nas normas de Sa\u00fade e Seguran\u00e7a no Trabalho - SESI","og_description":"O Servi\u00e7o Social da Ind\u00fastria (SESI Amazonas) realizou na segunda-feira, como parte da programa\u00e7\u00e3o de cinco anos do SESISA\u00daDE Clube do Trabalhador, o Caf\u00e9 com Sa\u00fade e Seguran\u00e7a no Trabalho (SST) para trabalhadores do Polo Industrial de Manaus (PIM), que participaram de pain\u00e9is com o diretor t\u00e9cnico e m\u00e9dico coordenador do Setor Ocupacional do SESI [&hellip;]","og_url":"https:\/\/fieam.org.br\/sesi\/sesi-orienta-sobre-mudancas-nas-normas-de-saude-e-seguranca-no-trabalho\/","og_site_name":"SESI","article_published_time":"2024-10-02T15:39:12+00:00","og_image":[{"width":1600,"height":1066,"url":"https:\/\/fieam.org.br\/sesi\/wp-content\/uploads\/sites\/14\/2024\/10\/Gerente-de-Saude-e-Seguranca-na-Industria-SSI-Nelsi-Luniere-ao-lado-do-gerente-gerente-de-gestao-de-saude-e-seguranca-no-trabalho-Claudio-Palheta.jpeg","type":"image\/jpeg"}],"author":"joania","twitter_card":"summary_large_image","twitter_misc":{"Escrito por":"joania","Est. tempo de leitura":"6 minutos"},"schema":{"@context":"https:\/\/schema.org","@graph":[{"@type":"Article","@id":"https:\/\/fieam.org.br\/sesi\/sesi-orienta-sobre-mudancas-nas-normas-de-saude-e-seguranca-no-trabalho\/#article","isPartOf":{"@id":"https:\/\/fieam.org.br\/sesi\/sesi-orienta-sobre-mudancas-nas-normas-de-saude-e-seguranca-no-trabalho\/"},"author":{"name":"joania","@id":"https:\/\/fieam.org.br\/sesi\/#\/schema\/person\/5a4d0cbf4cb90316068853a537ee7b75"},"headline":"SESI orienta sobre mudan\u00e7as nas normas de Sa\u00fade e Seguran\u00e7a no Trabalho","datePublished":"2024-10-02T15:39:12+00:00","mainEntityOfPage":{"@id":"https:\/\/fieam.org.br\/sesi\/sesi-orienta-sobre-mudancas-nas-normas-de-saude-e-seguranca-no-trabalho\/"},"wordCount":1198,"commentCount":0,"publisher":{"@id":"https:\/\/fieam.org.br\/sesi\/#organization"},"image":{"@id":"https:\/\/fieam.org.br\/sesi\/sesi-orienta-sobre-mudancas-nas-normas-de-saude-e-seguranca-no-trabalho\/#primaryimage"},"thumbnailUrl":"https:\/\/fieam.org.br\/sesi\/wp-content\/uploads\/sites\/14\/2024\/10\/Gerente-de-Saude-e-Seguranca-na-Industria-SSI-Nelsi-Luniere-ao-lado-do-gerente-gerente-de-gestao-de-saude-e-seguranca-no-trabalho-Claudio-Palheta.jpeg","articleSection":["Geral"],"inLanguage":"pt-BR","potentialAction":[{"@type":"CommentAction","name":"Comment","target":["https:\/\/fieam.org.br\/sesi\/sesi-orienta-sobre-mudancas-nas-normas-de-saude-e-seguranca-no-trabalho\/#respond"]}]},{"@type":"WebPage","@id":"https:\/\/fieam.org.br\/sesi\/sesi-orienta-sobre-mudancas-nas-normas-de-saude-e-seguranca-no-trabalho\/","url":"https:\/\/fieam.org.br\/sesi\/sesi-orienta-sobre-mudancas-nas-normas-de-saude-e-seguranca-no-trabalho\/","name":"SESI orienta sobre mudan\u00e7as nas normas de Sa\u00fade e Seguran\u00e7a no Trabalho - SESI","isPartOf":{"@id":"https:\/\/fieam.org.br\/sesi\/#website"},"primaryImageOfPage":{"@id":"https:\/\/fieam.org.br\/sesi\/sesi-orienta-sobre-mudancas-nas-normas-de-saude-e-seguranca-no-trabalho\/#primaryimage"},"image":{"@id":"https:\/\/fieam.org.br\/sesi\/sesi-orienta-sobre-mudancas-nas-normas-de-saude-e-seguranca-no-trabalho\/#primaryimage"},"thumbnailUrl":"https:\/\/fieam.org.br\/sesi\/wp-content\/uploads\/sites\/14\/2024\/10\/Gerente-de-Saude-e-Seguranca-na-Industria-SSI-Nelsi-Luniere-ao-lado-do-gerente-gerente-de-gestao-de-saude-e-seguranca-no-trabalho-Claudio-Palheta.jpeg","datePublished":"2024-10-02T15:39:12+00:00","breadcrumb":{"@id":"https:\/\/fieam.org.br\/sesi\/sesi-orienta-sobre-mudancas-nas-normas-de-saude-e-seguranca-no-trabalho\/#breadcrumb"},"inLanguage":"pt-BR","potentialAction":[{"@type":"ReadAction","target":["https:\/\/fieam.org.br\/sesi\/sesi-orienta-sobre-mudancas-nas-normas-de-saude-e-seguranca-no-trabalho\/"]}]},{"@type":"ImageObject","inLanguage":"pt-BR","@id":"https:\/\/fieam.org.br\/sesi\/sesi-orienta-sobre-mudancas-nas-normas-de-saude-e-seguranca-no-trabalho\/#primaryimage","url":"https:\/\/fieam.org.br\/sesi\/wp-content\/uploads\/sites\/14\/2024\/10\/Gerente-de-Saude-e-Seguranca-na-Industria-SSI-Nelsi-Luniere-ao-lado-do-gerente-gerente-de-gestao-de-saude-e-seguranca-no-trabalho-Claudio-Palheta.jpeg","contentUrl":"https:\/\/fieam.org.br\/sesi\/wp-content\/uploads\/sites\/14\/2024\/10\/Gerente-de-Saude-e-Seguranca-na-Industria-SSI-Nelsi-Luniere-ao-lado-do-gerente-gerente-de-gestao-de-saude-e-seguranca-no-trabalho-Claudio-Palheta.jpeg","width":1600,"height":1066},{"@type":"BreadcrumbList","@id":"https:\/\/fieam.org.br\/sesi\/sesi-orienta-sobre-mudancas-nas-normas-de-saude-e-seguranca-no-trabalho\/#breadcrumb","itemListElement":[{"@type":"ListItem","position":1,"name":"In\u00edcio","item":"https:\/\/fieam.org.br\/sesi\/"},{"@type":"ListItem","position":2,"name":"SESI orienta sobre mudan\u00e7as nas normas de Sa\u00fade e Seguran\u00e7a no Trabalho"}]},{"@type":"WebSite","@id":"https:\/\/fieam.org.br\/sesi\/#website","url":"https:\/\/fieam.org.br\/sesi\/","name":"SESI","description":"Site Oficial!","publisher":{"@id":"https:\/\/fieam.org.br\/sesi\/#organization"},"potentialAction":[{"@type":"SearchAction","target":{"@type":"EntryPoint","urlTemplate":"https:\/\/fieam.org.br\/sesi\/?s={search_term_string}"},"query-input":{"@type":"PropertyValueSpecification","valueRequired":true,"valueName":"search_term_string"}}],"inLanguage":"pt-BR"},{"@type":"Organization","@id":"https:\/\/fieam.org.br\/sesi\/#organization","name":"SESI","url":"https:\/\/fieam.org.br\/sesi\/","logo":{"@type":"ImageObject","inLanguage":"pt-BR","@id":"https:\/\/fieam.org.br\/sesi\/#\/schema\/logo\/image\/","url":"https:\/\/fieam.org.br\/sesi\/wp-content\/uploads\/sites\/14\/2024\/03\/cropped-fav.png","contentUrl":"https:\/\/fieam.org.br\/sesi\/wp-content\/uploads\/sites\/14\/2024\/03\/cropped-fav.png","width":610,"height":589,"caption":"SESI"},"image":{"@id":"https:\/\/fieam.org.br\/sesi\/#\/schema\/logo\/image\/"}},{"@type":"Person","@id":"https:\/\/fieam.org.br\/sesi\/#\/schema\/person\/5a4d0cbf4cb90316068853a537ee7b75","name":"joania","image":{"@type":"ImageObject","inLanguage":"pt-BR","@id":"https:\/\/fieam.org.br\/sesi\/#\/schema\/person\/image\/","url":"https:\/\/secure.gravatar.com\/avatar\/cf50cdab9b211eed7bfb47385e62cad09b856cc1b523532170e88b6bb2768e66?s=96&d=mm&r=g","contentUrl":"https:\/\/secure.gravatar.com\/avatar\/cf50cdab9b211eed7bfb47385e62cad09b856cc1b523532170e88b6bb2768e66?s=96&d=mm&r=g","caption":"joania"},"url":"https:\/\/fieam.org.br\/sesi\/author\/joania\/"}]}},"_links":{"self":[{"href":"https:\/\/fieam.org.br\/sesi\/wp-json\/wp\/v2\/posts\/21212","targetHints":{"allow":["GET"]}}],"collection":[{"href":"https:\/\/fieam.org.br\/sesi\/wp-json\/wp\/v2\/posts"}],"about":[{"href":"https:\/\/fieam.org.br\/sesi\/wp-json\/wp\/v2\/types\/post"}],"author":[{"embeddable":true,"href":"https:\/\/fieam.org.br\/sesi\/wp-json\/wp\/v2\/users\/12"}],"replies":[{"embeddable":true,"href":"https:\/\/fieam.org.br\/sesi\/wp-json\/wp\/v2\/comments?post=21212"}],"version-history":[{"count":1,"href":"https:\/\/fieam.org.br\/sesi\/wp-json\/wp\/v2\/posts\/21212\/revisions"}],"predecessor-version":[{"id":21216,"href":"https:\/\/fieam.org.br\/sesi\/wp-json\/wp\/v2\/posts\/21212\/revisions\/21216"}],"wp:featuredmedia":[{"embeddable":true,"href":"https:\/\/fieam.org.br\/sesi\/wp-json\/wp\/v2\/media\/21213"}],"wp:attachment":[{"href":"https:\/\/fieam.org.br\/sesi\/wp-json\/wp\/v2\/media?parent=21212"}],"wp:term":[{"taxonomy":"category","embeddable":true,"href":"https:\/\/fieam.org.br\/sesi\/wp-json\/wp\/v2\/categories?post=21212"},{"taxonomy":"post_tag","embeddable":true,"href":"https:\/\/fieam.org.br\/sesi\/wp-json\/wp\/v2\/tags?post=21212"}],"curies":[{"name":"wp","href":"https:\/\/api.w.org\/{rel}","templated":true}]}}