{"id":2078,"date":"2011-10-11T16:00:18","date_gmt":"2011-10-11T16:00:18","guid":{"rendered":"http:\/\/www.fieam.org.br\/site\/sesi\/?p=2078"},"modified":"2011-10-11T16:00:18","modified_gmt":"2011-10-11T16:00:18","slug":"corrida-dos-curumins-reune-12-mil-criancas-na-vila-olimpica-parceria-sesi-e-semdej","status":"publish","type":"post","link":"https:\/\/fieam.org.br\/sesi\/corrida-dos-curumins-reune-12-mil-criancas-na-vila-olimpica-parceria-sesi-e-semdej\/","title":{"rendered":"Corrida dos Curumins re\u00fane 1,2 mil crian\u00e7as na Vila Ol\u00edmpica Parceria SESI e SEMDEJ"},"content":{"rendered":"<p><a href=\"http:\/\/www.fieam.org.br\/site\/sesi\/files\/2011\/10\/Atletas-na-largada.jpg\"><img decoding=\"async\" class=\"alignleft size-medium wp-image-2080\" src=\"http:\/\/www.fieam.org.br\/site\/sesi\/files\/2011\/10\/Atletas-na-largada-300x200.jpg\" alt=\"\" width=\"240\" height=\"160\" srcset=\"https:\/\/fieam.org.br\/sesi\/wp-content\/uploads\/sites\/14\/2011\/10\/Atletas-na-largada-300x200.jpg 300w, https:\/\/fieam.org.br\/sesi\/wp-content\/uploads\/sites\/14\/2011\/10\/Atletas-na-largada.jpg 640w\" sizes=\"(max-width: 240px) 100vw, 240px\" \/><\/a>O <a href=\"http:\/\/www.fieam.org.br\/site\/sesi\/institucional\/\" target=\"_blank\" rel=\"noopener\">Servi\u00e7o Social da Ind\u00fastria (SESI Amazonas)<\/a>, por interm\u00e9dio do Programa Atleta do futuro (PAF), participou no \u00faltimo fim de semana da 2\u00aa Corrida dos Curumins, promovida pela <a href=\"http:\/\/semdej.manaus.am.gov.br\/\" target=\"_blank\" rel=\"noopener\">Secretaria Municipal de Esportes e da Juventude (Semdej)<\/a>, que reuniu 1,2 mil crian\u00e7as entre um e 12 anos de escolas municipais, estaduais, privadas e da comunidade, na Vila Ol\u00edmpica de Manaus, zona\u00a0 Oeste.<\/p>\n<p>O SESI participou da competi\u00e7\u00e3o com 35 alunos da Escola Estadual Antenor Sampaio, escola parceira no PAF, al\u00e9m de exposi\u00e7\u00e3o do estande do Programa Cozinha Brasil, que distribuiu o tradicional suco da horta e folhetos informativos sobre \u201dQualidade de Vida\u201d e \u201cAlimenta\u00e7\u00e3o Saud\u00e1vel\u201d e ainda com o SESINHO na divulga\u00e7\u00e3o dos cursos da \u00e1rea de educa\u00e7\u00e3o. Os atletas do Programa Atleta do Futuro, da Escola Estadual General Sampaio, participaram das provas de 75 metros para crian\u00e7as com idade entre 9 e 10 anos.<\/p>\n<p><a href=\"http:\/\/www.fieam.org.br\/site\/sesi\/files\/2011\/10\/Atletas-e-Sesinho.jpg\"><img decoding=\"async\" class=\"alignleft size-medium wp-image-2081\" src=\"http:\/\/www.fieam.org.br\/site\/sesi\/files\/2011\/10\/Atletas-e-Sesinho-300x200.jpg\" alt=\"\" width=\"240\" height=\"160\" srcset=\"https:\/\/fieam.org.br\/sesi\/wp-content\/uploads\/sites\/14\/2011\/10\/Atletas-e-Sesinho-300x200.jpg 300w, https:\/\/fieam.org.br\/sesi\/wp-content\/uploads\/sites\/14\/2011\/10\/Atletas-e-Sesinho.jpg 640w\" sizes=\"(max-width: 240px) 100vw, 240px\" \/><\/a>De acordo com o secret\u00e1rio da Semdej, Fabr\u00edcio Lima, a competi\u00e7\u00e3o teve por objetivo estimular as crian\u00e7as a praticar atividades f\u00edsicas e formar futuros atletas. Cinco grupos de atletas disputaram as provas: 1 a 4 anos (25 m), 5 e 6 anos-(50m), 7 e 8 anos (75m) e 9 e 10 anos (75m), 11 e 12 anos (100m).<\/p>\n<p>Para o secret\u00e1rio Fabr\u00edcio Lima, a parceria com o SESI tem sido\u00a0 fundamental na realiza\u00e7\u00e3o de v\u00e1rios eventos, como a Corrida Internacional de Manaus, no pr\u00f3ximo dia 24 e para o crescimento do esporte\u00a0 amador no Amazonas.<\/p>\n<p>Al\u00e9m da corrida, \u00e0s crian\u00e7as participaram de v\u00e1rias atividades, como jogos de t\u00eanis de mesa, oficina de pintura, cama el\u00e1stica e pula- pula.<\/p>\n<p><span style=\"color: #ffffff\">OOOO<\/span><span style=\"color: #ffffff\">OOOOOOOOOOOOOOOOOOOOOOOOOOOOOO<\/span><\/p>\n<p><strong><a href=\"http:\/\/www.fieam.org.br\/site\/sesi\/files\/2011\/10\/Atletas-premiados.jpg\"><img decoding=\"async\" class=\"alignleft size-medium wp-image-2084\" src=\"http:\/\/www.fieam.org.br\/site\/sesi\/files\/2011\/10\/Atletas-premiados-300x200.jpg\" alt=\"\" width=\"240\" height=\"160\" srcset=\"https:\/\/fieam.org.br\/sesi\/wp-content\/uploads\/sites\/14\/2011\/10\/Atletas-premiados-300x200.jpg 300w, https:\/\/fieam.org.br\/sesi\/wp-content\/uploads\/sites\/14\/2011\/10\/Atletas-premiados.jpg 640w\" sizes=\"(max-width: 240px) 100vw, 240px\" \/><\/a><\/strong><\/p>\n<p><strong>Programa Atleta do Futuro<\/strong><span style=\"color: #ffffff\">OOOOOOOOOOOOO<\/span><\/p>\n<p>Iniciativa do Servi\u00e7o Social da Ind\u00fastria (SESI\/AM), em parceria com a Secretaria do Estado de Educa\u00e7\u00e3o do Amazonas (Seduc) e a empresa Recofarma do grupo Coca-Cola, o PAF \u00e9 um programa socioeducativo gratuito e de cunho esportivo voltado para crian\u00e7as e adolescentes de 6 a 17 anos. Tem por objetivo trabalhar nas crian\u00e7as valores como o esp\u00edrito de equipe, \u00e9tica e compromisso, contribuindo na forma\u00e7\u00e3o de cidad\u00e3os.<\/p>\n<p>De acordo com o coordenador do PAF, Jos\u00e9 Rodrigo Travessa, o programa atende cerca de 700 alunos das escolas estaduais Mirtes Trigueiro, no bairro Coroado e Escola Estadual Antenor Sampaio, bairro de S\u00e3o Jorge, com atividades esportivas e culturais, como, futsal, handebol, atletismo, nata\u00e7\u00e3o e oficinas de dan\u00e7a .<\/p>\n","protected":false},"excerpt":{"rendered":"<p>O Servi\u00e7o Social da Ind\u00fastria (SESI Amazonas), por interm\u00e9dio do Programa Atleta do futuro (PAF), participou no \u00faltimo fim de semana da 2\u00aa Corrida dos Curumins, promovida pela Secretaria Municipal de Esportes e da Juventude (Semdej), que reuniu 1,2 mil crian\u00e7as entre um e 12 anos de escolas municipais, estaduais, privadas e da comunidade, na [&hellip;]<\/p>\n","protected":false},"author":1,"featured_media":0,"comment_status":"open","ping_status":"open","sticky":false,"template":"","format":"standard","meta":{"footnotes":""},"categories":[25],"tags":[],"class_list":["post-2078","post","type-post","status-publish","format-standard","hentry","category-news"],"yoast_head":"<!-- This site is optimized with the Yoast SEO plugin v28.2 - https:\/\/yoast.com\/product\/yoast-seo-wordpress\/ -->\n<title>Corrida dos Curumins re\u00fane 1,2 mil crian\u00e7as na Vila Ol\u00edmpica Parceria SESI e SEMDEJ - SESI<\/title>\n<meta name=\"robots\" content=\"index, follow, max-snippet:-1, max-image-preview:large, max-video-preview:-1\" \/>\n<link rel=\"canonical\" href=\"https:\/\/fieam.org.br\/sesi\/corrida-dos-curumins-reune-12-mil-criancas-na-vila-olimpica-parceria-sesi-e-semdej\/\" \/>\n<meta property=\"og:locale\" content=\"pt_BR\" \/>\n<meta property=\"og:type\" content=\"article\" \/>\n<meta property=\"og:title\" content=\"Corrida dos Curumins re\u00fane 1,2 mil crian\u00e7as na Vila Ol\u00edmpica Parceria SESI e SEMDEJ - SESI\" \/>\n<meta property=\"og:description\" content=\"O Servi\u00e7o Social da Ind\u00fastria (SESI Amazonas), por interm\u00e9dio do Programa Atleta do futuro (PAF), participou no \u00faltimo fim de semana da 2\u00aa Corrida dos Curumins, promovida pela Secretaria Municipal de Esportes e da Juventude (Semdej), que reuniu 1,2 mil crian\u00e7as entre um e 12 anos de escolas municipais, estaduais, privadas e da comunidade, na [&hellip;]\" \/>\n<meta property=\"og:url\" content=\"https:\/\/fieam.org.br\/sesi\/corrida-dos-curumins-reune-12-mil-criancas-na-vila-olimpica-parceria-sesi-e-semdej\/\" \/>\n<meta property=\"og:site_name\" content=\"SESI\" \/>\n<meta property=\"article:published_time\" content=\"2011-10-11T16:00:18+00:00\" \/>\n<meta property=\"og:image\" content=\"https:\/\/fieam.org.br\/sesi\/wp-content\/uploads\/sites\/14\/2011\/10\/Atletas-na-largada.jpg\" \/>\n\t<meta property=\"og:image:width\" content=\"640\" \/>\n\t<meta property=\"og:image:height\" content=\"427\" \/>\n\t<meta property=\"og:image:type\" content=\"image\/jpeg\" \/>\n<meta name=\"author\" content=\"Autor\" \/>\n<meta name=\"twitter:card\" content=\"summary_large_image\" \/>\n<meta name=\"twitter:label1\" content=\"Escrito por\" \/>\n\t<meta name=\"twitter:data1\" content=\"Autor\" \/>\n\t<meta name=\"twitter:label2\" content=\"Est. tempo de leitura\" \/>\n\t<meta name=\"twitter:data2\" content=\"2 minutos\" \/>\n<script type=\"application\/ld+json\" class=\"yoast-schema-graph\">{\"@context\":\"https:\\\/\\\/schema.org\",\"@graph\":[{\"@type\":\"Article\",\"@id\":\"https:\\\/\\\/fieam.org.br\\\/sesi\\\/corrida-dos-curumins-reune-12-mil-criancas-na-vila-olimpica-parceria-sesi-e-semdej\\\/#article\",\"isPartOf\":{\"@id\":\"https:\\\/\\\/fieam.org.br\\\/sesi\\\/corrida-dos-curumins-reune-12-mil-criancas-na-vila-olimpica-parceria-sesi-e-semdej\\\/\"},\"author\":{\"name\":\"Autor\",\"@id\":\"https:\\\/\\\/fieam.org.br\\\/sesi\\\/#\\\/schema\\\/person\\\/f54998dd14d5f0695b41444f2b01c31e\"},\"headline\":\"Corrida dos Curumins re\u00fane 1,2 mil crian\u00e7as na Vila Ol\u00edmpica Parceria SESI e SEMDEJ\",\"datePublished\":\"2011-10-11T16:00:18+00:00\",\"mainEntityOfPage\":{\"@id\":\"https:\\\/\\\/fieam.org.br\\\/sesi\\\/corrida-dos-curumins-reune-12-mil-criancas-na-vila-olimpica-parceria-sesi-e-semdej\\\/\"},\"wordCount\":418,\"commentCount\":0,\"publisher\":{\"@id\":\"https:\\\/\\\/fieam.org.br\\\/sesi\\\/#organization\"},\"image\":{\"@id\":\"https:\\\/\\\/fieam.org.br\\\/sesi\\\/corrida-dos-curumins-reune-12-mil-criancas-na-vila-olimpica-parceria-sesi-e-semdej\\\/#primaryimage\"},\"thumbnailUrl\":\"http:\\\/\\\/www.fieam.org.br\\\/site\\\/sesi\\\/files\\\/2011\\\/10\\\/Atletas-na-largada-300x200.jpg\",\"articleSection\":[\"News\"],\"inLanguage\":\"pt-BR\",\"potentialAction\":[{\"@type\":\"CommentAction\",\"name\":\"Comment\",\"target\":[\"https:\\\/\\\/fieam.org.br\\\/sesi\\\/corrida-dos-curumins-reune-12-mil-criancas-na-vila-olimpica-parceria-sesi-e-semdej\\\/#respond\"]}]},{\"@type\":\"WebPage\",\"@id\":\"https:\\\/\\\/fieam.org.br\\\/sesi\\\/corrida-dos-curumins-reune-12-mil-criancas-na-vila-olimpica-parceria-sesi-e-semdej\\\/\",\"url\":\"https:\\\/\\\/fieam.org.br\\\/sesi\\\/corrida-dos-curumins-reune-12-mil-criancas-na-vila-olimpica-parceria-sesi-e-semdej\\\/\",\"name\":\"Corrida dos Curumins re\u00fane 1,2 mil crian\u00e7as na Vila Ol\u00edmpica Parceria SESI e SEMDEJ - SESI\",\"isPartOf\":{\"@id\":\"https:\\\/\\\/fieam.org.br\\\/sesi\\\/#website\"},\"primaryImageOfPage\":{\"@id\":\"https:\\\/\\\/fieam.org.br\\\/sesi\\\/corrida-dos-curumins-reune-12-mil-criancas-na-vila-olimpica-parceria-sesi-e-semdej\\\/#primaryimage\"},\"image\":{\"@id\":\"https:\\\/\\\/fieam.org.br\\\/sesi\\\/corrida-dos-curumins-reune-12-mil-criancas-na-vila-olimpica-parceria-sesi-e-semdej\\\/#primaryimage\"},\"thumbnailUrl\":\"http:\\\/\\\/www.fieam.org.br\\\/site\\\/sesi\\\/files\\\/2011\\\/10\\\/Atletas-na-largada-300x200.jpg\",\"datePublished\":\"2011-10-11T16:00:18+00:00\",\"breadcrumb\":{\"@id\":\"https:\\\/\\\/fieam.org.br\\\/sesi\\\/corrida-dos-curumins-reune-12-mil-criancas-na-vila-olimpica-parceria-sesi-e-semdej\\\/#breadcrumb\"},\"inLanguage\":\"pt-BR\",\"potentialAction\":[{\"@type\":\"ReadAction\",\"target\":[\"https:\\\/\\\/fieam.org.br\\\/sesi\\\/corrida-dos-curumins-reune-12-mil-criancas-na-vila-olimpica-parceria-sesi-e-semdej\\\/\"]}]},{\"@type\":\"ImageObject\",\"inLanguage\":\"pt-BR\",\"@id\":\"https:\\\/\\\/fieam.org.br\\\/sesi\\\/corrida-dos-curumins-reune-12-mil-criancas-na-vila-olimpica-parceria-sesi-e-semdej\\\/#primaryimage\",\"url\":\"http:\\\/\\\/www.fieam.org.br\\\/site\\\/sesi\\\/files\\\/2011\\\/10\\\/Atletas-na-largada-300x200.jpg\",\"contentUrl\":\"http:\\\/\\\/www.fieam.org.br\\\/site\\\/sesi\\\/files\\\/2011\\\/10\\\/Atletas-na-largada-300x200.jpg\"},{\"@type\":\"BreadcrumbList\",\"@id\":\"https:\\\/\\\/fieam.org.br\\\/sesi\\\/corrida-dos-curumins-reune-12-mil-criancas-na-vila-olimpica-parceria-sesi-e-semdej\\\/#breadcrumb\",\"itemListElement\":[{\"@type\":\"ListItem\",\"position\":1,\"name\":\"In\u00edcio\",\"item\":\"https:\\\/\\\/fieam.org.br\\\/sesi\\\/\"},{\"@type\":\"ListItem\",\"position\":2,\"name\":\"Corrida dos Curumins re\u00fane 1,2 mil crian\u00e7as na Vila Ol\u00edmpica Parceria SESI e SEMDEJ\"}]},{\"@type\":\"WebSite\",\"@id\":\"https:\\\/\\\/fieam.org.br\\\/sesi\\\/#website\",\"url\":\"https:\\\/\\\/fieam.org.br\\\/sesi\\\/\",\"name\":\"SESI\",\"description\":\"Site Oficial!\",\"publisher\":{\"@id\":\"https:\\\/\\\/fieam.org.br\\\/sesi\\\/#organization\"},\"potentialAction\":[{\"@type\":\"SearchAction\",\"target\":{\"@type\":\"EntryPoint\",\"urlTemplate\":\"https:\\\/\\\/fieam.org.br\\\/sesi\\\/?s={search_term_string}\"},\"query-input\":{\"@type\":\"PropertyValueSpecification\",\"valueRequired\":true,\"valueName\":\"search_term_string\"}}],\"inLanguage\":\"pt-BR\"},{\"@type\":\"Organization\",\"@id\":\"https:\\\/\\\/fieam.org.br\\\/sesi\\\/#organization\",\"name\":\"SESI\",\"url\":\"https:\\\/\\\/fieam.org.br\\\/sesi\\\/\",\"logo\":{\"@type\":\"ImageObject\",\"inLanguage\":\"pt-BR\",\"@id\":\"https:\\\/\\\/fieam.org.br\\\/sesi\\\/#\\\/schema\\\/logo\\\/image\\\/\",\"url\":\"https:\\\/\\\/fieam.org.br\\\/sesi\\\/wp-content\\\/uploads\\\/sites\\\/14\\\/2024\\\/03\\\/cropped-fav.png\",\"contentUrl\":\"https:\\\/\\\/fieam.org.br\\\/sesi\\\/wp-content\\\/uploads\\\/sites\\\/14\\\/2024\\\/03\\\/cropped-fav.png\",\"width\":610,\"height\":589,\"caption\":\"SESI\"},\"image\":{\"@id\":\"https:\\\/\\\/fieam.org.br\\\/sesi\\\/#\\\/schema\\\/logo\\\/image\\\/\"}},{\"@type\":\"Person\",\"@id\":\"https:\\\/\\\/fieam.org.br\\\/sesi\\\/#\\\/schema\\\/person\\\/f54998dd14d5f0695b41444f2b01c31e\",\"name\":\"Autor\",\"image\":{\"@type\":\"ImageObject\",\"inLanguage\":\"pt-BR\",\"@id\":\"https:\\\/\\\/secure.gravatar.com\\\/avatar\\\/3732c223e0e1fad69062a8f770955c9068d37b055204f310a0be18d4069fe380?s=96&d=mm&r=g\",\"url\":\"https:\\\/\\\/secure.gravatar.com\\\/avatar\\\/3732c223e0e1fad69062a8f770955c9068d37b055204f310a0be18d4069fe380?s=96&d=mm&r=g\",\"contentUrl\":\"https:\\\/\\\/secure.gravatar.com\\\/avatar\\\/3732c223e0e1fad69062a8f770955c9068d37b055204f310a0be18d4069fe380?s=96&d=mm&r=g\",\"caption\":\"Autor\"},\"sameAs\":[\"https:\\\/\\\/marketingmassivo.com.br\"],\"url\":\"https:\\\/\\\/fieam.org.br\\\/sesi\\\/author\\\/admin\\\/\"}]}<\/script>\n<!-- \/ Yoast SEO plugin. -->","yoast_head_json":{"title":"Corrida dos Curumins re\u00fane 1,2 mil crian\u00e7as na Vila Ol\u00edmpica Parceria SESI e SEMDEJ - SESI","robots":{"index":"index","follow":"follow","max-snippet":"max-snippet:-1","max-image-preview":"max-image-preview:large","max-video-preview":"max-video-preview:-1"},"canonical":"https:\/\/fieam.org.br\/sesi\/corrida-dos-curumins-reune-12-mil-criancas-na-vila-olimpica-parceria-sesi-e-semdej\/","og_locale":"pt_BR","og_type":"article","og_title":"Corrida dos Curumins re\u00fane 1,2 mil crian\u00e7as na Vila Ol\u00edmpica Parceria SESI e SEMDEJ - SESI","og_description":"O Servi\u00e7o Social da Ind\u00fastria (SESI Amazonas), por interm\u00e9dio do Programa Atleta do futuro (PAF), participou no \u00faltimo fim de semana da 2\u00aa Corrida dos Curumins, promovida pela Secretaria Municipal de Esportes e da Juventude (Semdej), que reuniu 1,2 mil crian\u00e7as entre um e 12 anos de escolas municipais, estaduais, privadas e da comunidade, na [&hellip;]","og_url":"https:\/\/fieam.org.br\/sesi\/corrida-dos-curumins-reune-12-mil-criancas-na-vila-olimpica-parceria-sesi-e-semdej\/","og_site_name":"SESI","article_published_time":"2011-10-11T16:00:18+00:00","og_image":[{"width":640,"height":427,"url":"https:\/\/fieam.org.br\/sesi\/wp-content\/uploads\/sites\/14\/2011\/10\/Atletas-na-largada.jpg","type":"image\/jpeg"}],"author":"Autor","twitter_card":"summary_large_image","twitter_misc":{"Escrito por":"Autor","Est. tempo de leitura":"2 minutos"},"schema":{"@context":"https:\/\/schema.org","@graph":[{"@type":"Article","@id":"https:\/\/fieam.org.br\/sesi\/corrida-dos-curumins-reune-12-mil-criancas-na-vila-olimpica-parceria-sesi-e-semdej\/#article","isPartOf":{"@id":"https:\/\/fieam.org.br\/sesi\/corrida-dos-curumins-reune-12-mil-criancas-na-vila-olimpica-parceria-sesi-e-semdej\/"},"author":{"name":"Autor","@id":"https:\/\/fieam.org.br\/sesi\/#\/schema\/person\/f54998dd14d5f0695b41444f2b01c31e"},"headline":"Corrida dos Curumins re\u00fane 1,2 mil crian\u00e7as na Vila Ol\u00edmpica Parceria SESI e SEMDEJ","datePublished":"2011-10-11T16:00:18+00:00","mainEntityOfPage":{"@id":"https:\/\/fieam.org.br\/sesi\/corrida-dos-curumins-reune-12-mil-criancas-na-vila-olimpica-parceria-sesi-e-semdej\/"},"wordCount":418,"commentCount":0,"publisher":{"@id":"https:\/\/fieam.org.br\/sesi\/#organization"},"image":{"@id":"https:\/\/fieam.org.br\/sesi\/corrida-dos-curumins-reune-12-mil-criancas-na-vila-olimpica-parceria-sesi-e-semdej\/#primaryimage"},"thumbnailUrl":"http:\/\/www.fieam.org.br\/site\/sesi\/files\/2011\/10\/Atletas-na-largada-300x200.jpg","articleSection":["News"],"inLanguage":"pt-BR","potentialAction":[{"@type":"CommentAction","name":"Comment","target":["https:\/\/fieam.org.br\/sesi\/corrida-dos-curumins-reune-12-mil-criancas-na-vila-olimpica-parceria-sesi-e-semdej\/#respond"]}]},{"@type":"WebPage","@id":"https:\/\/fieam.org.br\/sesi\/corrida-dos-curumins-reune-12-mil-criancas-na-vila-olimpica-parceria-sesi-e-semdej\/","url":"https:\/\/fieam.org.br\/sesi\/corrida-dos-curumins-reune-12-mil-criancas-na-vila-olimpica-parceria-sesi-e-semdej\/","name":"Corrida dos Curumins re\u00fane 1,2 mil crian\u00e7as na Vila Ol\u00edmpica Parceria SESI e SEMDEJ - SESI","isPartOf":{"@id":"https:\/\/fieam.org.br\/sesi\/#website"},"primaryImageOfPage":{"@id":"https:\/\/fieam.org.br\/sesi\/corrida-dos-curumins-reune-12-mil-criancas-na-vila-olimpica-parceria-sesi-e-semdej\/#primaryimage"},"image":{"@id":"https:\/\/fieam.org.br\/sesi\/corrida-dos-curumins-reune-12-mil-criancas-na-vila-olimpica-parceria-sesi-e-semdej\/#primaryimage"},"thumbnailUrl":"http:\/\/www.fieam.org.br\/site\/sesi\/files\/2011\/10\/Atletas-na-largada-300x200.jpg","datePublished":"2011-10-11T16:00:18+00:00","breadcrumb":{"@id":"https:\/\/fieam.org.br\/sesi\/corrida-dos-curumins-reune-12-mil-criancas-na-vila-olimpica-parceria-sesi-e-semdej\/#breadcrumb"},"inLanguage":"pt-BR","potentialAction":[{"@type":"ReadAction","target":["https:\/\/fieam.org.br\/sesi\/corrida-dos-curumins-reune-12-mil-criancas-na-vila-olimpica-parceria-sesi-e-semdej\/"]}]},{"@type":"ImageObject","inLanguage":"pt-BR","@id":"https:\/\/fieam.org.br\/sesi\/corrida-dos-curumins-reune-12-mil-criancas-na-vila-olimpica-parceria-sesi-e-semdej\/#primaryimage","url":"http:\/\/www.fieam.org.br\/site\/sesi\/files\/2011\/10\/Atletas-na-largada-300x200.jpg","contentUrl":"http:\/\/www.fieam.org.br\/site\/sesi\/files\/2011\/10\/Atletas-na-largada-300x200.jpg"},{"@type":"BreadcrumbList","@id":"https:\/\/fieam.org.br\/sesi\/corrida-dos-curumins-reune-12-mil-criancas-na-vila-olimpica-parceria-sesi-e-semdej\/#breadcrumb","itemListElement":[{"@type":"ListItem","position":1,"name":"In\u00edcio","item":"https:\/\/fieam.org.br\/sesi\/"},{"@type":"ListItem","position":2,"name":"Corrida dos Curumins re\u00fane 1,2 mil crian\u00e7as na Vila Ol\u00edmpica Parceria SESI e SEMDEJ"}]},{"@type":"WebSite","@id":"https:\/\/fieam.org.br\/sesi\/#website","url":"https:\/\/fieam.org.br\/sesi\/","name":"SESI","description":"Site Oficial!","publisher":{"@id":"https:\/\/fieam.org.br\/sesi\/#organization"},"potentialAction":[{"@type":"SearchAction","target":{"@type":"EntryPoint","urlTemplate":"https:\/\/fieam.org.br\/sesi\/?s={search_term_string}"},"query-input":{"@type":"PropertyValueSpecification","valueRequired":true,"valueName":"search_term_string"}}],"inLanguage":"pt-BR"},{"@type":"Organization","@id":"https:\/\/fieam.org.br\/sesi\/#organization","name":"SESI","url":"https:\/\/fieam.org.br\/sesi\/","logo":{"@type":"ImageObject","inLanguage":"pt-BR","@id":"https:\/\/fieam.org.br\/sesi\/#\/schema\/logo\/image\/","url":"https:\/\/fieam.org.br\/sesi\/wp-content\/uploads\/sites\/14\/2024\/03\/cropped-fav.png","contentUrl":"https:\/\/fieam.org.br\/sesi\/wp-content\/uploads\/sites\/14\/2024\/03\/cropped-fav.png","width":610,"height":589,"caption":"SESI"},"image":{"@id":"https:\/\/fieam.org.br\/sesi\/#\/schema\/logo\/image\/"}},{"@type":"Person","@id":"https:\/\/fieam.org.br\/sesi\/#\/schema\/person\/f54998dd14d5f0695b41444f2b01c31e","name":"Autor","image":{"@type":"ImageObject","inLanguage":"pt-BR","@id":"https:\/\/secure.gravatar.com\/avatar\/3732c223e0e1fad69062a8f770955c9068d37b055204f310a0be18d4069fe380?s=96&d=mm&r=g","url":"https:\/\/secure.gravatar.com\/avatar\/3732c223e0e1fad69062a8f770955c9068d37b055204f310a0be18d4069fe380?s=96&d=mm&r=g","contentUrl":"https:\/\/secure.gravatar.com\/avatar\/3732c223e0e1fad69062a8f770955c9068d37b055204f310a0be18d4069fe380?s=96&d=mm&r=g","caption":"Autor"},"sameAs":["https:\/\/marketingmassivo.com.br"],"url":"https:\/\/fieam.org.br\/sesi\/author\/admin\/"}]}},"_links":{"self":[{"href":"https:\/\/fieam.org.br\/sesi\/wp-json\/wp\/v2\/posts\/2078","targetHints":{"allow":["GET"]}}],"collection":[{"href":"https:\/\/fieam.org.br\/sesi\/wp-json\/wp\/v2\/posts"}],"about":[{"href":"https:\/\/fieam.org.br\/sesi\/wp-json\/wp\/v2\/types\/post"}],"author":[{"embeddable":true,"href":"https:\/\/fieam.org.br\/sesi\/wp-json\/wp\/v2\/users\/1"}],"replies":[{"embeddable":true,"href":"https:\/\/fieam.org.br\/sesi\/wp-json\/wp\/v2\/comments?post=2078"}],"version-history":[{"count":0,"href":"https:\/\/fieam.org.br\/sesi\/wp-json\/wp\/v2\/posts\/2078\/revisions"}],"wp:attachment":[{"href":"https:\/\/fieam.org.br\/sesi\/wp-json\/wp\/v2\/media?parent=2078"}],"wp:term":[{"taxonomy":"category","embeddable":true,"href":"https:\/\/fieam.org.br\/sesi\/wp-json\/wp\/v2\/categories?post=2078"},{"taxonomy":"post_tag","embeddable":true,"href":"https:\/\/fieam.org.br\/sesi\/wp-json\/wp\/v2\/tags?post=2078"}],"curies":[{"name":"wp","href":"https:\/\/api.w.org\/{rel}","templated":true}]}}