{"id":20728,"date":"2024-07-25T16:45:32","date_gmt":"2024-07-25T16:45:32","guid":{"rendered":"https:\/\/fieam.org.br\/sesi\/?p=20728"},"modified":"2025-01-15T19:58:57","modified_gmt":"2025-01-15T19:58:57","slug":"comunicado-processo-seletivo-externo-no-005-2024-cargo-pat-profissional-apoio-tecnico-secretario-escolar-parintins","status":"publish","type":"post","link":"https:\/\/fieam.org.br\/sesi\/comunicado-processo-seletivo-externo-no-005-2024-cargo-pat-profissional-apoio-tecnico-secretario-escolar-parintins\/","title":{"rendered":"COMUNICADO PROCESSO SELETIVO EXTERNO \u2013 N\u00ba 005-2024  CARGO: PAT \u2013 PROFISSIONAL APOIO T\u00c9CNICO Secret\u00e1rio Escolar &#8211; Parintins"},"content":{"rendered":"<p><strong>COMUNICADO PROCESSO SELETIVO EXTERNO \u2013 N\u00ba 005-2024<\/strong><\/p>\n<p><strong>\u00a0<\/strong><\/p>\n<p><strong>CARGO: <\/strong>PAT \u2013 PROFISSIONAL APOIO T\u00c9CNICO<\/p>\n<p><strong>OCUPA\u00c7\u00c3O: <\/strong>SECRET\u00c1RIO ESCOLAR<\/p>\n<p><strong>CARGA HOR\u00c1RIA MENSAL: <\/strong>220 Horas<\/p>\n<p><strong>SAL\u00c1RIO: <\/strong>R$ 3.206,99<\/p>\n<p>&nbsp;<\/p>\n<p>O Servi\u00e7o Social da Ind\u00fastria \u2013 SESI, por meio do Departamento de Gest\u00e3o de Pessoas\/Sele\u00e7\u00e3o de Talentos do Sistema Ind\u00fastria do Estado do Amazonas (FIEAM, SESI, SENAI e IEL), abre inscri\u00e7\u00f5es para preenchimento de 1 (uma) vaga e forma\u00e7\u00e3o de cadastro reserva para lota\u00e7\u00e3o na Escola SESI Padre Francisco Luppino no munic\u00edpio de Parintins.<\/p>\n<p>&nbsp;<\/p>\n<p><a href=\"https:\/\/fieam.org.br\/sesi\/wp-content\/uploads\/sites\/14\/2024\/07\/1-005-2024-PSE-ESPFLUPINNO-PAT_SECRETARIO-ESCOLAR_Revisado-002.pdf\">Clique aqui para obter mais informa\u00e7\u00f5es pertinentes ao processo<\/a><\/p>\n<p><a href=\"https:\/\/fieam.org.br\/sesi\/wp-content\/uploads\/sites\/14\/2024\/07\/CADASTRO-INICIAL-NOVO-002.pdf\">Formul\u00e1rio de cadastro inicial<\/a><\/p>\n<p><a href=\"https:\/\/fieam.org.br\/sesi\/wp-content\/uploads\/sites\/14\/2024\/07\/Formulario-para-interposicao-de-recurso_V2-002.pdf\">Formul\u00e1rio para Interposi\u00e7\u00e3o de Recurso<\/a><\/p>\n<p><a href=\"https:\/\/fieam.org.br\/sesi\/wp-content\/uploads\/sites\/14\/2024\/07\/060824-2-005-2024-Resultado-Parcial-Analise-Documental-PSE-ESPFLUPINNO-PAT_SECRETARIO-ESCOLAR-002.pdf\">Resultado Parcial An\u00e1lise Documental &#8211; Etapa 1<\/a><\/p>\n<p><a href=\"https:\/\/fieam.org.br\/sesi\/wp-content\/uploads\/sites\/14\/2024\/07\/040924-5-005-2024-Resultado-Final_Entrevista-Comportamental-Tecnica-PSE-ESPFLUPINNO-PAT_SECRETARIO-ESCOLAR.pdf\">Resultado Final Entrevista Comportamental\/T\u00e9cnica &#8211; Etapa 2\u00a0<\/a><\/p>\n","protected":false},"excerpt":{"rendered":"<p>COMUNICADO PROCESSO SELETIVO EXTERNO \u2013 N\u00ba 005-2024 \u00a0 CARGO: PAT \u2013 PROFISSIONAL APOIO T\u00c9CNICO OCUPA\u00c7\u00c3O: SECRET\u00c1RIO ESCOLAR CARGA HOR\u00c1RIA MENSAL: 220 Horas SAL\u00c1RIO: R$ 3.206,99 &nbsp; O Servi\u00e7o Social da Ind\u00fastria \u2013 SESI, por meio do Departamento de Gest\u00e3o de Pessoas\/Sele\u00e7\u00e3o de Talentos do Sistema Ind\u00fastria do Estado do Amazonas (FIEAM, SESI, SENAI e IEL), [&hellip;]<\/p>\n","protected":false},"author":10,"featured_media":21612,"comment_status":"open","ping_status":"open","sticky":false,"template":"","format":"standard","meta":{"footnotes":""},"categories":[28],"tags":[],"class_list":["post-20728","post","type-post","status-publish","format-standard","has-post-thumbnail","hentry","category-selecao"],"yoast_head":"<!-- This site is optimized with the Yoast SEO plugin v28.2 - https:\/\/yoast.com\/product\/yoast-seo-wordpress\/ -->\n<title>COMUNICADO PROCESSO SELETIVO EXTERNO \u2013 N\u00ba 005-2024 CARGO: PAT \u2013 PROFISSIONAL APOIO T\u00c9CNICO Secret\u00e1rio Escolar - Parintins - SESI<\/title>\n<meta name=\"robots\" content=\"index, follow, max-snippet:-1, max-image-preview:large, max-video-preview:-1\" \/>\n<link rel=\"canonical\" href=\"https:\/\/fieam.org.br\/sesi\/comunicado-processo-seletivo-externo-no-005-2024-cargo-pat-profissional-apoio-tecnico-secretario-escolar-parintins\/\" \/>\n<meta property=\"og:locale\" content=\"pt_BR\" \/>\n<meta property=\"og:type\" content=\"article\" \/>\n<meta property=\"og:title\" content=\"COMUNICADO PROCESSO SELETIVO EXTERNO \u2013 N\u00ba 005-2024 CARGO: PAT \u2013 PROFISSIONAL APOIO T\u00c9CNICO Secret\u00e1rio Escolar - Parintins - SESI\" \/>\n<meta property=\"og:description\" content=\"COMUNICADO PROCESSO SELETIVO EXTERNO \u2013 N\u00ba 005-2024 \u00a0 CARGO: PAT \u2013 PROFISSIONAL APOIO T\u00c9CNICO OCUPA\u00c7\u00c3O: SECRET\u00c1RIO ESCOLAR CARGA HOR\u00c1RIA MENSAL: 220 Horas SAL\u00c1RIO: R$ 3.206,99 &nbsp; O Servi\u00e7o Social da Ind\u00fastria \u2013 SESI, por meio do Departamento de Gest\u00e3o de Pessoas\/Sele\u00e7\u00e3o de Talentos do Sistema Ind\u00fastria do Estado do Amazonas (FIEAM, SESI, SENAI e IEL), [&hellip;]\" \/>\n<meta property=\"og:url\" content=\"https:\/\/fieam.org.br\/sesi\/comunicado-processo-seletivo-externo-no-005-2024-cargo-pat-profissional-apoio-tecnico-secretario-escolar-parintins\/\" \/>\n<meta property=\"og:site_name\" content=\"SESI\" \/>\n<meta property=\"article:published_time\" content=\"2024-07-25T16:45:32+00:00\" \/>\n<meta property=\"article:modified_time\" content=\"2025-01-15T19:58:57+00:00\" \/>\n<meta property=\"og:image\" content=\"https:\/\/fieam.org.br\/sesi\/wp-content\/uploads\/sites\/14\/2025\/01\/selecao-sesi.png\" \/>\n\t<meta property=\"og:image:width\" content=\"461\" \/>\n\t<meta property=\"og:image:height\" content=\"461\" \/>\n\t<meta property=\"og:image:type\" content=\"image\/png\" \/>\n<meta name=\"author\" content=\"renatanascimento\" \/>\n<meta name=\"twitter:card\" content=\"summary_large_image\" \/>\n<meta name=\"twitter:label1\" content=\"Escrito por\" \/>\n\t<meta name=\"twitter:data1\" content=\"renatanascimento\" \/>\n\t<meta name=\"twitter:label2\" content=\"Est. tempo de leitura\" \/>\n\t<meta name=\"twitter:data2\" content=\"1 minuto\" \/>\n<script type=\"application\/ld+json\" class=\"yoast-schema-graph\">{\"@context\":\"https:\\\/\\\/schema.org\",\"@graph\":[{\"@type\":\"Article\",\"@id\":\"https:\\\/\\\/fieam.org.br\\\/sesi\\\/comunicado-processo-seletivo-externo-no-005-2024-cargo-pat-profissional-apoio-tecnico-secretario-escolar-parintins\\\/#article\",\"isPartOf\":{\"@id\":\"https:\\\/\\\/fieam.org.br\\\/sesi\\\/comunicado-processo-seletivo-externo-no-005-2024-cargo-pat-profissional-apoio-tecnico-secretario-escolar-parintins\\\/\"},\"author\":{\"name\":\"renatanascimento\",\"@id\":\"https:\\\/\\\/fieam.org.br\\\/sesi\\\/#\\\/schema\\\/person\\\/d2f2b25cf67a0bd6bf62f0f268bb5dec\"},\"headline\":\"COMUNICADO PROCESSO SELETIVO EXTERNO \u2013 N\u00ba 005-2024 CARGO: PAT \u2013 PROFISSIONAL APOIO T\u00c9CNICO Secret\u00e1rio Escolar &#8211; Parintins\",\"datePublished\":\"2024-07-25T16:45:32+00:00\",\"dateModified\":\"2025-01-15T19:58:57+00:00\",\"mainEntityOfPage\":{\"@id\":\"https:\\\/\\\/fieam.org.br\\\/sesi\\\/comunicado-processo-seletivo-externo-no-005-2024-cargo-pat-profissional-apoio-tecnico-secretario-escolar-parintins\\\/\"},\"wordCount\":143,\"commentCount\":0,\"publisher\":{\"@id\":\"https:\\\/\\\/fieam.org.br\\\/sesi\\\/#organization\"},\"image\":{\"@id\":\"https:\\\/\\\/fieam.org.br\\\/sesi\\\/comunicado-processo-seletivo-externo-no-005-2024-cargo-pat-profissional-apoio-tecnico-secretario-escolar-parintins\\\/#primaryimage\"},\"thumbnailUrl\":\"https:\\\/\\\/fieam.org.br\\\/sesi\\\/wp-content\\\/uploads\\\/sites\\\/14\\\/2025\\\/01\\\/selecao-sesi.png\",\"articleSection\":[\"selecao\"],\"inLanguage\":\"pt-BR\",\"potentialAction\":[{\"@type\":\"CommentAction\",\"name\":\"Comment\",\"target\":[\"https:\\\/\\\/fieam.org.br\\\/sesi\\\/comunicado-processo-seletivo-externo-no-005-2024-cargo-pat-profissional-apoio-tecnico-secretario-escolar-parintins\\\/#respond\"]}]},{\"@type\":\"WebPage\",\"@id\":\"https:\\\/\\\/fieam.org.br\\\/sesi\\\/comunicado-processo-seletivo-externo-no-005-2024-cargo-pat-profissional-apoio-tecnico-secretario-escolar-parintins\\\/\",\"url\":\"https:\\\/\\\/fieam.org.br\\\/sesi\\\/comunicado-processo-seletivo-externo-no-005-2024-cargo-pat-profissional-apoio-tecnico-secretario-escolar-parintins\\\/\",\"name\":\"COMUNICADO PROCESSO SELETIVO EXTERNO \u2013 N\u00ba 005-2024 CARGO: PAT \u2013 PROFISSIONAL APOIO T\u00c9CNICO Secret\u00e1rio Escolar - Parintins - SESI\",\"isPartOf\":{\"@id\":\"https:\\\/\\\/fieam.org.br\\\/sesi\\\/#website\"},\"primaryImageOfPage\":{\"@id\":\"https:\\\/\\\/fieam.org.br\\\/sesi\\\/comunicado-processo-seletivo-externo-no-005-2024-cargo-pat-profissional-apoio-tecnico-secretario-escolar-parintins\\\/#primaryimage\"},\"image\":{\"@id\":\"https:\\\/\\\/fieam.org.br\\\/sesi\\\/comunicado-processo-seletivo-externo-no-005-2024-cargo-pat-profissional-apoio-tecnico-secretario-escolar-parintins\\\/#primaryimage\"},\"thumbnailUrl\":\"https:\\\/\\\/fieam.org.br\\\/sesi\\\/wp-content\\\/uploads\\\/sites\\\/14\\\/2025\\\/01\\\/selecao-sesi.png\",\"datePublished\":\"2024-07-25T16:45:32+00:00\",\"dateModified\":\"2025-01-15T19:58:57+00:00\",\"breadcrumb\":{\"@id\":\"https:\\\/\\\/fieam.org.br\\\/sesi\\\/comunicado-processo-seletivo-externo-no-005-2024-cargo-pat-profissional-apoio-tecnico-secretario-escolar-parintins\\\/#breadcrumb\"},\"inLanguage\":\"pt-BR\",\"potentialAction\":[{\"@type\":\"ReadAction\",\"target\":[\"https:\\\/\\\/fieam.org.br\\\/sesi\\\/comunicado-processo-seletivo-externo-no-005-2024-cargo-pat-profissional-apoio-tecnico-secretario-escolar-parintins\\\/\"]}]},{\"@type\":\"ImageObject\",\"inLanguage\":\"pt-BR\",\"@id\":\"https:\\\/\\\/fieam.org.br\\\/sesi\\\/comunicado-processo-seletivo-externo-no-005-2024-cargo-pat-profissional-apoio-tecnico-secretario-escolar-parintins\\\/#primaryimage\",\"url\":\"https:\\\/\\\/fieam.org.br\\\/sesi\\\/wp-content\\\/uploads\\\/sites\\\/14\\\/2025\\\/01\\\/selecao-sesi.png\",\"contentUrl\":\"https:\\\/\\\/fieam.org.br\\\/sesi\\\/wp-content\\\/uploads\\\/sites\\\/14\\\/2025\\\/01\\\/selecao-sesi.png\",\"width\":461,\"height\":461},{\"@type\":\"BreadcrumbList\",\"@id\":\"https:\\\/\\\/fieam.org.br\\\/sesi\\\/comunicado-processo-seletivo-externo-no-005-2024-cargo-pat-profissional-apoio-tecnico-secretario-escolar-parintins\\\/#breadcrumb\",\"itemListElement\":[{\"@type\":\"ListItem\",\"position\":1,\"name\":\"In\u00edcio\",\"item\":\"https:\\\/\\\/fieam.org.br\\\/sesi\\\/\"},{\"@type\":\"ListItem\",\"position\":2,\"name\":\"COMUNICADO PROCESSO SELETIVO EXTERNO \u2013 N\u00ba 005-2024 CARGO: PAT \u2013 PROFISSIONAL APOIO T\u00c9CNICO Secret\u00e1rio Escolar &#8211; Parintins\"}]},{\"@type\":\"WebSite\",\"@id\":\"https:\\\/\\\/fieam.org.br\\\/sesi\\\/#website\",\"url\":\"https:\\\/\\\/fieam.org.br\\\/sesi\\\/\",\"name\":\"SESI\",\"description\":\"Site Oficial!\",\"publisher\":{\"@id\":\"https:\\\/\\\/fieam.org.br\\\/sesi\\\/#organization\"},\"potentialAction\":[{\"@type\":\"SearchAction\",\"target\":{\"@type\":\"EntryPoint\",\"urlTemplate\":\"https:\\\/\\\/fieam.org.br\\\/sesi\\\/?s={search_term_string}\"},\"query-input\":{\"@type\":\"PropertyValueSpecification\",\"valueRequired\":true,\"valueName\":\"search_term_string\"}}],\"inLanguage\":\"pt-BR\"},{\"@type\":\"Organization\",\"@id\":\"https:\\\/\\\/fieam.org.br\\\/sesi\\\/#organization\",\"name\":\"SESI\",\"url\":\"https:\\\/\\\/fieam.org.br\\\/sesi\\\/\",\"logo\":{\"@type\":\"ImageObject\",\"inLanguage\":\"pt-BR\",\"@id\":\"https:\\\/\\\/fieam.org.br\\\/sesi\\\/#\\\/schema\\\/logo\\\/image\\\/\",\"url\":\"https:\\\/\\\/fieam.org.br\\\/sesi\\\/wp-content\\\/uploads\\\/sites\\\/14\\\/2024\\\/03\\\/cropped-fav.png\",\"contentUrl\":\"https:\\\/\\\/fieam.org.br\\\/sesi\\\/wp-content\\\/uploads\\\/sites\\\/14\\\/2024\\\/03\\\/cropped-fav.png\",\"width\":610,\"height\":589,\"caption\":\"SESI\"},\"image\":{\"@id\":\"https:\\\/\\\/fieam.org.br\\\/sesi\\\/#\\\/schema\\\/logo\\\/image\\\/\"}},{\"@type\":\"Person\",\"@id\":\"https:\\\/\\\/fieam.org.br\\\/sesi\\\/#\\\/schema\\\/person\\\/d2f2b25cf67a0bd6bf62f0f268bb5dec\",\"name\":\"renatanascimento\",\"image\":{\"@type\":\"ImageObject\",\"inLanguage\":\"pt-BR\",\"@id\":\"https:\\\/\\\/secure.gravatar.com\\\/avatar\\\/93de15dc95baaa908fed52352fb797e95971f7518700a292d0fc7ad450ae039d?s=96&d=mm&r=g\",\"url\":\"https:\\\/\\\/secure.gravatar.com\\\/avatar\\\/93de15dc95baaa908fed52352fb797e95971f7518700a292d0fc7ad450ae039d?s=96&d=mm&r=g\",\"contentUrl\":\"https:\\\/\\\/secure.gravatar.com\\\/avatar\\\/93de15dc95baaa908fed52352fb797e95971f7518700a292d0fc7ad450ae039d?s=96&d=mm&r=g\",\"caption\":\"renatanascimento\"},\"url\":\"https:\\\/\\\/fieam.org.br\\\/sesi\\\/author\\\/renatanascimento\\\/\"}]}<\/script>\n<!-- \/ Yoast SEO plugin. -->","yoast_head_json":{"title":"COMUNICADO PROCESSO SELETIVO EXTERNO \u2013 N\u00ba 005-2024 CARGO: PAT \u2013 PROFISSIONAL APOIO T\u00c9CNICO Secret\u00e1rio Escolar - Parintins - SESI","robots":{"index":"index","follow":"follow","max-snippet":"max-snippet:-1","max-image-preview":"max-image-preview:large","max-video-preview":"max-video-preview:-1"},"canonical":"https:\/\/fieam.org.br\/sesi\/comunicado-processo-seletivo-externo-no-005-2024-cargo-pat-profissional-apoio-tecnico-secretario-escolar-parintins\/","og_locale":"pt_BR","og_type":"article","og_title":"COMUNICADO PROCESSO SELETIVO EXTERNO \u2013 N\u00ba 005-2024 CARGO: PAT \u2013 PROFISSIONAL APOIO T\u00c9CNICO Secret\u00e1rio Escolar - Parintins - SESI","og_description":"COMUNICADO PROCESSO SELETIVO EXTERNO \u2013 N\u00ba 005-2024 \u00a0 CARGO: PAT \u2013 PROFISSIONAL APOIO T\u00c9CNICO OCUPA\u00c7\u00c3O: SECRET\u00c1RIO ESCOLAR CARGA HOR\u00c1RIA MENSAL: 220 Horas SAL\u00c1RIO: R$ 3.206,99 &nbsp; O Servi\u00e7o Social da Ind\u00fastria \u2013 SESI, por meio do Departamento de Gest\u00e3o de Pessoas\/Sele\u00e7\u00e3o de Talentos do Sistema Ind\u00fastria do Estado do Amazonas (FIEAM, SESI, SENAI e IEL), [&hellip;]","og_url":"https:\/\/fieam.org.br\/sesi\/comunicado-processo-seletivo-externo-no-005-2024-cargo-pat-profissional-apoio-tecnico-secretario-escolar-parintins\/","og_site_name":"SESI","article_published_time":"2024-07-25T16:45:32+00:00","article_modified_time":"2025-01-15T19:58:57+00:00","og_image":[{"width":461,"height":461,"url":"https:\/\/fieam.org.br\/sesi\/wp-content\/uploads\/sites\/14\/2025\/01\/selecao-sesi.png","type":"image\/png"}],"author":"renatanascimento","twitter_card":"summary_large_image","twitter_misc":{"Escrito por":"renatanascimento","Est. tempo de leitura":"1 minuto"},"schema":{"@context":"https:\/\/schema.org","@graph":[{"@type":"Article","@id":"https:\/\/fieam.org.br\/sesi\/comunicado-processo-seletivo-externo-no-005-2024-cargo-pat-profissional-apoio-tecnico-secretario-escolar-parintins\/#article","isPartOf":{"@id":"https:\/\/fieam.org.br\/sesi\/comunicado-processo-seletivo-externo-no-005-2024-cargo-pat-profissional-apoio-tecnico-secretario-escolar-parintins\/"},"author":{"name":"renatanascimento","@id":"https:\/\/fieam.org.br\/sesi\/#\/schema\/person\/d2f2b25cf67a0bd6bf62f0f268bb5dec"},"headline":"COMUNICADO PROCESSO SELETIVO EXTERNO \u2013 N\u00ba 005-2024 CARGO: PAT \u2013 PROFISSIONAL APOIO T\u00c9CNICO Secret\u00e1rio Escolar &#8211; Parintins","datePublished":"2024-07-25T16:45:32+00:00","dateModified":"2025-01-15T19:58:57+00:00","mainEntityOfPage":{"@id":"https:\/\/fieam.org.br\/sesi\/comunicado-processo-seletivo-externo-no-005-2024-cargo-pat-profissional-apoio-tecnico-secretario-escolar-parintins\/"},"wordCount":143,"commentCount":0,"publisher":{"@id":"https:\/\/fieam.org.br\/sesi\/#organization"},"image":{"@id":"https:\/\/fieam.org.br\/sesi\/comunicado-processo-seletivo-externo-no-005-2024-cargo-pat-profissional-apoio-tecnico-secretario-escolar-parintins\/#primaryimage"},"thumbnailUrl":"https:\/\/fieam.org.br\/sesi\/wp-content\/uploads\/sites\/14\/2025\/01\/selecao-sesi.png","articleSection":["selecao"],"inLanguage":"pt-BR","potentialAction":[{"@type":"CommentAction","name":"Comment","target":["https:\/\/fieam.org.br\/sesi\/comunicado-processo-seletivo-externo-no-005-2024-cargo-pat-profissional-apoio-tecnico-secretario-escolar-parintins\/#respond"]}]},{"@type":"WebPage","@id":"https:\/\/fieam.org.br\/sesi\/comunicado-processo-seletivo-externo-no-005-2024-cargo-pat-profissional-apoio-tecnico-secretario-escolar-parintins\/","url":"https:\/\/fieam.org.br\/sesi\/comunicado-processo-seletivo-externo-no-005-2024-cargo-pat-profissional-apoio-tecnico-secretario-escolar-parintins\/","name":"COMUNICADO PROCESSO SELETIVO EXTERNO \u2013 N\u00ba 005-2024 CARGO: PAT \u2013 PROFISSIONAL APOIO T\u00c9CNICO Secret\u00e1rio Escolar - Parintins - SESI","isPartOf":{"@id":"https:\/\/fieam.org.br\/sesi\/#website"},"primaryImageOfPage":{"@id":"https:\/\/fieam.org.br\/sesi\/comunicado-processo-seletivo-externo-no-005-2024-cargo-pat-profissional-apoio-tecnico-secretario-escolar-parintins\/#primaryimage"},"image":{"@id":"https:\/\/fieam.org.br\/sesi\/comunicado-processo-seletivo-externo-no-005-2024-cargo-pat-profissional-apoio-tecnico-secretario-escolar-parintins\/#primaryimage"},"thumbnailUrl":"https:\/\/fieam.org.br\/sesi\/wp-content\/uploads\/sites\/14\/2025\/01\/selecao-sesi.png","datePublished":"2024-07-25T16:45:32+00:00","dateModified":"2025-01-15T19:58:57+00:00","breadcrumb":{"@id":"https:\/\/fieam.org.br\/sesi\/comunicado-processo-seletivo-externo-no-005-2024-cargo-pat-profissional-apoio-tecnico-secretario-escolar-parintins\/#breadcrumb"},"inLanguage":"pt-BR","potentialAction":[{"@type":"ReadAction","target":["https:\/\/fieam.org.br\/sesi\/comunicado-processo-seletivo-externo-no-005-2024-cargo-pat-profissional-apoio-tecnico-secretario-escolar-parintins\/"]}]},{"@type":"ImageObject","inLanguage":"pt-BR","@id":"https:\/\/fieam.org.br\/sesi\/comunicado-processo-seletivo-externo-no-005-2024-cargo-pat-profissional-apoio-tecnico-secretario-escolar-parintins\/#primaryimage","url":"https:\/\/fieam.org.br\/sesi\/wp-content\/uploads\/sites\/14\/2025\/01\/selecao-sesi.png","contentUrl":"https:\/\/fieam.org.br\/sesi\/wp-content\/uploads\/sites\/14\/2025\/01\/selecao-sesi.png","width":461,"height":461},{"@type":"BreadcrumbList","@id":"https:\/\/fieam.org.br\/sesi\/comunicado-processo-seletivo-externo-no-005-2024-cargo-pat-profissional-apoio-tecnico-secretario-escolar-parintins\/#breadcrumb","itemListElement":[{"@type":"ListItem","position":1,"name":"In\u00edcio","item":"https:\/\/fieam.org.br\/sesi\/"},{"@type":"ListItem","position":2,"name":"COMUNICADO PROCESSO SELETIVO EXTERNO \u2013 N\u00ba 005-2024 CARGO: PAT \u2013 PROFISSIONAL APOIO T\u00c9CNICO Secret\u00e1rio Escolar &#8211; Parintins"}]},{"@type":"WebSite","@id":"https:\/\/fieam.org.br\/sesi\/#website","url":"https:\/\/fieam.org.br\/sesi\/","name":"SESI","description":"Site Oficial!","publisher":{"@id":"https:\/\/fieam.org.br\/sesi\/#organization"},"potentialAction":[{"@type":"SearchAction","target":{"@type":"EntryPoint","urlTemplate":"https:\/\/fieam.org.br\/sesi\/?s={search_term_string}"},"query-input":{"@type":"PropertyValueSpecification","valueRequired":true,"valueName":"search_term_string"}}],"inLanguage":"pt-BR"},{"@type":"Organization","@id":"https:\/\/fieam.org.br\/sesi\/#organization","name":"SESI","url":"https:\/\/fieam.org.br\/sesi\/","logo":{"@type":"ImageObject","inLanguage":"pt-BR","@id":"https:\/\/fieam.org.br\/sesi\/#\/schema\/logo\/image\/","url":"https:\/\/fieam.org.br\/sesi\/wp-content\/uploads\/sites\/14\/2024\/03\/cropped-fav.png","contentUrl":"https:\/\/fieam.org.br\/sesi\/wp-content\/uploads\/sites\/14\/2024\/03\/cropped-fav.png","width":610,"height":589,"caption":"SESI"},"image":{"@id":"https:\/\/fieam.org.br\/sesi\/#\/schema\/logo\/image\/"}},{"@type":"Person","@id":"https:\/\/fieam.org.br\/sesi\/#\/schema\/person\/d2f2b25cf67a0bd6bf62f0f268bb5dec","name":"renatanascimento","image":{"@type":"ImageObject","inLanguage":"pt-BR","@id":"https:\/\/secure.gravatar.com\/avatar\/93de15dc95baaa908fed52352fb797e95971f7518700a292d0fc7ad450ae039d?s=96&d=mm&r=g","url":"https:\/\/secure.gravatar.com\/avatar\/93de15dc95baaa908fed52352fb797e95971f7518700a292d0fc7ad450ae039d?s=96&d=mm&r=g","contentUrl":"https:\/\/secure.gravatar.com\/avatar\/93de15dc95baaa908fed52352fb797e95971f7518700a292d0fc7ad450ae039d?s=96&d=mm&r=g","caption":"renatanascimento"},"url":"https:\/\/fieam.org.br\/sesi\/author\/renatanascimento\/"}]}},"_links":{"self":[{"href":"https:\/\/fieam.org.br\/sesi\/wp-json\/wp\/v2\/posts\/20728","targetHints":{"allow":["GET"]}}],"collection":[{"href":"https:\/\/fieam.org.br\/sesi\/wp-json\/wp\/v2\/posts"}],"about":[{"href":"https:\/\/fieam.org.br\/sesi\/wp-json\/wp\/v2\/types\/post"}],"author":[{"embeddable":true,"href":"https:\/\/fieam.org.br\/sesi\/wp-json\/wp\/v2\/users\/10"}],"replies":[{"embeddable":true,"href":"https:\/\/fieam.org.br\/sesi\/wp-json\/wp\/v2\/comments?post=20728"}],"version-history":[{"count":3,"href":"https:\/\/fieam.org.br\/sesi\/wp-json\/wp\/v2\/posts\/20728\/revisions"}],"predecessor-version":[{"id":21146,"href":"https:\/\/fieam.org.br\/sesi\/wp-json\/wp\/v2\/posts\/20728\/revisions\/21146"}],"wp:featuredmedia":[{"embeddable":true,"href":"https:\/\/fieam.org.br\/sesi\/wp-json\/wp\/v2\/media\/21612"}],"wp:attachment":[{"href":"https:\/\/fieam.org.br\/sesi\/wp-json\/wp\/v2\/media?parent=20728"}],"wp:term":[{"taxonomy":"category","embeddable":true,"href":"https:\/\/fieam.org.br\/sesi\/wp-json\/wp\/v2\/categories?post=20728"},{"taxonomy":"post_tag","embeddable":true,"href":"https:\/\/fieam.org.br\/sesi\/wp-json\/wp\/v2\/tags?post=20728"}],"curies":[{"name":"wp","href":"https:\/\/api.w.org\/{rel}","templated":true}]}}