{"id":2056,"date":"2011-10-07T13:02:50","date_gmt":"2011-10-07T13:02:50","guid":{"rendered":"http:\/\/www.fieam.org.br\/site\/sesi\/?p=2056"},"modified":"2011-10-07T13:02:50","modified_gmt":"2011-10-07T13:02:50","slug":"viravida-e-finalista-do-premio-de-tecnologia-social-da-fundacao-banco-do-brasil","status":"publish","type":"post","link":"https:\/\/fieam.org.br\/sesi\/viravida-e-finalista-do-premio-de-tecnologia-social-da-fundacao-banco-do-brasil\/","title":{"rendered":"ViraVida \u00e9 finalista do pr\u00eamio de Tecnologia Social da Funda\u00e7\u00e3o Banco do Brasil"},"content":{"rendered":"<p>O projeto ViraVida, iniciativa do Conselho Nacional do SESI, est\u00e1 entre os tr\u00eas finalistas do Pr\u00eamio Funda\u00e7\u00e3o Banco do Brasil de Tecnologia Social de 2011, na categoria Protagonismo. Mais dois projetos concorrem pelos estados da Bahia e de S\u00e3o Paulo. A divulga\u00e7\u00e3o do resultado final acontecer\u00e1 em novembro.<\/p>\n<p>Criado em 2001, o pr\u00eamio \u00e9 um instrumento de identifica\u00e7\u00e3o, certifica\u00e7\u00e3o, promo\u00e7\u00e3o e fomento de tecnologias que apresentem respostas efetivas para diferentes demandas sociais. Os tr\u00eas concorrentes integrar\u00e3o o Banco de Tecnologias Sociais da Funda\u00e7\u00e3o Banco do Brasil.<\/p>\n<p>As tecnologias inscritas passam por um processo de triagem, que inclui as fases de certifica\u00e7\u00e3o, sele\u00e7\u00e3o das finalistas, julgamento das vencedoras e premia\u00e7\u00e3o, observados os crit\u00e9rios e par\u00e2metros estabelecidos no regulamento.<\/p>\n<p>O ViraVida oferece capacita\u00e7\u00e3o profissional a jovens com idade entre 16 e 21 anos, v\u00edtimas de abuso e explora\u00e7\u00e3o sexual. Atualmente, o projeto est\u00e1 em 13 estados, abrangendo 16 cidades. A meta \u00e9 alcan\u00e7ar, no pr\u00f3ximo ano, as 27 Unidades da Federa\u00e7\u00e3o. No total, mais de 1,8 mil jovens j\u00e1 foram beneficiados.<\/p>\n<p><strong>Mais informa\u00e7\u00f5es para a imprensa<\/strong><\/p>\n<p>Assessoria de Imprensa do Conselho Nacional do SESI<br \/>\n(61) 3217 0745\/46 ou <a href=\"mailto:comunicacaocn@sesi.org.br\">comunicacaocn@sesi.org.br<\/a><\/p>\n","protected":false},"excerpt":{"rendered":"<p>O projeto ViraVida, iniciativa do Conselho Nacional do SESI, est\u00e1 entre os tr\u00eas finalistas do Pr\u00eamio Funda\u00e7\u00e3o Banco do Brasil de Tecnologia Social de 2011, na categoria Protagonismo. Mais dois projetos concorrem pelos estados da Bahia e de S\u00e3o Paulo. A divulga\u00e7\u00e3o do resultado final acontecer\u00e1 em novembro. Criado em 2001, o pr\u00eamio \u00e9 um [&hellip;]<\/p>\n","protected":false},"author":1,"featured_media":0,"comment_status":"open","ping_status":"open","sticky":false,"template":"","format":"standard","meta":{"footnotes":""},"categories":[25],"tags":[],"class_list":["post-2056","post","type-post","status-publish","format-standard","hentry","category-news"],"yoast_head":"<!-- This site is optimized with the Yoast SEO plugin v28.2 - https:\/\/yoast.com\/product\/yoast-seo-wordpress\/ -->\n<title>ViraVida \u00e9 finalista do pr\u00eamio de Tecnologia Social da Funda\u00e7\u00e3o Banco do Brasil - SESI<\/title>\n<meta name=\"robots\" content=\"index, follow, max-snippet:-1, max-image-preview:large, max-video-preview:-1\" \/>\n<link rel=\"canonical\" href=\"https:\/\/fieam.org.br\/sesi\/viravida-e-finalista-do-premio-de-tecnologia-social-da-fundacao-banco-do-brasil\/\" \/>\n<meta property=\"og:locale\" content=\"pt_BR\" \/>\n<meta property=\"og:type\" content=\"article\" \/>\n<meta property=\"og:title\" content=\"ViraVida \u00e9 finalista do pr\u00eamio de Tecnologia Social da Funda\u00e7\u00e3o Banco do Brasil - SESI\" \/>\n<meta property=\"og:description\" content=\"O projeto ViraVida, iniciativa do Conselho Nacional do SESI, est\u00e1 entre os tr\u00eas finalistas do Pr\u00eamio Funda\u00e7\u00e3o Banco do Brasil de Tecnologia Social de 2011, na categoria Protagonismo. Mais dois projetos concorrem pelos estados da Bahia e de S\u00e3o Paulo. A divulga\u00e7\u00e3o do resultado final acontecer\u00e1 em novembro. Criado em 2001, o pr\u00eamio \u00e9 um [&hellip;]\" \/>\n<meta property=\"og:url\" content=\"https:\/\/fieam.org.br\/sesi\/viravida-e-finalista-do-premio-de-tecnologia-social-da-fundacao-banco-do-brasil\/\" \/>\n<meta property=\"og:site_name\" content=\"SESI\" \/>\n<meta property=\"article:published_time\" content=\"2011-10-07T13:02:50+00:00\" \/>\n<meta name=\"author\" content=\"Autor\" \/>\n<meta name=\"twitter:card\" content=\"summary_large_image\" \/>\n<meta name=\"twitter:label1\" content=\"Escrito por\" \/>\n\t<meta name=\"twitter:data1\" content=\"Autor\" \/>\n\t<meta name=\"twitter:label2\" content=\"Est. tempo de leitura\" \/>\n\t<meta name=\"twitter:data2\" content=\"1 minuto\" \/>\n<script type=\"application\/ld+json\" class=\"yoast-schema-graph\">{\"@context\":\"https:\\\/\\\/schema.org\",\"@graph\":[{\"@type\":\"Article\",\"@id\":\"https:\\\/\\\/fieam.org.br\\\/sesi\\\/viravida-e-finalista-do-premio-de-tecnologia-social-da-fundacao-banco-do-brasil\\\/#article\",\"isPartOf\":{\"@id\":\"https:\\\/\\\/fieam.org.br\\\/sesi\\\/viravida-e-finalista-do-premio-de-tecnologia-social-da-fundacao-banco-do-brasil\\\/\"},\"author\":{\"name\":\"Autor\",\"@id\":\"https:\\\/\\\/fieam.org.br\\\/sesi\\\/#\\\/schema\\\/person\\\/f54998dd14d5f0695b41444f2b01c31e\"},\"headline\":\"ViraVida \u00e9 finalista do pr\u00eamio de Tecnologia Social da Funda\u00e7\u00e3o Banco do Brasil\",\"datePublished\":\"2011-10-07T13:02:50+00:00\",\"mainEntityOfPage\":{\"@id\":\"https:\\\/\\\/fieam.org.br\\\/sesi\\\/viravida-e-finalista-do-premio-de-tecnologia-social-da-fundacao-banco-do-brasil\\\/\"},\"wordCount\":215,\"commentCount\":0,\"publisher\":{\"@id\":\"https:\\\/\\\/fieam.org.br\\\/sesi\\\/#organization\"},\"articleSection\":[\"News\"],\"inLanguage\":\"pt-BR\",\"potentialAction\":[{\"@type\":\"CommentAction\",\"name\":\"Comment\",\"target\":[\"https:\\\/\\\/fieam.org.br\\\/sesi\\\/viravida-e-finalista-do-premio-de-tecnologia-social-da-fundacao-banco-do-brasil\\\/#respond\"]}]},{\"@type\":\"WebPage\",\"@id\":\"https:\\\/\\\/fieam.org.br\\\/sesi\\\/viravida-e-finalista-do-premio-de-tecnologia-social-da-fundacao-banco-do-brasil\\\/\",\"url\":\"https:\\\/\\\/fieam.org.br\\\/sesi\\\/viravida-e-finalista-do-premio-de-tecnologia-social-da-fundacao-banco-do-brasil\\\/\",\"name\":\"ViraVida \u00e9 finalista do pr\u00eamio de Tecnologia Social da Funda\u00e7\u00e3o Banco do Brasil - SESI\",\"isPartOf\":{\"@id\":\"https:\\\/\\\/fieam.org.br\\\/sesi\\\/#website\"},\"datePublished\":\"2011-10-07T13:02:50+00:00\",\"breadcrumb\":{\"@id\":\"https:\\\/\\\/fieam.org.br\\\/sesi\\\/viravida-e-finalista-do-premio-de-tecnologia-social-da-fundacao-banco-do-brasil\\\/#breadcrumb\"},\"inLanguage\":\"pt-BR\",\"potentialAction\":[{\"@type\":\"ReadAction\",\"target\":[\"https:\\\/\\\/fieam.org.br\\\/sesi\\\/viravida-e-finalista-do-premio-de-tecnologia-social-da-fundacao-banco-do-brasil\\\/\"]}]},{\"@type\":\"BreadcrumbList\",\"@id\":\"https:\\\/\\\/fieam.org.br\\\/sesi\\\/viravida-e-finalista-do-premio-de-tecnologia-social-da-fundacao-banco-do-brasil\\\/#breadcrumb\",\"itemListElement\":[{\"@type\":\"ListItem\",\"position\":1,\"name\":\"In\u00edcio\",\"item\":\"https:\\\/\\\/fieam.org.br\\\/sesi\\\/\"},{\"@type\":\"ListItem\",\"position\":2,\"name\":\"ViraVida \u00e9 finalista do pr\u00eamio de Tecnologia Social da Funda\u00e7\u00e3o Banco do Brasil\"}]},{\"@type\":\"WebSite\",\"@id\":\"https:\\\/\\\/fieam.org.br\\\/sesi\\\/#website\",\"url\":\"https:\\\/\\\/fieam.org.br\\\/sesi\\\/\",\"name\":\"SESI\",\"description\":\"Site Oficial!\",\"publisher\":{\"@id\":\"https:\\\/\\\/fieam.org.br\\\/sesi\\\/#organization\"},\"potentialAction\":[{\"@type\":\"SearchAction\",\"target\":{\"@type\":\"EntryPoint\",\"urlTemplate\":\"https:\\\/\\\/fieam.org.br\\\/sesi\\\/?s={search_term_string}\"},\"query-input\":{\"@type\":\"PropertyValueSpecification\",\"valueRequired\":true,\"valueName\":\"search_term_string\"}}],\"inLanguage\":\"pt-BR\"},{\"@type\":\"Organization\",\"@id\":\"https:\\\/\\\/fieam.org.br\\\/sesi\\\/#organization\",\"name\":\"SESI\",\"url\":\"https:\\\/\\\/fieam.org.br\\\/sesi\\\/\",\"logo\":{\"@type\":\"ImageObject\",\"inLanguage\":\"pt-BR\",\"@id\":\"https:\\\/\\\/fieam.org.br\\\/sesi\\\/#\\\/schema\\\/logo\\\/image\\\/\",\"url\":\"https:\\\/\\\/fieam.org.br\\\/sesi\\\/wp-content\\\/uploads\\\/sites\\\/14\\\/2024\\\/03\\\/cropped-fav.png\",\"contentUrl\":\"https:\\\/\\\/fieam.org.br\\\/sesi\\\/wp-content\\\/uploads\\\/sites\\\/14\\\/2024\\\/03\\\/cropped-fav.png\",\"width\":610,\"height\":589,\"caption\":\"SESI\"},\"image\":{\"@id\":\"https:\\\/\\\/fieam.org.br\\\/sesi\\\/#\\\/schema\\\/logo\\\/image\\\/\"}},{\"@type\":\"Person\",\"@id\":\"https:\\\/\\\/fieam.org.br\\\/sesi\\\/#\\\/schema\\\/person\\\/f54998dd14d5f0695b41444f2b01c31e\",\"name\":\"Autor\",\"image\":{\"@type\":\"ImageObject\",\"inLanguage\":\"pt-BR\",\"@id\":\"https:\\\/\\\/secure.gravatar.com\\\/avatar\\\/3732c223e0e1fad69062a8f770955c9068d37b055204f310a0be18d4069fe380?s=96&d=mm&r=g\",\"url\":\"https:\\\/\\\/secure.gravatar.com\\\/avatar\\\/3732c223e0e1fad69062a8f770955c9068d37b055204f310a0be18d4069fe380?s=96&d=mm&r=g\",\"contentUrl\":\"https:\\\/\\\/secure.gravatar.com\\\/avatar\\\/3732c223e0e1fad69062a8f770955c9068d37b055204f310a0be18d4069fe380?s=96&d=mm&r=g\",\"caption\":\"Autor\"},\"sameAs\":[\"https:\\\/\\\/marketingmassivo.com.br\"],\"url\":\"https:\\\/\\\/fieam.org.br\\\/sesi\\\/author\\\/admin\\\/\"}]}<\/script>\n<!-- \/ Yoast SEO plugin. -->","yoast_head_json":{"title":"ViraVida \u00e9 finalista do pr\u00eamio de Tecnologia Social da Funda\u00e7\u00e3o Banco do Brasil - SESI","robots":{"index":"index","follow":"follow","max-snippet":"max-snippet:-1","max-image-preview":"max-image-preview:large","max-video-preview":"max-video-preview:-1"},"canonical":"https:\/\/fieam.org.br\/sesi\/viravida-e-finalista-do-premio-de-tecnologia-social-da-fundacao-banco-do-brasil\/","og_locale":"pt_BR","og_type":"article","og_title":"ViraVida \u00e9 finalista do pr\u00eamio de Tecnologia Social da Funda\u00e7\u00e3o Banco do Brasil - SESI","og_description":"O projeto ViraVida, iniciativa do Conselho Nacional do SESI, est\u00e1 entre os tr\u00eas finalistas do Pr\u00eamio Funda\u00e7\u00e3o Banco do Brasil de Tecnologia Social de 2011, na categoria Protagonismo. Mais dois projetos concorrem pelos estados da Bahia e de S\u00e3o Paulo. A divulga\u00e7\u00e3o do resultado final acontecer\u00e1 em novembro. Criado em 2001, o pr\u00eamio \u00e9 um [&hellip;]","og_url":"https:\/\/fieam.org.br\/sesi\/viravida-e-finalista-do-premio-de-tecnologia-social-da-fundacao-banco-do-brasil\/","og_site_name":"SESI","article_published_time":"2011-10-07T13:02:50+00:00","author":"Autor","twitter_card":"summary_large_image","twitter_misc":{"Escrito por":"Autor","Est. tempo de leitura":"1 minuto"},"schema":{"@context":"https:\/\/schema.org","@graph":[{"@type":"Article","@id":"https:\/\/fieam.org.br\/sesi\/viravida-e-finalista-do-premio-de-tecnologia-social-da-fundacao-banco-do-brasil\/#article","isPartOf":{"@id":"https:\/\/fieam.org.br\/sesi\/viravida-e-finalista-do-premio-de-tecnologia-social-da-fundacao-banco-do-brasil\/"},"author":{"name":"Autor","@id":"https:\/\/fieam.org.br\/sesi\/#\/schema\/person\/f54998dd14d5f0695b41444f2b01c31e"},"headline":"ViraVida \u00e9 finalista do pr\u00eamio de Tecnologia Social da Funda\u00e7\u00e3o Banco do Brasil","datePublished":"2011-10-07T13:02:50+00:00","mainEntityOfPage":{"@id":"https:\/\/fieam.org.br\/sesi\/viravida-e-finalista-do-premio-de-tecnologia-social-da-fundacao-banco-do-brasil\/"},"wordCount":215,"commentCount":0,"publisher":{"@id":"https:\/\/fieam.org.br\/sesi\/#organization"},"articleSection":["News"],"inLanguage":"pt-BR","potentialAction":[{"@type":"CommentAction","name":"Comment","target":["https:\/\/fieam.org.br\/sesi\/viravida-e-finalista-do-premio-de-tecnologia-social-da-fundacao-banco-do-brasil\/#respond"]}]},{"@type":"WebPage","@id":"https:\/\/fieam.org.br\/sesi\/viravida-e-finalista-do-premio-de-tecnologia-social-da-fundacao-banco-do-brasil\/","url":"https:\/\/fieam.org.br\/sesi\/viravida-e-finalista-do-premio-de-tecnologia-social-da-fundacao-banco-do-brasil\/","name":"ViraVida \u00e9 finalista do pr\u00eamio de Tecnologia Social da Funda\u00e7\u00e3o Banco do Brasil - SESI","isPartOf":{"@id":"https:\/\/fieam.org.br\/sesi\/#website"},"datePublished":"2011-10-07T13:02:50+00:00","breadcrumb":{"@id":"https:\/\/fieam.org.br\/sesi\/viravida-e-finalista-do-premio-de-tecnologia-social-da-fundacao-banco-do-brasil\/#breadcrumb"},"inLanguage":"pt-BR","potentialAction":[{"@type":"ReadAction","target":["https:\/\/fieam.org.br\/sesi\/viravida-e-finalista-do-premio-de-tecnologia-social-da-fundacao-banco-do-brasil\/"]}]},{"@type":"BreadcrumbList","@id":"https:\/\/fieam.org.br\/sesi\/viravida-e-finalista-do-premio-de-tecnologia-social-da-fundacao-banco-do-brasil\/#breadcrumb","itemListElement":[{"@type":"ListItem","position":1,"name":"In\u00edcio","item":"https:\/\/fieam.org.br\/sesi\/"},{"@type":"ListItem","position":2,"name":"ViraVida \u00e9 finalista do pr\u00eamio de Tecnologia Social da Funda\u00e7\u00e3o Banco do Brasil"}]},{"@type":"WebSite","@id":"https:\/\/fieam.org.br\/sesi\/#website","url":"https:\/\/fieam.org.br\/sesi\/","name":"SESI","description":"Site Oficial!","publisher":{"@id":"https:\/\/fieam.org.br\/sesi\/#organization"},"potentialAction":[{"@type":"SearchAction","target":{"@type":"EntryPoint","urlTemplate":"https:\/\/fieam.org.br\/sesi\/?s={search_term_string}"},"query-input":{"@type":"PropertyValueSpecification","valueRequired":true,"valueName":"search_term_string"}}],"inLanguage":"pt-BR"},{"@type":"Organization","@id":"https:\/\/fieam.org.br\/sesi\/#organization","name":"SESI","url":"https:\/\/fieam.org.br\/sesi\/","logo":{"@type":"ImageObject","inLanguage":"pt-BR","@id":"https:\/\/fieam.org.br\/sesi\/#\/schema\/logo\/image\/","url":"https:\/\/fieam.org.br\/sesi\/wp-content\/uploads\/sites\/14\/2024\/03\/cropped-fav.png","contentUrl":"https:\/\/fieam.org.br\/sesi\/wp-content\/uploads\/sites\/14\/2024\/03\/cropped-fav.png","width":610,"height":589,"caption":"SESI"},"image":{"@id":"https:\/\/fieam.org.br\/sesi\/#\/schema\/logo\/image\/"}},{"@type":"Person","@id":"https:\/\/fieam.org.br\/sesi\/#\/schema\/person\/f54998dd14d5f0695b41444f2b01c31e","name":"Autor","image":{"@type":"ImageObject","inLanguage":"pt-BR","@id":"https:\/\/secure.gravatar.com\/avatar\/3732c223e0e1fad69062a8f770955c9068d37b055204f310a0be18d4069fe380?s=96&d=mm&r=g","url":"https:\/\/secure.gravatar.com\/avatar\/3732c223e0e1fad69062a8f770955c9068d37b055204f310a0be18d4069fe380?s=96&d=mm&r=g","contentUrl":"https:\/\/secure.gravatar.com\/avatar\/3732c223e0e1fad69062a8f770955c9068d37b055204f310a0be18d4069fe380?s=96&d=mm&r=g","caption":"Autor"},"sameAs":["https:\/\/marketingmassivo.com.br"],"url":"https:\/\/fieam.org.br\/sesi\/author\/admin\/"}]}},"_links":{"self":[{"href":"https:\/\/fieam.org.br\/sesi\/wp-json\/wp\/v2\/posts\/2056","targetHints":{"allow":["GET"]}}],"collection":[{"href":"https:\/\/fieam.org.br\/sesi\/wp-json\/wp\/v2\/posts"}],"about":[{"href":"https:\/\/fieam.org.br\/sesi\/wp-json\/wp\/v2\/types\/post"}],"author":[{"embeddable":true,"href":"https:\/\/fieam.org.br\/sesi\/wp-json\/wp\/v2\/users\/1"}],"replies":[{"embeddable":true,"href":"https:\/\/fieam.org.br\/sesi\/wp-json\/wp\/v2\/comments?post=2056"}],"version-history":[{"count":0,"href":"https:\/\/fieam.org.br\/sesi\/wp-json\/wp\/v2\/posts\/2056\/revisions"}],"wp:attachment":[{"href":"https:\/\/fieam.org.br\/sesi\/wp-json\/wp\/v2\/media?parent=2056"}],"wp:term":[{"taxonomy":"category","embeddable":true,"href":"https:\/\/fieam.org.br\/sesi\/wp-json\/wp\/v2\/categories?post=2056"},{"taxonomy":"post_tag","embeddable":true,"href":"https:\/\/fieam.org.br\/sesi\/wp-json\/wp\/v2\/tags?post=2056"}],"curies":[{"name":"wp","href":"https:\/\/api.w.org\/{rel}","templated":true}]}}