{"id":20475,"date":"2024-05-22T20:03:40","date_gmt":"2024-05-22T20:03:40","guid":{"rendered":"https:\/\/fieam.org.br\/sesi\/?p=20475"},"modified":"2024-05-22T20:03:40","modified_gmt":"2024-05-22T20:03:40","slug":"cento-e-quarenta-e-seis-empresas-do-pim-participam-de-jogos-sesi-2024","status":"publish","type":"post","link":"https:\/\/fieam.org.br\/sesi\/cento-e-quarenta-e-seis-empresas-do-pim-participam-de-jogos-sesi-2024\/","title":{"rendered":"Cento e quarenta e seis empresas do PIM participam de Jogos SESI 2024"},"content":{"rendered":"<p style=\"text-align: center\">Jornalista Thiago Guedes foi homenageado durante o congresso t\u00e9cnico do evento, pelos servi\u00e7os prestados ao esporte amazonense e \u00e0s competi\u00e7\u00f5es dos Jogos SESI<\/p>\n<p>&nbsp;<\/p>\n<p>Cento e quarenta e seis representantes de empresas do Polo Industrial de Manaus (PIM) ir\u00e3o participar da 22\u00aa edi\u00e7\u00e3o dos Jogos SESI 2024, nas modalidades de futebol de campo e futebol sete master, masculino, futebol sete principal, futsal, v\u00f4lei de quadra e praia, nas categorias masculino e feminino, e do Festival SESI M\u00fasica. As competi\u00e7\u00f5es ter\u00e3o in\u00edcio na ter\u00e7a-feira, 28, \u00e0s 19 horas, no Clube do Trabalhador do Amazonas.<\/p>\n<p><img fetchpriority=\"high\" decoding=\"async\" class=\"wp-image-20476 aligncenter\" src=\"https:\/\/fieam.org.br\/sesi\/wp-content\/uploads\/sites\/14\/2024\/05\/Congresso-tecnico-reuniu-144-representantes-de-empresas-do-PIM-no-CTAM-300x225.jpg\" alt=\"\" width=\"622\" height=\"466\" srcset=\"https:\/\/fieam.org.br\/sesi\/wp-content\/uploads\/sites\/14\/2024\/05\/Congresso-tecnico-reuniu-144-representantes-de-empresas-do-PIM-no-CTAM-300x225.jpg 300w, https:\/\/fieam.org.br\/sesi\/wp-content\/uploads\/sites\/14\/2024\/05\/Congresso-tecnico-reuniu-144-representantes-de-empresas-do-PIM-no-CTAM-1024x768.jpg 1024w, https:\/\/fieam.org.br\/sesi\/wp-content\/uploads\/sites\/14\/2024\/05\/Congresso-tecnico-reuniu-144-representantes-de-empresas-do-PIM-no-CTAM-768x576.jpg 768w, https:\/\/fieam.org.br\/sesi\/wp-content\/uploads\/sites\/14\/2024\/05\/Congresso-tecnico-reuniu-144-representantes-de-empresas-do-PIM-no-CTAM.jpg 1500w\" sizes=\"(max-width: 622px) 100vw, 622px\" \/><\/p>\n<p>Durante o congresso t\u00e9cnico do evento, realizado na segunda-feira, 20, houve homenagem ao jornalista Thiago Guedes, editor-chefe e apresentador do Programa Globo Esporte na Rede Amaz\u00f4nica pelos servi\u00e7os prestados ao esporte amazonense. Na ocasi\u00e3o, os representantes das empresas receberam, por meio de sorteio, as chaves das competi\u00e7\u00f5es que ser\u00e3o realizadas at\u00e9 novembro.<\/p>\n<p><img decoding=\"async\" class=\" wp-image-20477 alignright\" src=\"https:\/\/fieam.org.br\/sesi\/wp-content\/uploads\/sites\/14\/2024\/05\/Visteon-participa-foi-a-campea-na-modalidade-futsal-feminino-em-2023-225x300.jpg\" alt=\"\" width=\"290\" height=\"387\" srcset=\"https:\/\/fieam.org.br\/sesi\/wp-content\/uploads\/sites\/14\/2024\/05\/Visteon-participa-foi-a-campea-na-modalidade-futsal-feminino-em-2023-225x300.jpg 225w, https:\/\/fieam.org.br\/sesi\/wp-content\/uploads\/sites\/14\/2024\/05\/Visteon-participa-foi-a-campea-na-modalidade-futsal-feminino-em-2023-768x1024.jpg 768w, https:\/\/fieam.org.br\/sesi\/wp-content\/uploads\/sites\/14\/2024\/05\/Visteon-participa-foi-a-campea-na-modalidade-futsal-feminino-em-2023-1152x1536.jpg 1152w, https:\/\/fieam.org.br\/sesi\/wp-content\/uploads\/sites\/14\/2024\/05\/Visteon-participa-foi-a-campea-na-modalidade-futsal-feminino-em-2023.jpg 1500w\" sizes=\"(max-width: 290px) 100vw, 290px\" \/>A modalidade de futsal feminino ter\u00e1 24 equipes participantes, distribu\u00eddas em oito chaves, com tr\u00eas equipes. Segundo Larisse Silva, a t\u00e9cnica de qualidade da Visteon e da equipe de futsal feminino, para a empresa, o mais importante nos jogos \u00e9 a uni\u00e3o dos participantes, agregando valor no sentido de lideran\u00e7a. \u201cA minha expectativa neste ano \u00e9 que o SESI promova um grande evento como o do ano 2023 e que a gente possa celebrar, confraternizar. Viemos para nos divertir e conhecer pessoas\u201d, disse a competidora.<\/p>\n<p>Com 19 equipes, a modalidade futebol sete principal feminino dividiu-se em quatro chaves, sendo tr\u00eas com cinco equipes e uma com quatro. \u201cA grande import\u00e2ncia da nossa empresa nos Jogos SESI \u00e9 que, al\u00e9m de motivar os nossos colaboradores, com incentivo \u00e0 melhoria da qualidade de vida, \u00e9 a gente mostrar que a Michelin tamb\u00e9m pode ser uma empresa competitiva, e participar de qualquer competi\u00e7\u00e3o, contra qualquer outra empresa\u201d, disse o coordenador de qualidade e t\u00e9cnico estreante da empresa, Luis Silva.<\/p>\n<p>Tr\u00eas modalidades ficaram com 16 chaves cada uma, o Futebol de Campo, Futebol Sete Master e Futsal, masculino. O Futebol de Campo ficou dividido em 15 chaves, com tr\u00eas equipes e uma com quatro, o Futebol Sete Master,11 chaves com quatro equipes e quatro chaves com tr\u00eas equipes. J\u00e1 o Futsal ficou com duas chaves com cinco equipes e mais quatorze com quatro equipes. Para o treinador contratado pela equipe da Yamaha, atual campe\u00e3 da modalidade, Iago Cardoso, os treinamentos da equipe seguem ritmo intenso para continuar com o t\u00edtulo.<\/p>\n<p>A modalidade com mais empresas participantes \u00e9 a de Futebol Sete Principal, sendo 125 empresas no total, divididas em 32 chaves, 29 chaves com 4 equipes, cada, e tr\u00eas chaves com tr\u00eas.<\/p>\n<p>&nbsp;<\/p>\n<p><strong>Homenagem<\/strong><\/p>\n<p><img decoding=\"async\" class=\" wp-image-20478 alignright\" src=\"https:\/\/fieam.org.br\/sesi\/wp-content\/uploads\/sites\/14\/2024\/05\/IMG_9652-Thiago-Guedes-219x300.jpg\" alt=\"\" width=\"329\" height=\"451\" srcset=\"https:\/\/fieam.org.br\/sesi\/wp-content\/uploads\/sites\/14\/2024\/05\/IMG_9652-Thiago-Guedes-219x300.jpg 219w, https:\/\/fieam.org.br\/sesi\/wp-content\/uploads\/sites\/14\/2024\/05\/IMG_9652-Thiago-Guedes-747x1024.jpg 747w, https:\/\/fieam.org.br\/sesi\/wp-content\/uploads\/sites\/14\/2024\/05\/IMG_9652-Thiago-Guedes-768x1053.jpg 768w, https:\/\/fieam.org.br\/sesi\/wp-content\/uploads\/sites\/14\/2024\/05\/IMG_9652-Thiago-Guedes-1121x1536.jpg 1121w, https:\/\/fieam.org.br\/sesi\/wp-content\/uploads\/sites\/14\/2024\/05\/IMG_9652-Thiago-Guedes-1494x2048.jpg 1494w, https:\/\/fieam.org.br\/sesi\/wp-content\/uploads\/sites\/14\/2024\/05\/IMG_9652-Thiago-Guedes.jpg 1500w\" sizes=\"(max-width: 329px) 100vw, 329px\" \/>Nascido em Fortaleza, o homenageado da noite, Thiago Guedes, veio para Manaus com os pais e os irm\u00e3os, ainda crian\u00e7a, onde se formou em jornalismo pela Universidade Federal do Amazonas (UFAM). O jornalista atuou na TV Ufam, foi rep\u00f3rter na TV Em Tempo e em 2011 passou a integrar a Rede Amaz\u00f4nica. Pelo canal j\u00e1 realizou coberturas em grandes eventos como o Mundial de Jiu-jitsu, nos Emirados \u00c1rabes em 2013 e a Copa do Mundo de Futebol em 2014. Guedes atua como editor-chefe e apresentador do Programa Globo Esporte, desde 2015.<\/p>\n<p>O jornalista agradeceu o reconhecimento recebido pelo SESI Amazonas por seus servi\u00e7os prestados ao esporte amazonense e \u00e0s competi\u00e7\u00f5es dos Jogos SESI. \u201c\u00c9 uma honra absoluta ser lembrado pelo SESI, eu estou muito feliz, pois, afinal de contas, o SESI \u00e9 um parceiro do esporte\u201d, disse ele, que trabalha h\u00e1 mais de 10 anos na cobertura local de esporte.<\/p>\n<p>Guedes disse que grande parte de sua vida profissional foi no SESI, seja cobrindo grandes eventos, seja presente em eventos parceiros da Rede Amaz\u00f4nica, como a Copa Rede Amaz\u00f4nica de Futsal, por v\u00e1rios anos sendo realizado no SESI, ou cobrindo competi\u00e7\u00f5es profissionais, como o Campeonato Amazonense de Futebol.<\/p>\n<p>\u201cO SESI, aqui, foi a casa do futebol durante muito tempo, por conta da constru\u00e7\u00e3o da Arena da Amaz\u00f4nia, ent\u00e3o n\u00e3o \u00e9 simplesmente receber uma homenagem, \u00e9 receber uma homenagem de uma entidade, n\u00e9, que definitivamente est\u00e1 muito pr\u00f3xima do esporte. Estou muito lisonjeado mesmo por essa lembran\u00e7a e por tudo isso que se passou por aqui\u201d, frisou o homenageado.<\/p>\n<p>&nbsp;<\/p>\n<p><strong>Festival SESI M\u00fasica<\/strong><\/p>\n<p>Os trabalhadores-atletas dos Jogos SESI 2024 tamb\u00e9m v\u00e3o participar de mais uma edi\u00e7\u00e3o do Festival SESI M\u00fasica que, pelo segundo ano consecutivo, foi vencido por representante da empresa Samsung.<\/p>\n<p>Segundo as regras do festival, apenas um participante por empresa pode participar e concorrer ao pr\u00eamio de R$ 3 mil, para o vencedor. Os participantes ter\u00e3o ao seu dispor uma banda no dia do evento, para ajudar na performance musical.<\/p>\n<p>De acordo com o produtor art\u00edstico e cultural, Kid Mahall, as empresas podem levar suas torcidas, pois elas tamb\u00e9m ser\u00e3o juradas, aumentando assim a chance da empresa levar o t\u00edtulo e ainda contribuir para a pontua\u00e7\u00e3o geral de destaque para a empresa participante.<\/p>\n","protected":false},"excerpt":{"rendered":"<p>Jornalista Thiago Guedes foi homenageado durante o congresso t\u00e9cnico do evento, pelos servi\u00e7os prestados ao esporte amazonense e \u00e0s competi\u00e7\u00f5es dos Jogos SESI &nbsp; Cento e quarenta e seis representantes de empresas do Polo Industrial de Manaus (PIM) ir\u00e3o participar da 22\u00aa edi\u00e7\u00e3o dos Jogos SESI 2024, nas modalidades de futebol de campo e futebol [&hellip;]<\/p>\n","protected":false},"author":9,"featured_media":20479,"comment_status":"open","ping_status":"open","sticky":false,"template":"","format":"standard","meta":{"footnotes":""},"categories":[20,25,26],"tags":[],"class_list":["post-20475","post","type-post","status-publish","format-standard","has-post-thumbnail","hentry","category-banner-destaque","category-news","category-news-destaque"],"yoast_head":"<!-- This site is optimized with the Yoast SEO plugin v26.8 - https:\/\/yoast.com\/product\/yoast-seo-wordpress\/ -->\n<title>Cento e quarenta e seis empresas do PIM participam de Jogos SESI 2024 - SESI<\/title>\n<meta name=\"robots\" content=\"index, follow, max-snippet:-1, max-image-preview:large, max-video-preview:-1\" \/>\n<link rel=\"canonical\" href=\"https:\/\/fieam.org.br\/sesi\/cento-e-quarenta-e-seis-empresas-do-pim-participam-de-jogos-sesi-2024\/\" \/>\n<meta property=\"og:locale\" content=\"pt_BR\" \/>\n<meta property=\"og:type\" content=\"article\" \/>\n<meta property=\"og:title\" content=\"Cento e quarenta e seis empresas do PIM participam de Jogos SESI 2024 - SESI\" \/>\n<meta property=\"og:description\" content=\"Jornalista Thiago Guedes foi homenageado durante o congresso t\u00e9cnico do evento, pelos servi\u00e7os prestados ao esporte amazonense e \u00e0s competi\u00e7\u00f5es dos Jogos SESI &nbsp; Cento e quarenta e seis representantes de empresas do Polo Industrial de Manaus (PIM) ir\u00e3o participar da 22\u00aa edi\u00e7\u00e3o dos Jogos SESI 2024, nas modalidades de futebol de campo e futebol [&hellip;]\" \/>\n<meta property=\"og:url\" content=\"https:\/\/fieam.org.br\/sesi\/cento-e-quarenta-e-seis-empresas-do-pim-participam-de-jogos-sesi-2024\/\" \/>\n<meta property=\"og:site_name\" content=\"SESI\" \/>\n<meta property=\"article:published_time\" content=\"2024-05-22T20:03:40+00:00\" \/>\n<meta property=\"og:image\" content=\"https:\/\/fieam.org.br\/sesi\/wp-content\/uploads\/sites\/14\/2024\/05\/Homenageado-dos-Jogos-SESI-Thiago-Guedes.jpeg\" \/>\n\t<meta property=\"og:image:width\" content=\"1500\" \/>\n\t<meta property=\"og:image:height\" content=\"1000\" \/>\n\t<meta property=\"og:image:type\" content=\"image\/jpeg\" \/>\n<meta name=\"author\" content=\"cris\" \/>\n<meta name=\"twitter:card\" content=\"summary_large_image\" \/>\n<meta name=\"twitter:creator\" content=\"@tour-virtual@fieam.org.br\" \/>\n<meta name=\"twitter:label1\" content=\"Escrito por\" \/>\n\t<meta name=\"twitter:data1\" content=\"cris\" \/>\n\t<meta name=\"twitter:label2\" content=\"Est. tempo de leitura\" \/>\n\t<meta name=\"twitter:data2\" content=\"4 minutos\" \/>\n<script type=\"application\/ld+json\" class=\"yoast-schema-graph\">{\"@context\":\"https:\/\/schema.org\",\"@graph\":[{\"@type\":\"Article\",\"@id\":\"https:\/\/fieam.org.br\/sesi\/cento-e-quarenta-e-seis-empresas-do-pim-participam-de-jogos-sesi-2024\/#article\",\"isPartOf\":{\"@id\":\"https:\/\/fieam.org.br\/sesi\/cento-e-quarenta-e-seis-empresas-do-pim-participam-de-jogos-sesi-2024\/\"},\"author\":{\"name\":\"cris\",\"@id\":\"https:\/\/fieam.org.br\/sesi\/#\/schema\/person\/ff86678b986855fb9f8d2e599eab31ae\"},\"headline\":\"Cento e quarenta e seis empresas do PIM participam de Jogos SESI 2024\",\"datePublished\":\"2024-05-22T20:03:40+00:00\",\"mainEntityOfPage\":{\"@id\":\"https:\/\/fieam.org.br\/sesi\/cento-e-quarenta-e-seis-empresas-do-pim-participam-de-jogos-sesi-2024\/\"},\"wordCount\":852,\"commentCount\":0,\"publisher\":{\"@id\":\"https:\/\/fieam.org.br\/sesi\/#organization\"},\"image\":{\"@id\":\"https:\/\/fieam.org.br\/sesi\/cento-e-quarenta-e-seis-empresas-do-pim-participam-de-jogos-sesi-2024\/#primaryimage\"},\"thumbnailUrl\":\"https:\/\/fieam.org.br\/sesi\/wp-content\/uploads\/sites\/14\/2024\/05\/Homenageado-dos-Jogos-SESI-Thiago-Guedes.jpeg\",\"articleSection\":[\"Banner Destaque\",\"News\",\"News Destaque\"],\"inLanguage\":\"pt-BR\",\"potentialAction\":[{\"@type\":\"CommentAction\",\"name\":\"Comment\",\"target\":[\"https:\/\/fieam.org.br\/sesi\/cento-e-quarenta-e-seis-empresas-do-pim-participam-de-jogos-sesi-2024\/#respond\"]}]},{\"@type\":\"WebPage\",\"@id\":\"https:\/\/fieam.org.br\/sesi\/cento-e-quarenta-e-seis-empresas-do-pim-participam-de-jogos-sesi-2024\/\",\"url\":\"https:\/\/fieam.org.br\/sesi\/cento-e-quarenta-e-seis-empresas-do-pim-participam-de-jogos-sesi-2024\/\",\"name\":\"Cento e quarenta e seis empresas do PIM participam de Jogos SESI 2024 - SESI\",\"isPartOf\":{\"@id\":\"https:\/\/fieam.org.br\/sesi\/#website\"},\"primaryImageOfPage\":{\"@id\":\"https:\/\/fieam.org.br\/sesi\/cento-e-quarenta-e-seis-empresas-do-pim-participam-de-jogos-sesi-2024\/#primaryimage\"},\"image\":{\"@id\":\"https:\/\/fieam.org.br\/sesi\/cento-e-quarenta-e-seis-empresas-do-pim-participam-de-jogos-sesi-2024\/#primaryimage\"},\"thumbnailUrl\":\"https:\/\/fieam.org.br\/sesi\/wp-content\/uploads\/sites\/14\/2024\/05\/Homenageado-dos-Jogos-SESI-Thiago-Guedes.jpeg\",\"datePublished\":\"2024-05-22T20:03:40+00:00\",\"breadcrumb\":{\"@id\":\"https:\/\/fieam.org.br\/sesi\/cento-e-quarenta-e-seis-empresas-do-pim-participam-de-jogos-sesi-2024\/#breadcrumb\"},\"inLanguage\":\"pt-BR\",\"potentialAction\":[{\"@type\":\"ReadAction\",\"target\":[\"https:\/\/fieam.org.br\/sesi\/cento-e-quarenta-e-seis-empresas-do-pim-participam-de-jogos-sesi-2024\/\"]}]},{\"@type\":\"ImageObject\",\"inLanguage\":\"pt-BR\",\"@id\":\"https:\/\/fieam.org.br\/sesi\/cento-e-quarenta-e-seis-empresas-do-pim-participam-de-jogos-sesi-2024\/#primaryimage\",\"url\":\"https:\/\/fieam.org.br\/sesi\/wp-content\/uploads\/sites\/14\/2024\/05\/Homenageado-dos-Jogos-SESI-Thiago-Guedes.jpeg\",\"contentUrl\":\"https:\/\/fieam.org.br\/sesi\/wp-content\/uploads\/sites\/14\/2024\/05\/Homenageado-dos-Jogos-SESI-Thiago-Guedes.jpeg\",\"width\":1500,\"height\":1000},{\"@type\":\"BreadcrumbList\",\"@id\":\"https:\/\/fieam.org.br\/sesi\/cento-e-quarenta-e-seis-empresas-do-pim-participam-de-jogos-sesi-2024\/#breadcrumb\",\"itemListElement\":[{\"@type\":\"ListItem\",\"position\":1,\"name\":\"In\u00edcio\",\"item\":\"https:\/\/fieam.org.br\/sesi\/\"},{\"@type\":\"ListItem\",\"position\":2,\"name\":\"Cento e quarenta e seis empresas do PIM participam de Jogos SESI 2024\"}]},{\"@type\":\"WebSite\",\"@id\":\"https:\/\/fieam.org.br\/sesi\/#website\",\"url\":\"https:\/\/fieam.org.br\/sesi\/\",\"name\":\"SESI\",\"description\":\"Site Oficial!\",\"publisher\":{\"@id\":\"https:\/\/fieam.org.br\/sesi\/#organization\"},\"potentialAction\":[{\"@type\":\"SearchAction\",\"target\":{\"@type\":\"EntryPoint\",\"urlTemplate\":\"https:\/\/fieam.org.br\/sesi\/?s={search_term_string}\"},\"query-input\":{\"@type\":\"PropertyValueSpecification\",\"valueRequired\":true,\"valueName\":\"search_term_string\"}}],\"inLanguage\":\"pt-BR\"},{\"@type\":\"Organization\",\"@id\":\"https:\/\/fieam.org.br\/sesi\/#organization\",\"name\":\"SESI\",\"url\":\"https:\/\/fieam.org.br\/sesi\/\",\"logo\":{\"@type\":\"ImageObject\",\"inLanguage\":\"pt-BR\",\"@id\":\"https:\/\/fieam.org.br\/sesi\/#\/schema\/logo\/image\/\",\"url\":\"https:\/\/fieam.org.br\/sesi\/wp-content\/uploads\/sites\/14\/2024\/03\/cropped-fav.png\",\"contentUrl\":\"https:\/\/fieam.org.br\/sesi\/wp-content\/uploads\/sites\/14\/2024\/03\/cropped-fav.png\",\"width\":610,\"height\":589,\"caption\":\"SESI\"},\"image\":{\"@id\":\"https:\/\/fieam.org.br\/sesi\/#\/schema\/logo\/image\/\"}},{\"@type\":\"Person\",\"@id\":\"https:\/\/fieam.org.br\/sesi\/#\/schema\/person\/ff86678b986855fb9f8d2e599eab31ae\",\"name\":\"cris\",\"image\":{\"@type\":\"ImageObject\",\"inLanguage\":\"pt-BR\",\"@id\":\"https:\/\/fieam.org.br\/sesi\/#\/schema\/person\/image\/\",\"url\":\"https:\/\/secure.gravatar.com\/avatar\/e66688f9186abb74f11662d64a816c0971765b5f3721fc721afe90af108548a3?s=96&d=mm&r=g\",\"contentUrl\":\"https:\/\/secure.gravatar.com\/avatar\/e66688f9186abb74f11662d64a816c0971765b5f3721fc721afe90af108548a3?s=96&d=mm&r=g\",\"caption\":\"cris\"},\"sameAs\":[\"https:\/\/x.com\/tour-virtual@fieam.org.br\"],\"url\":\"https:\/\/fieam.org.br\/sesi\/author\/cris\/\"}]}<\/script>\n<!-- \/ Yoast SEO plugin. -->","yoast_head_json":{"title":"Cento e quarenta e seis empresas do PIM participam de Jogos SESI 2024 - SESI","robots":{"index":"index","follow":"follow","max-snippet":"max-snippet:-1","max-image-preview":"max-image-preview:large","max-video-preview":"max-video-preview:-1"},"canonical":"https:\/\/fieam.org.br\/sesi\/cento-e-quarenta-e-seis-empresas-do-pim-participam-de-jogos-sesi-2024\/","og_locale":"pt_BR","og_type":"article","og_title":"Cento e quarenta e seis empresas do PIM participam de Jogos SESI 2024 - SESI","og_description":"Jornalista Thiago Guedes foi homenageado durante o congresso t\u00e9cnico do evento, pelos servi\u00e7os prestados ao esporte amazonense e \u00e0s competi\u00e7\u00f5es dos Jogos SESI &nbsp; Cento e quarenta e seis representantes de empresas do Polo Industrial de Manaus (PIM) ir\u00e3o participar da 22\u00aa edi\u00e7\u00e3o dos Jogos SESI 2024, nas modalidades de futebol de campo e futebol [&hellip;]","og_url":"https:\/\/fieam.org.br\/sesi\/cento-e-quarenta-e-seis-empresas-do-pim-participam-de-jogos-sesi-2024\/","og_site_name":"SESI","article_published_time":"2024-05-22T20:03:40+00:00","og_image":[{"width":1500,"height":1000,"url":"https:\/\/fieam.org.br\/sesi\/wp-content\/uploads\/sites\/14\/2024\/05\/Homenageado-dos-Jogos-SESI-Thiago-Guedes.jpeg","type":"image\/jpeg"}],"author":"cris","twitter_card":"summary_large_image","twitter_creator":"@tour-virtual@fieam.org.br","twitter_misc":{"Escrito por":"cris","Est. tempo de leitura":"4 minutos"},"schema":{"@context":"https:\/\/schema.org","@graph":[{"@type":"Article","@id":"https:\/\/fieam.org.br\/sesi\/cento-e-quarenta-e-seis-empresas-do-pim-participam-de-jogos-sesi-2024\/#article","isPartOf":{"@id":"https:\/\/fieam.org.br\/sesi\/cento-e-quarenta-e-seis-empresas-do-pim-participam-de-jogos-sesi-2024\/"},"author":{"name":"cris","@id":"https:\/\/fieam.org.br\/sesi\/#\/schema\/person\/ff86678b986855fb9f8d2e599eab31ae"},"headline":"Cento e quarenta e seis empresas do PIM participam de Jogos SESI 2024","datePublished":"2024-05-22T20:03:40+00:00","mainEntityOfPage":{"@id":"https:\/\/fieam.org.br\/sesi\/cento-e-quarenta-e-seis-empresas-do-pim-participam-de-jogos-sesi-2024\/"},"wordCount":852,"commentCount":0,"publisher":{"@id":"https:\/\/fieam.org.br\/sesi\/#organization"},"image":{"@id":"https:\/\/fieam.org.br\/sesi\/cento-e-quarenta-e-seis-empresas-do-pim-participam-de-jogos-sesi-2024\/#primaryimage"},"thumbnailUrl":"https:\/\/fieam.org.br\/sesi\/wp-content\/uploads\/sites\/14\/2024\/05\/Homenageado-dos-Jogos-SESI-Thiago-Guedes.jpeg","articleSection":["Banner Destaque","News","News Destaque"],"inLanguage":"pt-BR","potentialAction":[{"@type":"CommentAction","name":"Comment","target":["https:\/\/fieam.org.br\/sesi\/cento-e-quarenta-e-seis-empresas-do-pim-participam-de-jogos-sesi-2024\/#respond"]}]},{"@type":"WebPage","@id":"https:\/\/fieam.org.br\/sesi\/cento-e-quarenta-e-seis-empresas-do-pim-participam-de-jogos-sesi-2024\/","url":"https:\/\/fieam.org.br\/sesi\/cento-e-quarenta-e-seis-empresas-do-pim-participam-de-jogos-sesi-2024\/","name":"Cento e quarenta e seis empresas do PIM participam de Jogos SESI 2024 - SESI","isPartOf":{"@id":"https:\/\/fieam.org.br\/sesi\/#website"},"primaryImageOfPage":{"@id":"https:\/\/fieam.org.br\/sesi\/cento-e-quarenta-e-seis-empresas-do-pim-participam-de-jogos-sesi-2024\/#primaryimage"},"image":{"@id":"https:\/\/fieam.org.br\/sesi\/cento-e-quarenta-e-seis-empresas-do-pim-participam-de-jogos-sesi-2024\/#primaryimage"},"thumbnailUrl":"https:\/\/fieam.org.br\/sesi\/wp-content\/uploads\/sites\/14\/2024\/05\/Homenageado-dos-Jogos-SESI-Thiago-Guedes.jpeg","datePublished":"2024-05-22T20:03:40+00:00","breadcrumb":{"@id":"https:\/\/fieam.org.br\/sesi\/cento-e-quarenta-e-seis-empresas-do-pim-participam-de-jogos-sesi-2024\/#breadcrumb"},"inLanguage":"pt-BR","potentialAction":[{"@type":"ReadAction","target":["https:\/\/fieam.org.br\/sesi\/cento-e-quarenta-e-seis-empresas-do-pim-participam-de-jogos-sesi-2024\/"]}]},{"@type":"ImageObject","inLanguage":"pt-BR","@id":"https:\/\/fieam.org.br\/sesi\/cento-e-quarenta-e-seis-empresas-do-pim-participam-de-jogos-sesi-2024\/#primaryimage","url":"https:\/\/fieam.org.br\/sesi\/wp-content\/uploads\/sites\/14\/2024\/05\/Homenageado-dos-Jogos-SESI-Thiago-Guedes.jpeg","contentUrl":"https:\/\/fieam.org.br\/sesi\/wp-content\/uploads\/sites\/14\/2024\/05\/Homenageado-dos-Jogos-SESI-Thiago-Guedes.jpeg","width":1500,"height":1000},{"@type":"BreadcrumbList","@id":"https:\/\/fieam.org.br\/sesi\/cento-e-quarenta-e-seis-empresas-do-pim-participam-de-jogos-sesi-2024\/#breadcrumb","itemListElement":[{"@type":"ListItem","position":1,"name":"In\u00edcio","item":"https:\/\/fieam.org.br\/sesi\/"},{"@type":"ListItem","position":2,"name":"Cento e quarenta e seis empresas do PIM participam de Jogos SESI 2024"}]},{"@type":"WebSite","@id":"https:\/\/fieam.org.br\/sesi\/#website","url":"https:\/\/fieam.org.br\/sesi\/","name":"SESI","description":"Site Oficial!","publisher":{"@id":"https:\/\/fieam.org.br\/sesi\/#organization"},"potentialAction":[{"@type":"SearchAction","target":{"@type":"EntryPoint","urlTemplate":"https:\/\/fieam.org.br\/sesi\/?s={search_term_string}"},"query-input":{"@type":"PropertyValueSpecification","valueRequired":true,"valueName":"search_term_string"}}],"inLanguage":"pt-BR"},{"@type":"Organization","@id":"https:\/\/fieam.org.br\/sesi\/#organization","name":"SESI","url":"https:\/\/fieam.org.br\/sesi\/","logo":{"@type":"ImageObject","inLanguage":"pt-BR","@id":"https:\/\/fieam.org.br\/sesi\/#\/schema\/logo\/image\/","url":"https:\/\/fieam.org.br\/sesi\/wp-content\/uploads\/sites\/14\/2024\/03\/cropped-fav.png","contentUrl":"https:\/\/fieam.org.br\/sesi\/wp-content\/uploads\/sites\/14\/2024\/03\/cropped-fav.png","width":610,"height":589,"caption":"SESI"},"image":{"@id":"https:\/\/fieam.org.br\/sesi\/#\/schema\/logo\/image\/"}},{"@type":"Person","@id":"https:\/\/fieam.org.br\/sesi\/#\/schema\/person\/ff86678b986855fb9f8d2e599eab31ae","name":"cris","image":{"@type":"ImageObject","inLanguage":"pt-BR","@id":"https:\/\/fieam.org.br\/sesi\/#\/schema\/person\/image\/","url":"https:\/\/secure.gravatar.com\/avatar\/e66688f9186abb74f11662d64a816c0971765b5f3721fc721afe90af108548a3?s=96&d=mm&r=g","contentUrl":"https:\/\/secure.gravatar.com\/avatar\/e66688f9186abb74f11662d64a816c0971765b5f3721fc721afe90af108548a3?s=96&d=mm&r=g","caption":"cris"},"sameAs":["https:\/\/x.com\/tour-virtual@fieam.org.br"],"url":"https:\/\/fieam.org.br\/sesi\/author\/cris\/"}]}},"_links":{"self":[{"href":"https:\/\/fieam.org.br\/sesi\/wp-json\/wp\/v2\/posts\/20475","targetHints":{"allow":["GET"]}}],"collection":[{"href":"https:\/\/fieam.org.br\/sesi\/wp-json\/wp\/v2\/posts"}],"about":[{"href":"https:\/\/fieam.org.br\/sesi\/wp-json\/wp\/v2\/types\/post"}],"author":[{"embeddable":true,"href":"https:\/\/fieam.org.br\/sesi\/wp-json\/wp\/v2\/users\/9"}],"replies":[{"embeddable":true,"href":"https:\/\/fieam.org.br\/sesi\/wp-json\/wp\/v2\/comments?post=20475"}],"version-history":[{"count":1,"href":"https:\/\/fieam.org.br\/sesi\/wp-json\/wp\/v2\/posts\/20475\/revisions"}],"predecessor-version":[{"id":20480,"href":"https:\/\/fieam.org.br\/sesi\/wp-json\/wp\/v2\/posts\/20475\/revisions\/20480"}],"wp:featuredmedia":[{"embeddable":true,"href":"https:\/\/fieam.org.br\/sesi\/wp-json\/wp\/v2\/media\/20479"}],"wp:attachment":[{"href":"https:\/\/fieam.org.br\/sesi\/wp-json\/wp\/v2\/media?parent=20475"}],"wp:term":[{"taxonomy":"category","embeddable":true,"href":"https:\/\/fieam.org.br\/sesi\/wp-json\/wp\/v2\/categories?post=20475"},{"taxonomy":"post_tag","embeddable":true,"href":"https:\/\/fieam.org.br\/sesi\/wp-json\/wp\/v2\/tags?post=20475"}],"curies":[{"name":"wp","href":"https:\/\/api.w.org\/{rel}","templated":true}]}}