{"id":20447,"date":"2023-12-22T14:55:44","date_gmt":"2023-12-22T14:55:44","guid":{"rendered":"https:\/\/fieam.org.br\/sesi\/?p=20447"},"modified":"2024-05-14T14:00:04","modified_gmt":"2024-05-14T14:00:04","slug":"sesi-e-senai-formam-alunos-dos-cursos-tecnicos-de-redes-de-computadores-e-mecatronica","status":"publish","type":"post","link":"https:\/\/fieam.org.br\/sesi\/sesi-e-senai-formam-alunos-dos-cursos-tecnicos-de-redes-de-computadores-e-mecatronica\/","title":{"rendered":"SESI e SENAI formam alunos dos cursos  t\u00e9cnicos de Redes de Computadores e Mecatr\u00f4nica"},"content":{"rendered":"<p><span style=\"font-weight: 400;\">Emo\u00e7\u00e3o e sensa\u00e7\u00e3o de dever cumprido marcaram a terceira formatura do Novo Ensino M\u00e9dio do Servi\u00e7o Social da Ind\u00fastria (SESI Amazonas), em parceria com o Servi\u00e7o Nacional de Aprendizagem Industrial (SENAI Amazonas). Setenta e nove alunos conclu\u00edram os cursos t\u00e9cnicos de Redes de Computadores e Mecatr\u00f4nica, no dia 19, no audit\u00f3rio Arivaldo Silveira Fontes. Dentre os formandos, 16 est\u00e3o aprovados no vestibular da Universidade do Estado do Amazonas (UEA) deste ano.<\/span><\/p>\n<p><span style=\"font-weight: 400;\">\u201cA gente se sente muito feliz e gratificado, temos a consci\u00eancia de que isso tudo s\u00f3 foi poss\u00edvel em raz\u00e3o de uma proposta institucional do SESI, incans\u00e1vel, que \u00e9 a forma\u00e7\u00e3o de formadores. Os nossos educadores s\u00e3o orientadores que articulam a proposta educacional voltada ao mercado de trabalho, mas trabalhada de uma maneira muito din\u00e2mica por meio das \u00e1reas de conhecimento e inicia\u00e7\u00e3o ao mundo do trabalho, n\u00e3o s\u00f3 na ind\u00fastria como nos diversos segmentos\u201d, disse a superintendente do SESI Amazonas, Rosana Vasconcelos.<\/span><\/p>\n<p><span style=\"font-weight: 400;\">A superintendente complementou que a ind\u00fastria local precisa de jovens bem qualificados, que possam estar contribuindo efetivamente com esse modelo t\u00e3o importante que \u00e9 o modelo Zona Franca de Manaus (ZFM). Para ela, a formatura \u00e9 uma noite de celebra\u00e7\u00e3o, ainda mais por ter entre os formandos, aprovados no vestibular nas \u00e1reas de exatas, engenharia, matem\u00e1tica, ci\u00eancia da computa\u00e7\u00e3o, entre outras.<\/span><\/p>\n<p><span style=\"font-weight: 400;\">\u201cIsso prova o quanto o SESI e o SENAI est\u00e3o caminhando juntos para entregar para o mercado de trabalho pessoas bem formadas e qualificadas. Ent\u00e3o, esse \u00e9 o presente de Natal que o SESI entrega para a nossa ind\u00fastria local e para o mercado de trabalho local\u201d, afirma Vasconcelos.<\/span><\/p>\n<p><span style=\"font-weight: 400;\">Na cerim\u00f4nia de entrega dos certificados, a m\u00e3e e paraninfa do formando do curso t\u00e9cnico de Redes de Computadores, Jo\u00e3o Victor Gimaque, N\u00edvia T\u00e2nia Carvalho de Medeiros, 46 anos, lembrou que precisou enfrentar altos e baixos para que o filho permanecesse nas escolas SESI. \u201cMeu filho estuda no SESI desde o 1\u00ba ano do ensino fundamental e, de l\u00e1 para c\u00e1, sa\u00ed do emprego por motivos de sa\u00fade e fiquei sem condi\u00e7\u00f5es de manter meu filho na escola, at\u00e9 que o pai dele, por ser industri\u00e1rio, conseguiu uma bolsa de estudos do SESI e, hoje, estamos aqui, para comemorar essa conquista. S\u00f3 tenho a agradecer ao SESI pelo ensino e cuidado\u201d, disse a m\u00e3e, emocionada.<\/span><\/p>\n<p>&nbsp;<\/p>\n<p><b>Apaixonados por rob\u00f3tica<\/b><\/p>\n<p>&nbsp;<\/p>\n<p><span style=\"font-weight: 400;\">O formando Bernardo Benzaquem, 17 anos, formou-se em t\u00e9cnico de mecatr\u00f4nica do SENAI, pois disse que o curso condiz com o curso que quer seguir na faculdade e com a carreira de engenheiro el\u00e9trico ou mec\u00e2nico. O aluno foi aprovado nos cursos de Engenharia de Controle de Automa\u00e7\u00e3o e Engenharia El\u00e9trica, por meio do Sistema de Ingresso Seriado (SIS) da Universidade do Estado do Amazonas (UEA).<\/span><\/p>\n<p><span style=\"font-weight: 400;\">Filho de industri\u00e1rio e aluno do SESI desde 2018, Benzaquem disse que o SESI proporciona diversas oportunidades, como participa\u00e7\u00e3o nas olimp\u00edadas e nos torneios, como o de rob\u00f3tica, que o ajudou na escolha dos cursos em que foi aprovado na universidade. Segundo ele, era como se antes da rob\u00f3tica ele n\u00e3o tivesse nenhum prop\u00f3sito, tinha apenas algumas ideias de curso a seguir, como engenharia civil ou coisa parecida. \u201cQuando eu entrei na rob\u00f3tica, eu me apaixonei por tudo aquilo, pela mec\u00e2nica, pela el\u00e9trica, sendo um novo horizonte para mim\u201d, frisou.<\/span><\/p>\n<p><span style=\"font-weight: 400;\">Tamb\u00e9m por conta da rob\u00f3tica, a aluna do curso T\u00e9cnico de Mecatr\u00f4nica, Emily Rebeca Brito, 18 anos, escolheu prestar vestibular para o curso de Engenharia de Controle e Automa\u00e7\u00e3o. \u201cEu sou envolvida com a rob\u00f3tica h\u00e1 mais de oito anos e, com o tempo, acho que isso acabou se construindo dentro de mim e acabei pegando amor por tudo aquilo que eu fazia. A\u00ed, no momento da decis\u00e3o da faculdade, qual curso fazer, eu pensei bastante com o cora\u00e7\u00e3o, pois penso em seguir a carreira pelo resto da minha vida, quero ficar na \u00e1rea da automa\u00e7\u00e3o, naquela \u00e1rea da rob\u00f3tica\u201d, disse Brito.<\/span><\/p>\n<p>&nbsp;<\/p>\n<p><b>Aulas no contraturno<\/b><\/p>\n<p>&nbsp;<\/p>\n<p><span style=\"font-weight: 400;\">Assim como a rob\u00f3tica, os aul\u00f5es oferecidos no contraturno das aulas, nos \u00faltimos anos do ensino m\u00e9dio fizeram a diferen\u00e7a para a aprova\u00e7\u00e3o no vestibular. \u00c9 o que aponta a formanda em Redes de Computadores, Rayssa Cristina Pacchioni, 18 anos. \u201cOs aul\u00f5es foram de extrema ajuda, porque, apesar das apostilas do SESI com os assuntos dos vestibulares, nos aul\u00f5es os alunos estudavam, al\u00e9m do conte\u00fado, as metodologias de como fazer a prova e de como se preparar psicologicamente para o dia da prova\u201d, disse ela.<\/span><\/p>\n<p><span style=\"font-weight: 400;\">A formanda, aluna das escolas SESI desde a pr\u00e9-escola e filha de industri\u00e1rio, cursou o t\u00e9cnico no SENAI por conta da ampla oportunidade de empregos, mas ao prestar o vestibular escolheu a vertente trabalhada no Novo Ensino M\u00e9dio, a \u00e1rea biol\u00f3gica, e passou em Licenciatura em Ci\u00eancias Biol\u00f3gicas, por influ\u00eancia de uma ex-professora do SESI.\u00a0<\/span><\/p>\n<p><span style=\"font-weight: 400;\">\u201cEu sempre quis uma \u00e1rea que eu pudesse ajudar as pessoas e, quando se fala nisso, geralmente vem a \u00e1rea da sa\u00fade, n\u00e9? Mas uma professora minha do SESI mostrou-me que sendo professora a gente tamb\u00e9m ajuda muitas pessoas. E como eu j\u00e1 gostava bastante de ci\u00eancia, de biologia, resolvi escolher essa \u00e1rea\u201d, revela.<\/span><\/p>\n<p><span style=\"font-weight: 400;\">Entre os presentes na solenidade estavam os representantes do SENAI Amazonas &#8211; a pedagoga especialista Socorro Butel e o consultor tecnol\u00f3gico Alan Rodrigues; da gerente da Escola SESI Dra. Emina Barbosa Mustafa, Ana Karina de Holanda e a professora e paraninfa das turmas, Saanny Silva, al\u00e9m de familiares e amigos dos formandos.<\/span><\/p>\n","protected":false},"excerpt":{"rendered":"<p>Emo\u00e7\u00e3o e sensa\u00e7\u00e3o de dever cumprido marcaram a terceira formatura do Novo Ensino M\u00e9dio do Servi\u00e7o Social da Ind\u00fastria (SESI Amazonas), em parceria com o Servi\u00e7o Nacional de Aprendizagem Industrial (SENAI Amazonas). Setenta e nove alunos conclu\u00edram os cursos t\u00e9cnicos de Redes de Computadores e Mecatr\u00f4nica, no dia 19, no audit\u00f3rio Arivaldo Silveira Fontes. Dentre [&hellip;]<\/p>\n","protected":false},"author":1,"featured_media":0,"comment_status":"open","ping_status":"open","sticky":false,"template":"","format":"standard","meta":{"footnotes":""},"categories":[134,1,136],"tags":[],"class_list":["post-20447","post","type-post","status-publish","format-standard","hentry","category-educacao","category-geral","category-institucional"],"yoast_head":"<!-- This site is optimized with the Yoast SEO plugin v28.2 - https:\/\/yoast.com\/product\/yoast-seo-wordpress\/ -->\n<title>SESI e SENAI formam alunos dos cursos t\u00e9cnicos de Redes de Computadores e Mecatr\u00f4nica - SESI<\/title>\n<meta name=\"robots\" content=\"index, follow, max-snippet:-1, max-image-preview:large, max-video-preview:-1\" \/>\n<link rel=\"canonical\" href=\"https:\/\/fieam.org.br\/sesi\/sesi-e-senai-formam-alunos-dos-cursos-tecnicos-de-redes-de-computadores-e-mecatronica\/\" \/>\n<meta property=\"og:locale\" content=\"pt_BR\" \/>\n<meta property=\"og:type\" content=\"article\" \/>\n<meta property=\"og:title\" content=\"SESI e SENAI formam alunos dos cursos t\u00e9cnicos de Redes de Computadores e Mecatr\u00f4nica - SESI\" \/>\n<meta property=\"og:description\" content=\"Emo\u00e7\u00e3o e sensa\u00e7\u00e3o de dever cumprido marcaram a terceira formatura do Novo Ensino M\u00e9dio do Servi\u00e7o Social da Ind\u00fastria (SESI Amazonas), em parceria com o Servi\u00e7o Nacional de Aprendizagem Industrial (SENAI Amazonas). Setenta e nove alunos conclu\u00edram os cursos t\u00e9cnicos de Redes de Computadores e Mecatr\u00f4nica, no dia 19, no audit\u00f3rio Arivaldo Silveira Fontes. Dentre [&hellip;]\" \/>\n<meta property=\"og:url\" content=\"https:\/\/fieam.org.br\/sesi\/sesi-e-senai-formam-alunos-dos-cursos-tecnicos-de-redes-de-computadores-e-mecatronica\/\" \/>\n<meta property=\"og:site_name\" content=\"SESI\" \/>\n<meta property=\"article:published_time\" content=\"2023-12-22T14:55:44+00:00\" \/>\n<meta property=\"article:modified_time\" content=\"2024-05-14T14:00:04+00:00\" \/>\n<meta name=\"author\" content=\"Autor\" \/>\n<meta name=\"twitter:card\" content=\"summary_large_image\" \/>\n<meta name=\"twitter:label1\" content=\"Escrito por\" \/>\n\t<meta name=\"twitter:data1\" content=\"Autor\" \/>\n\t<meta name=\"twitter:label2\" content=\"Est. tempo de leitura\" \/>\n\t<meta name=\"twitter:data2\" content=\"5 minutos\" \/>\n<script type=\"application\/ld+json\" class=\"yoast-schema-graph\">{\"@context\":\"https:\\\/\\\/schema.org\",\"@graph\":[{\"@type\":\"Article\",\"@id\":\"https:\\\/\\\/fieam.org.br\\\/sesi\\\/sesi-e-senai-formam-alunos-dos-cursos-tecnicos-de-redes-de-computadores-e-mecatronica\\\/#article\",\"isPartOf\":{\"@id\":\"https:\\\/\\\/fieam.org.br\\\/sesi\\\/sesi-e-senai-formam-alunos-dos-cursos-tecnicos-de-redes-de-computadores-e-mecatronica\\\/\"},\"author\":{\"name\":\"Autor\",\"@id\":\"https:\\\/\\\/fieam.org.br\\\/sesi\\\/#\\\/schema\\\/person\\\/f54998dd14d5f0695b41444f2b01c31e\"},\"headline\":\"SESI e SENAI formam alunos dos cursos t\u00e9cnicos de Redes de Computadores e Mecatr\u00f4nica\",\"datePublished\":\"2023-12-22T14:55:44+00:00\",\"dateModified\":\"2024-05-14T14:00:04+00:00\",\"mainEntityOfPage\":{\"@id\":\"https:\\\/\\\/fieam.org.br\\\/sesi\\\/sesi-e-senai-formam-alunos-dos-cursos-tecnicos-de-redes-de-computadores-e-mecatronica\\\/\"},\"wordCount\":985,\"commentCount\":0,\"publisher\":{\"@id\":\"https:\\\/\\\/fieam.org.br\\\/sesi\\\/#organization\"},\"articleSection\":[\"Educa\u00e7\u00e3o\",\"Geral\",\"Institucional\"],\"inLanguage\":\"pt-BR\",\"potentialAction\":[{\"@type\":\"CommentAction\",\"name\":\"Comment\",\"target\":[\"https:\\\/\\\/fieam.org.br\\\/sesi\\\/sesi-e-senai-formam-alunos-dos-cursos-tecnicos-de-redes-de-computadores-e-mecatronica\\\/#respond\"]}]},{\"@type\":\"WebPage\",\"@id\":\"https:\\\/\\\/fieam.org.br\\\/sesi\\\/sesi-e-senai-formam-alunos-dos-cursos-tecnicos-de-redes-de-computadores-e-mecatronica\\\/\",\"url\":\"https:\\\/\\\/fieam.org.br\\\/sesi\\\/sesi-e-senai-formam-alunos-dos-cursos-tecnicos-de-redes-de-computadores-e-mecatronica\\\/\",\"name\":\"SESI e SENAI formam alunos dos cursos t\u00e9cnicos de Redes de Computadores e Mecatr\u00f4nica - SESI\",\"isPartOf\":{\"@id\":\"https:\\\/\\\/fieam.org.br\\\/sesi\\\/#website\"},\"datePublished\":\"2023-12-22T14:55:44+00:00\",\"dateModified\":\"2024-05-14T14:00:04+00:00\",\"breadcrumb\":{\"@id\":\"https:\\\/\\\/fieam.org.br\\\/sesi\\\/sesi-e-senai-formam-alunos-dos-cursos-tecnicos-de-redes-de-computadores-e-mecatronica\\\/#breadcrumb\"},\"inLanguage\":\"pt-BR\",\"potentialAction\":[{\"@type\":\"ReadAction\",\"target\":[\"https:\\\/\\\/fieam.org.br\\\/sesi\\\/sesi-e-senai-formam-alunos-dos-cursos-tecnicos-de-redes-de-computadores-e-mecatronica\\\/\"]}]},{\"@type\":\"BreadcrumbList\",\"@id\":\"https:\\\/\\\/fieam.org.br\\\/sesi\\\/sesi-e-senai-formam-alunos-dos-cursos-tecnicos-de-redes-de-computadores-e-mecatronica\\\/#breadcrumb\",\"itemListElement\":[{\"@type\":\"ListItem\",\"position\":1,\"name\":\"In\u00edcio\",\"item\":\"https:\\\/\\\/fieam.org.br\\\/sesi\\\/\"},{\"@type\":\"ListItem\",\"position\":2,\"name\":\"SESI e SENAI formam alunos dos cursos t\u00e9cnicos de Redes de Computadores e Mecatr\u00f4nica\"}]},{\"@type\":\"WebSite\",\"@id\":\"https:\\\/\\\/fieam.org.br\\\/sesi\\\/#website\",\"url\":\"https:\\\/\\\/fieam.org.br\\\/sesi\\\/\",\"name\":\"SESI\",\"description\":\"Site Oficial!\",\"publisher\":{\"@id\":\"https:\\\/\\\/fieam.org.br\\\/sesi\\\/#organization\"},\"potentialAction\":[{\"@type\":\"SearchAction\",\"target\":{\"@type\":\"EntryPoint\",\"urlTemplate\":\"https:\\\/\\\/fieam.org.br\\\/sesi\\\/?s={search_term_string}\"},\"query-input\":{\"@type\":\"PropertyValueSpecification\",\"valueRequired\":true,\"valueName\":\"search_term_string\"}}],\"inLanguage\":\"pt-BR\"},{\"@type\":\"Organization\",\"@id\":\"https:\\\/\\\/fieam.org.br\\\/sesi\\\/#organization\",\"name\":\"SESI\",\"url\":\"https:\\\/\\\/fieam.org.br\\\/sesi\\\/\",\"logo\":{\"@type\":\"ImageObject\",\"inLanguage\":\"pt-BR\",\"@id\":\"https:\\\/\\\/fieam.org.br\\\/sesi\\\/#\\\/schema\\\/logo\\\/image\\\/\",\"url\":\"https:\\\/\\\/fieam.org.br\\\/sesi\\\/wp-content\\\/uploads\\\/sites\\\/14\\\/2024\\\/03\\\/cropped-fav.png\",\"contentUrl\":\"https:\\\/\\\/fieam.org.br\\\/sesi\\\/wp-content\\\/uploads\\\/sites\\\/14\\\/2024\\\/03\\\/cropped-fav.png\",\"width\":610,\"height\":589,\"caption\":\"SESI\"},\"image\":{\"@id\":\"https:\\\/\\\/fieam.org.br\\\/sesi\\\/#\\\/schema\\\/logo\\\/image\\\/\"}},{\"@type\":\"Person\",\"@id\":\"https:\\\/\\\/fieam.org.br\\\/sesi\\\/#\\\/schema\\\/person\\\/f54998dd14d5f0695b41444f2b01c31e\",\"name\":\"Autor\",\"image\":{\"@type\":\"ImageObject\",\"inLanguage\":\"pt-BR\",\"@id\":\"https:\\\/\\\/secure.gravatar.com\\\/avatar\\\/3732c223e0e1fad69062a8f770955c9068d37b055204f310a0be18d4069fe380?s=96&d=mm&r=g\",\"url\":\"https:\\\/\\\/secure.gravatar.com\\\/avatar\\\/3732c223e0e1fad69062a8f770955c9068d37b055204f310a0be18d4069fe380?s=96&d=mm&r=g\",\"contentUrl\":\"https:\\\/\\\/secure.gravatar.com\\\/avatar\\\/3732c223e0e1fad69062a8f770955c9068d37b055204f310a0be18d4069fe380?s=96&d=mm&r=g\",\"caption\":\"Autor\"},\"sameAs\":[\"https:\\\/\\\/marketingmassivo.com.br\"],\"url\":\"https:\\\/\\\/fieam.org.br\\\/sesi\\\/author\\\/admin\\\/\"}]}<\/script>\n<!-- \/ Yoast SEO plugin. -->","yoast_head_json":{"title":"SESI e SENAI formam alunos dos cursos t\u00e9cnicos de Redes de Computadores e Mecatr\u00f4nica - SESI","robots":{"index":"index","follow":"follow","max-snippet":"max-snippet:-1","max-image-preview":"max-image-preview:large","max-video-preview":"max-video-preview:-1"},"canonical":"https:\/\/fieam.org.br\/sesi\/sesi-e-senai-formam-alunos-dos-cursos-tecnicos-de-redes-de-computadores-e-mecatronica\/","og_locale":"pt_BR","og_type":"article","og_title":"SESI e SENAI formam alunos dos cursos t\u00e9cnicos de Redes de Computadores e Mecatr\u00f4nica - SESI","og_description":"Emo\u00e7\u00e3o e sensa\u00e7\u00e3o de dever cumprido marcaram a terceira formatura do Novo Ensino M\u00e9dio do Servi\u00e7o Social da Ind\u00fastria (SESI Amazonas), em parceria com o Servi\u00e7o Nacional de Aprendizagem Industrial (SENAI Amazonas). Setenta e nove alunos conclu\u00edram os cursos t\u00e9cnicos de Redes de Computadores e Mecatr\u00f4nica, no dia 19, no audit\u00f3rio Arivaldo Silveira Fontes. Dentre [&hellip;]","og_url":"https:\/\/fieam.org.br\/sesi\/sesi-e-senai-formam-alunos-dos-cursos-tecnicos-de-redes-de-computadores-e-mecatronica\/","og_site_name":"SESI","article_published_time":"2023-12-22T14:55:44+00:00","article_modified_time":"2024-05-14T14:00:04+00:00","author":"Autor","twitter_card":"summary_large_image","twitter_misc":{"Escrito por":"Autor","Est. tempo de leitura":"5 minutos"},"schema":{"@context":"https:\/\/schema.org","@graph":[{"@type":"Article","@id":"https:\/\/fieam.org.br\/sesi\/sesi-e-senai-formam-alunos-dos-cursos-tecnicos-de-redes-de-computadores-e-mecatronica\/#article","isPartOf":{"@id":"https:\/\/fieam.org.br\/sesi\/sesi-e-senai-formam-alunos-dos-cursos-tecnicos-de-redes-de-computadores-e-mecatronica\/"},"author":{"name":"Autor","@id":"https:\/\/fieam.org.br\/sesi\/#\/schema\/person\/f54998dd14d5f0695b41444f2b01c31e"},"headline":"SESI e SENAI formam alunos dos cursos t\u00e9cnicos de Redes de Computadores e Mecatr\u00f4nica","datePublished":"2023-12-22T14:55:44+00:00","dateModified":"2024-05-14T14:00:04+00:00","mainEntityOfPage":{"@id":"https:\/\/fieam.org.br\/sesi\/sesi-e-senai-formam-alunos-dos-cursos-tecnicos-de-redes-de-computadores-e-mecatronica\/"},"wordCount":985,"commentCount":0,"publisher":{"@id":"https:\/\/fieam.org.br\/sesi\/#organization"},"articleSection":["Educa\u00e7\u00e3o","Geral","Institucional"],"inLanguage":"pt-BR","potentialAction":[{"@type":"CommentAction","name":"Comment","target":["https:\/\/fieam.org.br\/sesi\/sesi-e-senai-formam-alunos-dos-cursos-tecnicos-de-redes-de-computadores-e-mecatronica\/#respond"]}]},{"@type":"WebPage","@id":"https:\/\/fieam.org.br\/sesi\/sesi-e-senai-formam-alunos-dos-cursos-tecnicos-de-redes-de-computadores-e-mecatronica\/","url":"https:\/\/fieam.org.br\/sesi\/sesi-e-senai-formam-alunos-dos-cursos-tecnicos-de-redes-de-computadores-e-mecatronica\/","name":"SESI e SENAI formam alunos dos cursos t\u00e9cnicos de Redes de Computadores e Mecatr\u00f4nica - SESI","isPartOf":{"@id":"https:\/\/fieam.org.br\/sesi\/#website"},"datePublished":"2023-12-22T14:55:44+00:00","dateModified":"2024-05-14T14:00:04+00:00","breadcrumb":{"@id":"https:\/\/fieam.org.br\/sesi\/sesi-e-senai-formam-alunos-dos-cursos-tecnicos-de-redes-de-computadores-e-mecatronica\/#breadcrumb"},"inLanguage":"pt-BR","potentialAction":[{"@type":"ReadAction","target":["https:\/\/fieam.org.br\/sesi\/sesi-e-senai-formam-alunos-dos-cursos-tecnicos-de-redes-de-computadores-e-mecatronica\/"]}]},{"@type":"BreadcrumbList","@id":"https:\/\/fieam.org.br\/sesi\/sesi-e-senai-formam-alunos-dos-cursos-tecnicos-de-redes-de-computadores-e-mecatronica\/#breadcrumb","itemListElement":[{"@type":"ListItem","position":1,"name":"In\u00edcio","item":"https:\/\/fieam.org.br\/sesi\/"},{"@type":"ListItem","position":2,"name":"SESI e SENAI formam alunos dos cursos t\u00e9cnicos de Redes de Computadores e Mecatr\u00f4nica"}]},{"@type":"WebSite","@id":"https:\/\/fieam.org.br\/sesi\/#website","url":"https:\/\/fieam.org.br\/sesi\/","name":"SESI","description":"Site Oficial!","publisher":{"@id":"https:\/\/fieam.org.br\/sesi\/#organization"},"potentialAction":[{"@type":"SearchAction","target":{"@type":"EntryPoint","urlTemplate":"https:\/\/fieam.org.br\/sesi\/?s={search_term_string}"},"query-input":{"@type":"PropertyValueSpecification","valueRequired":true,"valueName":"search_term_string"}}],"inLanguage":"pt-BR"},{"@type":"Organization","@id":"https:\/\/fieam.org.br\/sesi\/#organization","name":"SESI","url":"https:\/\/fieam.org.br\/sesi\/","logo":{"@type":"ImageObject","inLanguage":"pt-BR","@id":"https:\/\/fieam.org.br\/sesi\/#\/schema\/logo\/image\/","url":"https:\/\/fieam.org.br\/sesi\/wp-content\/uploads\/sites\/14\/2024\/03\/cropped-fav.png","contentUrl":"https:\/\/fieam.org.br\/sesi\/wp-content\/uploads\/sites\/14\/2024\/03\/cropped-fav.png","width":610,"height":589,"caption":"SESI"},"image":{"@id":"https:\/\/fieam.org.br\/sesi\/#\/schema\/logo\/image\/"}},{"@type":"Person","@id":"https:\/\/fieam.org.br\/sesi\/#\/schema\/person\/f54998dd14d5f0695b41444f2b01c31e","name":"Autor","image":{"@type":"ImageObject","inLanguage":"pt-BR","@id":"https:\/\/secure.gravatar.com\/avatar\/3732c223e0e1fad69062a8f770955c9068d37b055204f310a0be18d4069fe380?s=96&d=mm&r=g","url":"https:\/\/secure.gravatar.com\/avatar\/3732c223e0e1fad69062a8f770955c9068d37b055204f310a0be18d4069fe380?s=96&d=mm&r=g","contentUrl":"https:\/\/secure.gravatar.com\/avatar\/3732c223e0e1fad69062a8f770955c9068d37b055204f310a0be18d4069fe380?s=96&d=mm&r=g","caption":"Autor"},"sameAs":["https:\/\/marketingmassivo.com.br"],"url":"https:\/\/fieam.org.br\/sesi\/author\/admin\/"}]}},"_links":{"self":[{"href":"https:\/\/fieam.org.br\/sesi\/wp-json\/wp\/v2\/posts\/20447","targetHints":{"allow":["GET"]}}],"collection":[{"href":"https:\/\/fieam.org.br\/sesi\/wp-json\/wp\/v2\/posts"}],"about":[{"href":"https:\/\/fieam.org.br\/sesi\/wp-json\/wp\/v2\/types\/post"}],"author":[{"embeddable":true,"href":"https:\/\/fieam.org.br\/sesi\/wp-json\/wp\/v2\/users\/1"}],"replies":[{"embeddable":true,"href":"https:\/\/fieam.org.br\/sesi\/wp-json\/wp\/v2\/comments?post=20447"}],"version-history":[{"count":1,"href":"https:\/\/fieam.org.br\/sesi\/wp-json\/wp\/v2\/posts\/20447\/revisions"}],"predecessor-version":[{"id":20448,"href":"https:\/\/fieam.org.br\/sesi\/wp-json\/wp\/v2\/posts\/20447\/revisions\/20448"}],"wp:attachment":[{"href":"https:\/\/fieam.org.br\/sesi\/wp-json\/wp\/v2\/media?parent=20447"}],"wp:term":[{"taxonomy":"category","embeddable":true,"href":"https:\/\/fieam.org.br\/sesi\/wp-json\/wp\/v2\/categories?post=20447"},{"taxonomy":"post_tag","embeddable":true,"href":"https:\/\/fieam.org.br\/sesi\/wp-json\/wp\/v2\/tags?post=20447"}],"curies":[{"name":"wp","href":"https:\/\/api.w.org\/{rel}","templated":true}]}}