{"id":20445,"date":"2023-11-13T14:59:07","date_gmt":"2023-11-13T14:59:07","guid":{"rendered":"https:\/\/fieam.org.br\/sesi\/?p=20445"},"modified":"2024-05-14T13:59:31","modified_gmt":"2024-05-14T13:59:31","slug":"corrida-kids-sesi-semed-atrai-filhos-e-pais-em-busca-de-qualidade-de-vida","status":"publish","type":"post","link":"https:\/\/fieam.org.br\/sesi\/corrida-kids-sesi-semed-atrai-filhos-e-pais-em-busca-de-qualidade-de-vida\/","title":{"rendered":"Corrida Kids SESI-SEMED atrai filhos e pais  em busca de qualidade de vida"},"content":{"rendered":"<p><span style=\"font-weight: 400;\">A pista do SESI Clube do Trabalhador do Amazonas cedeu espa\u00e7o para a 1\u00aa Corrida Kids SESI-SEMED, realizada domingo para crian\u00e7as e adolescentes que competiram em quatro categorias divididas por idade e dist\u00e2ncia. A corrida recebeu a denomina\u00e7\u00e3o Maria Acilda Cordeiro dos Santos, em homenagem \u00e0 educadora que por 13 anos gerenciou a Escola SESI Dr. Francisco Garcia.<\/span><\/p>\n<p><span style=\"font-weight: 400;\">A m\u00e3e dos pequenos velocistas vencedores nos 50 metros, Fernando, de tr\u00eas anos, medalha de ouro e de Alice, de dois anos, medalha de bronze, a analista fiscal cont\u00e1bil na empresa Samsung, Gabriela da Silva Dias, 31, n\u00e3o escondia o orgulho pelo desempenho dos filhos. Afirmou que ela e o marido, Fernando, 33, incentivam e d\u00e3o exemplo, pois ambos praticam esporte. \u201cA sensa\u00e7\u00e3o \u00e9 satisfat\u00f3ria, principalmente quando o objetivo \u00e9 sa\u00fade e qualidade de vida. Saber que passamos isso para os nossos filhos \u00e9 muito gratificante\u201d, disse o pai.<\/span><\/p>\n<p><span style=\"font-weight: 400;\">Fael Enam Alves, oito anos, foi o primeiro em sua bateria a ultrapassar a linha de chegada na modalidade 100 metros. O pai, Rafael Alves, 40, disse que ele e a m\u00e3e, Leide Mara, 31, procuram sempre p\u00f4r os filhos em um esporte. \u201cAl\u00e9m do entretenimento em si, estar interagindo com outras crian\u00e7as da mesma idade, e ainda implementando uma vida saud\u00e1vel, desde pequenos, \u00e9 o que queremos que nossos filhos herdem de n\u00f3s e os av\u00f3s, quando os incentivamos a realizar esportes\u201d, disse o pai, engenheiro el\u00e9trico na empresa Engir.<\/span><\/p>\n<p><span style=\"font-weight: 400;\">Natan Martins, 50, seguran\u00e7a na empresa Global Service, tamb\u00e9m levou o filho Jo\u00e3o Vitor, sete anos, para participar da corrida. Segundo Martins, a mulher Deize Magalh\u00e3es, 42, ama o esporte e o filho segue a mesma linha: corre, brinca, faz nata\u00e7\u00e3o no SESI e acaba motivando muito a todos. \u201cTodos n\u00f3s praticamos esporte, gostamos de andar de patins, de bicicleta, tudo\u201d, disse a m\u00e3e.<\/span><\/p>\n<p><b>Homenagem<\/b><\/p>\n<p><span style=\"font-weight: 400;\">A gerente da Escola SESI Dr. Francisco Garcia, Sinthia Cavalcanti, representou a fam\u00edlia de Maria Acilda, ao receber uma placa em homenagem \u00e0 educadora pelos anos de servi\u00e7os prestados ao SESI e \u00e0 educa\u00e7\u00e3o no Amazonas. \u201cMaria Acilda exerceu papel fundamental como excelente educadora sempre preocupada em assegurar o bom desempenho da escola e encontrar solu\u00e7\u00f5es para os desafios do cotidiano na creche. Educadora ativa e comunicativa no ambiente escolar, sua participa\u00e7\u00e3o e atribui\u00e7\u00e3o caracterizavam-se pelo crescimento profissional dos professores, interven\u00e7\u00e3o e monitoramento do resultado desse trabalho, favorecendo assim a intera\u00e7\u00e3o do p\u00fablico interno e externo da escola\u201d, disse a gestora Sinthia.<\/span><\/p>\n<p><span style=\"font-weight: 400;\">A professora Maria Acilda nasceu em Pesqueira (PE), em 22 de outubro de 1948. Licenciou-se em Pedagogia pela Universidade Estadual do Cear\u00e1, p\u00f3s graduou-se em Supervis\u00e3o Educacional pela Universidade Federal do Amazonas. Educadora por voca\u00e7\u00e3o, atuou na \u00e1rea de educa\u00e7\u00e3o p\u00fablica e privada por 53 anos, sendo 22 dedicados \u00e0s escolas do SESI Amazonas, em especial a Escola SESI Dr. Francisco Garcia, unidade escolar de grande porte, localizada no Distrito Industrial, onde foi gerente at\u00e9 o seu falecimento em 11 de fevereiro de 2021, em decorr\u00eancia das complica\u00e7\u00f5es da covid-19.<\/span><\/p>\n","protected":false},"excerpt":{"rendered":"<p>A pista do SESI Clube do Trabalhador do Amazonas cedeu espa\u00e7o para a 1\u00aa Corrida Kids SESI-SEMED, realizada domingo para crian\u00e7as e adolescentes que competiram em quatro categorias divididas por idade e dist\u00e2ncia. A corrida recebeu a denomina\u00e7\u00e3o Maria Acilda Cordeiro dos Santos, em homenagem \u00e0 educadora que por 13 anos gerenciou a Escola SESI [&hellip;]<\/p>\n","protected":false},"author":1,"featured_media":0,"comment_status":"open","ping_status":"open","sticky":false,"template":"","format":"standard","meta":{"footnotes":""},"categories":[135],"tags":[],"class_list":["post-20445","post","type-post","status-publish","format-standard","hentry","category-lazer"],"yoast_head":"<!-- This site is optimized with the Yoast SEO plugin v28.2 - https:\/\/yoast.com\/product\/yoast-seo-wordpress\/ -->\n<title>Corrida Kids SESI-SEMED atrai filhos e pais em busca de qualidade de vida - SESI<\/title>\n<meta name=\"robots\" content=\"index, follow, max-snippet:-1, max-image-preview:large, max-video-preview:-1\" \/>\n<link rel=\"canonical\" href=\"https:\/\/fieam.org.br\/sesi\/corrida-kids-sesi-semed-atrai-filhos-e-pais-em-busca-de-qualidade-de-vida\/\" \/>\n<meta property=\"og:locale\" content=\"pt_BR\" \/>\n<meta property=\"og:type\" content=\"article\" \/>\n<meta property=\"og:title\" content=\"Corrida Kids SESI-SEMED atrai filhos e pais em busca de qualidade de vida - SESI\" \/>\n<meta property=\"og:description\" content=\"A pista do SESI Clube do Trabalhador do Amazonas cedeu espa\u00e7o para a 1\u00aa Corrida Kids SESI-SEMED, realizada domingo para crian\u00e7as e adolescentes que competiram em quatro categorias divididas por idade e dist\u00e2ncia. A corrida recebeu a denomina\u00e7\u00e3o Maria Acilda Cordeiro dos Santos, em homenagem \u00e0 educadora que por 13 anos gerenciou a Escola SESI [&hellip;]\" \/>\n<meta property=\"og:url\" content=\"https:\/\/fieam.org.br\/sesi\/corrida-kids-sesi-semed-atrai-filhos-e-pais-em-busca-de-qualidade-de-vida\/\" \/>\n<meta property=\"og:site_name\" content=\"SESI\" \/>\n<meta property=\"article:published_time\" content=\"2023-11-13T14:59:07+00:00\" \/>\n<meta property=\"article:modified_time\" content=\"2024-05-14T13:59:31+00:00\" \/>\n<meta name=\"author\" content=\"Autor\" \/>\n<meta name=\"twitter:card\" content=\"summary_large_image\" \/>\n<meta name=\"twitter:label1\" content=\"Escrito por\" \/>\n\t<meta name=\"twitter:data1\" content=\"Autor\" \/>\n\t<meta name=\"twitter:label2\" content=\"Est. tempo de leitura\" \/>\n\t<meta name=\"twitter:data2\" content=\"3 minutos\" \/>\n<script type=\"application\/ld+json\" class=\"yoast-schema-graph\">{\"@context\":\"https:\\\/\\\/schema.org\",\"@graph\":[{\"@type\":\"Article\",\"@id\":\"https:\\\/\\\/fieam.org.br\\\/sesi\\\/corrida-kids-sesi-semed-atrai-filhos-e-pais-em-busca-de-qualidade-de-vida\\\/#article\",\"isPartOf\":{\"@id\":\"https:\\\/\\\/fieam.org.br\\\/sesi\\\/corrida-kids-sesi-semed-atrai-filhos-e-pais-em-busca-de-qualidade-de-vida\\\/\"},\"author\":{\"name\":\"Autor\",\"@id\":\"https:\\\/\\\/fieam.org.br\\\/sesi\\\/#\\\/schema\\\/person\\\/f54998dd14d5f0695b41444f2b01c31e\"},\"headline\":\"Corrida Kids SESI-SEMED atrai filhos e pais em busca de qualidade de vida\",\"datePublished\":\"2023-11-13T14:59:07+00:00\",\"dateModified\":\"2024-05-14T13:59:31+00:00\",\"mainEntityOfPage\":{\"@id\":\"https:\\\/\\\/fieam.org.br\\\/sesi\\\/corrida-kids-sesi-semed-atrai-filhos-e-pais-em-busca-de-qualidade-de-vida\\\/\"},\"wordCount\":528,\"commentCount\":0,\"publisher\":{\"@id\":\"https:\\\/\\\/fieam.org.br\\\/sesi\\\/#organization\"},\"articleSection\":[\"Lazer\"],\"inLanguage\":\"pt-BR\",\"potentialAction\":[{\"@type\":\"CommentAction\",\"name\":\"Comment\",\"target\":[\"https:\\\/\\\/fieam.org.br\\\/sesi\\\/corrida-kids-sesi-semed-atrai-filhos-e-pais-em-busca-de-qualidade-de-vida\\\/#respond\"]}]},{\"@type\":\"WebPage\",\"@id\":\"https:\\\/\\\/fieam.org.br\\\/sesi\\\/corrida-kids-sesi-semed-atrai-filhos-e-pais-em-busca-de-qualidade-de-vida\\\/\",\"url\":\"https:\\\/\\\/fieam.org.br\\\/sesi\\\/corrida-kids-sesi-semed-atrai-filhos-e-pais-em-busca-de-qualidade-de-vida\\\/\",\"name\":\"Corrida Kids SESI-SEMED atrai filhos e pais em busca de qualidade de vida - SESI\",\"isPartOf\":{\"@id\":\"https:\\\/\\\/fieam.org.br\\\/sesi\\\/#website\"},\"datePublished\":\"2023-11-13T14:59:07+00:00\",\"dateModified\":\"2024-05-14T13:59:31+00:00\",\"breadcrumb\":{\"@id\":\"https:\\\/\\\/fieam.org.br\\\/sesi\\\/corrida-kids-sesi-semed-atrai-filhos-e-pais-em-busca-de-qualidade-de-vida\\\/#breadcrumb\"},\"inLanguage\":\"pt-BR\",\"potentialAction\":[{\"@type\":\"ReadAction\",\"target\":[\"https:\\\/\\\/fieam.org.br\\\/sesi\\\/corrida-kids-sesi-semed-atrai-filhos-e-pais-em-busca-de-qualidade-de-vida\\\/\"]}]},{\"@type\":\"BreadcrumbList\",\"@id\":\"https:\\\/\\\/fieam.org.br\\\/sesi\\\/corrida-kids-sesi-semed-atrai-filhos-e-pais-em-busca-de-qualidade-de-vida\\\/#breadcrumb\",\"itemListElement\":[{\"@type\":\"ListItem\",\"position\":1,\"name\":\"In\u00edcio\",\"item\":\"https:\\\/\\\/fieam.org.br\\\/sesi\\\/\"},{\"@type\":\"ListItem\",\"position\":2,\"name\":\"Corrida Kids SESI-SEMED atrai filhos e pais em busca de qualidade de vida\"}]},{\"@type\":\"WebSite\",\"@id\":\"https:\\\/\\\/fieam.org.br\\\/sesi\\\/#website\",\"url\":\"https:\\\/\\\/fieam.org.br\\\/sesi\\\/\",\"name\":\"SESI\",\"description\":\"Site Oficial!\",\"publisher\":{\"@id\":\"https:\\\/\\\/fieam.org.br\\\/sesi\\\/#organization\"},\"potentialAction\":[{\"@type\":\"SearchAction\",\"target\":{\"@type\":\"EntryPoint\",\"urlTemplate\":\"https:\\\/\\\/fieam.org.br\\\/sesi\\\/?s={search_term_string}\"},\"query-input\":{\"@type\":\"PropertyValueSpecification\",\"valueRequired\":true,\"valueName\":\"search_term_string\"}}],\"inLanguage\":\"pt-BR\"},{\"@type\":\"Organization\",\"@id\":\"https:\\\/\\\/fieam.org.br\\\/sesi\\\/#organization\",\"name\":\"SESI\",\"url\":\"https:\\\/\\\/fieam.org.br\\\/sesi\\\/\",\"logo\":{\"@type\":\"ImageObject\",\"inLanguage\":\"pt-BR\",\"@id\":\"https:\\\/\\\/fieam.org.br\\\/sesi\\\/#\\\/schema\\\/logo\\\/image\\\/\",\"url\":\"https:\\\/\\\/fieam.org.br\\\/sesi\\\/wp-content\\\/uploads\\\/sites\\\/14\\\/2024\\\/03\\\/cropped-fav.png\",\"contentUrl\":\"https:\\\/\\\/fieam.org.br\\\/sesi\\\/wp-content\\\/uploads\\\/sites\\\/14\\\/2024\\\/03\\\/cropped-fav.png\",\"width\":610,\"height\":589,\"caption\":\"SESI\"},\"image\":{\"@id\":\"https:\\\/\\\/fieam.org.br\\\/sesi\\\/#\\\/schema\\\/logo\\\/image\\\/\"}},{\"@type\":\"Person\",\"@id\":\"https:\\\/\\\/fieam.org.br\\\/sesi\\\/#\\\/schema\\\/person\\\/f54998dd14d5f0695b41444f2b01c31e\",\"name\":\"Autor\",\"image\":{\"@type\":\"ImageObject\",\"inLanguage\":\"pt-BR\",\"@id\":\"https:\\\/\\\/secure.gravatar.com\\\/avatar\\\/3732c223e0e1fad69062a8f770955c9068d37b055204f310a0be18d4069fe380?s=96&d=mm&r=g\",\"url\":\"https:\\\/\\\/secure.gravatar.com\\\/avatar\\\/3732c223e0e1fad69062a8f770955c9068d37b055204f310a0be18d4069fe380?s=96&d=mm&r=g\",\"contentUrl\":\"https:\\\/\\\/secure.gravatar.com\\\/avatar\\\/3732c223e0e1fad69062a8f770955c9068d37b055204f310a0be18d4069fe380?s=96&d=mm&r=g\",\"caption\":\"Autor\"},\"sameAs\":[\"https:\\\/\\\/marketingmassivo.com.br\"],\"url\":\"https:\\\/\\\/fieam.org.br\\\/sesi\\\/author\\\/admin\\\/\"}]}<\/script>\n<!-- \/ Yoast SEO plugin. -->","yoast_head_json":{"title":"Corrida Kids SESI-SEMED atrai filhos e pais em busca de qualidade de vida - SESI","robots":{"index":"index","follow":"follow","max-snippet":"max-snippet:-1","max-image-preview":"max-image-preview:large","max-video-preview":"max-video-preview:-1"},"canonical":"https:\/\/fieam.org.br\/sesi\/corrida-kids-sesi-semed-atrai-filhos-e-pais-em-busca-de-qualidade-de-vida\/","og_locale":"pt_BR","og_type":"article","og_title":"Corrida Kids SESI-SEMED atrai filhos e pais em busca de qualidade de vida - SESI","og_description":"A pista do SESI Clube do Trabalhador do Amazonas cedeu espa\u00e7o para a 1\u00aa Corrida Kids SESI-SEMED, realizada domingo para crian\u00e7as e adolescentes que competiram em quatro categorias divididas por idade e dist\u00e2ncia. A corrida recebeu a denomina\u00e7\u00e3o Maria Acilda Cordeiro dos Santos, em homenagem \u00e0 educadora que por 13 anos gerenciou a Escola SESI [&hellip;]","og_url":"https:\/\/fieam.org.br\/sesi\/corrida-kids-sesi-semed-atrai-filhos-e-pais-em-busca-de-qualidade-de-vida\/","og_site_name":"SESI","article_published_time":"2023-11-13T14:59:07+00:00","article_modified_time":"2024-05-14T13:59:31+00:00","author":"Autor","twitter_card":"summary_large_image","twitter_misc":{"Escrito por":"Autor","Est. tempo de leitura":"3 minutos"},"schema":{"@context":"https:\/\/schema.org","@graph":[{"@type":"Article","@id":"https:\/\/fieam.org.br\/sesi\/corrida-kids-sesi-semed-atrai-filhos-e-pais-em-busca-de-qualidade-de-vida\/#article","isPartOf":{"@id":"https:\/\/fieam.org.br\/sesi\/corrida-kids-sesi-semed-atrai-filhos-e-pais-em-busca-de-qualidade-de-vida\/"},"author":{"name":"Autor","@id":"https:\/\/fieam.org.br\/sesi\/#\/schema\/person\/f54998dd14d5f0695b41444f2b01c31e"},"headline":"Corrida Kids SESI-SEMED atrai filhos e pais em busca de qualidade de vida","datePublished":"2023-11-13T14:59:07+00:00","dateModified":"2024-05-14T13:59:31+00:00","mainEntityOfPage":{"@id":"https:\/\/fieam.org.br\/sesi\/corrida-kids-sesi-semed-atrai-filhos-e-pais-em-busca-de-qualidade-de-vida\/"},"wordCount":528,"commentCount":0,"publisher":{"@id":"https:\/\/fieam.org.br\/sesi\/#organization"},"articleSection":["Lazer"],"inLanguage":"pt-BR","potentialAction":[{"@type":"CommentAction","name":"Comment","target":["https:\/\/fieam.org.br\/sesi\/corrida-kids-sesi-semed-atrai-filhos-e-pais-em-busca-de-qualidade-de-vida\/#respond"]}]},{"@type":"WebPage","@id":"https:\/\/fieam.org.br\/sesi\/corrida-kids-sesi-semed-atrai-filhos-e-pais-em-busca-de-qualidade-de-vida\/","url":"https:\/\/fieam.org.br\/sesi\/corrida-kids-sesi-semed-atrai-filhos-e-pais-em-busca-de-qualidade-de-vida\/","name":"Corrida Kids SESI-SEMED atrai filhos e pais em busca de qualidade de vida - SESI","isPartOf":{"@id":"https:\/\/fieam.org.br\/sesi\/#website"},"datePublished":"2023-11-13T14:59:07+00:00","dateModified":"2024-05-14T13:59:31+00:00","breadcrumb":{"@id":"https:\/\/fieam.org.br\/sesi\/corrida-kids-sesi-semed-atrai-filhos-e-pais-em-busca-de-qualidade-de-vida\/#breadcrumb"},"inLanguage":"pt-BR","potentialAction":[{"@type":"ReadAction","target":["https:\/\/fieam.org.br\/sesi\/corrida-kids-sesi-semed-atrai-filhos-e-pais-em-busca-de-qualidade-de-vida\/"]}]},{"@type":"BreadcrumbList","@id":"https:\/\/fieam.org.br\/sesi\/corrida-kids-sesi-semed-atrai-filhos-e-pais-em-busca-de-qualidade-de-vida\/#breadcrumb","itemListElement":[{"@type":"ListItem","position":1,"name":"In\u00edcio","item":"https:\/\/fieam.org.br\/sesi\/"},{"@type":"ListItem","position":2,"name":"Corrida Kids SESI-SEMED atrai filhos e pais em busca de qualidade de vida"}]},{"@type":"WebSite","@id":"https:\/\/fieam.org.br\/sesi\/#website","url":"https:\/\/fieam.org.br\/sesi\/","name":"SESI","description":"Site Oficial!","publisher":{"@id":"https:\/\/fieam.org.br\/sesi\/#organization"},"potentialAction":[{"@type":"SearchAction","target":{"@type":"EntryPoint","urlTemplate":"https:\/\/fieam.org.br\/sesi\/?s={search_term_string}"},"query-input":{"@type":"PropertyValueSpecification","valueRequired":true,"valueName":"search_term_string"}}],"inLanguage":"pt-BR"},{"@type":"Organization","@id":"https:\/\/fieam.org.br\/sesi\/#organization","name":"SESI","url":"https:\/\/fieam.org.br\/sesi\/","logo":{"@type":"ImageObject","inLanguage":"pt-BR","@id":"https:\/\/fieam.org.br\/sesi\/#\/schema\/logo\/image\/","url":"https:\/\/fieam.org.br\/sesi\/wp-content\/uploads\/sites\/14\/2024\/03\/cropped-fav.png","contentUrl":"https:\/\/fieam.org.br\/sesi\/wp-content\/uploads\/sites\/14\/2024\/03\/cropped-fav.png","width":610,"height":589,"caption":"SESI"},"image":{"@id":"https:\/\/fieam.org.br\/sesi\/#\/schema\/logo\/image\/"}},{"@type":"Person","@id":"https:\/\/fieam.org.br\/sesi\/#\/schema\/person\/f54998dd14d5f0695b41444f2b01c31e","name":"Autor","image":{"@type":"ImageObject","inLanguage":"pt-BR","@id":"https:\/\/secure.gravatar.com\/avatar\/3732c223e0e1fad69062a8f770955c9068d37b055204f310a0be18d4069fe380?s=96&d=mm&r=g","url":"https:\/\/secure.gravatar.com\/avatar\/3732c223e0e1fad69062a8f770955c9068d37b055204f310a0be18d4069fe380?s=96&d=mm&r=g","contentUrl":"https:\/\/secure.gravatar.com\/avatar\/3732c223e0e1fad69062a8f770955c9068d37b055204f310a0be18d4069fe380?s=96&d=mm&r=g","caption":"Autor"},"sameAs":["https:\/\/marketingmassivo.com.br"],"url":"https:\/\/fieam.org.br\/sesi\/author\/admin\/"}]}},"_links":{"self":[{"href":"https:\/\/fieam.org.br\/sesi\/wp-json\/wp\/v2\/posts\/20445","targetHints":{"allow":["GET"]}}],"collection":[{"href":"https:\/\/fieam.org.br\/sesi\/wp-json\/wp\/v2\/posts"}],"about":[{"href":"https:\/\/fieam.org.br\/sesi\/wp-json\/wp\/v2\/types\/post"}],"author":[{"embeddable":true,"href":"https:\/\/fieam.org.br\/sesi\/wp-json\/wp\/v2\/users\/1"}],"replies":[{"embeddable":true,"href":"https:\/\/fieam.org.br\/sesi\/wp-json\/wp\/v2\/comments?post=20445"}],"version-history":[{"count":1,"href":"https:\/\/fieam.org.br\/sesi\/wp-json\/wp\/v2\/posts\/20445\/revisions"}],"predecessor-version":[{"id":20446,"href":"https:\/\/fieam.org.br\/sesi\/wp-json\/wp\/v2\/posts\/20445\/revisions\/20446"}],"wp:attachment":[{"href":"https:\/\/fieam.org.br\/sesi\/wp-json\/wp\/v2\/media?parent=20445"}],"wp:term":[{"taxonomy":"category","embeddable":true,"href":"https:\/\/fieam.org.br\/sesi\/wp-json\/wp\/v2\/categories?post=20445"},{"taxonomy":"post_tag","embeddable":true,"href":"https:\/\/fieam.org.br\/sesi\/wp-json\/wp\/v2\/tags?post=20445"}],"curies":[{"name":"wp","href":"https:\/\/api.w.org\/{rel}","templated":true}]}}