{"id":20443,"date":"2023-11-11T13:42:45","date_gmt":"2023-11-11T13:42:45","guid":{"rendered":"https:\/\/fieam.org.br\/sesi\/?p=20443"},"modified":"2024-05-14T13:59:03","modified_gmt":"2024-05-14T13:59:03","slug":"alunos-do-sesi-representam-o-amazonas-na-olimpiada-brasileira-de-satelites","status":"publish","type":"post","link":"https:\/\/fieam.org.br\/sesi\/alunos-do-sesi-representam-o-amazonas-na-olimpiada-brasileira-de-satelites\/","title":{"rendered":"Alunos do SESI representam o Amazonas  na Olimp\u00edada Brasileira de Sat\u00e9lites"},"content":{"rendered":"<p><span style=\"font-weight: 400;\">A Escola SESI Emina Mustafa Barbosa participou e sediou sexta-feira a Olimp\u00edada Brasileira de Sat\u00e9lites (OBSAT) &#8211; Regi\u00e3o Norte, evento concebido pelo Minist\u00e9rio de Ci\u00eancia, Tecnologia e Inova\u00e7\u00e3o (MCTI), com objetivo de promover experi\u00eancias te\u00f3ricas e pr\u00e1ticas em projetos de sat\u00e9lites de pequeno porte e difundir a cultura aeroespacial para estudantes e professores. Pelo Amazonas, o SESI inscreve duas equipes com alunos do ensino m\u00e9dio, a Team Prodxy e Os Orbitados.<\/span><\/p>\n<p><span style=\"font-weight: 400;\">A professora Ana Dutra, respons\u00e1vel pelo Clube Ci\u00eancias da escola e t\u00e9cnica respons\u00e1vel pelos alunos, afirma que OBSAT \u00e9 uma oportunidade \u00fanica, em que os adolescentes podem competir em um evento nacional abordando uma problem\u00e1tica que tem sido vivenciada de perto pelo povo amazonense, como as queimadas e as mudan\u00e7as clim\u00e1ticas.<\/span><\/p>\n<p><span style=\"font-weight: 400;\">Dutra tamb\u00e9m ressalta outro fator importante para o desenvolvimento dos alunos. \u201cEssa competi\u00e7\u00e3o \u00e9 mais um preparo para a universidade, visto que eles j\u00e1 est\u00e3o entrando em contato com a inicia\u00e7\u00e3o cient\u00edfica, levando em considera\u00e7\u00e3o que necessitam escrever um artigo para apresentar a uma banca avaliadora\u201d.<\/span><\/p>\n<p><span style=\"font-weight: 400;\">Um dos alunos integrantes da Team Prodxy, Rog\u00e9rio Almeida, 17 anos, explicou que o projeto da equipe tem por objetivo a utiliza\u00e7\u00e3o de dados de sat\u00e9lite para monitoramento das condi\u00e7\u00f5es meteorol\u00f3gicas, com \u00eanfase no aprimoramento da produ\u00e7\u00e3o agr\u00edcola no Amazonas. \u201cCom estas informa\u00e7\u00f5es, pretendemos criar um relat\u00f3rio que ser\u00e1 guardado dentro de um cart\u00e3o Sd e, posteriormente, distribu\u00eddo para a popula\u00e7\u00e3o\u201d, pontua o aluno, que reflete sobre a import\u00e2ncia da iniciativa, visto que a presen\u00e7a de CO2 na atmosfera gera chuvas \u00e1cidas que infertilizam o solo devido \u00e0 alta concentra\u00e7\u00e3o de di\u00f3xido de carbono.<\/span><\/p>\n<p><span style=\"font-weight: 400;\">Com rela\u00e7\u00e3o aos desafios enfrentados pelos competidores, a aluna participante da equipe Os Orbitados, Giovanna Medeiros, 16 anos, revelou que para realizar o projeto, que visa monitorar os \u00edndices de queimadas na regi\u00e3o, a equipe passou por algumas dificuldades desde a programa\u00e7\u00e3o do sat\u00e9lite at\u00e9 encontrar alguns sensores chaves.\u00a0<\/span><\/p>\n<p><span style=\"font-weight: 400;\">Mesmo assim, a competidora afirma estar muito confiante e agradecida. \u201cN\u00f3s trabalhamos nesse projeto desde fevereiro, chegamos j\u00e1 a apresentar em um evento da Universidade Estadual do Amazonas, no qual tivemos destaque. J\u00e1 estamos gratos por chegar na terceira fase das olimp\u00edadas, mas desejando muito passar para pr\u00f3xima, que ser\u00e1 em outro estado\u201d, disse.<\/span><\/p>\n<p><span style=\"font-weight: 400;\">As avalia\u00e7\u00f5es levam em considera\u00e7\u00e3o quest\u00f5es te\u00f3ricas, t\u00e9cnicas, de conceito e ser\u00e3o realizadas por meio de entrevistas e apresenta\u00e7\u00f5es \u00e0 bancada julgadora. J\u00e1 a quarta fase das olimp\u00edadas ser\u00e1 realizada em S\u00e3o Paulo no m\u00eas que vem. Tamb\u00e9m compete a uma vaga a equipe AquiriSat, vinda do Acre. <\/span><\/p>\n","protected":false},"excerpt":{"rendered":"<p>A Escola SESI Emina Mustafa Barbosa participou e sediou sexta-feira a Olimp\u00edada Brasileira de Sat\u00e9lites (OBSAT) &#8211; Regi\u00e3o Norte, evento concebido pelo Minist\u00e9rio de Ci\u00eancia, Tecnologia e Inova\u00e7\u00e3o (MCTI), com objetivo de promover experi\u00eancias te\u00f3ricas e pr\u00e1ticas em projetos de sat\u00e9lites de pequeno porte e difundir a cultura aeroespacial para estudantes e professores. Pelo Amazonas, [&hellip;]<\/p>\n","protected":false},"author":1,"featured_media":0,"comment_status":"open","ping_status":"open","sticky":false,"template":"","format":"standard","meta":{"footnotes":""},"categories":[134,136],"tags":[],"class_list":["post-20443","post","type-post","status-publish","format-standard","hentry","category-educacao","category-institucional"],"yoast_head":"<!-- This site is optimized with the Yoast SEO plugin v28.2 - https:\/\/yoast.com\/product\/yoast-seo-wordpress\/ -->\n<title>Alunos do SESI representam o Amazonas na Olimp\u00edada Brasileira de Sat\u00e9lites - SESI<\/title>\n<meta name=\"robots\" content=\"index, follow, max-snippet:-1, max-image-preview:large, max-video-preview:-1\" \/>\n<link rel=\"canonical\" href=\"https:\/\/fieam.org.br\/sesi\/alunos-do-sesi-representam-o-amazonas-na-olimpiada-brasileira-de-satelites\/\" \/>\n<meta property=\"og:locale\" content=\"pt_BR\" \/>\n<meta property=\"og:type\" content=\"article\" \/>\n<meta property=\"og:title\" content=\"Alunos do SESI representam o Amazonas na Olimp\u00edada Brasileira de Sat\u00e9lites - SESI\" \/>\n<meta property=\"og:description\" content=\"A Escola SESI Emina Mustafa Barbosa participou e sediou sexta-feira a Olimp\u00edada Brasileira de Sat\u00e9lites (OBSAT) &#8211; Regi\u00e3o Norte, evento concebido pelo Minist\u00e9rio de Ci\u00eancia, Tecnologia e Inova\u00e7\u00e3o (MCTI), com objetivo de promover experi\u00eancias te\u00f3ricas e pr\u00e1ticas em projetos de sat\u00e9lites de pequeno porte e difundir a cultura aeroespacial para estudantes e professores. Pelo Amazonas, [&hellip;]\" \/>\n<meta property=\"og:url\" content=\"https:\/\/fieam.org.br\/sesi\/alunos-do-sesi-representam-o-amazonas-na-olimpiada-brasileira-de-satelites\/\" \/>\n<meta property=\"og:site_name\" content=\"SESI\" \/>\n<meta property=\"article:published_time\" content=\"2023-11-11T13:42:45+00:00\" \/>\n<meta property=\"article:modified_time\" content=\"2024-05-14T13:59:03+00:00\" \/>\n<meta name=\"author\" content=\"Autor\" \/>\n<meta name=\"twitter:card\" content=\"summary_large_image\" \/>\n<meta name=\"twitter:label1\" content=\"Escrito por\" \/>\n\t<meta name=\"twitter:data1\" content=\"Autor\" \/>\n\t<meta name=\"twitter:label2\" content=\"Est. tempo de leitura\" \/>\n\t<meta name=\"twitter:data2\" content=\"2 minutos\" \/>\n<script type=\"application\/ld+json\" class=\"yoast-schema-graph\">{\"@context\":\"https:\\\/\\\/schema.org\",\"@graph\":[{\"@type\":\"Article\",\"@id\":\"https:\\\/\\\/fieam.org.br\\\/sesi\\\/alunos-do-sesi-representam-o-amazonas-na-olimpiada-brasileira-de-satelites\\\/#article\",\"isPartOf\":{\"@id\":\"https:\\\/\\\/fieam.org.br\\\/sesi\\\/alunos-do-sesi-representam-o-amazonas-na-olimpiada-brasileira-de-satelites\\\/\"},\"author\":{\"name\":\"Autor\",\"@id\":\"https:\\\/\\\/fieam.org.br\\\/sesi\\\/#\\\/schema\\\/person\\\/f54998dd14d5f0695b41444f2b01c31e\"},\"headline\":\"Alunos do SESI representam o Amazonas na Olimp\u00edada Brasileira de Sat\u00e9lites\",\"datePublished\":\"2023-11-11T13:42:45+00:00\",\"dateModified\":\"2024-05-14T13:59:03+00:00\",\"mainEntityOfPage\":{\"@id\":\"https:\\\/\\\/fieam.org.br\\\/sesi\\\/alunos-do-sesi-representam-o-amazonas-na-olimpiada-brasileira-de-satelites\\\/\"},\"wordCount\":478,\"commentCount\":0,\"publisher\":{\"@id\":\"https:\\\/\\\/fieam.org.br\\\/sesi\\\/#organization\"},\"articleSection\":[\"Educa\u00e7\u00e3o\",\"Institucional\"],\"inLanguage\":\"pt-BR\",\"potentialAction\":[{\"@type\":\"CommentAction\",\"name\":\"Comment\",\"target\":[\"https:\\\/\\\/fieam.org.br\\\/sesi\\\/alunos-do-sesi-representam-o-amazonas-na-olimpiada-brasileira-de-satelites\\\/#respond\"]}]},{\"@type\":\"WebPage\",\"@id\":\"https:\\\/\\\/fieam.org.br\\\/sesi\\\/alunos-do-sesi-representam-o-amazonas-na-olimpiada-brasileira-de-satelites\\\/\",\"url\":\"https:\\\/\\\/fieam.org.br\\\/sesi\\\/alunos-do-sesi-representam-o-amazonas-na-olimpiada-brasileira-de-satelites\\\/\",\"name\":\"Alunos do SESI representam o Amazonas na Olimp\u00edada Brasileira de Sat\u00e9lites - SESI\",\"isPartOf\":{\"@id\":\"https:\\\/\\\/fieam.org.br\\\/sesi\\\/#website\"},\"datePublished\":\"2023-11-11T13:42:45+00:00\",\"dateModified\":\"2024-05-14T13:59:03+00:00\",\"breadcrumb\":{\"@id\":\"https:\\\/\\\/fieam.org.br\\\/sesi\\\/alunos-do-sesi-representam-o-amazonas-na-olimpiada-brasileira-de-satelites\\\/#breadcrumb\"},\"inLanguage\":\"pt-BR\",\"potentialAction\":[{\"@type\":\"ReadAction\",\"target\":[\"https:\\\/\\\/fieam.org.br\\\/sesi\\\/alunos-do-sesi-representam-o-amazonas-na-olimpiada-brasileira-de-satelites\\\/\"]}]},{\"@type\":\"BreadcrumbList\",\"@id\":\"https:\\\/\\\/fieam.org.br\\\/sesi\\\/alunos-do-sesi-representam-o-amazonas-na-olimpiada-brasileira-de-satelites\\\/#breadcrumb\",\"itemListElement\":[{\"@type\":\"ListItem\",\"position\":1,\"name\":\"In\u00edcio\",\"item\":\"https:\\\/\\\/fieam.org.br\\\/sesi\\\/\"},{\"@type\":\"ListItem\",\"position\":2,\"name\":\"Alunos do SESI representam o Amazonas na Olimp\u00edada Brasileira de Sat\u00e9lites\"}]},{\"@type\":\"WebSite\",\"@id\":\"https:\\\/\\\/fieam.org.br\\\/sesi\\\/#website\",\"url\":\"https:\\\/\\\/fieam.org.br\\\/sesi\\\/\",\"name\":\"SESI\",\"description\":\"Site Oficial!\",\"publisher\":{\"@id\":\"https:\\\/\\\/fieam.org.br\\\/sesi\\\/#organization\"},\"potentialAction\":[{\"@type\":\"SearchAction\",\"target\":{\"@type\":\"EntryPoint\",\"urlTemplate\":\"https:\\\/\\\/fieam.org.br\\\/sesi\\\/?s={search_term_string}\"},\"query-input\":{\"@type\":\"PropertyValueSpecification\",\"valueRequired\":true,\"valueName\":\"search_term_string\"}}],\"inLanguage\":\"pt-BR\"},{\"@type\":\"Organization\",\"@id\":\"https:\\\/\\\/fieam.org.br\\\/sesi\\\/#organization\",\"name\":\"SESI\",\"url\":\"https:\\\/\\\/fieam.org.br\\\/sesi\\\/\",\"logo\":{\"@type\":\"ImageObject\",\"inLanguage\":\"pt-BR\",\"@id\":\"https:\\\/\\\/fieam.org.br\\\/sesi\\\/#\\\/schema\\\/logo\\\/image\\\/\",\"url\":\"https:\\\/\\\/fieam.org.br\\\/sesi\\\/wp-content\\\/uploads\\\/sites\\\/14\\\/2024\\\/03\\\/cropped-fav.png\",\"contentUrl\":\"https:\\\/\\\/fieam.org.br\\\/sesi\\\/wp-content\\\/uploads\\\/sites\\\/14\\\/2024\\\/03\\\/cropped-fav.png\",\"width\":610,\"height\":589,\"caption\":\"SESI\"},\"image\":{\"@id\":\"https:\\\/\\\/fieam.org.br\\\/sesi\\\/#\\\/schema\\\/logo\\\/image\\\/\"}},{\"@type\":\"Person\",\"@id\":\"https:\\\/\\\/fieam.org.br\\\/sesi\\\/#\\\/schema\\\/person\\\/f54998dd14d5f0695b41444f2b01c31e\",\"name\":\"Autor\",\"image\":{\"@type\":\"ImageObject\",\"inLanguage\":\"pt-BR\",\"@id\":\"https:\\\/\\\/secure.gravatar.com\\\/avatar\\\/3732c223e0e1fad69062a8f770955c9068d37b055204f310a0be18d4069fe380?s=96&d=mm&r=g\",\"url\":\"https:\\\/\\\/secure.gravatar.com\\\/avatar\\\/3732c223e0e1fad69062a8f770955c9068d37b055204f310a0be18d4069fe380?s=96&d=mm&r=g\",\"contentUrl\":\"https:\\\/\\\/secure.gravatar.com\\\/avatar\\\/3732c223e0e1fad69062a8f770955c9068d37b055204f310a0be18d4069fe380?s=96&d=mm&r=g\",\"caption\":\"Autor\"},\"sameAs\":[\"https:\\\/\\\/marketingmassivo.com.br\"],\"url\":\"https:\\\/\\\/fieam.org.br\\\/sesi\\\/author\\\/admin\\\/\"}]}<\/script>\n<!-- \/ Yoast SEO plugin. -->","yoast_head_json":{"title":"Alunos do SESI representam o Amazonas na Olimp\u00edada Brasileira de Sat\u00e9lites - SESI","robots":{"index":"index","follow":"follow","max-snippet":"max-snippet:-1","max-image-preview":"max-image-preview:large","max-video-preview":"max-video-preview:-1"},"canonical":"https:\/\/fieam.org.br\/sesi\/alunos-do-sesi-representam-o-amazonas-na-olimpiada-brasileira-de-satelites\/","og_locale":"pt_BR","og_type":"article","og_title":"Alunos do SESI representam o Amazonas na Olimp\u00edada Brasileira de Sat\u00e9lites - SESI","og_description":"A Escola SESI Emina Mustafa Barbosa participou e sediou sexta-feira a Olimp\u00edada Brasileira de Sat\u00e9lites (OBSAT) &#8211; Regi\u00e3o Norte, evento concebido pelo Minist\u00e9rio de Ci\u00eancia, Tecnologia e Inova\u00e7\u00e3o (MCTI), com objetivo de promover experi\u00eancias te\u00f3ricas e pr\u00e1ticas em projetos de sat\u00e9lites de pequeno porte e difundir a cultura aeroespacial para estudantes e professores. Pelo Amazonas, [&hellip;]","og_url":"https:\/\/fieam.org.br\/sesi\/alunos-do-sesi-representam-o-amazonas-na-olimpiada-brasileira-de-satelites\/","og_site_name":"SESI","article_published_time":"2023-11-11T13:42:45+00:00","article_modified_time":"2024-05-14T13:59:03+00:00","author":"Autor","twitter_card":"summary_large_image","twitter_misc":{"Escrito por":"Autor","Est. tempo de leitura":"2 minutos"},"schema":{"@context":"https:\/\/schema.org","@graph":[{"@type":"Article","@id":"https:\/\/fieam.org.br\/sesi\/alunos-do-sesi-representam-o-amazonas-na-olimpiada-brasileira-de-satelites\/#article","isPartOf":{"@id":"https:\/\/fieam.org.br\/sesi\/alunos-do-sesi-representam-o-amazonas-na-olimpiada-brasileira-de-satelites\/"},"author":{"name":"Autor","@id":"https:\/\/fieam.org.br\/sesi\/#\/schema\/person\/f54998dd14d5f0695b41444f2b01c31e"},"headline":"Alunos do SESI representam o Amazonas na Olimp\u00edada Brasileira de Sat\u00e9lites","datePublished":"2023-11-11T13:42:45+00:00","dateModified":"2024-05-14T13:59:03+00:00","mainEntityOfPage":{"@id":"https:\/\/fieam.org.br\/sesi\/alunos-do-sesi-representam-o-amazonas-na-olimpiada-brasileira-de-satelites\/"},"wordCount":478,"commentCount":0,"publisher":{"@id":"https:\/\/fieam.org.br\/sesi\/#organization"},"articleSection":["Educa\u00e7\u00e3o","Institucional"],"inLanguage":"pt-BR","potentialAction":[{"@type":"CommentAction","name":"Comment","target":["https:\/\/fieam.org.br\/sesi\/alunos-do-sesi-representam-o-amazonas-na-olimpiada-brasileira-de-satelites\/#respond"]}]},{"@type":"WebPage","@id":"https:\/\/fieam.org.br\/sesi\/alunos-do-sesi-representam-o-amazonas-na-olimpiada-brasileira-de-satelites\/","url":"https:\/\/fieam.org.br\/sesi\/alunos-do-sesi-representam-o-amazonas-na-olimpiada-brasileira-de-satelites\/","name":"Alunos do SESI representam o Amazonas na Olimp\u00edada Brasileira de Sat\u00e9lites - SESI","isPartOf":{"@id":"https:\/\/fieam.org.br\/sesi\/#website"},"datePublished":"2023-11-11T13:42:45+00:00","dateModified":"2024-05-14T13:59:03+00:00","breadcrumb":{"@id":"https:\/\/fieam.org.br\/sesi\/alunos-do-sesi-representam-o-amazonas-na-olimpiada-brasileira-de-satelites\/#breadcrumb"},"inLanguage":"pt-BR","potentialAction":[{"@type":"ReadAction","target":["https:\/\/fieam.org.br\/sesi\/alunos-do-sesi-representam-o-amazonas-na-olimpiada-brasileira-de-satelites\/"]}]},{"@type":"BreadcrumbList","@id":"https:\/\/fieam.org.br\/sesi\/alunos-do-sesi-representam-o-amazonas-na-olimpiada-brasileira-de-satelites\/#breadcrumb","itemListElement":[{"@type":"ListItem","position":1,"name":"In\u00edcio","item":"https:\/\/fieam.org.br\/sesi\/"},{"@type":"ListItem","position":2,"name":"Alunos do SESI representam o Amazonas na Olimp\u00edada Brasileira de Sat\u00e9lites"}]},{"@type":"WebSite","@id":"https:\/\/fieam.org.br\/sesi\/#website","url":"https:\/\/fieam.org.br\/sesi\/","name":"SESI","description":"Site Oficial!","publisher":{"@id":"https:\/\/fieam.org.br\/sesi\/#organization"},"potentialAction":[{"@type":"SearchAction","target":{"@type":"EntryPoint","urlTemplate":"https:\/\/fieam.org.br\/sesi\/?s={search_term_string}"},"query-input":{"@type":"PropertyValueSpecification","valueRequired":true,"valueName":"search_term_string"}}],"inLanguage":"pt-BR"},{"@type":"Organization","@id":"https:\/\/fieam.org.br\/sesi\/#organization","name":"SESI","url":"https:\/\/fieam.org.br\/sesi\/","logo":{"@type":"ImageObject","inLanguage":"pt-BR","@id":"https:\/\/fieam.org.br\/sesi\/#\/schema\/logo\/image\/","url":"https:\/\/fieam.org.br\/sesi\/wp-content\/uploads\/sites\/14\/2024\/03\/cropped-fav.png","contentUrl":"https:\/\/fieam.org.br\/sesi\/wp-content\/uploads\/sites\/14\/2024\/03\/cropped-fav.png","width":610,"height":589,"caption":"SESI"},"image":{"@id":"https:\/\/fieam.org.br\/sesi\/#\/schema\/logo\/image\/"}},{"@type":"Person","@id":"https:\/\/fieam.org.br\/sesi\/#\/schema\/person\/f54998dd14d5f0695b41444f2b01c31e","name":"Autor","image":{"@type":"ImageObject","inLanguage":"pt-BR","@id":"https:\/\/secure.gravatar.com\/avatar\/3732c223e0e1fad69062a8f770955c9068d37b055204f310a0be18d4069fe380?s=96&d=mm&r=g","url":"https:\/\/secure.gravatar.com\/avatar\/3732c223e0e1fad69062a8f770955c9068d37b055204f310a0be18d4069fe380?s=96&d=mm&r=g","contentUrl":"https:\/\/secure.gravatar.com\/avatar\/3732c223e0e1fad69062a8f770955c9068d37b055204f310a0be18d4069fe380?s=96&d=mm&r=g","caption":"Autor"},"sameAs":["https:\/\/marketingmassivo.com.br"],"url":"https:\/\/fieam.org.br\/sesi\/author\/admin\/"}]}},"_links":{"self":[{"href":"https:\/\/fieam.org.br\/sesi\/wp-json\/wp\/v2\/posts\/20443","targetHints":{"allow":["GET"]}}],"collection":[{"href":"https:\/\/fieam.org.br\/sesi\/wp-json\/wp\/v2\/posts"}],"about":[{"href":"https:\/\/fieam.org.br\/sesi\/wp-json\/wp\/v2\/types\/post"}],"author":[{"embeddable":true,"href":"https:\/\/fieam.org.br\/sesi\/wp-json\/wp\/v2\/users\/1"}],"replies":[{"embeddable":true,"href":"https:\/\/fieam.org.br\/sesi\/wp-json\/wp\/v2\/comments?post=20443"}],"version-history":[{"count":1,"href":"https:\/\/fieam.org.br\/sesi\/wp-json\/wp\/v2\/posts\/20443\/revisions"}],"predecessor-version":[{"id":20444,"href":"https:\/\/fieam.org.br\/sesi\/wp-json\/wp\/v2\/posts\/20443\/revisions\/20444"}],"wp:attachment":[{"href":"https:\/\/fieam.org.br\/sesi\/wp-json\/wp\/v2\/media?parent=20443"}],"wp:term":[{"taxonomy":"category","embeddable":true,"href":"https:\/\/fieam.org.br\/sesi\/wp-json\/wp\/v2\/categories?post=20443"},{"taxonomy":"post_tag","embeddable":true,"href":"https:\/\/fieam.org.br\/sesi\/wp-json\/wp\/v2\/tags?post=20443"}],"curies":[{"name":"wp","href":"https:\/\/api.w.org\/{rel}","templated":true}]}}