{"id":20439,"date":"2023-11-13T13:57:39","date_gmt":"2023-11-13T13:57:39","guid":{"rendered":"https:\/\/fieam.org.br\/sesi\/?p=20439"},"modified":"2024-05-14T13:58:08","modified_gmt":"2024-05-14T13:58:08","slug":"sesi-e-ministerio-da-cultura-realizam-no-amazonas-o-programa-rouanet-norte","status":"publish","type":"post","link":"https:\/\/fieam.org.br\/sesi\/sesi-e-ministerio-da-cultura-realizam-no-amazonas-o-programa-rouanet-norte\/","title":{"rendered":"SESI e Minist\u00e9rio da Cultura realizam no Amazonas  o Programa Rouanet Norte"},"content":{"rendered":"<p><span style=\"font-weight: 400;\">O Servi\u00e7o Social da Ind\u00fastria (SESI), em parceria com o Minist\u00e9rio da Cultura (MinC), est\u00e1 realizando o\u00a0 \u201cPrograma Rouanet Norte \u2013 Capacita\u00e7\u00e3o de Agentes Culturais\u201d, uma iniciativa com foco no desenvolvimento de a\u00e7\u00f5es de capacita\u00e7\u00e3o de agentes culturais em todas as regi\u00f5es do Brasil, iniciando-se pela regi\u00e3o norte, com a finalidade de ofertar habilidades t\u00e9cnicas para elabora\u00e7\u00e3o, inscri\u00e7\u00e3o, execu\u00e7\u00e3o e presta\u00e7\u00e3o de contas de projetos culturais, no \u00e2mbito do Programa Nacional de Apoio \u00e0 Cultura (Pronac).<\/span><\/p>\n<p><span style=\"font-weight: 400;\">O evento, iniciado ontem (13), segue at\u00e9 hoje com oficinas para elabora\u00e7\u00e3o e inscri\u00e7\u00e3o de projetos que ser\u00e3o submetidos ao Edital Cultural Norte, lan\u00e7ado pelo MinC, que investir\u00e1 R$ 24 milh\u00f5es em pol\u00edticas p\u00fablicas culturais e art\u00edsticas para os sete estados da regi\u00e3o norte do Brasil.<\/span><\/p>\n<p><span style=\"font-weight: 400;\">A superintendente do SESI Amazonas, Rosana Vasconcelos, destacou o desejo em estreitar la\u00e7os entre a institui\u00e7\u00e3o e as iniciativas culturais, assim como na ind\u00fastria. \u201cSabemos o quanto precisamos ainda sensibilizar mais o empresariado local em rela\u00e7\u00e3o aos valores da cultura e o quanto a ind\u00fastria tamb\u00e9m pode ser produtiva, quando abrir um pouquinho mais os olhos para esse espa\u00e7o de incentivar e patrocinar projetos art\u00edsticos\u201d.<\/span><\/p>\n<p><span style=\"font-weight: 400;\">Quanto ao alcance do programa, Michelle Andrews, coordenadora estadual do Escrit\u00f3rio do Minist\u00e9rio da Cultura do Amazonas, celebrou as 400 inscri\u00e7\u00f5es realizadas. \u201cIsso mostra que existem pessoas interessadas em saber mais sobre Lei Rouanet, em fazer projetos e realmente melhorar o \u00edndice do Amazonas em capta\u00e7\u00e3o de recursos\u201d, pontuou Andrews.<\/span><\/p>\n<p><span style=\"font-weight: 400;\">Em sua fala de explica\u00e7\u00e3o sobre o edital do Programa Rouanet Norte, o coordenador geral de inova\u00e7\u00f5es<\/span> <span style=\"font-weight: 400;\">do Minist\u00e9rio da Cultura, vindo de Bras\u00edlia, R\u00f4mulo Barbosa, enfatizou que ser\u00e3o incentivados, no m\u00ednimo, 120 projetos culturais com valor global de at\u00e9 R$ 200 mil cada nas \u00e1reas de Artes C\u00eanicas, M\u00fasica, Artes Visuais e Humanidades, que se enquadram no art. 18 da Lei Rouanet.<\/span><\/p>\n<p><span style=\"font-weight: 400;\">\u201cCada proposta poder\u00e1 ser inscrita uma \u00fanica vez, e cada proponente poder\u00e1 inscrever at\u00e9 tr\u00eas propostas. No caso de o proponente inscrever mais de tr\u00eas propostas somente ser\u00e3o consideradas as tr\u00eas \u00faltimas propostas inscritas\u201d, explicou Barbosa. A rela\u00e7\u00e3o das propostas habilitadas e inabilitadas ser\u00e1 divulgada na p\u00e1gina do Minist\u00e9rio da Cultura na internet, no endere\u00e7o: <\/span><a href=\"http:\/\/www.gov.br\/cultura\"><span style=\"font-weight: 400;\">www.gov.br\/cultura<\/span><\/a><span style=\"font-weight: 400;\">, sendo de total responsabilidade do candidato acompanhar a atualiza\u00e7\u00e3o dessas informa\u00e7\u00f5es.<\/span><\/p>\n<p><span style=\"font-weight: 400;\">O ex-diretor do Departamento de Pol\u00edticas Culturais e diretor de Cultura da Funda\u00e7\u00e3o Municipal de Cultura, Turismo e Eventos (Manauscult) e membro por dois mandatos do Conselho Municipal de Pol\u00edtica Cultural, professor da Escola SESI Emina Barbosa Mustafa, M\u00e1rcio Braz, esteve respons\u00e1vel por compartilhar com os presentes algumas t\u00e9cnicas de elabora\u00e7\u00e3o de projetos culturais.\u00a0<\/span><\/p>\n<p><span style=\"font-weight: 400;\">\u201cO ponto de partida para elaborar um projeto \u00e9 a identifica\u00e7\u00e3o de uma demanda ou oportunidade. Um desejo, uma vontade cujo processo de realiza\u00e7\u00e3o \u00e9 pensado e trabalhado. A partir da\u00ed \u00e9 que se estrutura o plano de a\u00e7\u00e3o\u201d, exp\u00f4s Braz, ao ministrar o passo a passo ao p\u00fablico.\u00a0<\/span><\/p>\n<p><span style=\"font-weight: 400;\">Tamb\u00e9m presentes na ocasi\u00e3o estavam a coordenadora nacional da Pol\u00edtica SESI de Cultura, Paula Bosso e a<\/span> <span style=\"font-weight: 400;\">assessora de Planejamento da Secretaria de Estado da Cultura e Economia Criativa do Amazonas, Ana Ilka.<\/span><\/p>\n","protected":false},"excerpt":{"rendered":"<p>O Servi\u00e7o Social da Ind\u00fastria (SESI), em parceria com o Minist\u00e9rio da Cultura (MinC), est\u00e1 realizando o\u00a0 \u201cPrograma Rouanet Norte \u2013 Capacita\u00e7\u00e3o de Agentes Culturais\u201d, uma iniciativa com foco no desenvolvimento de a\u00e7\u00f5es de capacita\u00e7\u00e3o de agentes culturais em todas as regi\u00f5es do Brasil, iniciando-se pela regi\u00e3o norte, com a finalidade de ofertar habilidades t\u00e9cnicas [&hellip;]<\/p>\n","protected":false},"author":1,"featured_media":0,"comment_status":"open","ping_status":"open","sticky":false,"template":"","format":"standard","meta":{"footnotes":""},"categories":[136],"tags":[],"class_list":["post-20439","post","type-post","status-publish","format-standard","hentry","category-institucional"],"yoast_head":"<!-- This site is optimized with the Yoast SEO plugin v28.2 - https:\/\/yoast.com\/product\/yoast-seo-wordpress\/ -->\n<title>SESI e Minist\u00e9rio da Cultura realizam no Amazonas o Programa Rouanet Norte - SESI<\/title>\n<meta name=\"robots\" content=\"index, follow, max-snippet:-1, max-image-preview:large, max-video-preview:-1\" \/>\n<link rel=\"canonical\" href=\"https:\/\/fieam.org.br\/sesi\/sesi-e-ministerio-da-cultura-realizam-no-amazonas-o-programa-rouanet-norte\/\" \/>\n<meta property=\"og:locale\" content=\"pt_BR\" \/>\n<meta property=\"og:type\" content=\"article\" \/>\n<meta property=\"og:title\" content=\"SESI e Minist\u00e9rio da Cultura realizam no Amazonas o Programa Rouanet Norte - SESI\" \/>\n<meta property=\"og:description\" content=\"O Servi\u00e7o Social da Ind\u00fastria (SESI), em parceria com o Minist\u00e9rio da Cultura (MinC), est\u00e1 realizando o\u00a0 \u201cPrograma Rouanet Norte \u2013 Capacita\u00e7\u00e3o de Agentes Culturais\u201d, uma iniciativa com foco no desenvolvimento de a\u00e7\u00f5es de capacita\u00e7\u00e3o de agentes culturais em todas as regi\u00f5es do Brasil, iniciando-se pela regi\u00e3o norte, com a finalidade de ofertar habilidades t\u00e9cnicas [&hellip;]\" \/>\n<meta property=\"og:url\" content=\"https:\/\/fieam.org.br\/sesi\/sesi-e-ministerio-da-cultura-realizam-no-amazonas-o-programa-rouanet-norte\/\" \/>\n<meta property=\"og:site_name\" content=\"SESI\" \/>\n<meta property=\"article:published_time\" content=\"2023-11-13T13:57:39+00:00\" \/>\n<meta property=\"article:modified_time\" content=\"2024-05-14T13:58:08+00:00\" \/>\n<meta name=\"author\" content=\"Autor\" \/>\n<meta name=\"twitter:card\" content=\"summary_large_image\" \/>\n<meta name=\"twitter:label1\" content=\"Escrito por\" \/>\n\t<meta name=\"twitter:data1\" content=\"Autor\" \/>\n\t<meta name=\"twitter:label2\" content=\"Est. tempo de leitura\" \/>\n\t<meta name=\"twitter:data2\" content=\"3 minutos\" \/>\n<script type=\"application\/ld+json\" class=\"yoast-schema-graph\">{\"@context\":\"https:\\\/\\\/schema.org\",\"@graph\":[{\"@type\":\"Article\",\"@id\":\"https:\\\/\\\/fieam.org.br\\\/sesi\\\/sesi-e-ministerio-da-cultura-realizam-no-amazonas-o-programa-rouanet-norte\\\/#article\",\"isPartOf\":{\"@id\":\"https:\\\/\\\/fieam.org.br\\\/sesi\\\/sesi-e-ministerio-da-cultura-realizam-no-amazonas-o-programa-rouanet-norte\\\/\"},\"author\":{\"name\":\"Autor\",\"@id\":\"https:\\\/\\\/fieam.org.br\\\/sesi\\\/#\\\/schema\\\/person\\\/f54998dd14d5f0695b41444f2b01c31e\"},\"headline\":\"SESI e Minist\u00e9rio da Cultura realizam no Amazonas o Programa Rouanet Norte\",\"datePublished\":\"2023-11-13T13:57:39+00:00\",\"dateModified\":\"2024-05-14T13:58:08+00:00\",\"mainEntityOfPage\":{\"@id\":\"https:\\\/\\\/fieam.org.br\\\/sesi\\\/sesi-e-ministerio-da-cultura-realizam-no-amazonas-o-programa-rouanet-norte\\\/\"},\"wordCount\":576,\"commentCount\":0,\"publisher\":{\"@id\":\"https:\\\/\\\/fieam.org.br\\\/sesi\\\/#organization\"},\"articleSection\":[\"Institucional\"],\"inLanguage\":\"pt-BR\",\"potentialAction\":[{\"@type\":\"CommentAction\",\"name\":\"Comment\",\"target\":[\"https:\\\/\\\/fieam.org.br\\\/sesi\\\/sesi-e-ministerio-da-cultura-realizam-no-amazonas-o-programa-rouanet-norte\\\/#respond\"]}]},{\"@type\":\"WebPage\",\"@id\":\"https:\\\/\\\/fieam.org.br\\\/sesi\\\/sesi-e-ministerio-da-cultura-realizam-no-amazonas-o-programa-rouanet-norte\\\/\",\"url\":\"https:\\\/\\\/fieam.org.br\\\/sesi\\\/sesi-e-ministerio-da-cultura-realizam-no-amazonas-o-programa-rouanet-norte\\\/\",\"name\":\"SESI e Minist\u00e9rio da Cultura realizam no Amazonas o Programa Rouanet Norte - SESI\",\"isPartOf\":{\"@id\":\"https:\\\/\\\/fieam.org.br\\\/sesi\\\/#website\"},\"datePublished\":\"2023-11-13T13:57:39+00:00\",\"dateModified\":\"2024-05-14T13:58:08+00:00\",\"breadcrumb\":{\"@id\":\"https:\\\/\\\/fieam.org.br\\\/sesi\\\/sesi-e-ministerio-da-cultura-realizam-no-amazonas-o-programa-rouanet-norte\\\/#breadcrumb\"},\"inLanguage\":\"pt-BR\",\"potentialAction\":[{\"@type\":\"ReadAction\",\"target\":[\"https:\\\/\\\/fieam.org.br\\\/sesi\\\/sesi-e-ministerio-da-cultura-realizam-no-amazonas-o-programa-rouanet-norte\\\/\"]}]},{\"@type\":\"BreadcrumbList\",\"@id\":\"https:\\\/\\\/fieam.org.br\\\/sesi\\\/sesi-e-ministerio-da-cultura-realizam-no-amazonas-o-programa-rouanet-norte\\\/#breadcrumb\",\"itemListElement\":[{\"@type\":\"ListItem\",\"position\":1,\"name\":\"In\u00edcio\",\"item\":\"https:\\\/\\\/fieam.org.br\\\/sesi\\\/\"},{\"@type\":\"ListItem\",\"position\":2,\"name\":\"SESI e Minist\u00e9rio da Cultura realizam no Amazonas o Programa Rouanet Norte\"}]},{\"@type\":\"WebSite\",\"@id\":\"https:\\\/\\\/fieam.org.br\\\/sesi\\\/#website\",\"url\":\"https:\\\/\\\/fieam.org.br\\\/sesi\\\/\",\"name\":\"SESI\",\"description\":\"Site Oficial!\",\"publisher\":{\"@id\":\"https:\\\/\\\/fieam.org.br\\\/sesi\\\/#organization\"},\"potentialAction\":[{\"@type\":\"SearchAction\",\"target\":{\"@type\":\"EntryPoint\",\"urlTemplate\":\"https:\\\/\\\/fieam.org.br\\\/sesi\\\/?s={search_term_string}\"},\"query-input\":{\"@type\":\"PropertyValueSpecification\",\"valueRequired\":true,\"valueName\":\"search_term_string\"}}],\"inLanguage\":\"pt-BR\"},{\"@type\":\"Organization\",\"@id\":\"https:\\\/\\\/fieam.org.br\\\/sesi\\\/#organization\",\"name\":\"SESI\",\"url\":\"https:\\\/\\\/fieam.org.br\\\/sesi\\\/\",\"logo\":{\"@type\":\"ImageObject\",\"inLanguage\":\"pt-BR\",\"@id\":\"https:\\\/\\\/fieam.org.br\\\/sesi\\\/#\\\/schema\\\/logo\\\/image\\\/\",\"url\":\"https:\\\/\\\/fieam.org.br\\\/sesi\\\/wp-content\\\/uploads\\\/sites\\\/14\\\/2024\\\/03\\\/cropped-fav.png\",\"contentUrl\":\"https:\\\/\\\/fieam.org.br\\\/sesi\\\/wp-content\\\/uploads\\\/sites\\\/14\\\/2024\\\/03\\\/cropped-fav.png\",\"width\":610,\"height\":589,\"caption\":\"SESI\"},\"image\":{\"@id\":\"https:\\\/\\\/fieam.org.br\\\/sesi\\\/#\\\/schema\\\/logo\\\/image\\\/\"}},{\"@type\":\"Person\",\"@id\":\"https:\\\/\\\/fieam.org.br\\\/sesi\\\/#\\\/schema\\\/person\\\/f54998dd14d5f0695b41444f2b01c31e\",\"name\":\"Autor\",\"image\":{\"@type\":\"ImageObject\",\"inLanguage\":\"pt-BR\",\"@id\":\"https:\\\/\\\/secure.gravatar.com\\\/avatar\\\/3732c223e0e1fad69062a8f770955c9068d37b055204f310a0be18d4069fe380?s=96&d=mm&r=g\",\"url\":\"https:\\\/\\\/secure.gravatar.com\\\/avatar\\\/3732c223e0e1fad69062a8f770955c9068d37b055204f310a0be18d4069fe380?s=96&d=mm&r=g\",\"contentUrl\":\"https:\\\/\\\/secure.gravatar.com\\\/avatar\\\/3732c223e0e1fad69062a8f770955c9068d37b055204f310a0be18d4069fe380?s=96&d=mm&r=g\",\"caption\":\"Autor\"},\"sameAs\":[\"https:\\\/\\\/marketingmassivo.com.br\"],\"url\":\"https:\\\/\\\/fieam.org.br\\\/sesi\\\/author\\\/admin\\\/\"}]}<\/script>\n<!-- \/ Yoast SEO plugin. -->","yoast_head_json":{"title":"SESI e Minist\u00e9rio da Cultura realizam no Amazonas o Programa Rouanet Norte - SESI","robots":{"index":"index","follow":"follow","max-snippet":"max-snippet:-1","max-image-preview":"max-image-preview:large","max-video-preview":"max-video-preview:-1"},"canonical":"https:\/\/fieam.org.br\/sesi\/sesi-e-ministerio-da-cultura-realizam-no-amazonas-o-programa-rouanet-norte\/","og_locale":"pt_BR","og_type":"article","og_title":"SESI e Minist\u00e9rio da Cultura realizam no Amazonas o Programa Rouanet Norte - SESI","og_description":"O Servi\u00e7o Social da Ind\u00fastria (SESI), em parceria com o Minist\u00e9rio da Cultura (MinC), est\u00e1 realizando o\u00a0 \u201cPrograma Rouanet Norte \u2013 Capacita\u00e7\u00e3o de Agentes Culturais\u201d, uma iniciativa com foco no desenvolvimento de a\u00e7\u00f5es de capacita\u00e7\u00e3o de agentes culturais em todas as regi\u00f5es do Brasil, iniciando-se pela regi\u00e3o norte, com a finalidade de ofertar habilidades t\u00e9cnicas [&hellip;]","og_url":"https:\/\/fieam.org.br\/sesi\/sesi-e-ministerio-da-cultura-realizam-no-amazonas-o-programa-rouanet-norte\/","og_site_name":"SESI","article_published_time":"2023-11-13T13:57:39+00:00","article_modified_time":"2024-05-14T13:58:08+00:00","author":"Autor","twitter_card":"summary_large_image","twitter_misc":{"Escrito por":"Autor","Est. tempo de leitura":"3 minutos"},"schema":{"@context":"https:\/\/schema.org","@graph":[{"@type":"Article","@id":"https:\/\/fieam.org.br\/sesi\/sesi-e-ministerio-da-cultura-realizam-no-amazonas-o-programa-rouanet-norte\/#article","isPartOf":{"@id":"https:\/\/fieam.org.br\/sesi\/sesi-e-ministerio-da-cultura-realizam-no-amazonas-o-programa-rouanet-norte\/"},"author":{"name":"Autor","@id":"https:\/\/fieam.org.br\/sesi\/#\/schema\/person\/f54998dd14d5f0695b41444f2b01c31e"},"headline":"SESI e Minist\u00e9rio da Cultura realizam no Amazonas o Programa Rouanet Norte","datePublished":"2023-11-13T13:57:39+00:00","dateModified":"2024-05-14T13:58:08+00:00","mainEntityOfPage":{"@id":"https:\/\/fieam.org.br\/sesi\/sesi-e-ministerio-da-cultura-realizam-no-amazonas-o-programa-rouanet-norte\/"},"wordCount":576,"commentCount":0,"publisher":{"@id":"https:\/\/fieam.org.br\/sesi\/#organization"},"articleSection":["Institucional"],"inLanguage":"pt-BR","potentialAction":[{"@type":"CommentAction","name":"Comment","target":["https:\/\/fieam.org.br\/sesi\/sesi-e-ministerio-da-cultura-realizam-no-amazonas-o-programa-rouanet-norte\/#respond"]}]},{"@type":"WebPage","@id":"https:\/\/fieam.org.br\/sesi\/sesi-e-ministerio-da-cultura-realizam-no-amazonas-o-programa-rouanet-norte\/","url":"https:\/\/fieam.org.br\/sesi\/sesi-e-ministerio-da-cultura-realizam-no-amazonas-o-programa-rouanet-norte\/","name":"SESI e Minist\u00e9rio da Cultura realizam no Amazonas o Programa Rouanet Norte - SESI","isPartOf":{"@id":"https:\/\/fieam.org.br\/sesi\/#website"},"datePublished":"2023-11-13T13:57:39+00:00","dateModified":"2024-05-14T13:58:08+00:00","breadcrumb":{"@id":"https:\/\/fieam.org.br\/sesi\/sesi-e-ministerio-da-cultura-realizam-no-amazonas-o-programa-rouanet-norte\/#breadcrumb"},"inLanguage":"pt-BR","potentialAction":[{"@type":"ReadAction","target":["https:\/\/fieam.org.br\/sesi\/sesi-e-ministerio-da-cultura-realizam-no-amazonas-o-programa-rouanet-norte\/"]}]},{"@type":"BreadcrumbList","@id":"https:\/\/fieam.org.br\/sesi\/sesi-e-ministerio-da-cultura-realizam-no-amazonas-o-programa-rouanet-norte\/#breadcrumb","itemListElement":[{"@type":"ListItem","position":1,"name":"In\u00edcio","item":"https:\/\/fieam.org.br\/sesi\/"},{"@type":"ListItem","position":2,"name":"SESI e Minist\u00e9rio da Cultura realizam no Amazonas o Programa Rouanet Norte"}]},{"@type":"WebSite","@id":"https:\/\/fieam.org.br\/sesi\/#website","url":"https:\/\/fieam.org.br\/sesi\/","name":"SESI","description":"Site Oficial!","publisher":{"@id":"https:\/\/fieam.org.br\/sesi\/#organization"},"potentialAction":[{"@type":"SearchAction","target":{"@type":"EntryPoint","urlTemplate":"https:\/\/fieam.org.br\/sesi\/?s={search_term_string}"},"query-input":{"@type":"PropertyValueSpecification","valueRequired":true,"valueName":"search_term_string"}}],"inLanguage":"pt-BR"},{"@type":"Organization","@id":"https:\/\/fieam.org.br\/sesi\/#organization","name":"SESI","url":"https:\/\/fieam.org.br\/sesi\/","logo":{"@type":"ImageObject","inLanguage":"pt-BR","@id":"https:\/\/fieam.org.br\/sesi\/#\/schema\/logo\/image\/","url":"https:\/\/fieam.org.br\/sesi\/wp-content\/uploads\/sites\/14\/2024\/03\/cropped-fav.png","contentUrl":"https:\/\/fieam.org.br\/sesi\/wp-content\/uploads\/sites\/14\/2024\/03\/cropped-fav.png","width":610,"height":589,"caption":"SESI"},"image":{"@id":"https:\/\/fieam.org.br\/sesi\/#\/schema\/logo\/image\/"}},{"@type":"Person","@id":"https:\/\/fieam.org.br\/sesi\/#\/schema\/person\/f54998dd14d5f0695b41444f2b01c31e","name":"Autor","image":{"@type":"ImageObject","inLanguage":"pt-BR","@id":"https:\/\/secure.gravatar.com\/avatar\/3732c223e0e1fad69062a8f770955c9068d37b055204f310a0be18d4069fe380?s=96&d=mm&r=g","url":"https:\/\/secure.gravatar.com\/avatar\/3732c223e0e1fad69062a8f770955c9068d37b055204f310a0be18d4069fe380?s=96&d=mm&r=g","contentUrl":"https:\/\/secure.gravatar.com\/avatar\/3732c223e0e1fad69062a8f770955c9068d37b055204f310a0be18d4069fe380?s=96&d=mm&r=g","caption":"Autor"},"sameAs":["https:\/\/marketingmassivo.com.br"],"url":"https:\/\/fieam.org.br\/sesi\/author\/admin\/"}]}},"_links":{"self":[{"href":"https:\/\/fieam.org.br\/sesi\/wp-json\/wp\/v2\/posts\/20439","targetHints":{"allow":["GET"]}}],"collection":[{"href":"https:\/\/fieam.org.br\/sesi\/wp-json\/wp\/v2\/posts"}],"about":[{"href":"https:\/\/fieam.org.br\/sesi\/wp-json\/wp\/v2\/types\/post"}],"author":[{"embeddable":true,"href":"https:\/\/fieam.org.br\/sesi\/wp-json\/wp\/v2\/users\/1"}],"replies":[{"embeddable":true,"href":"https:\/\/fieam.org.br\/sesi\/wp-json\/wp\/v2\/comments?post=20439"}],"version-history":[{"count":1,"href":"https:\/\/fieam.org.br\/sesi\/wp-json\/wp\/v2\/posts\/20439\/revisions"}],"predecessor-version":[{"id":20440,"href":"https:\/\/fieam.org.br\/sesi\/wp-json\/wp\/v2\/posts\/20439\/revisions\/20440"}],"wp:attachment":[{"href":"https:\/\/fieam.org.br\/sesi\/wp-json\/wp\/v2\/media?parent=20439"}],"wp:term":[{"taxonomy":"category","embeddable":true,"href":"https:\/\/fieam.org.br\/sesi\/wp-json\/wp\/v2\/categories?post=20439"},{"taxonomy":"post_tag","embeddable":true,"href":"https:\/\/fieam.org.br\/sesi\/wp-json\/wp\/v2\/tags?post=20439"}],"curies":[{"name":"wp","href":"https:\/\/api.w.org\/{rel}","templated":true}]}}