{"id":20423,"date":"2023-09-29T13:52:38","date_gmt":"2023-09-29T13:52:38","guid":{"rendered":"https:\/\/fieam.org.br\/sesi\/?p=20423"},"modified":"2024-05-14T13:53:14","modified_gmt":"2024-05-14T13:53:14","slug":"festival-sesi-musica-revela-talentos-da-industria","status":"publish","type":"post","link":"https:\/\/fieam.org.br\/sesi\/festival-sesi-musica-revela-talentos-da-industria\/","title":{"rendered":"Festival SESI M\u00fasica revela talentos da ind\u00fastria"},"content":{"rendered":"<p><span style=\"font-weight: 400;\">Em comemora\u00e7\u00e3o aos seus 43 anos de atividades, o Clube do Trabalhador promoveu ontem a edi\u00e7\u00e3o 2023 do Festival SESI M\u00fasica. Em noite de muitas apresenta\u00e7\u00f5es e torcida dos concorrentes, venceu Raquel Carvalho, de 35 anos, representante da Samsung, que fez uma bela performance da m\u00fasica \u201cAl\u00e9m do Arco-\u00edris\u201d, de Harold Arlen, ao levar boa parte do p\u00fablico \u00e0s l\u00e1grimas.\u00a0<\/span><\/p>\n<p><span style=\"font-weight: 400;\">A campe\u00e3 do festival explicou a escolha da m\u00fasica: \u201ca letra fala sobre um local onde voc\u00ea pode ser feliz e onde todos os problemas acabam, algo que todos n\u00f3s buscamos. Ao mencionar o \u201cSetembro Amarelo\u201d (m\u00eas de preven\u00e7\u00e3o do suic\u00eddio), disse que gostaria de levar esperan\u00e7a \u00e0s pessoas\u201d, e ressaltou a sua satisfa\u00e7\u00e3o em subir ao palco, visto que nunca havia participado de algo semelhante antes.<\/span><\/p>\n<p><span style=\"font-weight: 400;\">A superintendente do SESI Amazonas, Rosana Vasconcelos, destacou a import\u00e2ncia de celebrar o dia de festa para o Clube do Trabalhador com uma atividade cultural como a m\u00fasica. \u201c\u00c9 muito gratificante conhecer esses talentos que est\u00e3o dentro das ind\u00fastrias e que hoje t\u00eam a oportunidade de expressar a sua voz em um palco, desfrutando dessa organiza\u00e7\u00e3o, que foi pensada com muito carinho\u201d.\u00a0<\/span><\/p>\n<p><span style=\"font-weight: 400;\">O pr\u00eamio de 2\u00ba lugar ficou para Mardson Castro, representante da empresa Mondial, que tamb\u00e9m deu show na interpreta\u00e7\u00e3o de \u201c\u00c1guas Profundas\u201d, do cantor David Quinlan. O 2\u00ba colocado tamb\u00e9m chamou aten\u00e7\u00e3o por estar comemorando o seu anivers\u00e1rio de 26 anos em grande estilo e, juntamente, com o Clube do Trabalhador.\u00a0 \u201c\u00c9 muito gratificante poder celebrar essa data aqui no festival, juntamente com a minha fam\u00edlia e contando com todo o apoio da minha empresa e de meus colegas de trabalho\u201d, disse vice-campe\u00e3o.<\/span><\/p>\n<p><span style=\"font-weight: 400;\">\u00a0Iago Silva, representante da empresa Ledstar, ficou em 3\u00ba lugar, ap\u00f3s tamb\u00e9m demonstrar muito talento ao cantar a m\u00fasica \u201cAl\u00e9m do Rio Azul\u201d, de Carlos Moys\u00e9s. Os primeiros tr\u00eas colocados receberam, al\u00e9m de um trof\u00e9u, valores de R$ 3 mil a R$ 1 mil reais, conforme a classifica\u00e7\u00e3o.<\/span><\/p>\n<p><span style=\"font-weight: 400;\">O evento reuniu 12 competidores, que se apresentaram apoiados por suas torcidas de amigos e familiares. Uma das torcedoras mais animadas da noite, Darcicl\u00e9a Macedo, de 60 anos, compartilhou um pouco do orgulho pelo filho, Hades Macedo, candidato representante da empresa Gree. \u201cCreio que eu fui uma das pessoas que o incentivou indiretamente a entrar para esse mundo da m\u00fasica, j\u00e1 que anos atr\u00e1s eu comprei um viol\u00e3o para eu aprender a tocar, mas no final quem acabou aprendendo foi ele, quando ainda tinha entre 12 e 13 anos\u201d, relembrou a m\u00e3e.<\/span><\/p>\n<p><span style=\"font-weight: 400;\">A noite de emo\u00e7\u00f5es tamb\u00e9m abriu espa\u00e7o para a homenagens a entes queridos, como foi o caso de Gleyce Kelly, representante da empresa Elgin Industrial da Amaz\u00f4nia, que dedicou a m\u00fasica que defendeu, \u201cVerdadeiro Amor\u201d, da banda Magn\u00edficos, ao seu falecido pai, tamb\u00e9m de origem nordestina. \u201cMeus pais sempre ouviram v\u00e1rios tipos de m\u00fasica, o forr\u00f3, era o ritmo preferido do meu pai, com ele aprendi a dan\u00e7ar, e a gostar do ritmo. Essa m\u00fasica faz parte das minhas ra\u00edzes, nas festas de fam\u00edlia sempre canto\u201d.\u00a0<\/span><\/p>\n<p><span style=\"font-weight: 400;\">Presentes tamb\u00e9m na ocasi\u00e3o, estavam os representantes das empresas \u00c1guas de Manaus com Anne Beatriz, GBR Componentes com Xandinho da Zabumba, Instituto Eldorado com Leonardo Mancini, Metalfino da Amaz\u00f4nia com Gio Leite, Philco com El\u00ed do Arrocha, Ravibras da Amaz\u00f4nia com Joel Leal e Magistral com Gla\u00facio Alves. Participaram do evento como convidados especiais os artistas Lauro Teixeira, Luanita Rangel, Renato Freitas, Joubert Balbino, Fabinho Badawera e Rubens Junior, ganhador da edi\u00e7\u00e3o do SESI M\u00fasica em 2022.<\/span><\/p>\n","protected":false},"excerpt":{"rendered":"<p>Em comemora\u00e7\u00e3o aos seus 43 anos de atividades, o Clube do Trabalhador promoveu ontem a edi\u00e7\u00e3o 2023 do Festival SESI M\u00fasica. Em noite de muitas apresenta\u00e7\u00f5es e torcida dos concorrentes, venceu Raquel Carvalho, de 35 anos, representante da Samsung, que fez uma bela performance da m\u00fasica \u201cAl\u00e9m do Arco-\u00edris\u201d, de Harold Arlen, ao levar boa [&hellip;]<\/p>\n","protected":false},"author":1,"featured_media":0,"comment_status":"open","ping_status":"open","sticky":false,"template":"","format":"standard","meta":{"footnotes":""},"categories":[135],"tags":[],"class_list":["post-20423","post","type-post","status-publish","format-standard","hentry","category-lazer"],"yoast_head":"<!-- This site is optimized with the Yoast SEO plugin v28.2 - https:\/\/yoast.com\/product\/yoast-seo-wordpress\/ -->\n<title>Festival SESI M\u00fasica revela talentos da ind\u00fastria - SESI<\/title>\n<meta name=\"robots\" content=\"index, follow, max-snippet:-1, max-image-preview:large, max-video-preview:-1\" \/>\n<link rel=\"canonical\" href=\"https:\/\/fieam.org.br\/sesi\/festival-sesi-musica-revela-talentos-da-industria\/\" \/>\n<meta property=\"og:locale\" content=\"pt_BR\" \/>\n<meta property=\"og:type\" content=\"article\" \/>\n<meta property=\"og:title\" content=\"Festival SESI M\u00fasica revela talentos da ind\u00fastria - SESI\" \/>\n<meta property=\"og:description\" content=\"Em comemora\u00e7\u00e3o aos seus 43 anos de atividades, o Clube do Trabalhador promoveu ontem a edi\u00e7\u00e3o 2023 do Festival SESI M\u00fasica. Em noite de muitas apresenta\u00e7\u00f5es e torcida dos concorrentes, venceu Raquel Carvalho, de 35 anos, representante da Samsung, que fez uma bela performance da m\u00fasica \u201cAl\u00e9m do Arco-\u00edris\u201d, de Harold Arlen, ao levar boa [&hellip;]\" \/>\n<meta property=\"og:url\" content=\"https:\/\/fieam.org.br\/sesi\/festival-sesi-musica-revela-talentos-da-industria\/\" \/>\n<meta property=\"og:site_name\" content=\"SESI\" \/>\n<meta property=\"article:published_time\" content=\"2023-09-29T13:52:38+00:00\" \/>\n<meta property=\"article:modified_time\" content=\"2024-05-14T13:53:14+00:00\" \/>\n<meta name=\"author\" content=\"Autor\" \/>\n<meta name=\"twitter:card\" content=\"summary_large_image\" \/>\n<meta name=\"twitter:label1\" content=\"Escrito por\" \/>\n\t<meta name=\"twitter:data1\" content=\"Autor\" \/>\n\t<meta name=\"twitter:label2\" content=\"Est. tempo de leitura\" \/>\n\t<meta name=\"twitter:data2\" content=\"3 minutos\" \/>\n<script type=\"application\/ld+json\" class=\"yoast-schema-graph\">{\"@context\":\"https:\\\/\\\/schema.org\",\"@graph\":[{\"@type\":\"Article\",\"@id\":\"https:\\\/\\\/fieam.org.br\\\/sesi\\\/festival-sesi-musica-revela-talentos-da-industria\\\/#article\",\"isPartOf\":{\"@id\":\"https:\\\/\\\/fieam.org.br\\\/sesi\\\/festival-sesi-musica-revela-talentos-da-industria\\\/\"},\"author\":{\"name\":\"Autor\",\"@id\":\"https:\\\/\\\/fieam.org.br\\\/sesi\\\/#\\\/schema\\\/person\\\/f54998dd14d5f0695b41444f2b01c31e\"},\"headline\":\"Festival SESI M\u00fasica revela talentos da ind\u00fastria\",\"datePublished\":\"2023-09-29T13:52:38+00:00\",\"dateModified\":\"2024-05-14T13:53:14+00:00\",\"mainEntityOfPage\":{\"@id\":\"https:\\\/\\\/fieam.org.br\\\/sesi\\\/festival-sesi-musica-revela-talentos-da-industria\\\/\"},\"wordCount\":632,\"commentCount\":0,\"publisher\":{\"@id\":\"https:\\\/\\\/fieam.org.br\\\/sesi\\\/#organization\"},\"articleSection\":[\"Lazer\"],\"inLanguage\":\"pt-BR\",\"potentialAction\":[{\"@type\":\"CommentAction\",\"name\":\"Comment\",\"target\":[\"https:\\\/\\\/fieam.org.br\\\/sesi\\\/festival-sesi-musica-revela-talentos-da-industria\\\/#respond\"]}]},{\"@type\":\"WebPage\",\"@id\":\"https:\\\/\\\/fieam.org.br\\\/sesi\\\/festival-sesi-musica-revela-talentos-da-industria\\\/\",\"url\":\"https:\\\/\\\/fieam.org.br\\\/sesi\\\/festival-sesi-musica-revela-talentos-da-industria\\\/\",\"name\":\"Festival SESI M\u00fasica revela talentos da ind\u00fastria - SESI\",\"isPartOf\":{\"@id\":\"https:\\\/\\\/fieam.org.br\\\/sesi\\\/#website\"},\"datePublished\":\"2023-09-29T13:52:38+00:00\",\"dateModified\":\"2024-05-14T13:53:14+00:00\",\"breadcrumb\":{\"@id\":\"https:\\\/\\\/fieam.org.br\\\/sesi\\\/festival-sesi-musica-revela-talentos-da-industria\\\/#breadcrumb\"},\"inLanguage\":\"pt-BR\",\"potentialAction\":[{\"@type\":\"ReadAction\",\"target\":[\"https:\\\/\\\/fieam.org.br\\\/sesi\\\/festival-sesi-musica-revela-talentos-da-industria\\\/\"]}]},{\"@type\":\"BreadcrumbList\",\"@id\":\"https:\\\/\\\/fieam.org.br\\\/sesi\\\/festival-sesi-musica-revela-talentos-da-industria\\\/#breadcrumb\",\"itemListElement\":[{\"@type\":\"ListItem\",\"position\":1,\"name\":\"In\u00edcio\",\"item\":\"https:\\\/\\\/fieam.org.br\\\/sesi\\\/\"},{\"@type\":\"ListItem\",\"position\":2,\"name\":\"Festival SESI M\u00fasica revela talentos da ind\u00fastria\"}]},{\"@type\":\"WebSite\",\"@id\":\"https:\\\/\\\/fieam.org.br\\\/sesi\\\/#website\",\"url\":\"https:\\\/\\\/fieam.org.br\\\/sesi\\\/\",\"name\":\"SESI\",\"description\":\"Site Oficial!\",\"publisher\":{\"@id\":\"https:\\\/\\\/fieam.org.br\\\/sesi\\\/#organization\"},\"potentialAction\":[{\"@type\":\"SearchAction\",\"target\":{\"@type\":\"EntryPoint\",\"urlTemplate\":\"https:\\\/\\\/fieam.org.br\\\/sesi\\\/?s={search_term_string}\"},\"query-input\":{\"@type\":\"PropertyValueSpecification\",\"valueRequired\":true,\"valueName\":\"search_term_string\"}}],\"inLanguage\":\"pt-BR\"},{\"@type\":\"Organization\",\"@id\":\"https:\\\/\\\/fieam.org.br\\\/sesi\\\/#organization\",\"name\":\"SESI\",\"url\":\"https:\\\/\\\/fieam.org.br\\\/sesi\\\/\",\"logo\":{\"@type\":\"ImageObject\",\"inLanguage\":\"pt-BR\",\"@id\":\"https:\\\/\\\/fieam.org.br\\\/sesi\\\/#\\\/schema\\\/logo\\\/image\\\/\",\"url\":\"https:\\\/\\\/fieam.org.br\\\/sesi\\\/wp-content\\\/uploads\\\/sites\\\/14\\\/2024\\\/03\\\/cropped-fav.png\",\"contentUrl\":\"https:\\\/\\\/fieam.org.br\\\/sesi\\\/wp-content\\\/uploads\\\/sites\\\/14\\\/2024\\\/03\\\/cropped-fav.png\",\"width\":610,\"height\":589,\"caption\":\"SESI\"},\"image\":{\"@id\":\"https:\\\/\\\/fieam.org.br\\\/sesi\\\/#\\\/schema\\\/logo\\\/image\\\/\"}},{\"@type\":\"Person\",\"@id\":\"https:\\\/\\\/fieam.org.br\\\/sesi\\\/#\\\/schema\\\/person\\\/f54998dd14d5f0695b41444f2b01c31e\",\"name\":\"Autor\",\"image\":{\"@type\":\"ImageObject\",\"inLanguage\":\"pt-BR\",\"@id\":\"https:\\\/\\\/secure.gravatar.com\\\/avatar\\\/3732c223e0e1fad69062a8f770955c9068d37b055204f310a0be18d4069fe380?s=96&d=mm&r=g\",\"url\":\"https:\\\/\\\/secure.gravatar.com\\\/avatar\\\/3732c223e0e1fad69062a8f770955c9068d37b055204f310a0be18d4069fe380?s=96&d=mm&r=g\",\"contentUrl\":\"https:\\\/\\\/secure.gravatar.com\\\/avatar\\\/3732c223e0e1fad69062a8f770955c9068d37b055204f310a0be18d4069fe380?s=96&d=mm&r=g\",\"caption\":\"Autor\"},\"sameAs\":[\"https:\\\/\\\/marketingmassivo.com.br\"],\"url\":\"https:\\\/\\\/fieam.org.br\\\/sesi\\\/author\\\/admin\\\/\"}]}<\/script>\n<!-- \/ Yoast SEO plugin. -->","yoast_head_json":{"title":"Festival SESI M\u00fasica revela talentos da ind\u00fastria - SESI","robots":{"index":"index","follow":"follow","max-snippet":"max-snippet:-1","max-image-preview":"max-image-preview:large","max-video-preview":"max-video-preview:-1"},"canonical":"https:\/\/fieam.org.br\/sesi\/festival-sesi-musica-revela-talentos-da-industria\/","og_locale":"pt_BR","og_type":"article","og_title":"Festival SESI M\u00fasica revela talentos da ind\u00fastria - SESI","og_description":"Em comemora\u00e7\u00e3o aos seus 43 anos de atividades, o Clube do Trabalhador promoveu ontem a edi\u00e7\u00e3o 2023 do Festival SESI M\u00fasica. Em noite de muitas apresenta\u00e7\u00f5es e torcida dos concorrentes, venceu Raquel Carvalho, de 35 anos, representante da Samsung, que fez uma bela performance da m\u00fasica \u201cAl\u00e9m do Arco-\u00edris\u201d, de Harold Arlen, ao levar boa [&hellip;]","og_url":"https:\/\/fieam.org.br\/sesi\/festival-sesi-musica-revela-talentos-da-industria\/","og_site_name":"SESI","article_published_time":"2023-09-29T13:52:38+00:00","article_modified_time":"2024-05-14T13:53:14+00:00","author":"Autor","twitter_card":"summary_large_image","twitter_misc":{"Escrito por":"Autor","Est. tempo de leitura":"3 minutos"},"schema":{"@context":"https:\/\/schema.org","@graph":[{"@type":"Article","@id":"https:\/\/fieam.org.br\/sesi\/festival-sesi-musica-revela-talentos-da-industria\/#article","isPartOf":{"@id":"https:\/\/fieam.org.br\/sesi\/festival-sesi-musica-revela-talentos-da-industria\/"},"author":{"name":"Autor","@id":"https:\/\/fieam.org.br\/sesi\/#\/schema\/person\/f54998dd14d5f0695b41444f2b01c31e"},"headline":"Festival SESI M\u00fasica revela talentos da ind\u00fastria","datePublished":"2023-09-29T13:52:38+00:00","dateModified":"2024-05-14T13:53:14+00:00","mainEntityOfPage":{"@id":"https:\/\/fieam.org.br\/sesi\/festival-sesi-musica-revela-talentos-da-industria\/"},"wordCount":632,"commentCount":0,"publisher":{"@id":"https:\/\/fieam.org.br\/sesi\/#organization"},"articleSection":["Lazer"],"inLanguage":"pt-BR","potentialAction":[{"@type":"CommentAction","name":"Comment","target":["https:\/\/fieam.org.br\/sesi\/festival-sesi-musica-revela-talentos-da-industria\/#respond"]}]},{"@type":"WebPage","@id":"https:\/\/fieam.org.br\/sesi\/festival-sesi-musica-revela-talentos-da-industria\/","url":"https:\/\/fieam.org.br\/sesi\/festival-sesi-musica-revela-talentos-da-industria\/","name":"Festival SESI M\u00fasica revela talentos da ind\u00fastria - SESI","isPartOf":{"@id":"https:\/\/fieam.org.br\/sesi\/#website"},"datePublished":"2023-09-29T13:52:38+00:00","dateModified":"2024-05-14T13:53:14+00:00","breadcrumb":{"@id":"https:\/\/fieam.org.br\/sesi\/festival-sesi-musica-revela-talentos-da-industria\/#breadcrumb"},"inLanguage":"pt-BR","potentialAction":[{"@type":"ReadAction","target":["https:\/\/fieam.org.br\/sesi\/festival-sesi-musica-revela-talentos-da-industria\/"]}]},{"@type":"BreadcrumbList","@id":"https:\/\/fieam.org.br\/sesi\/festival-sesi-musica-revela-talentos-da-industria\/#breadcrumb","itemListElement":[{"@type":"ListItem","position":1,"name":"In\u00edcio","item":"https:\/\/fieam.org.br\/sesi\/"},{"@type":"ListItem","position":2,"name":"Festival SESI M\u00fasica revela talentos da ind\u00fastria"}]},{"@type":"WebSite","@id":"https:\/\/fieam.org.br\/sesi\/#website","url":"https:\/\/fieam.org.br\/sesi\/","name":"SESI","description":"Site Oficial!","publisher":{"@id":"https:\/\/fieam.org.br\/sesi\/#organization"},"potentialAction":[{"@type":"SearchAction","target":{"@type":"EntryPoint","urlTemplate":"https:\/\/fieam.org.br\/sesi\/?s={search_term_string}"},"query-input":{"@type":"PropertyValueSpecification","valueRequired":true,"valueName":"search_term_string"}}],"inLanguage":"pt-BR"},{"@type":"Organization","@id":"https:\/\/fieam.org.br\/sesi\/#organization","name":"SESI","url":"https:\/\/fieam.org.br\/sesi\/","logo":{"@type":"ImageObject","inLanguage":"pt-BR","@id":"https:\/\/fieam.org.br\/sesi\/#\/schema\/logo\/image\/","url":"https:\/\/fieam.org.br\/sesi\/wp-content\/uploads\/sites\/14\/2024\/03\/cropped-fav.png","contentUrl":"https:\/\/fieam.org.br\/sesi\/wp-content\/uploads\/sites\/14\/2024\/03\/cropped-fav.png","width":610,"height":589,"caption":"SESI"},"image":{"@id":"https:\/\/fieam.org.br\/sesi\/#\/schema\/logo\/image\/"}},{"@type":"Person","@id":"https:\/\/fieam.org.br\/sesi\/#\/schema\/person\/f54998dd14d5f0695b41444f2b01c31e","name":"Autor","image":{"@type":"ImageObject","inLanguage":"pt-BR","@id":"https:\/\/secure.gravatar.com\/avatar\/3732c223e0e1fad69062a8f770955c9068d37b055204f310a0be18d4069fe380?s=96&d=mm&r=g","url":"https:\/\/secure.gravatar.com\/avatar\/3732c223e0e1fad69062a8f770955c9068d37b055204f310a0be18d4069fe380?s=96&d=mm&r=g","contentUrl":"https:\/\/secure.gravatar.com\/avatar\/3732c223e0e1fad69062a8f770955c9068d37b055204f310a0be18d4069fe380?s=96&d=mm&r=g","caption":"Autor"},"sameAs":["https:\/\/marketingmassivo.com.br"],"url":"https:\/\/fieam.org.br\/sesi\/author\/admin\/"}]}},"_links":{"self":[{"href":"https:\/\/fieam.org.br\/sesi\/wp-json\/wp\/v2\/posts\/20423","targetHints":{"allow":["GET"]}}],"collection":[{"href":"https:\/\/fieam.org.br\/sesi\/wp-json\/wp\/v2\/posts"}],"about":[{"href":"https:\/\/fieam.org.br\/sesi\/wp-json\/wp\/v2\/types\/post"}],"author":[{"embeddable":true,"href":"https:\/\/fieam.org.br\/sesi\/wp-json\/wp\/v2\/users\/1"}],"replies":[{"embeddable":true,"href":"https:\/\/fieam.org.br\/sesi\/wp-json\/wp\/v2\/comments?post=20423"}],"version-history":[{"count":1,"href":"https:\/\/fieam.org.br\/sesi\/wp-json\/wp\/v2\/posts\/20423\/revisions"}],"predecessor-version":[{"id":20424,"href":"https:\/\/fieam.org.br\/sesi\/wp-json\/wp\/v2\/posts\/20423\/revisions\/20424"}],"wp:attachment":[{"href":"https:\/\/fieam.org.br\/sesi\/wp-json\/wp\/v2\/media?parent=20423"}],"wp:term":[{"taxonomy":"category","embeddable":true,"href":"https:\/\/fieam.org.br\/sesi\/wp-json\/wp\/v2\/categories?post=20423"},{"taxonomy":"post_tag","embeddable":true,"href":"https:\/\/fieam.org.br\/sesi\/wp-json\/wp\/v2\/tags?post=20423"}],"curies":[{"name":"wp","href":"https:\/\/api.w.org\/{rel}","templated":true}]}}