{"id":20401,"date":"2023-06-27T13:44:18","date_gmt":"2023-06-27T13:44:18","guid":{"rendered":"https:\/\/fieam.org.br\/sesi\/?p=20401"},"modified":"2024-05-14T13:45:02","modified_gmt":"2024-05-14T13:45:02","slug":"festival-folclorico-do-sesi-anima-clube-do-trabalhador","status":"publish","type":"post","link":"https:\/\/fieam.org.br\/sesi\/festival-folclorico-do-sesi-anima-clube-do-trabalhador\/","title":{"rendered":"Festival Folcl\u00f3rico do SESI anima Clube do Trabalhador"},"content":{"rendered":"<p><span style=\"font-weight: 400;\">V\u00e9spera e dia de S\u00e3o Jo\u00e3o marcaram o calend\u00e1rio do Festival Folcl\u00f3rico do SESI no Clube do Trabalhador. Durante as duas noites 395 alunos da Rede SESI de Educa\u00e7\u00e3o em Manaus revezaram-se em 24 apresenta\u00e7\u00f5es. Em participa\u00e7\u00e3o especial, a turma da terceira idade esbanjou carisma e energia em dan\u00e7a de quadrilha na abertura das apresenta\u00e7\u00f5es da primeira noite.<\/span><\/p>\n<p><span style=\"font-weight: 400;\">\u00a0As demais apresenta\u00e7\u00f5es ficaram por conta dos alunos das Escolas SESI Emina Barbosa Mustafa e Dr. Francisco Garcia, juntamente com os alunos da EJA, que brilharam ao som do Boi-Bumb\u00e1, levando aos palcos v\u00e1rios elementos da dan\u00e7a tipicamente amaz\u00f4nica. Entre outras apresenta\u00e7\u00f5es houve xote, ciranda de roda, carimb\u00f3 e country, al\u00e9m de outros ritmos contempor\u00e2neos.\u00a0\u00a0<\/span><\/p>\n<p><span style=\"font-weight: 400;\">A segunda noite junina das Escolas SESI come\u00e7ou com a performance da turma de ballet infantil do SESI Clube do Trabalhador. Sem esconder a alegria, a professora Rafaela Nascimento comemorou a apresenta\u00e7\u00e3o: \u201cfoi um show de empenho das alunas\u201d. Em seguida foi a vez dos alunos do curso de m\u00fasica \u2013 flauta e viol\u00e3o, que abrilhantaram a noite, antes das dan\u00e7as principais.<\/span><\/p>\n<p><span style=\"font-weight: 400;\">Os alunos da Escola SESI David N\u00f3voa, de Iranduba, trouxeram a dan\u00e7a do canga\u00e7o com muita anima\u00e7\u00e3o, juntamente com a equipe de professores que fizeram toda a diferen\u00e7a. As apresenta\u00e7\u00f5es das quadrilhas dos alunos do Ensino M\u00e9dio, bem coreografadas e cheias de energia, agitaram os familiares e os demais presentes no ambiente.<\/span><\/p>\n<p><span style=\"font-weight: 400;\">Tamb\u00e9m houve espa\u00e7o para os alunos do 3\u00ba ano da escola SESI Dra. Emina Barbosa Mustafa apresentarem suas quadrilhas e realizar uma rifa para arrecadar fundos para a participa\u00e7\u00e3o da equipe Team Prodixy no Torneio SESI de Rob\u00f3tica nos dias 17 e 18 de novembro no SESI Clube do Trabalhador.<\/span><\/p>\n<p><span style=\"font-weight: 400;\">Na ocasi\u00e3o os alunos receberam uma doa\u00e7\u00e3o de R$ 5 mil do empres\u00e1rio e diretor da empresa Visteon, S\u00e9rgio Capela. \u201c\u00c9 muito importante a gente suportar esses jovens, eu acho que a nossa sociedade est\u00e1 muito dif\u00edcil hoje em dia, est\u00e1 muito corrompida, ent\u00e3o quando a gente v\u00ea uma iniciativa dessas, com grupo de jovens dedicados, acho que n\u00f3s, enquanto empresas, temos que ajudar, porque \u00e9 nosso futuro, o futuro do nosso pa\u00eds\u201d, disse o diretor.<\/span><\/p>\n<p><span style=\"font-weight: 400;\">A anima\u00e7\u00e3o prosseguiu na noite com a apresenta\u00e7\u00e3o de ciranda, dan\u00e7a tribal e xote, pelos alunos da Escola SESI Dr. Francisco Garcia. E ainda em ritmo de xaxado, dan\u00e7a portuguesa e carimb\u00f3, pelos alunos da Escola SESI Dra. Emina Barbosa Mustafa.<\/span><\/p>\n","protected":false},"excerpt":{"rendered":"<p>V\u00e9spera e dia de S\u00e3o Jo\u00e3o marcaram o calend\u00e1rio do Festival Folcl\u00f3rico do SESI no Clube do Trabalhador. Durante as duas noites 395 alunos da Rede SESI de Educa\u00e7\u00e3o em Manaus revezaram-se em 24 apresenta\u00e7\u00f5es. Em participa\u00e7\u00e3o especial, a turma da terceira idade esbanjou carisma e energia em dan\u00e7a de quadrilha na abertura das apresenta\u00e7\u00f5es [&hellip;]<\/p>\n","protected":false},"author":1,"featured_media":0,"comment_status":"open","ping_status":"open","sticky":false,"template":"","format":"standard","meta":{"footnotes":""},"categories":[1],"tags":[],"class_list":["post-20401","post","type-post","status-publish","format-standard","hentry","category-geral"],"yoast_head":"<!-- This site is optimized with the Yoast SEO plugin v28.2 - https:\/\/yoast.com\/product\/yoast-seo-wordpress\/ -->\n<title>Festival Folcl\u00f3rico do SESI anima Clube do Trabalhador - SESI<\/title>\n<meta name=\"robots\" content=\"index, follow, max-snippet:-1, max-image-preview:large, max-video-preview:-1\" \/>\n<link rel=\"canonical\" href=\"https:\/\/fieam.org.br\/sesi\/festival-folclorico-do-sesi-anima-clube-do-trabalhador\/\" \/>\n<meta property=\"og:locale\" content=\"pt_BR\" \/>\n<meta property=\"og:type\" content=\"article\" \/>\n<meta property=\"og:title\" content=\"Festival Folcl\u00f3rico do SESI anima Clube do Trabalhador - SESI\" \/>\n<meta property=\"og:description\" content=\"V\u00e9spera e dia de S\u00e3o Jo\u00e3o marcaram o calend\u00e1rio do Festival Folcl\u00f3rico do SESI no Clube do Trabalhador. Durante as duas noites 395 alunos da Rede SESI de Educa\u00e7\u00e3o em Manaus revezaram-se em 24 apresenta\u00e7\u00f5es. Em participa\u00e7\u00e3o especial, a turma da terceira idade esbanjou carisma e energia em dan\u00e7a de quadrilha na abertura das apresenta\u00e7\u00f5es [&hellip;]\" \/>\n<meta property=\"og:url\" content=\"https:\/\/fieam.org.br\/sesi\/festival-folclorico-do-sesi-anima-clube-do-trabalhador\/\" \/>\n<meta property=\"og:site_name\" content=\"SESI\" \/>\n<meta property=\"article:published_time\" content=\"2023-06-27T13:44:18+00:00\" \/>\n<meta property=\"article:modified_time\" content=\"2024-05-14T13:45:02+00:00\" \/>\n<meta name=\"author\" content=\"Autor\" \/>\n<meta name=\"twitter:card\" content=\"summary_large_image\" \/>\n<meta name=\"twitter:label1\" content=\"Escrito por\" \/>\n\t<meta name=\"twitter:data1\" content=\"Autor\" \/>\n\t<meta name=\"twitter:label2\" content=\"Est. tempo de leitura\" \/>\n\t<meta name=\"twitter:data2\" content=\"2 minutos\" \/>\n<script type=\"application\/ld+json\" class=\"yoast-schema-graph\">{\"@context\":\"https:\\\/\\\/schema.org\",\"@graph\":[{\"@type\":\"Article\",\"@id\":\"https:\\\/\\\/fieam.org.br\\\/sesi\\\/festival-folclorico-do-sesi-anima-clube-do-trabalhador\\\/#article\",\"isPartOf\":{\"@id\":\"https:\\\/\\\/fieam.org.br\\\/sesi\\\/festival-folclorico-do-sesi-anima-clube-do-trabalhador\\\/\"},\"author\":{\"name\":\"Autor\",\"@id\":\"https:\\\/\\\/fieam.org.br\\\/sesi\\\/#\\\/schema\\\/person\\\/f54998dd14d5f0695b41444f2b01c31e\"},\"headline\":\"Festival Folcl\u00f3rico do SESI anima Clube do Trabalhador\",\"datePublished\":\"2023-06-27T13:44:18+00:00\",\"dateModified\":\"2024-05-14T13:45:02+00:00\",\"mainEntityOfPage\":{\"@id\":\"https:\\\/\\\/fieam.org.br\\\/sesi\\\/festival-folclorico-do-sesi-anima-clube-do-trabalhador\\\/\"},\"wordCount\":439,\"commentCount\":0,\"publisher\":{\"@id\":\"https:\\\/\\\/fieam.org.br\\\/sesi\\\/#organization\"},\"articleSection\":[\"Geral\"],\"inLanguage\":\"pt-BR\",\"potentialAction\":[{\"@type\":\"CommentAction\",\"name\":\"Comment\",\"target\":[\"https:\\\/\\\/fieam.org.br\\\/sesi\\\/festival-folclorico-do-sesi-anima-clube-do-trabalhador\\\/#respond\"]}]},{\"@type\":\"WebPage\",\"@id\":\"https:\\\/\\\/fieam.org.br\\\/sesi\\\/festival-folclorico-do-sesi-anima-clube-do-trabalhador\\\/\",\"url\":\"https:\\\/\\\/fieam.org.br\\\/sesi\\\/festival-folclorico-do-sesi-anima-clube-do-trabalhador\\\/\",\"name\":\"Festival Folcl\u00f3rico do SESI anima Clube do Trabalhador - SESI\",\"isPartOf\":{\"@id\":\"https:\\\/\\\/fieam.org.br\\\/sesi\\\/#website\"},\"datePublished\":\"2023-06-27T13:44:18+00:00\",\"dateModified\":\"2024-05-14T13:45:02+00:00\",\"breadcrumb\":{\"@id\":\"https:\\\/\\\/fieam.org.br\\\/sesi\\\/festival-folclorico-do-sesi-anima-clube-do-trabalhador\\\/#breadcrumb\"},\"inLanguage\":\"pt-BR\",\"potentialAction\":[{\"@type\":\"ReadAction\",\"target\":[\"https:\\\/\\\/fieam.org.br\\\/sesi\\\/festival-folclorico-do-sesi-anima-clube-do-trabalhador\\\/\"]}]},{\"@type\":\"BreadcrumbList\",\"@id\":\"https:\\\/\\\/fieam.org.br\\\/sesi\\\/festival-folclorico-do-sesi-anima-clube-do-trabalhador\\\/#breadcrumb\",\"itemListElement\":[{\"@type\":\"ListItem\",\"position\":1,\"name\":\"In\u00edcio\",\"item\":\"https:\\\/\\\/fieam.org.br\\\/sesi\\\/\"},{\"@type\":\"ListItem\",\"position\":2,\"name\":\"Festival Folcl\u00f3rico do SESI anima Clube do Trabalhador\"}]},{\"@type\":\"WebSite\",\"@id\":\"https:\\\/\\\/fieam.org.br\\\/sesi\\\/#website\",\"url\":\"https:\\\/\\\/fieam.org.br\\\/sesi\\\/\",\"name\":\"SESI\",\"description\":\"Site Oficial!\",\"publisher\":{\"@id\":\"https:\\\/\\\/fieam.org.br\\\/sesi\\\/#organization\"},\"potentialAction\":[{\"@type\":\"SearchAction\",\"target\":{\"@type\":\"EntryPoint\",\"urlTemplate\":\"https:\\\/\\\/fieam.org.br\\\/sesi\\\/?s={search_term_string}\"},\"query-input\":{\"@type\":\"PropertyValueSpecification\",\"valueRequired\":true,\"valueName\":\"search_term_string\"}}],\"inLanguage\":\"pt-BR\"},{\"@type\":\"Organization\",\"@id\":\"https:\\\/\\\/fieam.org.br\\\/sesi\\\/#organization\",\"name\":\"SESI\",\"url\":\"https:\\\/\\\/fieam.org.br\\\/sesi\\\/\",\"logo\":{\"@type\":\"ImageObject\",\"inLanguage\":\"pt-BR\",\"@id\":\"https:\\\/\\\/fieam.org.br\\\/sesi\\\/#\\\/schema\\\/logo\\\/image\\\/\",\"url\":\"https:\\\/\\\/fieam.org.br\\\/sesi\\\/wp-content\\\/uploads\\\/sites\\\/14\\\/2024\\\/03\\\/cropped-fav.png\",\"contentUrl\":\"https:\\\/\\\/fieam.org.br\\\/sesi\\\/wp-content\\\/uploads\\\/sites\\\/14\\\/2024\\\/03\\\/cropped-fav.png\",\"width\":610,\"height\":589,\"caption\":\"SESI\"},\"image\":{\"@id\":\"https:\\\/\\\/fieam.org.br\\\/sesi\\\/#\\\/schema\\\/logo\\\/image\\\/\"}},{\"@type\":\"Person\",\"@id\":\"https:\\\/\\\/fieam.org.br\\\/sesi\\\/#\\\/schema\\\/person\\\/f54998dd14d5f0695b41444f2b01c31e\",\"name\":\"Autor\",\"image\":{\"@type\":\"ImageObject\",\"inLanguage\":\"pt-BR\",\"@id\":\"https:\\\/\\\/secure.gravatar.com\\\/avatar\\\/3732c223e0e1fad69062a8f770955c9068d37b055204f310a0be18d4069fe380?s=96&d=mm&r=g\",\"url\":\"https:\\\/\\\/secure.gravatar.com\\\/avatar\\\/3732c223e0e1fad69062a8f770955c9068d37b055204f310a0be18d4069fe380?s=96&d=mm&r=g\",\"contentUrl\":\"https:\\\/\\\/secure.gravatar.com\\\/avatar\\\/3732c223e0e1fad69062a8f770955c9068d37b055204f310a0be18d4069fe380?s=96&d=mm&r=g\",\"caption\":\"Autor\"},\"sameAs\":[\"https:\\\/\\\/marketingmassivo.com.br\"],\"url\":\"https:\\\/\\\/fieam.org.br\\\/sesi\\\/author\\\/admin\\\/\"}]}<\/script>\n<!-- \/ Yoast SEO plugin. -->","yoast_head_json":{"title":"Festival Folcl\u00f3rico do SESI anima Clube do Trabalhador - SESI","robots":{"index":"index","follow":"follow","max-snippet":"max-snippet:-1","max-image-preview":"max-image-preview:large","max-video-preview":"max-video-preview:-1"},"canonical":"https:\/\/fieam.org.br\/sesi\/festival-folclorico-do-sesi-anima-clube-do-trabalhador\/","og_locale":"pt_BR","og_type":"article","og_title":"Festival Folcl\u00f3rico do SESI anima Clube do Trabalhador - SESI","og_description":"V\u00e9spera e dia de S\u00e3o Jo\u00e3o marcaram o calend\u00e1rio do Festival Folcl\u00f3rico do SESI no Clube do Trabalhador. Durante as duas noites 395 alunos da Rede SESI de Educa\u00e7\u00e3o em Manaus revezaram-se em 24 apresenta\u00e7\u00f5es. Em participa\u00e7\u00e3o especial, a turma da terceira idade esbanjou carisma e energia em dan\u00e7a de quadrilha na abertura das apresenta\u00e7\u00f5es [&hellip;]","og_url":"https:\/\/fieam.org.br\/sesi\/festival-folclorico-do-sesi-anima-clube-do-trabalhador\/","og_site_name":"SESI","article_published_time":"2023-06-27T13:44:18+00:00","article_modified_time":"2024-05-14T13:45:02+00:00","author":"Autor","twitter_card":"summary_large_image","twitter_misc":{"Escrito por":"Autor","Est. tempo de leitura":"2 minutos"},"schema":{"@context":"https:\/\/schema.org","@graph":[{"@type":"Article","@id":"https:\/\/fieam.org.br\/sesi\/festival-folclorico-do-sesi-anima-clube-do-trabalhador\/#article","isPartOf":{"@id":"https:\/\/fieam.org.br\/sesi\/festival-folclorico-do-sesi-anima-clube-do-trabalhador\/"},"author":{"name":"Autor","@id":"https:\/\/fieam.org.br\/sesi\/#\/schema\/person\/f54998dd14d5f0695b41444f2b01c31e"},"headline":"Festival Folcl\u00f3rico do SESI anima Clube do Trabalhador","datePublished":"2023-06-27T13:44:18+00:00","dateModified":"2024-05-14T13:45:02+00:00","mainEntityOfPage":{"@id":"https:\/\/fieam.org.br\/sesi\/festival-folclorico-do-sesi-anima-clube-do-trabalhador\/"},"wordCount":439,"commentCount":0,"publisher":{"@id":"https:\/\/fieam.org.br\/sesi\/#organization"},"articleSection":["Geral"],"inLanguage":"pt-BR","potentialAction":[{"@type":"CommentAction","name":"Comment","target":["https:\/\/fieam.org.br\/sesi\/festival-folclorico-do-sesi-anima-clube-do-trabalhador\/#respond"]}]},{"@type":"WebPage","@id":"https:\/\/fieam.org.br\/sesi\/festival-folclorico-do-sesi-anima-clube-do-trabalhador\/","url":"https:\/\/fieam.org.br\/sesi\/festival-folclorico-do-sesi-anima-clube-do-trabalhador\/","name":"Festival Folcl\u00f3rico do SESI anima Clube do Trabalhador - SESI","isPartOf":{"@id":"https:\/\/fieam.org.br\/sesi\/#website"},"datePublished":"2023-06-27T13:44:18+00:00","dateModified":"2024-05-14T13:45:02+00:00","breadcrumb":{"@id":"https:\/\/fieam.org.br\/sesi\/festival-folclorico-do-sesi-anima-clube-do-trabalhador\/#breadcrumb"},"inLanguage":"pt-BR","potentialAction":[{"@type":"ReadAction","target":["https:\/\/fieam.org.br\/sesi\/festival-folclorico-do-sesi-anima-clube-do-trabalhador\/"]}]},{"@type":"BreadcrumbList","@id":"https:\/\/fieam.org.br\/sesi\/festival-folclorico-do-sesi-anima-clube-do-trabalhador\/#breadcrumb","itemListElement":[{"@type":"ListItem","position":1,"name":"In\u00edcio","item":"https:\/\/fieam.org.br\/sesi\/"},{"@type":"ListItem","position":2,"name":"Festival Folcl\u00f3rico do SESI anima Clube do Trabalhador"}]},{"@type":"WebSite","@id":"https:\/\/fieam.org.br\/sesi\/#website","url":"https:\/\/fieam.org.br\/sesi\/","name":"SESI","description":"Site Oficial!","publisher":{"@id":"https:\/\/fieam.org.br\/sesi\/#organization"},"potentialAction":[{"@type":"SearchAction","target":{"@type":"EntryPoint","urlTemplate":"https:\/\/fieam.org.br\/sesi\/?s={search_term_string}"},"query-input":{"@type":"PropertyValueSpecification","valueRequired":true,"valueName":"search_term_string"}}],"inLanguage":"pt-BR"},{"@type":"Organization","@id":"https:\/\/fieam.org.br\/sesi\/#organization","name":"SESI","url":"https:\/\/fieam.org.br\/sesi\/","logo":{"@type":"ImageObject","inLanguage":"pt-BR","@id":"https:\/\/fieam.org.br\/sesi\/#\/schema\/logo\/image\/","url":"https:\/\/fieam.org.br\/sesi\/wp-content\/uploads\/sites\/14\/2024\/03\/cropped-fav.png","contentUrl":"https:\/\/fieam.org.br\/sesi\/wp-content\/uploads\/sites\/14\/2024\/03\/cropped-fav.png","width":610,"height":589,"caption":"SESI"},"image":{"@id":"https:\/\/fieam.org.br\/sesi\/#\/schema\/logo\/image\/"}},{"@type":"Person","@id":"https:\/\/fieam.org.br\/sesi\/#\/schema\/person\/f54998dd14d5f0695b41444f2b01c31e","name":"Autor","image":{"@type":"ImageObject","inLanguage":"pt-BR","@id":"https:\/\/secure.gravatar.com\/avatar\/3732c223e0e1fad69062a8f770955c9068d37b055204f310a0be18d4069fe380?s=96&d=mm&r=g","url":"https:\/\/secure.gravatar.com\/avatar\/3732c223e0e1fad69062a8f770955c9068d37b055204f310a0be18d4069fe380?s=96&d=mm&r=g","contentUrl":"https:\/\/secure.gravatar.com\/avatar\/3732c223e0e1fad69062a8f770955c9068d37b055204f310a0be18d4069fe380?s=96&d=mm&r=g","caption":"Autor"},"sameAs":["https:\/\/marketingmassivo.com.br"],"url":"https:\/\/fieam.org.br\/sesi\/author\/admin\/"}]}},"_links":{"self":[{"href":"https:\/\/fieam.org.br\/sesi\/wp-json\/wp\/v2\/posts\/20401","targetHints":{"allow":["GET"]}}],"collection":[{"href":"https:\/\/fieam.org.br\/sesi\/wp-json\/wp\/v2\/posts"}],"about":[{"href":"https:\/\/fieam.org.br\/sesi\/wp-json\/wp\/v2\/types\/post"}],"author":[{"embeddable":true,"href":"https:\/\/fieam.org.br\/sesi\/wp-json\/wp\/v2\/users\/1"}],"replies":[{"embeddable":true,"href":"https:\/\/fieam.org.br\/sesi\/wp-json\/wp\/v2\/comments?post=20401"}],"version-history":[{"count":1,"href":"https:\/\/fieam.org.br\/sesi\/wp-json\/wp\/v2\/posts\/20401\/revisions"}],"predecessor-version":[{"id":20402,"href":"https:\/\/fieam.org.br\/sesi\/wp-json\/wp\/v2\/posts\/20401\/revisions\/20402"}],"wp:attachment":[{"href":"https:\/\/fieam.org.br\/sesi\/wp-json\/wp\/v2\/media?parent=20401"}],"wp:term":[{"taxonomy":"category","embeddable":true,"href":"https:\/\/fieam.org.br\/sesi\/wp-json\/wp\/v2\/categories?post=20401"},{"taxonomy":"post_tag","embeddable":true,"href":"https:\/\/fieam.org.br\/sesi\/wp-json\/wp\/v2\/tags?post=20401"}],"curies":[{"name":"wp","href":"https:\/\/api.w.org\/{rel}","templated":true}]}}