{"id":20351,"date":"2024-04-12T17:31:39","date_gmt":"2024-04-12T17:31:39","guid":{"rendered":"https:\/\/fieam.org.br\/sesi\/?p=20351"},"modified":"2024-04-12T17:31:39","modified_gmt":"2024-04-12T17:31:39","slug":"comunicado-processo-seletivo-externo-no-002-2024-cargo-pas-profissional-analista-superior-psicologo-parintins","status":"publish","type":"post","link":"https:\/\/fieam.org.br\/sesi\/comunicado-processo-seletivo-externo-no-002-2024-cargo-pas-profissional-analista-superior-psicologo-parintins\/","title":{"rendered":"COMUNICADO PROCESSO SELETIVO EXTERNO \u2013 N\u00ba 002-2024 \/ CARGO: PAS \u2013 PROFISSIONAL ANALISTA SUPERIOR  Psic\u00f3logo &#8211; Parintins"},"content":{"rendered":"<p><strong>COMUNICADO PROCESSO SELETIVO EXTERNO \u2013 N\u00ba 002-2024<\/strong><\/p>\n<p>&nbsp;<\/p>\n<p><strong>CARGO: <\/strong>PAS \u2013 PROFISSIONAL ANALISTA SUPERIOR<\/p>\n<p><strong>OCUPA\u00c7\u00c3O: <\/strong>Psic\u00f3logo<\/p>\n<p><strong>CARGA HOR\u00c1RIA MENSAL: <\/strong>220 Horas<\/p>\n<p><strong>SAL\u00c1RIO: <\/strong>R$ 6.784,41<\/p>\n<p>&nbsp;<\/p>\n<p>O Servi\u00e7o Social da Ind\u00fastria \u2013 SESI, por meio do Departamento de Gest\u00e3o de Pessoas\/Sele\u00e7\u00e3o de Talentos do Sistema Ind\u00fastria do Estado do Amazonas (FIEAM, SESI, SENAI e IEL), abre inscri\u00e7\u00f5es para preenchimento de 1 (uma) vaga e forma\u00e7\u00e3o de cadastro reserva para lota\u00e7\u00e3o na Escola SESI Padre Francisco Luppino no munic\u00edpio de Parintins.<\/p>\n<p>&nbsp;<\/p>\n<p><a href=\"https:\/\/fieam.org.br\/sesi\/wp-content\/uploads\/sites\/14\/2024\/04\/070324-1-002-2024-PSE-ESFL-PAS_Psicologo_Revisado.pdf\">Clique aqui para obter mais informa\u00e7\u00f5es pertinentes ao processo<\/a><\/p>\n<p><a href=\"https:\/\/fieam.org.br\/sesi\/wp-content\/uploads\/sites\/14\/2024\/04\/CADASTRO-INICIAL-NOVO.docx\">Formul\u00e1rio de Cadastro Inicial\u00a0<\/a><\/p>\n<p><a href=\"https:\/\/fieam.org.br\/sesi\/wp-content\/uploads\/sites\/14\/2024\/04\/Formulario-protocolo-de-entrega-de-documentos-novo.docx\">Protocolo de Entrega de Documentos\u00a0<\/a><\/p>\n<p><a href=\"https:\/\/fieam.org.br\/sesi\/wp-content\/uploads\/sites\/14\/2024\/04\/140324-2-002-2024-Resultado-Parcial-Analise-Documental-PSE-ESFL-PAS_PSICOLOGO_REVISADO.pdf\">Resultado Parcial An\u00e1lise Documental &#8211; Etapa 1\u00a0<\/a><\/p>\n<p>&nbsp;<\/p>\n<p>&nbsp;<\/p>\n<p>&nbsp;<\/p>\n<p>&nbsp;<\/p>\n<p>&nbsp;<\/p>\n","protected":false},"excerpt":{"rendered":"<p>COMUNICADO PROCESSO SELETIVO EXTERNO \u2013 N\u00ba 002-2024 &nbsp; CARGO: PAS \u2013 PROFISSIONAL ANALISTA SUPERIOR OCUPA\u00c7\u00c3O: Psic\u00f3logo CARGA HOR\u00c1RIA MENSAL: 220 Horas SAL\u00c1RIO: R$ 6.784,41 &nbsp; O Servi\u00e7o Social da Ind\u00fastria \u2013 SESI, por meio do Departamento de Gest\u00e3o de Pessoas\/Sele\u00e7\u00e3o de Talentos do Sistema Ind\u00fastria do Estado do Amazonas (FIEAM, SESI, SENAI e IEL), abre [&hellip;]<\/p>\n","protected":false},"author":10,"featured_media":19036,"comment_status":"open","ping_status":"open","sticky":false,"template":"","format":"standard","meta":{"footnotes":""},"categories":[28],"tags":[],"class_list":["post-20351","post","type-post","status-publish","format-standard","has-post-thumbnail","hentry","category-selecao"],"yoast_head":"<!-- This site is optimized with the Yoast SEO plugin v28.2 - https:\/\/yoast.com\/product\/yoast-seo-wordpress\/ -->\n<title>COMUNICADO PROCESSO SELETIVO EXTERNO \u2013 N\u00ba 002-2024 \/ CARGO: PAS \u2013 PROFISSIONAL ANALISTA SUPERIOR Psic\u00f3logo - Parintins - SESI<\/title>\n<meta name=\"robots\" content=\"index, follow, max-snippet:-1, max-image-preview:large, max-video-preview:-1\" \/>\n<link rel=\"canonical\" href=\"https:\/\/fieam.org.br\/sesi\/comunicado-processo-seletivo-externo-no-002-2024-cargo-pas-profissional-analista-superior-psicologo-parintins\/\" \/>\n<meta property=\"og:locale\" content=\"pt_BR\" \/>\n<meta property=\"og:type\" content=\"article\" \/>\n<meta property=\"og:title\" content=\"COMUNICADO PROCESSO SELETIVO EXTERNO \u2013 N\u00ba 002-2024 \/ CARGO: PAS \u2013 PROFISSIONAL ANALISTA SUPERIOR Psic\u00f3logo - Parintins - SESI\" \/>\n<meta property=\"og:description\" content=\"COMUNICADO PROCESSO SELETIVO EXTERNO \u2013 N\u00ba 002-2024 &nbsp; CARGO: PAS \u2013 PROFISSIONAL ANALISTA SUPERIOR OCUPA\u00c7\u00c3O: Psic\u00f3logo CARGA HOR\u00c1RIA MENSAL: 220 Horas SAL\u00c1RIO: R$ 6.784,41 &nbsp; O Servi\u00e7o Social da Ind\u00fastria \u2013 SESI, por meio do Departamento de Gest\u00e3o de Pessoas\/Sele\u00e7\u00e3o de Talentos do Sistema Ind\u00fastria do Estado do Amazonas (FIEAM, SESI, SENAI e IEL), abre [&hellip;]\" \/>\n<meta property=\"og:url\" content=\"https:\/\/fieam.org.br\/sesi\/comunicado-processo-seletivo-externo-no-002-2024-cargo-pas-profissional-analista-superior-psicologo-parintins\/\" \/>\n<meta property=\"og:site_name\" content=\"SESI\" \/>\n<meta property=\"article:published_time\" content=\"2024-04-12T17:31:39+00:00\" \/>\n<meta property=\"og:image\" content=\"https:\/\/fieam.org.br\/sesi\/wp-content\/uploads\/sites\/14\/2023\/02\/4b7721c3-53c4-42c0-9353-8bd1dc27f27d.jpg\" \/>\n\t<meta property=\"og:image:width\" content=\"1080\" \/>\n\t<meta property=\"og:image:height\" content=\"1080\" \/>\n\t<meta property=\"og:image:type\" content=\"image\/jpeg\" \/>\n<meta name=\"author\" content=\"renatanascimento\" \/>\n<meta name=\"twitter:card\" content=\"summary_large_image\" \/>\n<meta name=\"twitter:label1\" content=\"Escrito por\" \/>\n\t<meta name=\"twitter:data1\" content=\"renatanascimento\" \/>\n\t<meta name=\"twitter:label2\" content=\"Est. tempo de leitura\" \/>\n\t<meta name=\"twitter:data2\" content=\"1 minuto\" \/>\n<script type=\"application\/ld+json\" class=\"yoast-schema-graph\">{\"@context\":\"https:\\\/\\\/schema.org\",\"@graph\":[{\"@type\":\"Article\",\"@id\":\"https:\\\/\\\/fieam.org.br\\\/sesi\\\/comunicado-processo-seletivo-externo-no-002-2024-cargo-pas-profissional-analista-superior-psicologo-parintins\\\/#article\",\"isPartOf\":{\"@id\":\"https:\\\/\\\/fieam.org.br\\\/sesi\\\/comunicado-processo-seletivo-externo-no-002-2024-cargo-pas-profissional-analista-superior-psicologo-parintins\\\/\"},\"author\":{\"name\":\"renatanascimento\",\"@id\":\"https:\\\/\\\/fieam.org.br\\\/sesi\\\/#\\\/schema\\\/person\\\/d2f2b25cf67a0bd6bf62f0f268bb5dec\"},\"headline\":\"COMUNICADO PROCESSO SELETIVO EXTERNO \u2013 N\u00ba 002-2024 \\\/ CARGO: PAS \u2013 PROFISSIONAL ANALISTA SUPERIOR Psic\u00f3logo &#8211; Parintins\",\"datePublished\":\"2024-04-12T17:31:39+00:00\",\"mainEntityOfPage\":{\"@id\":\"https:\\\/\\\/fieam.org.br\\\/sesi\\\/comunicado-processo-seletivo-externo-no-002-2024-cargo-pas-profissional-analista-superior-psicologo-parintins\\\/\"},\"wordCount\":135,\"commentCount\":0,\"publisher\":{\"@id\":\"https:\\\/\\\/fieam.org.br\\\/sesi\\\/#organization\"},\"image\":{\"@id\":\"https:\\\/\\\/fieam.org.br\\\/sesi\\\/comunicado-processo-seletivo-externo-no-002-2024-cargo-pas-profissional-analista-superior-psicologo-parintins\\\/#primaryimage\"},\"thumbnailUrl\":\"https:\\\/\\\/fieam.org.br\\\/sesi\\\/wp-content\\\/uploads\\\/sites\\\/14\\\/2023\\\/02\\\/4b7721c3-53c4-42c0-9353-8bd1dc27f27d.jpg\",\"articleSection\":[\"selecao\"],\"inLanguage\":\"pt-BR\",\"potentialAction\":[{\"@type\":\"CommentAction\",\"name\":\"Comment\",\"target\":[\"https:\\\/\\\/fieam.org.br\\\/sesi\\\/comunicado-processo-seletivo-externo-no-002-2024-cargo-pas-profissional-analista-superior-psicologo-parintins\\\/#respond\"]}]},{\"@type\":\"WebPage\",\"@id\":\"https:\\\/\\\/fieam.org.br\\\/sesi\\\/comunicado-processo-seletivo-externo-no-002-2024-cargo-pas-profissional-analista-superior-psicologo-parintins\\\/\",\"url\":\"https:\\\/\\\/fieam.org.br\\\/sesi\\\/comunicado-processo-seletivo-externo-no-002-2024-cargo-pas-profissional-analista-superior-psicologo-parintins\\\/\",\"name\":\"COMUNICADO PROCESSO SELETIVO EXTERNO \u2013 N\u00ba 002-2024 \\\/ CARGO: PAS \u2013 PROFISSIONAL ANALISTA SUPERIOR Psic\u00f3logo - Parintins - SESI\",\"isPartOf\":{\"@id\":\"https:\\\/\\\/fieam.org.br\\\/sesi\\\/#website\"},\"primaryImageOfPage\":{\"@id\":\"https:\\\/\\\/fieam.org.br\\\/sesi\\\/comunicado-processo-seletivo-externo-no-002-2024-cargo-pas-profissional-analista-superior-psicologo-parintins\\\/#primaryimage\"},\"image\":{\"@id\":\"https:\\\/\\\/fieam.org.br\\\/sesi\\\/comunicado-processo-seletivo-externo-no-002-2024-cargo-pas-profissional-analista-superior-psicologo-parintins\\\/#primaryimage\"},\"thumbnailUrl\":\"https:\\\/\\\/fieam.org.br\\\/sesi\\\/wp-content\\\/uploads\\\/sites\\\/14\\\/2023\\\/02\\\/4b7721c3-53c4-42c0-9353-8bd1dc27f27d.jpg\",\"datePublished\":\"2024-04-12T17:31:39+00:00\",\"breadcrumb\":{\"@id\":\"https:\\\/\\\/fieam.org.br\\\/sesi\\\/comunicado-processo-seletivo-externo-no-002-2024-cargo-pas-profissional-analista-superior-psicologo-parintins\\\/#breadcrumb\"},\"inLanguage\":\"pt-BR\",\"potentialAction\":[{\"@type\":\"ReadAction\",\"target\":[\"https:\\\/\\\/fieam.org.br\\\/sesi\\\/comunicado-processo-seletivo-externo-no-002-2024-cargo-pas-profissional-analista-superior-psicologo-parintins\\\/\"]}]},{\"@type\":\"ImageObject\",\"inLanguage\":\"pt-BR\",\"@id\":\"https:\\\/\\\/fieam.org.br\\\/sesi\\\/comunicado-processo-seletivo-externo-no-002-2024-cargo-pas-profissional-analista-superior-psicologo-parintins\\\/#primaryimage\",\"url\":\"https:\\\/\\\/fieam.org.br\\\/sesi\\\/wp-content\\\/uploads\\\/sites\\\/14\\\/2023\\\/02\\\/4b7721c3-53c4-42c0-9353-8bd1dc27f27d.jpg\",\"contentUrl\":\"https:\\\/\\\/fieam.org.br\\\/sesi\\\/wp-content\\\/uploads\\\/sites\\\/14\\\/2023\\\/02\\\/4b7721c3-53c4-42c0-9353-8bd1dc27f27d.jpg\",\"width\":1080,\"height\":1080},{\"@type\":\"BreadcrumbList\",\"@id\":\"https:\\\/\\\/fieam.org.br\\\/sesi\\\/comunicado-processo-seletivo-externo-no-002-2024-cargo-pas-profissional-analista-superior-psicologo-parintins\\\/#breadcrumb\",\"itemListElement\":[{\"@type\":\"ListItem\",\"position\":1,\"name\":\"In\u00edcio\",\"item\":\"https:\\\/\\\/fieam.org.br\\\/sesi\\\/\"},{\"@type\":\"ListItem\",\"position\":2,\"name\":\"COMUNICADO PROCESSO SELETIVO EXTERNO \u2013 N\u00ba 002-2024 \\\/ CARGO: PAS \u2013 PROFISSIONAL ANALISTA SUPERIOR Psic\u00f3logo &#8211; Parintins\"}]},{\"@type\":\"WebSite\",\"@id\":\"https:\\\/\\\/fieam.org.br\\\/sesi\\\/#website\",\"url\":\"https:\\\/\\\/fieam.org.br\\\/sesi\\\/\",\"name\":\"SESI\",\"description\":\"Site Oficial!\",\"publisher\":{\"@id\":\"https:\\\/\\\/fieam.org.br\\\/sesi\\\/#organization\"},\"potentialAction\":[{\"@type\":\"SearchAction\",\"target\":{\"@type\":\"EntryPoint\",\"urlTemplate\":\"https:\\\/\\\/fieam.org.br\\\/sesi\\\/?s={search_term_string}\"},\"query-input\":{\"@type\":\"PropertyValueSpecification\",\"valueRequired\":true,\"valueName\":\"search_term_string\"}}],\"inLanguage\":\"pt-BR\"},{\"@type\":\"Organization\",\"@id\":\"https:\\\/\\\/fieam.org.br\\\/sesi\\\/#organization\",\"name\":\"SESI\",\"url\":\"https:\\\/\\\/fieam.org.br\\\/sesi\\\/\",\"logo\":{\"@type\":\"ImageObject\",\"inLanguage\":\"pt-BR\",\"@id\":\"https:\\\/\\\/fieam.org.br\\\/sesi\\\/#\\\/schema\\\/logo\\\/image\\\/\",\"url\":\"https:\\\/\\\/fieam.org.br\\\/sesi\\\/wp-content\\\/uploads\\\/sites\\\/14\\\/2024\\\/03\\\/cropped-fav.png\",\"contentUrl\":\"https:\\\/\\\/fieam.org.br\\\/sesi\\\/wp-content\\\/uploads\\\/sites\\\/14\\\/2024\\\/03\\\/cropped-fav.png\",\"width\":610,\"height\":589,\"caption\":\"SESI\"},\"image\":{\"@id\":\"https:\\\/\\\/fieam.org.br\\\/sesi\\\/#\\\/schema\\\/logo\\\/image\\\/\"}},{\"@type\":\"Person\",\"@id\":\"https:\\\/\\\/fieam.org.br\\\/sesi\\\/#\\\/schema\\\/person\\\/d2f2b25cf67a0bd6bf62f0f268bb5dec\",\"name\":\"renatanascimento\",\"image\":{\"@type\":\"ImageObject\",\"inLanguage\":\"pt-BR\",\"@id\":\"https:\\\/\\\/secure.gravatar.com\\\/avatar\\\/93de15dc95baaa908fed52352fb797e95971f7518700a292d0fc7ad450ae039d?s=96&d=mm&r=g\",\"url\":\"https:\\\/\\\/secure.gravatar.com\\\/avatar\\\/93de15dc95baaa908fed52352fb797e95971f7518700a292d0fc7ad450ae039d?s=96&d=mm&r=g\",\"contentUrl\":\"https:\\\/\\\/secure.gravatar.com\\\/avatar\\\/93de15dc95baaa908fed52352fb797e95971f7518700a292d0fc7ad450ae039d?s=96&d=mm&r=g\",\"caption\":\"renatanascimento\"},\"url\":\"https:\\\/\\\/fieam.org.br\\\/sesi\\\/author\\\/renatanascimento\\\/\"}]}<\/script>\n<!-- \/ Yoast SEO plugin. -->","yoast_head_json":{"title":"COMUNICADO PROCESSO SELETIVO EXTERNO \u2013 N\u00ba 002-2024 \/ CARGO: PAS \u2013 PROFISSIONAL ANALISTA SUPERIOR Psic\u00f3logo - Parintins - SESI","robots":{"index":"index","follow":"follow","max-snippet":"max-snippet:-1","max-image-preview":"max-image-preview:large","max-video-preview":"max-video-preview:-1"},"canonical":"https:\/\/fieam.org.br\/sesi\/comunicado-processo-seletivo-externo-no-002-2024-cargo-pas-profissional-analista-superior-psicologo-parintins\/","og_locale":"pt_BR","og_type":"article","og_title":"COMUNICADO PROCESSO SELETIVO EXTERNO \u2013 N\u00ba 002-2024 \/ CARGO: PAS \u2013 PROFISSIONAL ANALISTA SUPERIOR Psic\u00f3logo - Parintins - SESI","og_description":"COMUNICADO PROCESSO SELETIVO EXTERNO \u2013 N\u00ba 002-2024 &nbsp; CARGO: PAS \u2013 PROFISSIONAL ANALISTA SUPERIOR OCUPA\u00c7\u00c3O: Psic\u00f3logo CARGA HOR\u00c1RIA MENSAL: 220 Horas SAL\u00c1RIO: R$ 6.784,41 &nbsp; O Servi\u00e7o Social da Ind\u00fastria \u2013 SESI, por meio do Departamento de Gest\u00e3o de Pessoas\/Sele\u00e7\u00e3o de Talentos do Sistema Ind\u00fastria do Estado do Amazonas (FIEAM, SESI, SENAI e IEL), abre [&hellip;]","og_url":"https:\/\/fieam.org.br\/sesi\/comunicado-processo-seletivo-externo-no-002-2024-cargo-pas-profissional-analista-superior-psicologo-parintins\/","og_site_name":"SESI","article_published_time":"2024-04-12T17:31:39+00:00","og_image":[{"width":1080,"height":1080,"url":"https:\/\/fieam.org.br\/sesi\/wp-content\/uploads\/sites\/14\/2023\/02\/4b7721c3-53c4-42c0-9353-8bd1dc27f27d.jpg","type":"image\/jpeg"}],"author":"renatanascimento","twitter_card":"summary_large_image","twitter_misc":{"Escrito por":"renatanascimento","Est. tempo de leitura":"1 minuto"},"schema":{"@context":"https:\/\/schema.org","@graph":[{"@type":"Article","@id":"https:\/\/fieam.org.br\/sesi\/comunicado-processo-seletivo-externo-no-002-2024-cargo-pas-profissional-analista-superior-psicologo-parintins\/#article","isPartOf":{"@id":"https:\/\/fieam.org.br\/sesi\/comunicado-processo-seletivo-externo-no-002-2024-cargo-pas-profissional-analista-superior-psicologo-parintins\/"},"author":{"name":"renatanascimento","@id":"https:\/\/fieam.org.br\/sesi\/#\/schema\/person\/d2f2b25cf67a0bd6bf62f0f268bb5dec"},"headline":"COMUNICADO PROCESSO SELETIVO EXTERNO \u2013 N\u00ba 002-2024 \/ CARGO: PAS \u2013 PROFISSIONAL ANALISTA SUPERIOR Psic\u00f3logo &#8211; Parintins","datePublished":"2024-04-12T17:31:39+00:00","mainEntityOfPage":{"@id":"https:\/\/fieam.org.br\/sesi\/comunicado-processo-seletivo-externo-no-002-2024-cargo-pas-profissional-analista-superior-psicologo-parintins\/"},"wordCount":135,"commentCount":0,"publisher":{"@id":"https:\/\/fieam.org.br\/sesi\/#organization"},"image":{"@id":"https:\/\/fieam.org.br\/sesi\/comunicado-processo-seletivo-externo-no-002-2024-cargo-pas-profissional-analista-superior-psicologo-parintins\/#primaryimage"},"thumbnailUrl":"https:\/\/fieam.org.br\/sesi\/wp-content\/uploads\/sites\/14\/2023\/02\/4b7721c3-53c4-42c0-9353-8bd1dc27f27d.jpg","articleSection":["selecao"],"inLanguage":"pt-BR","potentialAction":[{"@type":"CommentAction","name":"Comment","target":["https:\/\/fieam.org.br\/sesi\/comunicado-processo-seletivo-externo-no-002-2024-cargo-pas-profissional-analista-superior-psicologo-parintins\/#respond"]}]},{"@type":"WebPage","@id":"https:\/\/fieam.org.br\/sesi\/comunicado-processo-seletivo-externo-no-002-2024-cargo-pas-profissional-analista-superior-psicologo-parintins\/","url":"https:\/\/fieam.org.br\/sesi\/comunicado-processo-seletivo-externo-no-002-2024-cargo-pas-profissional-analista-superior-psicologo-parintins\/","name":"COMUNICADO PROCESSO SELETIVO EXTERNO \u2013 N\u00ba 002-2024 \/ CARGO: PAS \u2013 PROFISSIONAL ANALISTA SUPERIOR Psic\u00f3logo - Parintins - SESI","isPartOf":{"@id":"https:\/\/fieam.org.br\/sesi\/#website"},"primaryImageOfPage":{"@id":"https:\/\/fieam.org.br\/sesi\/comunicado-processo-seletivo-externo-no-002-2024-cargo-pas-profissional-analista-superior-psicologo-parintins\/#primaryimage"},"image":{"@id":"https:\/\/fieam.org.br\/sesi\/comunicado-processo-seletivo-externo-no-002-2024-cargo-pas-profissional-analista-superior-psicologo-parintins\/#primaryimage"},"thumbnailUrl":"https:\/\/fieam.org.br\/sesi\/wp-content\/uploads\/sites\/14\/2023\/02\/4b7721c3-53c4-42c0-9353-8bd1dc27f27d.jpg","datePublished":"2024-04-12T17:31:39+00:00","breadcrumb":{"@id":"https:\/\/fieam.org.br\/sesi\/comunicado-processo-seletivo-externo-no-002-2024-cargo-pas-profissional-analista-superior-psicologo-parintins\/#breadcrumb"},"inLanguage":"pt-BR","potentialAction":[{"@type":"ReadAction","target":["https:\/\/fieam.org.br\/sesi\/comunicado-processo-seletivo-externo-no-002-2024-cargo-pas-profissional-analista-superior-psicologo-parintins\/"]}]},{"@type":"ImageObject","inLanguage":"pt-BR","@id":"https:\/\/fieam.org.br\/sesi\/comunicado-processo-seletivo-externo-no-002-2024-cargo-pas-profissional-analista-superior-psicologo-parintins\/#primaryimage","url":"https:\/\/fieam.org.br\/sesi\/wp-content\/uploads\/sites\/14\/2023\/02\/4b7721c3-53c4-42c0-9353-8bd1dc27f27d.jpg","contentUrl":"https:\/\/fieam.org.br\/sesi\/wp-content\/uploads\/sites\/14\/2023\/02\/4b7721c3-53c4-42c0-9353-8bd1dc27f27d.jpg","width":1080,"height":1080},{"@type":"BreadcrumbList","@id":"https:\/\/fieam.org.br\/sesi\/comunicado-processo-seletivo-externo-no-002-2024-cargo-pas-profissional-analista-superior-psicologo-parintins\/#breadcrumb","itemListElement":[{"@type":"ListItem","position":1,"name":"In\u00edcio","item":"https:\/\/fieam.org.br\/sesi\/"},{"@type":"ListItem","position":2,"name":"COMUNICADO PROCESSO SELETIVO EXTERNO \u2013 N\u00ba 002-2024 \/ CARGO: PAS \u2013 PROFISSIONAL ANALISTA SUPERIOR Psic\u00f3logo &#8211; Parintins"}]},{"@type":"WebSite","@id":"https:\/\/fieam.org.br\/sesi\/#website","url":"https:\/\/fieam.org.br\/sesi\/","name":"SESI","description":"Site Oficial!","publisher":{"@id":"https:\/\/fieam.org.br\/sesi\/#organization"},"potentialAction":[{"@type":"SearchAction","target":{"@type":"EntryPoint","urlTemplate":"https:\/\/fieam.org.br\/sesi\/?s={search_term_string}"},"query-input":{"@type":"PropertyValueSpecification","valueRequired":true,"valueName":"search_term_string"}}],"inLanguage":"pt-BR"},{"@type":"Organization","@id":"https:\/\/fieam.org.br\/sesi\/#organization","name":"SESI","url":"https:\/\/fieam.org.br\/sesi\/","logo":{"@type":"ImageObject","inLanguage":"pt-BR","@id":"https:\/\/fieam.org.br\/sesi\/#\/schema\/logo\/image\/","url":"https:\/\/fieam.org.br\/sesi\/wp-content\/uploads\/sites\/14\/2024\/03\/cropped-fav.png","contentUrl":"https:\/\/fieam.org.br\/sesi\/wp-content\/uploads\/sites\/14\/2024\/03\/cropped-fav.png","width":610,"height":589,"caption":"SESI"},"image":{"@id":"https:\/\/fieam.org.br\/sesi\/#\/schema\/logo\/image\/"}},{"@type":"Person","@id":"https:\/\/fieam.org.br\/sesi\/#\/schema\/person\/d2f2b25cf67a0bd6bf62f0f268bb5dec","name":"renatanascimento","image":{"@type":"ImageObject","inLanguage":"pt-BR","@id":"https:\/\/secure.gravatar.com\/avatar\/93de15dc95baaa908fed52352fb797e95971f7518700a292d0fc7ad450ae039d?s=96&d=mm&r=g","url":"https:\/\/secure.gravatar.com\/avatar\/93de15dc95baaa908fed52352fb797e95971f7518700a292d0fc7ad450ae039d?s=96&d=mm&r=g","contentUrl":"https:\/\/secure.gravatar.com\/avatar\/93de15dc95baaa908fed52352fb797e95971f7518700a292d0fc7ad450ae039d?s=96&d=mm&r=g","caption":"renatanascimento"},"url":"https:\/\/fieam.org.br\/sesi\/author\/renatanascimento\/"}]}},"_links":{"self":[{"href":"https:\/\/fieam.org.br\/sesi\/wp-json\/wp\/v2\/posts\/20351","targetHints":{"allow":["GET"]}}],"collection":[{"href":"https:\/\/fieam.org.br\/sesi\/wp-json\/wp\/v2\/posts"}],"about":[{"href":"https:\/\/fieam.org.br\/sesi\/wp-json\/wp\/v2\/types\/post"}],"author":[{"embeddable":true,"href":"https:\/\/fieam.org.br\/sesi\/wp-json\/wp\/v2\/users\/10"}],"replies":[{"embeddable":true,"href":"https:\/\/fieam.org.br\/sesi\/wp-json\/wp\/v2\/comments?post=20351"}],"version-history":[{"count":1,"href":"https:\/\/fieam.org.br\/sesi\/wp-json\/wp\/v2\/posts\/20351\/revisions"}],"predecessor-version":[{"id":20358,"href":"https:\/\/fieam.org.br\/sesi\/wp-json\/wp\/v2\/posts\/20351\/revisions\/20358"}],"wp:featuredmedia":[{"embeddable":true,"href":"https:\/\/fieam.org.br\/sesi\/wp-json\/wp\/v2\/media\/19036"}],"wp:attachment":[{"href":"https:\/\/fieam.org.br\/sesi\/wp-json\/wp\/v2\/media?parent=20351"}],"wp:term":[{"taxonomy":"category","embeddable":true,"href":"https:\/\/fieam.org.br\/sesi\/wp-json\/wp\/v2\/categories?post=20351"},{"taxonomy":"post_tag","embeddable":true,"href":"https:\/\/fieam.org.br\/sesi\/wp-json\/wp\/v2\/tags?post=20351"}],"curies":[{"name":"wp","href":"https:\/\/api.w.org\/{rel}","templated":true}]}}