{"id":20171,"date":"2024-01-19T06:37:35","date_gmt":"2024-01-19T06:37:35","guid":{"rendered":"https:\/\/fieam.org.br\/sesi\/?p=20171"},"modified":"2024-03-18T06:40:12","modified_gmt":"2024-03-18T06:40:12","slug":"sesi-destaca-importancia-da-gestao-da-saude-e-seguranca-no-trabalho","status":"publish","type":"post","link":"https:\/\/fieam.org.br\/sesi\/sesi-destaca-importancia-da-gestao-da-saude-e-seguranca-no-trabalho\/","title":{"rendered":"SESI destaca import\u00e2ncia da gest\u00e3o  da Sa\u00fade e Seguran\u00e7a no Trabalho"},"content":{"rendered":"<p>Com o objetivo de compartilhar conhecimentos e conscientizar acerca das legisla\u00e7\u00f5es contidas no Programa de Gerenciamento de Riscos (PGR) e no Programa de Controle M\u00e9dico de Sa\u00fade Ocupacional (PCMSO), o SESISA\u00daDE realizou ontem (18) no Clube do Trabalhador do Amazonas a primeira edi\u00e7\u00e3o do \u201cCaf\u00e9 com SST\u201d, sigla para Sa\u00fade e Seguran\u00e7a no Trabalho para aproximadamente 100 representantes de ind\u00fastrias. A iniciativa pretende chamar a aten\u00e7\u00e3o das ind\u00fastrias para a import\u00e2ncia\u00a0da boa gest\u00e3o dos programas de SST.<\/p>\n<p><img fetchpriority=\"high\" decoding=\"async\" class=\"alignnone wp-image-20173 size-large\" src=\"https:\/\/fieam.org.br\/sesi\/wp-content\/uploads\/sites\/14\/2024\/03\/R052-1024x682.jpeg\" alt=\"\" width=\"800\" height=\"533\" srcset=\"https:\/\/fieam.org.br\/sesi\/wp-content\/uploads\/sites\/14\/2024\/03\/R052-1024x682.jpeg 1024w, https:\/\/fieam.org.br\/sesi\/wp-content\/uploads\/sites\/14\/2024\/03\/R052-300x200.jpeg 300w, https:\/\/fieam.org.br\/sesi\/wp-content\/uploads\/sites\/14\/2024\/03\/R052-768x512.jpeg 768w, https:\/\/fieam.org.br\/sesi\/wp-content\/uploads\/sites\/14\/2024\/03\/R052-1536x1023.jpeg 1536w, https:\/\/fieam.org.br\/sesi\/wp-content\/uploads\/sites\/14\/2024\/03\/R052.jpeg 1600w\" sizes=\"(max-width: 800px) 100vw, 800px\" \/><\/p>\n<p>\u201cA mudan\u00e7a das legisla\u00e7\u00f5es, ocorrida h\u00e1 dois anos, tornou o PGR um guarda-chuva de todas as a\u00e7\u00f5es que uma empresa precisa fazer para cumprir as normas de sa\u00fade e seguran\u00e7a, substituindo o antigo Programa de Preven\u00e7\u00e3o de Riscos Ambientais (PPRA), que n\u00e3o tinha toda a robustez que hoje o PGR tem\u201d, explica o gerente de SST do SESISA\u00daDE, Cl\u00e1udio Palheta, ressaltando que o evento nasceu ap\u00f3s se verificar que muitas empresas ainda enfrentam dificuldades gerenciar as normas, devido \u00e0 falta de aprendizado sobre o assunto.<\/p>\n<p><img decoding=\"async\" class=\"alignnone wp-image-20174 size-large\" src=\"https:\/\/fieam.org.br\/sesi\/wp-content\/uploads\/sites\/14\/2024\/03\/R053-1024x682.jpeg\" alt=\"\" width=\"800\" height=\"533\" srcset=\"https:\/\/fieam.org.br\/sesi\/wp-content\/uploads\/sites\/14\/2024\/03\/R053-1024x682.jpeg 1024w, https:\/\/fieam.org.br\/sesi\/wp-content\/uploads\/sites\/14\/2024\/03\/R053-300x200.jpeg 300w, https:\/\/fieam.org.br\/sesi\/wp-content\/uploads\/sites\/14\/2024\/03\/R053-768x512.jpeg 768w, https:\/\/fieam.org.br\/sesi\/wp-content\/uploads\/sites\/14\/2024\/03\/R053-1536x1023.jpeg 1536w, https:\/\/fieam.org.br\/sesi\/wp-content\/uploads\/sites\/14\/2024\/03\/R053.jpeg 1600w\" sizes=\"(max-width: 800px) 100vw, 800px\" \/><\/p>\n<p>Samuel Serr\u00e3o, t\u00e9cnico de seguran\u00e7a no trabalho do SESI, ao abordar a Norma Regulamentadora NR 1 (Disposi\u00e7\u00f5es Gerais e Gerenciamento de Riscos), destacou o prop\u00f3sito de esclarecer como o programa deve ser implementado e gerenciado na empresa, quais as responsabilidades, o prazo de validade do programa, o invent\u00e1rio de riscos e plano de a\u00e7\u00e3o, assim como as principais dificuldades na implementa\u00e7\u00e3o e estrat\u00e9gias para implementa\u00e7\u00e3o e gerenciamento do PRG.<\/p>\n<p>Pontuando as diretrizes e os requisitos para o desenvolvimento do PCMSO nas organiza\u00e7\u00f5es, a m\u00e9dica do trabalho do SESISA\u00daDE, Renata Xavier, compartilhou quais iniciativas que uma empresa deve tomar no campo de sa\u00fade de seus empregados e como deve estar harmonizada com as normas reguladoras, em especial a 07. \u00a0\u201cInvestir na sa\u00fade, \u00e9 investir no bem-estar de seus trabalhadores, contribuindo na redu\u00e7\u00e3o dos custos por afastamento de doen\u00e7as relacionadas com o trabalho\u201d, afirma a m\u00e9dica.<\/p>\n<p>Na ocasi\u00e3o tamb\u00e9m foi realizado o lan\u00e7amento do Mentis 360, produto do SESI que realiza a gest\u00e3o de dados de sa\u00fade mental dos trabalhadores. De acordo com Haldo Gon\u00e7alves, especialista do SESI, a plataforma consiste em um mapeamento detalhado em que a empresa poder\u00e1 visualizar um panorama da sa\u00fade mental por \u00e1rea, entendendo melhor como os trabalhadores est\u00e3o se sentido e podendo, com isso, por meio de um dashboard, planejar e implantar a\u00e7\u00f5es que promovam o bem-estar da empresa a partir de dados estruturados e seguros.<\/p>\n<p><img decoding=\"async\" class=\"alignnone wp-image-20175 size-large\" src=\"https:\/\/fieam.org.br\/sesi\/wp-content\/uploads\/sites\/14\/2024\/03\/R05-1024x682.jpeg\" alt=\"\" width=\"800\" height=\"533\" srcset=\"https:\/\/fieam.org.br\/sesi\/wp-content\/uploads\/sites\/14\/2024\/03\/R05-1024x682.jpeg 1024w, https:\/\/fieam.org.br\/sesi\/wp-content\/uploads\/sites\/14\/2024\/03\/R05-300x200.jpeg 300w, https:\/\/fieam.org.br\/sesi\/wp-content\/uploads\/sites\/14\/2024\/03\/R05-768x512.jpeg 768w, https:\/\/fieam.org.br\/sesi\/wp-content\/uploads\/sites\/14\/2024\/03\/R05-1536x1023.jpeg 1536w, https:\/\/fieam.org.br\/sesi\/wp-content\/uploads\/sites\/14\/2024\/03\/R05.jpeg 1600w\" sizes=\"(max-width: 800px) 100vw, 800px\" \/><\/p>\n<p>\u201cA ferramenta \u00e9 superintuitiva. O trabalhador responder\u00e1 um question\u00e1rio cient\u00edfico e a empresa ter\u00e1 uma amostra do cen\u00e1rio detalhado da sa\u00fade mental da organiza\u00e7\u00e3o. Da mesma forma, o trabalhador, ap\u00f3s responder o question\u00e1rio, ter\u00e1 um resultado individual e o resultado geral dos empregados. Al\u00e9m disso, a plataforma cont\u00e9m conte\u00fado personalizado, desenvolvido por especialistas, para acesso e leitura\u201d, detalha Gon\u00e7alves.<\/p>\n<p>A programa\u00e7\u00e3o que durou at\u00e9 meio dia, contou tamb\u00e9m atividades de macrogin\u00e1sticas, palestras sobre higiene ocupacional, instrumenta\u00e7\u00e3o, avalia\u00e7\u00e3o de radia\u00e7\u00e3o n\u00e3o ionizante, al\u00e9m de sorteios.<\/p>\n","protected":false},"excerpt":{"rendered":"<p>Com o objetivo de compartilhar conhecimentos e conscientizar acerca das legisla\u00e7\u00f5es contidas no Programa de Gerenciamento de Riscos (PGR) e no Programa de Controle M\u00e9dico de Sa\u00fade Ocupacional (PCMSO), o SESISA\u00daDE realizou ontem (18) no Clube do Trabalhador do Amazonas a primeira edi\u00e7\u00e3o do \u201cCaf\u00e9 com SST\u201d, sigla para Sa\u00fade e Seguran\u00e7a no Trabalho para [&hellip;]<\/p>\n","protected":false},"author":1,"featured_media":20172,"comment_status":"open","ping_status":"open","sticky":false,"template":"","format":"standard","meta":{"footnotes":""},"categories":[26],"tags":[],"class_list":["post-20171","post","type-post","status-publish","format-standard","has-post-thumbnail","hentry","category-news-destaque"],"yoast_head":"<!-- This site is optimized with the Yoast SEO plugin v26.8 - https:\/\/yoast.com\/product\/yoast-seo-wordpress\/ -->\n<title>SESI destaca import\u00e2ncia da gest\u00e3o da Sa\u00fade e Seguran\u00e7a no Trabalho - SESI<\/title>\n<meta name=\"robots\" content=\"index, follow, max-snippet:-1, max-image-preview:large, max-video-preview:-1\" \/>\n<link rel=\"canonical\" href=\"https:\/\/fieam.org.br\/sesi\/sesi-destaca-importancia-da-gestao-da-saude-e-seguranca-no-trabalho\/\" \/>\n<meta property=\"og:locale\" content=\"pt_BR\" \/>\n<meta property=\"og:type\" content=\"article\" \/>\n<meta property=\"og:title\" content=\"SESI destaca import\u00e2ncia da gest\u00e3o da Sa\u00fade e Seguran\u00e7a no Trabalho - SESI\" \/>\n<meta property=\"og:description\" content=\"Com o objetivo de compartilhar conhecimentos e conscientizar acerca das legisla\u00e7\u00f5es contidas no Programa de Gerenciamento de Riscos (PGR) e no Programa de Controle M\u00e9dico de Sa\u00fade Ocupacional (PCMSO), o SESISA\u00daDE realizou ontem (18) no Clube do Trabalhador do Amazonas a primeira edi\u00e7\u00e3o do \u201cCaf\u00e9 com SST\u201d, sigla para Sa\u00fade e Seguran\u00e7a no Trabalho para [&hellip;]\" \/>\n<meta property=\"og:url\" content=\"https:\/\/fieam.org.br\/sesi\/sesi-destaca-importancia-da-gestao-da-saude-e-seguranca-no-trabalho\/\" \/>\n<meta property=\"og:site_name\" content=\"SESI\" \/>\n<meta property=\"article:published_time\" content=\"2024-01-19T06:37:35+00:00\" \/>\n<meta property=\"article:modified_time\" content=\"2024-03-18T06:40:12+00:00\" \/>\n<meta property=\"og:image\" content=\"https:\/\/fieam.org.br\/sesi\/wp-content\/uploads\/sites\/14\/2024\/03\/R051.jpeg\" \/>\n\t<meta property=\"og:image:width\" content=\"1600\" \/>\n\t<meta property=\"og:image:height\" content=\"1066\" \/>\n\t<meta property=\"og:image:type\" content=\"image\/jpeg\" \/>\n<meta name=\"author\" content=\"Autor\" \/>\n<meta name=\"twitter:card\" content=\"summary_large_image\" \/>\n<meta name=\"twitter:label1\" content=\"Escrito por\" \/>\n\t<meta name=\"twitter:data1\" content=\"Autor\" \/>\n\t<meta name=\"twitter:label2\" content=\"Est. tempo de leitura\" \/>\n\t<meta name=\"twitter:data2\" content=\"3 minutos\" \/>\n<script type=\"application\/ld+json\" class=\"yoast-schema-graph\">{\"@context\":\"https:\/\/schema.org\",\"@graph\":[{\"@type\":\"Article\",\"@id\":\"https:\/\/fieam.org.br\/sesi\/sesi-destaca-importancia-da-gestao-da-saude-e-seguranca-no-trabalho\/#article\",\"isPartOf\":{\"@id\":\"https:\/\/fieam.org.br\/sesi\/sesi-destaca-importancia-da-gestao-da-saude-e-seguranca-no-trabalho\/\"},\"author\":{\"name\":\"Autor\",\"@id\":\"https:\/\/fieam.org.br\/sesi\/#\/schema\/person\/c1ceda8321521b291cee22da0a7d34be\"},\"headline\":\"SESI destaca import\u00e2ncia da gest\u00e3o da Sa\u00fade e Seguran\u00e7a no Trabalho\",\"datePublished\":\"2024-01-19T06:37:35+00:00\",\"dateModified\":\"2024-03-18T06:40:12+00:00\",\"mainEntityOfPage\":{\"@id\":\"https:\/\/fieam.org.br\/sesi\/sesi-destaca-importancia-da-gestao-da-saude-e-seguranca-no-trabalho\/\"},\"wordCount\":552,\"commentCount\":0,\"publisher\":{\"@id\":\"https:\/\/fieam.org.br\/sesi\/#organization\"},\"image\":{\"@id\":\"https:\/\/fieam.org.br\/sesi\/sesi-destaca-importancia-da-gestao-da-saude-e-seguranca-no-trabalho\/#primaryimage\"},\"thumbnailUrl\":\"https:\/\/fieam.org.br\/sesi\/wp-content\/uploads\/sites\/14\/2024\/03\/R051.jpeg\",\"articleSection\":[\"News Destaque\"],\"inLanguage\":\"pt-BR\",\"potentialAction\":[{\"@type\":\"CommentAction\",\"name\":\"Comment\",\"target\":[\"https:\/\/fieam.org.br\/sesi\/sesi-destaca-importancia-da-gestao-da-saude-e-seguranca-no-trabalho\/#respond\"]}]},{\"@type\":\"WebPage\",\"@id\":\"https:\/\/fieam.org.br\/sesi\/sesi-destaca-importancia-da-gestao-da-saude-e-seguranca-no-trabalho\/\",\"url\":\"https:\/\/fieam.org.br\/sesi\/sesi-destaca-importancia-da-gestao-da-saude-e-seguranca-no-trabalho\/\",\"name\":\"SESI destaca import\u00e2ncia da gest\u00e3o da Sa\u00fade e Seguran\u00e7a no Trabalho - SESI\",\"isPartOf\":{\"@id\":\"https:\/\/fieam.org.br\/sesi\/#website\"},\"primaryImageOfPage\":{\"@id\":\"https:\/\/fieam.org.br\/sesi\/sesi-destaca-importancia-da-gestao-da-saude-e-seguranca-no-trabalho\/#primaryimage\"},\"image\":{\"@id\":\"https:\/\/fieam.org.br\/sesi\/sesi-destaca-importancia-da-gestao-da-saude-e-seguranca-no-trabalho\/#primaryimage\"},\"thumbnailUrl\":\"https:\/\/fieam.org.br\/sesi\/wp-content\/uploads\/sites\/14\/2024\/03\/R051.jpeg\",\"datePublished\":\"2024-01-19T06:37:35+00:00\",\"dateModified\":\"2024-03-18T06:40:12+00:00\",\"breadcrumb\":{\"@id\":\"https:\/\/fieam.org.br\/sesi\/sesi-destaca-importancia-da-gestao-da-saude-e-seguranca-no-trabalho\/#breadcrumb\"},\"inLanguage\":\"pt-BR\",\"potentialAction\":[{\"@type\":\"ReadAction\",\"target\":[\"https:\/\/fieam.org.br\/sesi\/sesi-destaca-importancia-da-gestao-da-saude-e-seguranca-no-trabalho\/\"]}]},{\"@type\":\"ImageObject\",\"inLanguage\":\"pt-BR\",\"@id\":\"https:\/\/fieam.org.br\/sesi\/sesi-destaca-importancia-da-gestao-da-saude-e-seguranca-no-trabalho\/#primaryimage\",\"url\":\"https:\/\/fieam.org.br\/sesi\/wp-content\/uploads\/sites\/14\/2024\/03\/R051.jpeg\",\"contentUrl\":\"https:\/\/fieam.org.br\/sesi\/wp-content\/uploads\/sites\/14\/2024\/03\/R051.jpeg\",\"width\":1600,\"height\":1066},{\"@type\":\"BreadcrumbList\",\"@id\":\"https:\/\/fieam.org.br\/sesi\/sesi-destaca-importancia-da-gestao-da-saude-e-seguranca-no-trabalho\/#breadcrumb\",\"itemListElement\":[{\"@type\":\"ListItem\",\"position\":1,\"name\":\"In\u00edcio\",\"item\":\"https:\/\/fieam.org.br\/sesi\/\"},{\"@type\":\"ListItem\",\"position\":2,\"name\":\"SESI destaca import\u00e2ncia da gest\u00e3o da Sa\u00fade e Seguran\u00e7a no Trabalho\"}]},{\"@type\":\"WebSite\",\"@id\":\"https:\/\/fieam.org.br\/sesi\/#website\",\"url\":\"https:\/\/fieam.org.br\/sesi\/\",\"name\":\"SESI\",\"description\":\"Site Oficial!\",\"publisher\":{\"@id\":\"https:\/\/fieam.org.br\/sesi\/#organization\"},\"potentialAction\":[{\"@type\":\"SearchAction\",\"target\":{\"@type\":\"EntryPoint\",\"urlTemplate\":\"https:\/\/fieam.org.br\/sesi\/?s={search_term_string}\"},\"query-input\":{\"@type\":\"PropertyValueSpecification\",\"valueRequired\":true,\"valueName\":\"search_term_string\"}}],\"inLanguage\":\"pt-BR\"},{\"@type\":\"Organization\",\"@id\":\"https:\/\/fieam.org.br\/sesi\/#organization\",\"name\":\"SESI\",\"url\":\"https:\/\/fieam.org.br\/sesi\/\",\"logo\":{\"@type\":\"ImageObject\",\"inLanguage\":\"pt-BR\",\"@id\":\"https:\/\/fieam.org.br\/sesi\/#\/schema\/logo\/image\/\",\"url\":\"https:\/\/fieam.org.br\/sesi\/wp-content\/uploads\/sites\/14\/2024\/03\/cropped-fav.png\",\"contentUrl\":\"https:\/\/fieam.org.br\/sesi\/wp-content\/uploads\/sites\/14\/2024\/03\/cropped-fav.png\",\"width\":610,\"height\":589,\"caption\":\"SESI\"},\"image\":{\"@id\":\"https:\/\/fieam.org.br\/sesi\/#\/schema\/logo\/image\/\"}},{\"@type\":\"Person\",\"@id\":\"https:\/\/fieam.org.br\/sesi\/#\/schema\/person\/c1ceda8321521b291cee22da0a7d34be\",\"name\":\"Autor\",\"image\":{\"@type\":\"ImageObject\",\"inLanguage\":\"pt-BR\",\"@id\":\"https:\/\/fieam.org.br\/sesi\/#\/schema\/person\/image\/\",\"url\":\"https:\/\/secure.gravatar.com\/avatar\/3732c223e0e1fad69062a8f770955c9068d37b055204f310a0be18d4069fe380?s=96&d=mm&r=g\",\"contentUrl\":\"https:\/\/secure.gravatar.com\/avatar\/3732c223e0e1fad69062a8f770955c9068d37b055204f310a0be18d4069fe380?s=96&d=mm&r=g\",\"caption\":\"Autor\"},\"sameAs\":[\"https:\/\/marketingmassivo.com.br\"],\"url\":\"https:\/\/fieam.org.br\/sesi\/author\/admin\/\"}]}<\/script>\n<!-- \/ Yoast SEO plugin. -->","yoast_head_json":{"title":"SESI destaca import\u00e2ncia da gest\u00e3o da Sa\u00fade e Seguran\u00e7a no Trabalho - SESI","robots":{"index":"index","follow":"follow","max-snippet":"max-snippet:-1","max-image-preview":"max-image-preview:large","max-video-preview":"max-video-preview:-1"},"canonical":"https:\/\/fieam.org.br\/sesi\/sesi-destaca-importancia-da-gestao-da-saude-e-seguranca-no-trabalho\/","og_locale":"pt_BR","og_type":"article","og_title":"SESI destaca import\u00e2ncia da gest\u00e3o da Sa\u00fade e Seguran\u00e7a no Trabalho - SESI","og_description":"Com o objetivo de compartilhar conhecimentos e conscientizar acerca das legisla\u00e7\u00f5es contidas no Programa de Gerenciamento de Riscos (PGR) e no Programa de Controle M\u00e9dico de Sa\u00fade Ocupacional (PCMSO), o SESISA\u00daDE realizou ontem (18) no Clube do Trabalhador do Amazonas a primeira edi\u00e7\u00e3o do \u201cCaf\u00e9 com SST\u201d, sigla para Sa\u00fade e Seguran\u00e7a no Trabalho para [&hellip;]","og_url":"https:\/\/fieam.org.br\/sesi\/sesi-destaca-importancia-da-gestao-da-saude-e-seguranca-no-trabalho\/","og_site_name":"SESI","article_published_time":"2024-01-19T06:37:35+00:00","article_modified_time":"2024-03-18T06:40:12+00:00","og_image":[{"width":1600,"height":1066,"url":"https:\/\/fieam.org.br\/sesi\/wp-content\/uploads\/sites\/14\/2024\/03\/R051.jpeg","type":"image\/jpeg"}],"author":"Autor","twitter_card":"summary_large_image","twitter_misc":{"Escrito por":"Autor","Est. tempo de leitura":"3 minutos"},"schema":{"@context":"https:\/\/schema.org","@graph":[{"@type":"Article","@id":"https:\/\/fieam.org.br\/sesi\/sesi-destaca-importancia-da-gestao-da-saude-e-seguranca-no-trabalho\/#article","isPartOf":{"@id":"https:\/\/fieam.org.br\/sesi\/sesi-destaca-importancia-da-gestao-da-saude-e-seguranca-no-trabalho\/"},"author":{"name":"Autor","@id":"https:\/\/fieam.org.br\/sesi\/#\/schema\/person\/c1ceda8321521b291cee22da0a7d34be"},"headline":"SESI destaca import\u00e2ncia da gest\u00e3o da Sa\u00fade e Seguran\u00e7a no Trabalho","datePublished":"2024-01-19T06:37:35+00:00","dateModified":"2024-03-18T06:40:12+00:00","mainEntityOfPage":{"@id":"https:\/\/fieam.org.br\/sesi\/sesi-destaca-importancia-da-gestao-da-saude-e-seguranca-no-trabalho\/"},"wordCount":552,"commentCount":0,"publisher":{"@id":"https:\/\/fieam.org.br\/sesi\/#organization"},"image":{"@id":"https:\/\/fieam.org.br\/sesi\/sesi-destaca-importancia-da-gestao-da-saude-e-seguranca-no-trabalho\/#primaryimage"},"thumbnailUrl":"https:\/\/fieam.org.br\/sesi\/wp-content\/uploads\/sites\/14\/2024\/03\/R051.jpeg","articleSection":["News Destaque"],"inLanguage":"pt-BR","potentialAction":[{"@type":"CommentAction","name":"Comment","target":["https:\/\/fieam.org.br\/sesi\/sesi-destaca-importancia-da-gestao-da-saude-e-seguranca-no-trabalho\/#respond"]}]},{"@type":"WebPage","@id":"https:\/\/fieam.org.br\/sesi\/sesi-destaca-importancia-da-gestao-da-saude-e-seguranca-no-trabalho\/","url":"https:\/\/fieam.org.br\/sesi\/sesi-destaca-importancia-da-gestao-da-saude-e-seguranca-no-trabalho\/","name":"SESI destaca import\u00e2ncia da gest\u00e3o da Sa\u00fade e Seguran\u00e7a no Trabalho - SESI","isPartOf":{"@id":"https:\/\/fieam.org.br\/sesi\/#website"},"primaryImageOfPage":{"@id":"https:\/\/fieam.org.br\/sesi\/sesi-destaca-importancia-da-gestao-da-saude-e-seguranca-no-trabalho\/#primaryimage"},"image":{"@id":"https:\/\/fieam.org.br\/sesi\/sesi-destaca-importancia-da-gestao-da-saude-e-seguranca-no-trabalho\/#primaryimage"},"thumbnailUrl":"https:\/\/fieam.org.br\/sesi\/wp-content\/uploads\/sites\/14\/2024\/03\/R051.jpeg","datePublished":"2024-01-19T06:37:35+00:00","dateModified":"2024-03-18T06:40:12+00:00","breadcrumb":{"@id":"https:\/\/fieam.org.br\/sesi\/sesi-destaca-importancia-da-gestao-da-saude-e-seguranca-no-trabalho\/#breadcrumb"},"inLanguage":"pt-BR","potentialAction":[{"@type":"ReadAction","target":["https:\/\/fieam.org.br\/sesi\/sesi-destaca-importancia-da-gestao-da-saude-e-seguranca-no-trabalho\/"]}]},{"@type":"ImageObject","inLanguage":"pt-BR","@id":"https:\/\/fieam.org.br\/sesi\/sesi-destaca-importancia-da-gestao-da-saude-e-seguranca-no-trabalho\/#primaryimage","url":"https:\/\/fieam.org.br\/sesi\/wp-content\/uploads\/sites\/14\/2024\/03\/R051.jpeg","contentUrl":"https:\/\/fieam.org.br\/sesi\/wp-content\/uploads\/sites\/14\/2024\/03\/R051.jpeg","width":1600,"height":1066},{"@type":"BreadcrumbList","@id":"https:\/\/fieam.org.br\/sesi\/sesi-destaca-importancia-da-gestao-da-saude-e-seguranca-no-trabalho\/#breadcrumb","itemListElement":[{"@type":"ListItem","position":1,"name":"In\u00edcio","item":"https:\/\/fieam.org.br\/sesi\/"},{"@type":"ListItem","position":2,"name":"SESI destaca import\u00e2ncia da gest\u00e3o da Sa\u00fade e Seguran\u00e7a no Trabalho"}]},{"@type":"WebSite","@id":"https:\/\/fieam.org.br\/sesi\/#website","url":"https:\/\/fieam.org.br\/sesi\/","name":"SESI","description":"Site Oficial!","publisher":{"@id":"https:\/\/fieam.org.br\/sesi\/#organization"},"potentialAction":[{"@type":"SearchAction","target":{"@type":"EntryPoint","urlTemplate":"https:\/\/fieam.org.br\/sesi\/?s={search_term_string}"},"query-input":{"@type":"PropertyValueSpecification","valueRequired":true,"valueName":"search_term_string"}}],"inLanguage":"pt-BR"},{"@type":"Organization","@id":"https:\/\/fieam.org.br\/sesi\/#organization","name":"SESI","url":"https:\/\/fieam.org.br\/sesi\/","logo":{"@type":"ImageObject","inLanguage":"pt-BR","@id":"https:\/\/fieam.org.br\/sesi\/#\/schema\/logo\/image\/","url":"https:\/\/fieam.org.br\/sesi\/wp-content\/uploads\/sites\/14\/2024\/03\/cropped-fav.png","contentUrl":"https:\/\/fieam.org.br\/sesi\/wp-content\/uploads\/sites\/14\/2024\/03\/cropped-fav.png","width":610,"height":589,"caption":"SESI"},"image":{"@id":"https:\/\/fieam.org.br\/sesi\/#\/schema\/logo\/image\/"}},{"@type":"Person","@id":"https:\/\/fieam.org.br\/sesi\/#\/schema\/person\/c1ceda8321521b291cee22da0a7d34be","name":"Autor","image":{"@type":"ImageObject","inLanguage":"pt-BR","@id":"https:\/\/fieam.org.br\/sesi\/#\/schema\/person\/image\/","url":"https:\/\/secure.gravatar.com\/avatar\/3732c223e0e1fad69062a8f770955c9068d37b055204f310a0be18d4069fe380?s=96&d=mm&r=g","contentUrl":"https:\/\/secure.gravatar.com\/avatar\/3732c223e0e1fad69062a8f770955c9068d37b055204f310a0be18d4069fe380?s=96&d=mm&r=g","caption":"Autor"},"sameAs":["https:\/\/marketingmassivo.com.br"],"url":"https:\/\/fieam.org.br\/sesi\/author\/admin\/"}]}},"_links":{"self":[{"href":"https:\/\/fieam.org.br\/sesi\/wp-json\/wp\/v2\/posts\/20171","targetHints":{"allow":["GET"]}}],"collection":[{"href":"https:\/\/fieam.org.br\/sesi\/wp-json\/wp\/v2\/posts"}],"about":[{"href":"https:\/\/fieam.org.br\/sesi\/wp-json\/wp\/v2\/types\/post"}],"author":[{"embeddable":true,"href":"https:\/\/fieam.org.br\/sesi\/wp-json\/wp\/v2\/users\/1"}],"replies":[{"embeddable":true,"href":"https:\/\/fieam.org.br\/sesi\/wp-json\/wp\/v2\/comments?post=20171"}],"version-history":[{"count":1,"href":"https:\/\/fieam.org.br\/sesi\/wp-json\/wp\/v2\/posts\/20171\/revisions"}],"predecessor-version":[{"id":20177,"href":"https:\/\/fieam.org.br\/sesi\/wp-json\/wp\/v2\/posts\/20171\/revisions\/20177"}],"wp:featuredmedia":[{"embeddable":true,"href":"https:\/\/fieam.org.br\/sesi\/wp-json\/wp\/v2\/media\/20172"}],"wp:attachment":[{"href":"https:\/\/fieam.org.br\/sesi\/wp-json\/wp\/v2\/media?parent=20171"}],"wp:term":[{"taxonomy":"category","embeddable":true,"href":"https:\/\/fieam.org.br\/sesi\/wp-json\/wp\/v2\/categories?post=20171"},{"taxonomy":"post_tag","embeddable":true,"href":"https:\/\/fieam.org.br\/sesi\/wp-json\/wp\/v2\/tags?post=20171"}],"curies":[{"name":"wp","href":"https:\/\/api.w.org\/{rel}","templated":true}]}}