{"id":20154,"date":"2024-02-23T21:08:03","date_gmt":"2024-02-23T21:08:03","guid":{"rendered":"https:\/\/fieam.org.br\/sesi\/?p=20154"},"modified":"2024-03-18T06:34:06","modified_gmt":"2024-03-18T06:34:06","slug":"festival-de-parintins-e-acessibilidade-inspiram-projeto-de-robotica-do-sesi","status":"publish","type":"post","link":"https:\/\/fieam.org.br\/sesi\/festival-de-parintins-e-acessibilidade-inspiram-projeto-de-robotica-do-sesi\/","title":{"rendered":"Festival de Parintins e acessibilidade inspiram projeto de rob\u00f3tica do SESI"},"content":{"rendered":"<p><span style=\"font-weight: 400;\">Com o projeto de inova\u00e7\u00e3o \u201cToque liter\u00e1rio: a leitura t\u00e1til o convida para descobrir a cultura do boi bumb\u00e1 de Parintins\u201d, a equipe Lego Master, da Escola SESI Padre Francisco Luppino, do munic\u00edpio de Parintins, localizada a 372 quil\u00f4metros da capital amazonense, participa nos dias 27, 28 e 29 de fevereiro, e 1\u00ba e 2 de mar\u00e7o, no Pavilh\u00e3o do Parque da Cidade, em Bras\u00edlia, do Festival SESI de Educa\u00e7\u00e3o 2024 nas competi\u00e7\u00f5es do Torneio de Rob\u00f3tica First Lego League (FLL), First Tech Challenge (FTC), First Robotics Competition (FRC) e F1 in Schools.<\/span><\/p>\n<p><span style=\"font-weight: 400;\">Seis alunos de 12 e 13 anos de idade comp\u00f5em a equipe Lego Master, com o projeto que pretende levar acessibilidade aos portadores de defici\u00eancia visual por meio da leitura t\u00e1til. \u201cComo temos o maior festival folcl\u00f3rico do mundo (Festival de Parintins), lugar com o maior n\u00famero de elementos art\u00edsticos, as crian\u00e7as pensaram em ajudar as pessoas a conhecerem melhor a nossa cultura\u201d, explicou o professor e t\u00e9cnico da equipe, Helyssandro Freitas.<\/span><\/p>\n<p><img fetchpriority=\"high\" decoding=\"async\" class=\"alignnone  wp-image-5417\" src=\"https:\/\/fieam.org.br\/wp-content\/uploads\/2024\/03\/R10-2-1-263x300.jpeg\" alt=\"\" width=\"399\" height=\"455\" \/><\/p>\n<p><span style=\"font-weight: 400;\">Para isso, a equipe construiu um livro em braile, com imagens confeccionadas em 3D, juntamente com \u00e1udio de descri\u00e7\u00f5es, para que as pessoas com defici\u00eancia possam ter uma experi\u00eancia de imers\u00e3o ao tocar nos itens que s\u00e3o apresentados no bumb\u00f3dromo. \u201cNosso prot\u00f3tipo (livro) passou por algumas mudan\u00e7as para melhor manipula\u00e7\u00e3o, como tipo de encaderna\u00e7\u00e3o e a adi\u00e7\u00e3o de um gravador de voz, com \u00e1udio gravado em est\u00fadio profissional\u201d, explicou o professor.<\/span><\/p>\n<p><span style=\"font-weight: 400;\">A equipe Lego Master, liderada pelo professor de educa\u00e7\u00e3o f\u00edsica, Elyssandro Freitas, 45 anos, foi a 2\u00aa classificada para o Torneio SESI de Rob\u00f3tica Etapa Nacional em 2023, sendo a 5\u00aa vez que ir\u00e1 ao nacional. Segundo Freitas, a expectativa em rela\u00e7\u00e3o ao torneio est\u00e1 muito boa, as crian\u00e7as est\u00e3o ansiosas, mas um pouco preocupadas com a situa\u00e7\u00e3o de sa\u00fade p\u00fablica que est\u00e1 acontecendo em Bras\u00edlia (referindo-se ao aumento de casos de dengue na capital do Brasil).<\/span><\/p>\n<p><img decoding=\"async\" class=\"alignnone  wp-image-5418\" src=\"https:\/\/fieam.org.br\/wp-content\/uploads\/2024\/03\/R10-3-2-300x300.jpeg\" alt=\"\" width=\"400\" height=\"315\" \/><\/p>\n<p><span style=\"font-weight: 400;\">Outra equipe ir\u00e1 defender o Amazonas na categoria First Lego League (FLL), a El\u00e9trons da Escola SESI Abrah\u00e3o Sabb\u00e1 (Itacoatiara\/AM), equipe suplente, selecionada na etapa regional em novembro de 2023, na qual tamb\u00e9m se destacou, sendo a primeira finalista com o Projeto de inova\u00e7\u00e3o da competi\u00e7\u00e3o.<\/span><\/p>\n<p><span style=\"font-weight: 400;\">Os alunos das escolas SESI, al\u00e9m de participarem da FLL, tamb\u00e9m concorrem nas competi\u00e7\u00f5es de F1 in Schools, com a equipe Apoema, da Escola SESI Abrah\u00e3o Sabb\u00e1 e Apex Tupam, da Escola SESI Dra. Emina Barbosa Mustafa, e em First Tech Challenge (FTC) e First Robotics Competition (FRC), com as equipes Team Prodixy, da Escola SESI Dra. Emina Barbosa Mustafa.<\/span><\/p>\n<p><img decoding=\"async\" class=\"alignnone  wp-image-5419\" src=\"https:\/\/fieam.org.br\/wp-content\/uploads\/2024\/03\/R10-1-2-300x300.jpeg\" alt=\"\" width=\"404\" height=\"315\" \/><\/p>\n","protected":false},"excerpt":{"rendered":"<p>Com o projeto de inova\u00e7\u00e3o \u201cToque liter\u00e1rio: a leitura t\u00e1til o convida para descobrir a cultura do boi bumb\u00e1 de Parintins\u201d, a equipe Lego Master, da Escola SESI Padre Francisco Luppino, do munic\u00edpio de Parintins, localizada a 372 quil\u00f4metros da capital amazonense, participa nos dias 27, 28 e 29 de fevereiro, e 1\u00ba e 2 [&hellip;]<\/p>\n","protected":false},"author":1,"featured_media":20155,"comment_status":"open","ping_status":"open","sticky":false,"template":"","format":"standard","meta":{"footnotes":""},"categories":[134],"tags":[],"class_list":["post-20154","post","type-post","status-publish","format-standard","has-post-thumbnail","hentry","category-educacao"],"yoast_head":"<!-- This site is optimized with the Yoast SEO plugin v28.2 - https:\/\/yoast.com\/product\/yoast-seo-wordpress\/ -->\n<title>Festival de Parintins e acessibilidade inspiram projeto de rob\u00f3tica do SESI - SESI<\/title>\n<meta name=\"robots\" content=\"index, follow, max-snippet:-1, max-image-preview:large, max-video-preview:-1\" \/>\n<link rel=\"canonical\" href=\"https:\/\/fieam.org.br\/sesi\/festival-de-parintins-e-acessibilidade-inspiram-projeto-de-robotica-do-sesi\/\" \/>\n<meta property=\"og:locale\" content=\"pt_BR\" \/>\n<meta property=\"og:type\" content=\"article\" \/>\n<meta property=\"og:title\" content=\"Festival de Parintins e acessibilidade inspiram projeto de rob\u00f3tica do SESI - SESI\" \/>\n<meta property=\"og:description\" content=\"Com o projeto de inova\u00e7\u00e3o \u201cToque liter\u00e1rio: a leitura t\u00e1til o convida para descobrir a cultura do boi bumb\u00e1 de Parintins\u201d, a equipe Lego Master, da Escola SESI Padre Francisco Luppino, do munic\u00edpio de Parintins, localizada a 372 quil\u00f4metros da capital amazonense, participa nos dias 27, 28 e 29 de fevereiro, e 1\u00ba e 2 [&hellip;]\" \/>\n<meta property=\"og:url\" content=\"https:\/\/fieam.org.br\/sesi\/festival-de-parintins-e-acessibilidade-inspiram-projeto-de-robotica-do-sesi\/\" \/>\n<meta property=\"og:site_name\" content=\"SESI\" \/>\n<meta property=\"article:published_time\" content=\"2024-02-23T21:08:03+00:00\" \/>\n<meta property=\"article:modified_time\" content=\"2024-03-18T06:34:06+00:00\" \/>\n<meta property=\"og:image\" content=\"https:\/\/fieam.org.br\/sesi\/wp-content\/uploads\/sites\/14\/2024\/03\/R10.jpeg\" \/>\n\t<meta property=\"og:image:width\" content=\"1600\" \/>\n\t<meta property=\"og:image:height\" content=\"1200\" \/>\n\t<meta property=\"og:image:type\" content=\"image\/jpeg\" \/>\n<meta name=\"author\" content=\"Autor\" \/>\n<meta name=\"twitter:card\" content=\"summary_large_image\" \/>\n<meta name=\"twitter:label1\" content=\"Escrito por\" \/>\n\t<meta name=\"twitter:data1\" content=\"Autor\" \/>\n\t<meta name=\"twitter:label2\" content=\"Est. tempo de leitura\" \/>\n\t<meta name=\"twitter:data2\" content=\"2 minutos\" \/>\n<script type=\"application\/ld+json\" class=\"yoast-schema-graph\">{\"@context\":\"https:\\\/\\\/schema.org\",\"@graph\":[{\"@type\":\"Article\",\"@id\":\"https:\\\/\\\/fieam.org.br\\\/sesi\\\/festival-de-parintins-e-acessibilidade-inspiram-projeto-de-robotica-do-sesi\\\/#article\",\"isPartOf\":{\"@id\":\"https:\\\/\\\/fieam.org.br\\\/sesi\\\/festival-de-parintins-e-acessibilidade-inspiram-projeto-de-robotica-do-sesi\\\/\"},\"author\":{\"name\":\"Autor\",\"@id\":\"https:\\\/\\\/fieam.org.br\\\/sesi\\\/#\\\/schema\\\/person\\\/f54998dd14d5f0695b41444f2b01c31e\"},\"headline\":\"Festival de Parintins e acessibilidade inspiram projeto de rob\u00f3tica do SESI\",\"datePublished\":\"2024-02-23T21:08:03+00:00\",\"dateModified\":\"2024-03-18T06:34:06+00:00\",\"mainEntityOfPage\":{\"@id\":\"https:\\\/\\\/fieam.org.br\\\/sesi\\\/festival-de-parintins-e-acessibilidade-inspiram-projeto-de-robotica-do-sesi\\\/\"},\"wordCount\":468,\"commentCount\":0,\"publisher\":{\"@id\":\"https:\\\/\\\/fieam.org.br\\\/sesi\\\/#organization\"},\"image\":{\"@id\":\"https:\\\/\\\/fieam.org.br\\\/sesi\\\/festival-de-parintins-e-acessibilidade-inspiram-projeto-de-robotica-do-sesi\\\/#primaryimage\"},\"thumbnailUrl\":\"https:\\\/\\\/fieam.org.br\\\/sesi\\\/wp-content\\\/uploads\\\/sites\\\/14\\\/2024\\\/03\\\/R10.jpeg\",\"articleSection\":[\"Educa\u00e7\u00e3o\"],\"inLanguage\":\"pt-BR\",\"potentialAction\":[{\"@type\":\"CommentAction\",\"name\":\"Comment\",\"target\":[\"https:\\\/\\\/fieam.org.br\\\/sesi\\\/festival-de-parintins-e-acessibilidade-inspiram-projeto-de-robotica-do-sesi\\\/#respond\"]}]},{\"@type\":\"WebPage\",\"@id\":\"https:\\\/\\\/fieam.org.br\\\/sesi\\\/festival-de-parintins-e-acessibilidade-inspiram-projeto-de-robotica-do-sesi\\\/\",\"url\":\"https:\\\/\\\/fieam.org.br\\\/sesi\\\/festival-de-parintins-e-acessibilidade-inspiram-projeto-de-robotica-do-sesi\\\/\",\"name\":\"Festival de Parintins e acessibilidade inspiram projeto de rob\u00f3tica do SESI - SESI\",\"isPartOf\":{\"@id\":\"https:\\\/\\\/fieam.org.br\\\/sesi\\\/#website\"},\"primaryImageOfPage\":{\"@id\":\"https:\\\/\\\/fieam.org.br\\\/sesi\\\/festival-de-parintins-e-acessibilidade-inspiram-projeto-de-robotica-do-sesi\\\/#primaryimage\"},\"image\":{\"@id\":\"https:\\\/\\\/fieam.org.br\\\/sesi\\\/festival-de-parintins-e-acessibilidade-inspiram-projeto-de-robotica-do-sesi\\\/#primaryimage\"},\"thumbnailUrl\":\"https:\\\/\\\/fieam.org.br\\\/sesi\\\/wp-content\\\/uploads\\\/sites\\\/14\\\/2024\\\/03\\\/R10.jpeg\",\"datePublished\":\"2024-02-23T21:08:03+00:00\",\"dateModified\":\"2024-03-18T06:34:06+00:00\",\"breadcrumb\":{\"@id\":\"https:\\\/\\\/fieam.org.br\\\/sesi\\\/festival-de-parintins-e-acessibilidade-inspiram-projeto-de-robotica-do-sesi\\\/#breadcrumb\"},\"inLanguage\":\"pt-BR\",\"potentialAction\":[{\"@type\":\"ReadAction\",\"target\":[\"https:\\\/\\\/fieam.org.br\\\/sesi\\\/festival-de-parintins-e-acessibilidade-inspiram-projeto-de-robotica-do-sesi\\\/\"]}]},{\"@type\":\"ImageObject\",\"inLanguage\":\"pt-BR\",\"@id\":\"https:\\\/\\\/fieam.org.br\\\/sesi\\\/festival-de-parintins-e-acessibilidade-inspiram-projeto-de-robotica-do-sesi\\\/#primaryimage\",\"url\":\"https:\\\/\\\/fieam.org.br\\\/sesi\\\/wp-content\\\/uploads\\\/sites\\\/14\\\/2024\\\/03\\\/R10.jpeg\",\"contentUrl\":\"https:\\\/\\\/fieam.org.br\\\/sesi\\\/wp-content\\\/uploads\\\/sites\\\/14\\\/2024\\\/03\\\/R10.jpeg\",\"width\":1600,\"height\":1200},{\"@type\":\"BreadcrumbList\",\"@id\":\"https:\\\/\\\/fieam.org.br\\\/sesi\\\/festival-de-parintins-e-acessibilidade-inspiram-projeto-de-robotica-do-sesi\\\/#breadcrumb\",\"itemListElement\":[{\"@type\":\"ListItem\",\"position\":1,\"name\":\"In\u00edcio\",\"item\":\"https:\\\/\\\/fieam.org.br\\\/sesi\\\/\"},{\"@type\":\"ListItem\",\"position\":2,\"name\":\"Festival de Parintins e acessibilidade inspiram projeto de rob\u00f3tica do SESI\"}]},{\"@type\":\"WebSite\",\"@id\":\"https:\\\/\\\/fieam.org.br\\\/sesi\\\/#website\",\"url\":\"https:\\\/\\\/fieam.org.br\\\/sesi\\\/\",\"name\":\"SESI\",\"description\":\"Site Oficial!\",\"publisher\":{\"@id\":\"https:\\\/\\\/fieam.org.br\\\/sesi\\\/#organization\"},\"potentialAction\":[{\"@type\":\"SearchAction\",\"target\":{\"@type\":\"EntryPoint\",\"urlTemplate\":\"https:\\\/\\\/fieam.org.br\\\/sesi\\\/?s={search_term_string}\"},\"query-input\":{\"@type\":\"PropertyValueSpecification\",\"valueRequired\":true,\"valueName\":\"search_term_string\"}}],\"inLanguage\":\"pt-BR\"},{\"@type\":\"Organization\",\"@id\":\"https:\\\/\\\/fieam.org.br\\\/sesi\\\/#organization\",\"name\":\"SESI\",\"url\":\"https:\\\/\\\/fieam.org.br\\\/sesi\\\/\",\"logo\":{\"@type\":\"ImageObject\",\"inLanguage\":\"pt-BR\",\"@id\":\"https:\\\/\\\/fieam.org.br\\\/sesi\\\/#\\\/schema\\\/logo\\\/image\\\/\",\"url\":\"https:\\\/\\\/fieam.org.br\\\/sesi\\\/wp-content\\\/uploads\\\/sites\\\/14\\\/2024\\\/03\\\/cropped-fav.png\",\"contentUrl\":\"https:\\\/\\\/fieam.org.br\\\/sesi\\\/wp-content\\\/uploads\\\/sites\\\/14\\\/2024\\\/03\\\/cropped-fav.png\",\"width\":610,\"height\":589,\"caption\":\"SESI\"},\"image\":{\"@id\":\"https:\\\/\\\/fieam.org.br\\\/sesi\\\/#\\\/schema\\\/logo\\\/image\\\/\"}},{\"@type\":\"Person\",\"@id\":\"https:\\\/\\\/fieam.org.br\\\/sesi\\\/#\\\/schema\\\/person\\\/f54998dd14d5f0695b41444f2b01c31e\",\"name\":\"Autor\",\"image\":{\"@type\":\"ImageObject\",\"inLanguage\":\"pt-BR\",\"@id\":\"https:\\\/\\\/secure.gravatar.com\\\/avatar\\\/3732c223e0e1fad69062a8f770955c9068d37b055204f310a0be18d4069fe380?s=96&d=mm&r=g\",\"url\":\"https:\\\/\\\/secure.gravatar.com\\\/avatar\\\/3732c223e0e1fad69062a8f770955c9068d37b055204f310a0be18d4069fe380?s=96&d=mm&r=g\",\"contentUrl\":\"https:\\\/\\\/secure.gravatar.com\\\/avatar\\\/3732c223e0e1fad69062a8f770955c9068d37b055204f310a0be18d4069fe380?s=96&d=mm&r=g\",\"caption\":\"Autor\"},\"sameAs\":[\"https:\\\/\\\/marketingmassivo.com.br\"],\"url\":\"https:\\\/\\\/fieam.org.br\\\/sesi\\\/author\\\/admin\\\/\"}]}<\/script>\n<!-- \/ Yoast SEO plugin. -->","yoast_head_json":{"title":"Festival de Parintins e acessibilidade inspiram projeto de rob\u00f3tica do SESI - SESI","robots":{"index":"index","follow":"follow","max-snippet":"max-snippet:-1","max-image-preview":"max-image-preview:large","max-video-preview":"max-video-preview:-1"},"canonical":"https:\/\/fieam.org.br\/sesi\/festival-de-parintins-e-acessibilidade-inspiram-projeto-de-robotica-do-sesi\/","og_locale":"pt_BR","og_type":"article","og_title":"Festival de Parintins e acessibilidade inspiram projeto de rob\u00f3tica do SESI - SESI","og_description":"Com o projeto de inova\u00e7\u00e3o \u201cToque liter\u00e1rio: a leitura t\u00e1til o convida para descobrir a cultura do boi bumb\u00e1 de Parintins\u201d, a equipe Lego Master, da Escola SESI Padre Francisco Luppino, do munic\u00edpio de Parintins, localizada a 372 quil\u00f4metros da capital amazonense, participa nos dias 27, 28 e 29 de fevereiro, e 1\u00ba e 2 [&hellip;]","og_url":"https:\/\/fieam.org.br\/sesi\/festival-de-parintins-e-acessibilidade-inspiram-projeto-de-robotica-do-sesi\/","og_site_name":"SESI","article_published_time":"2024-02-23T21:08:03+00:00","article_modified_time":"2024-03-18T06:34:06+00:00","og_image":[{"width":1600,"height":1200,"url":"https:\/\/fieam.org.br\/sesi\/wp-content\/uploads\/sites\/14\/2024\/03\/R10.jpeg","type":"image\/jpeg"}],"author":"Autor","twitter_card":"summary_large_image","twitter_misc":{"Escrito por":"Autor","Est. tempo de leitura":"2 minutos"},"schema":{"@context":"https:\/\/schema.org","@graph":[{"@type":"Article","@id":"https:\/\/fieam.org.br\/sesi\/festival-de-parintins-e-acessibilidade-inspiram-projeto-de-robotica-do-sesi\/#article","isPartOf":{"@id":"https:\/\/fieam.org.br\/sesi\/festival-de-parintins-e-acessibilidade-inspiram-projeto-de-robotica-do-sesi\/"},"author":{"name":"Autor","@id":"https:\/\/fieam.org.br\/sesi\/#\/schema\/person\/f54998dd14d5f0695b41444f2b01c31e"},"headline":"Festival de Parintins e acessibilidade inspiram projeto de rob\u00f3tica do SESI","datePublished":"2024-02-23T21:08:03+00:00","dateModified":"2024-03-18T06:34:06+00:00","mainEntityOfPage":{"@id":"https:\/\/fieam.org.br\/sesi\/festival-de-parintins-e-acessibilidade-inspiram-projeto-de-robotica-do-sesi\/"},"wordCount":468,"commentCount":0,"publisher":{"@id":"https:\/\/fieam.org.br\/sesi\/#organization"},"image":{"@id":"https:\/\/fieam.org.br\/sesi\/festival-de-parintins-e-acessibilidade-inspiram-projeto-de-robotica-do-sesi\/#primaryimage"},"thumbnailUrl":"https:\/\/fieam.org.br\/sesi\/wp-content\/uploads\/sites\/14\/2024\/03\/R10.jpeg","articleSection":["Educa\u00e7\u00e3o"],"inLanguage":"pt-BR","potentialAction":[{"@type":"CommentAction","name":"Comment","target":["https:\/\/fieam.org.br\/sesi\/festival-de-parintins-e-acessibilidade-inspiram-projeto-de-robotica-do-sesi\/#respond"]}]},{"@type":"WebPage","@id":"https:\/\/fieam.org.br\/sesi\/festival-de-parintins-e-acessibilidade-inspiram-projeto-de-robotica-do-sesi\/","url":"https:\/\/fieam.org.br\/sesi\/festival-de-parintins-e-acessibilidade-inspiram-projeto-de-robotica-do-sesi\/","name":"Festival de Parintins e acessibilidade inspiram projeto de rob\u00f3tica do SESI - SESI","isPartOf":{"@id":"https:\/\/fieam.org.br\/sesi\/#website"},"primaryImageOfPage":{"@id":"https:\/\/fieam.org.br\/sesi\/festival-de-parintins-e-acessibilidade-inspiram-projeto-de-robotica-do-sesi\/#primaryimage"},"image":{"@id":"https:\/\/fieam.org.br\/sesi\/festival-de-parintins-e-acessibilidade-inspiram-projeto-de-robotica-do-sesi\/#primaryimage"},"thumbnailUrl":"https:\/\/fieam.org.br\/sesi\/wp-content\/uploads\/sites\/14\/2024\/03\/R10.jpeg","datePublished":"2024-02-23T21:08:03+00:00","dateModified":"2024-03-18T06:34:06+00:00","breadcrumb":{"@id":"https:\/\/fieam.org.br\/sesi\/festival-de-parintins-e-acessibilidade-inspiram-projeto-de-robotica-do-sesi\/#breadcrumb"},"inLanguage":"pt-BR","potentialAction":[{"@type":"ReadAction","target":["https:\/\/fieam.org.br\/sesi\/festival-de-parintins-e-acessibilidade-inspiram-projeto-de-robotica-do-sesi\/"]}]},{"@type":"ImageObject","inLanguage":"pt-BR","@id":"https:\/\/fieam.org.br\/sesi\/festival-de-parintins-e-acessibilidade-inspiram-projeto-de-robotica-do-sesi\/#primaryimage","url":"https:\/\/fieam.org.br\/sesi\/wp-content\/uploads\/sites\/14\/2024\/03\/R10.jpeg","contentUrl":"https:\/\/fieam.org.br\/sesi\/wp-content\/uploads\/sites\/14\/2024\/03\/R10.jpeg","width":1600,"height":1200},{"@type":"BreadcrumbList","@id":"https:\/\/fieam.org.br\/sesi\/festival-de-parintins-e-acessibilidade-inspiram-projeto-de-robotica-do-sesi\/#breadcrumb","itemListElement":[{"@type":"ListItem","position":1,"name":"In\u00edcio","item":"https:\/\/fieam.org.br\/sesi\/"},{"@type":"ListItem","position":2,"name":"Festival de Parintins e acessibilidade inspiram projeto de rob\u00f3tica do SESI"}]},{"@type":"WebSite","@id":"https:\/\/fieam.org.br\/sesi\/#website","url":"https:\/\/fieam.org.br\/sesi\/","name":"SESI","description":"Site Oficial!","publisher":{"@id":"https:\/\/fieam.org.br\/sesi\/#organization"},"potentialAction":[{"@type":"SearchAction","target":{"@type":"EntryPoint","urlTemplate":"https:\/\/fieam.org.br\/sesi\/?s={search_term_string}"},"query-input":{"@type":"PropertyValueSpecification","valueRequired":true,"valueName":"search_term_string"}}],"inLanguage":"pt-BR"},{"@type":"Organization","@id":"https:\/\/fieam.org.br\/sesi\/#organization","name":"SESI","url":"https:\/\/fieam.org.br\/sesi\/","logo":{"@type":"ImageObject","inLanguage":"pt-BR","@id":"https:\/\/fieam.org.br\/sesi\/#\/schema\/logo\/image\/","url":"https:\/\/fieam.org.br\/sesi\/wp-content\/uploads\/sites\/14\/2024\/03\/cropped-fav.png","contentUrl":"https:\/\/fieam.org.br\/sesi\/wp-content\/uploads\/sites\/14\/2024\/03\/cropped-fav.png","width":610,"height":589,"caption":"SESI"},"image":{"@id":"https:\/\/fieam.org.br\/sesi\/#\/schema\/logo\/image\/"}},{"@type":"Person","@id":"https:\/\/fieam.org.br\/sesi\/#\/schema\/person\/f54998dd14d5f0695b41444f2b01c31e","name":"Autor","image":{"@type":"ImageObject","inLanguage":"pt-BR","@id":"https:\/\/secure.gravatar.com\/avatar\/3732c223e0e1fad69062a8f770955c9068d37b055204f310a0be18d4069fe380?s=96&d=mm&r=g","url":"https:\/\/secure.gravatar.com\/avatar\/3732c223e0e1fad69062a8f770955c9068d37b055204f310a0be18d4069fe380?s=96&d=mm&r=g","contentUrl":"https:\/\/secure.gravatar.com\/avatar\/3732c223e0e1fad69062a8f770955c9068d37b055204f310a0be18d4069fe380?s=96&d=mm&r=g","caption":"Autor"},"sameAs":["https:\/\/marketingmassivo.com.br"],"url":"https:\/\/fieam.org.br\/sesi\/author\/admin\/"}]}},"_links":{"self":[{"href":"https:\/\/fieam.org.br\/sesi\/wp-json\/wp\/v2\/posts\/20154","targetHints":{"allow":["GET"]}}],"collection":[{"href":"https:\/\/fieam.org.br\/sesi\/wp-json\/wp\/v2\/posts"}],"about":[{"href":"https:\/\/fieam.org.br\/sesi\/wp-json\/wp\/v2\/types\/post"}],"author":[{"embeddable":true,"href":"https:\/\/fieam.org.br\/sesi\/wp-json\/wp\/v2\/users\/1"}],"replies":[{"embeddable":true,"href":"https:\/\/fieam.org.br\/sesi\/wp-json\/wp\/v2\/comments?post=20154"}],"version-history":[{"count":1,"href":"https:\/\/fieam.org.br\/sesi\/wp-json\/wp\/v2\/posts\/20154\/revisions"}],"predecessor-version":[{"id":20156,"href":"https:\/\/fieam.org.br\/sesi\/wp-json\/wp\/v2\/posts\/20154\/revisions\/20156"}],"wp:featuredmedia":[{"embeddable":true,"href":"https:\/\/fieam.org.br\/sesi\/wp-json\/wp\/v2\/media\/20155"}],"wp:attachment":[{"href":"https:\/\/fieam.org.br\/sesi\/wp-json\/wp\/v2\/media?parent=20154"}],"wp:term":[{"taxonomy":"category","embeddable":true,"href":"https:\/\/fieam.org.br\/sesi\/wp-json\/wp\/v2\/categories?post=20154"},{"taxonomy":"post_tag","embeddable":true,"href":"https:\/\/fieam.org.br\/sesi\/wp-json\/wp\/v2\/tags?post=20154"}],"curies":[{"name":"wp","href":"https:\/\/api.w.org\/{rel}","templated":true}]}}