{"id":20150,"date":"2024-02-28T21:01:52","date_gmt":"2024-02-28T21:01:52","guid":{"rendered":"https:\/\/fieam.org.br\/sesi\/?p=20150"},"modified":"2024-03-18T06:56:17","modified_gmt":"2024-03-18T06:56:17","slug":"festival-sesi-de-educacao-em-brasilia-tem-alunos-do-amazonas","status":"publish","type":"post","link":"https:\/\/fieam.org.br\/sesi\/festival-sesi-de-educacao-em-brasilia-tem-alunos-do-amazonas\/","title":{"rendered":"Festival SESI de Educa\u00e7\u00e3o em Bras\u00edlia tem alunos do Amazonas"},"content":{"rendered":"<p><span style=\"font-weight: 400;\">Seis equipes do Servi\u00e7o Social da Ind\u00fastria (SESI Amazonas) iniciaram hoje, 28, suas atividades no Festival SESI de Educa\u00e7\u00e3o 2024 nas competi\u00e7\u00f5es do Torneio de Rob\u00f3tica FIRST\u00ae LEGO\u00ae League (FLL), FIRST\u00ae Tech Challenge (FTC), FIRST\u00ae Robotics Competition (FRC) e F1 in Schools, no Pavilh\u00e3o do Parque da Cidade, em Bras\u00edlia (DF). A competi\u00e7\u00e3o segue at\u00e9 2 de mar\u00e7o e conta com a participa\u00e7\u00e3o de aproximadamente dois mil jovens de escolas p\u00fablicas, particulares e rede SESI de Educa\u00e7\u00e3o.<\/span><\/p>\n<p><span style=\"font-weight: 400;\">A programa\u00e7\u00e3o oficial das competi\u00e7\u00f5es deu in\u00edcio com o Semin\u00e1rio Internacional SESI de Educa\u00e7\u00e3o &#8211; Pela Garantia do Direito \u00e0 Aprendizagem, no qual a superintendente do SESI Amazonas, Rosana Vasconcelos, participou, juntamente com outros superintendentes regionais e nacionais. Segundo Vasconcelos, o Torneio de Rob\u00f3tica \u00e9 um dos pilares da proposta educacional do SESI, promotora de autonomia, conte\u00fado, interc\u00e2mbio de temas e percep\u00e7\u00e3o de valor para uma forma\u00e7\u00e3o educacional voltada para o mundo do trabalho.<\/span><\/p>\n<p><span style=\"font-weight: 400;\">A delega\u00e7\u00e3o do Amazonas \u00e9 formada por 52 pessoas, sendo dividida em seis equipes competidoras, duas na categoria F1 In Schools, tr\u00eas na First Lego League (FLL), uma na First Robotics Competition (FRC) e uma First Tech Challenge (FTC). Todas as equipes j\u00e1 montaram os seus Pits (stands onde as equipes apresentam seus projetos, carros e rob\u00f4s, que ser\u00e3o apresentados na competi\u00e7\u00e3o) e entregaram seus prot\u00f3tipos para os avalia\u00e7\u00e3o das equipes de avaliadores do torneio.<\/span><\/p>\n<p><span style=\"font-weight: 400;\">As equipes Apoema da Escola SESI Abra\u00e3o Sabb\u00e1 (Itacoatiara\/Am) e Apex Tupam da Escola SESI Dra. Emina Barbosa Mustafa (Manaus\/AM), ambas participantes da F1 in Schools, foram as primeiras a chegarem no evento. Segundo a aluna Emily Melo, toda equipe est\u00e1 bem confiante na competi\u00e7\u00e3o, principalmente por conta do projeto social que a escola apresentou para o torneio. \u201cTivemos um retorno positivo em rela\u00e7\u00e3o ao nosso projeto na escola em que realizamos a a\u00e7\u00e3o, sendo assim, tamb\u00e9m esperamos uma boa avalia\u00e7\u00e3o dos ju\u00edzes\u201d, disse Melo.<\/span><\/p>\n<p><span style=\"font-weight: 400;\">O projeto social apresentado pela equipe \u00e9 trabalhar o modelo STEAM (ci\u00eancias, a tecnologia, a engenharia e a matem\u00e1tica) nas escolas p\u00fablicas do munic\u00edpio de Itacoatiara, principalmente, despertar o interesse das mulheres nas \u00e1reas de engenharia, por exemplo. O projeto leva lego para que as garotas trabalhem a engenharia na montagem das pe\u00e7as e assim tomarem gosto pela \u00e1rea.<\/span><\/p>\n<p><span style=\"font-weight: 400;\">\u00c0 tarde, as montagens dos Pits ficaram por conta das equipes de FLL, El\u00e9trons, tamb\u00e9m da Escola SESI Abra\u00e3o Sabb\u00e1 e Lego Master do munic\u00edpio de Parintins (AM), e das duas equipes da Team Prodixy (participantes das categorias FRC e FTC).<\/span><\/p>\n<p><span style=\"font-weight: 400;\">Organizado pelo SESI, o Festival SESI de Educa\u00e7\u00e3o classifica as melhores equipes para torneios internacionais. Entre eles, o World Championship, a copa do mundo de rob\u00f3tica que ser\u00e1 realizada em abril de 2024, em Houston, nos Estados Unidos.<\/span><\/p>\n<p>&nbsp;<\/p>\n<p><b>Semin\u00e1rio<\/b><\/p>\n<p>&nbsp;<\/p>\n<p><span style=\"font-weight: 400;\">A abertura oficial do semin\u00e1rio foi feita pelo diretor de Desenvolvimento Industrial e Economia da CNI e diretor-superintendente do SESI, Rafael Luccesi, e do presidente do Conselho Nacional de Educa\u00e7\u00e3o (CNE), Luiz Curi. Para Lucchesi, as fam\u00edlias precisam participar mais de debates sobre a educa\u00e7\u00e3o e envolver mais a sociedade, para que a sociedade, efetivamente, controle a escola e que n\u00f3s tenhamos uma escola transformadora e de qualidade, para que os trabalhadores descubram essa escola, para que os empres\u00e1rios descubram essa escola, disse Lucchesi.<\/span><\/p>\n<p><span style=\"font-weight: 400;\">Na ocasi\u00e3o, Maria Helena Guimar\u00e3es, c\u00e1tedra do Instituto Ayrton Senna de Inova\u00e7\u00e3o em Avalia\u00e7\u00e3o Educacional (IEA-USP) e vice-presidente do Conselho Estadual de Educa\u00e7\u00e3o de S\u00e3o Paulo, fez a abertura do painel com o tema &#8220;Qualidade da aprendizagem e indicadores para o pr\u00f3ximo dec\u00eanio: 2024-2034&#8221;, que tamb\u00e9m contou com a participa\u00e7\u00e3o do secret\u00e1rio de articula\u00e7\u00e3o intersetorial e Sistema de Ensino (MEC), Maur\u00edcio Holanda, Co-CEO e diretora de articula\u00e7\u00e3o do movimento pela Base (MEC), Alice Andres Ribeiro.<\/span><\/p>\n<p><span style=\"font-weight: 400;\">As representantes e gestoras das Escolas SESI Abrah\u00e3o Sabb\u00e1, Viviane Barroso, e Escola SESI Dra. Emina Barbosa Mustafa, Ana Karina de Holanda, tamb\u00e9m participaram do semin\u00e1rio.<\/span><\/p>\n","protected":false},"excerpt":{"rendered":"<p>Seis equipes do Servi\u00e7o Social da Ind\u00fastria (SESI Amazonas) iniciaram hoje, 28, suas atividades no Festival SESI de Educa\u00e7\u00e3o 2024 nas competi\u00e7\u00f5es do Torneio de Rob\u00f3tica FIRST\u00ae LEGO\u00ae League (FLL), FIRST\u00ae Tech Challenge (FTC), FIRST\u00ae Robotics Competition (FRC) e F1 in Schools, no Pavilh\u00e3o do Parque da Cidade, em Bras\u00edlia (DF). A competi\u00e7\u00e3o segue at\u00e9 [&hellip;]<\/p>\n","protected":false},"author":1,"featured_media":17974,"comment_status":"open","ping_status":"open","sticky":false,"template":"","format":"standard","meta":{"footnotes":""},"categories":[134],"tags":[],"class_list":["post-20150","post","type-post","status-publish","format-standard","has-post-thumbnail","hentry","category-educacao"],"yoast_head":"<!-- This site is optimized with the Yoast SEO plugin v28.2 - https:\/\/yoast.com\/product\/yoast-seo-wordpress\/ -->\n<title>Festival SESI de Educa\u00e7\u00e3o em Bras\u00edlia tem alunos do Amazonas - SESI<\/title>\n<meta name=\"robots\" content=\"index, follow, max-snippet:-1, max-image-preview:large, max-video-preview:-1\" \/>\n<link rel=\"canonical\" href=\"https:\/\/fieam.org.br\/sesi\/festival-sesi-de-educacao-em-brasilia-tem-alunos-do-amazonas\/\" \/>\n<meta property=\"og:locale\" content=\"pt_BR\" \/>\n<meta property=\"og:type\" content=\"article\" \/>\n<meta property=\"og:title\" content=\"Festival SESI de Educa\u00e7\u00e3o em Bras\u00edlia tem alunos do Amazonas - SESI\" \/>\n<meta property=\"og:description\" content=\"Seis equipes do Servi\u00e7o Social da Ind\u00fastria (SESI Amazonas) iniciaram hoje, 28, suas atividades no Festival SESI de Educa\u00e7\u00e3o 2024 nas competi\u00e7\u00f5es do Torneio de Rob\u00f3tica FIRST\u00ae LEGO\u00ae League (FLL), FIRST\u00ae Tech Challenge (FTC), FIRST\u00ae Robotics Competition (FRC) e F1 in Schools, no Pavilh\u00e3o do Parque da Cidade, em Bras\u00edlia (DF). A competi\u00e7\u00e3o segue at\u00e9 [&hellip;]\" \/>\n<meta property=\"og:url\" content=\"https:\/\/fieam.org.br\/sesi\/festival-sesi-de-educacao-em-brasilia-tem-alunos-do-amazonas\/\" \/>\n<meta property=\"og:site_name\" content=\"SESI\" \/>\n<meta property=\"article:published_time\" content=\"2024-02-28T21:01:52+00:00\" \/>\n<meta property=\"article:modified_time\" content=\"2024-03-18T06:56:17+00:00\" \/>\n<meta property=\"og:image\" content=\"https:\/\/fieam.org.br\/sesi\/wp-content\/uploads\/sites\/14\/2022\/03\/SESI-Clube-do-Trabalhador.jpeg\" \/>\n\t<meta property=\"og:image:width\" content=\"1280\" \/>\n\t<meta property=\"og:image:height\" content=\"720\" \/>\n\t<meta property=\"og:image:type\" content=\"image\/jpeg\" \/>\n<meta name=\"author\" content=\"Autor\" \/>\n<meta name=\"twitter:card\" content=\"summary_large_image\" \/>\n<meta name=\"twitter:label1\" content=\"Escrito por\" \/>\n\t<meta name=\"twitter:data1\" content=\"Autor\" \/>\n\t<meta name=\"twitter:label2\" content=\"Est. tempo de leitura\" \/>\n\t<meta name=\"twitter:data2\" content=\"4 minutos\" \/>\n<script type=\"application\/ld+json\" class=\"yoast-schema-graph\">{\"@context\":\"https:\\\/\\\/schema.org\",\"@graph\":[{\"@type\":\"Article\",\"@id\":\"https:\\\/\\\/fieam.org.br\\\/sesi\\\/festival-sesi-de-educacao-em-brasilia-tem-alunos-do-amazonas\\\/#article\",\"isPartOf\":{\"@id\":\"https:\\\/\\\/fieam.org.br\\\/sesi\\\/festival-sesi-de-educacao-em-brasilia-tem-alunos-do-amazonas\\\/\"},\"author\":{\"name\":\"Autor\",\"@id\":\"https:\\\/\\\/fieam.org.br\\\/sesi\\\/#\\\/schema\\\/person\\\/f54998dd14d5f0695b41444f2b01c31e\"},\"headline\":\"Festival SESI de Educa\u00e7\u00e3o em Bras\u00edlia tem alunos do Amazonas\",\"datePublished\":\"2024-02-28T21:01:52+00:00\",\"dateModified\":\"2024-03-18T06:56:17+00:00\",\"mainEntityOfPage\":{\"@id\":\"https:\\\/\\\/fieam.org.br\\\/sesi\\\/festival-sesi-de-educacao-em-brasilia-tem-alunos-do-amazonas\\\/\"},\"wordCount\":713,\"commentCount\":0,\"publisher\":{\"@id\":\"https:\\\/\\\/fieam.org.br\\\/sesi\\\/#organization\"},\"image\":{\"@id\":\"https:\\\/\\\/fieam.org.br\\\/sesi\\\/festival-sesi-de-educacao-em-brasilia-tem-alunos-do-amazonas\\\/#primaryimage\"},\"thumbnailUrl\":\"https:\\\/\\\/fieam.org.br\\\/sesi\\\/wp-content\\\/uploads\\\/sites\\\/14\\\/2022\\\/03\\\/SESI-Clube-do-Trabalhador.jpeg\",\"articleSection\":[\"Educa\u00e7\u00e3o\"],\"inLanguage\":\"pt-BR\",\"potentialAction\":[{\"@type\":\"CommentAction\",\"name\":\"Comment\",\"target\":[\"https:\\\/\\\/fieam.org.br\\\/sesi\\\/festival-sesi-de-educacao-em-brasilia-tem-alunos-do-amazonas\\\/#respond\"]}]},{\"@type\":\"WebPage\",\"@id\":\"https:\\\/\\\/fieam.org.br\\\/sesi\\\/festival-sesi-de-educacao-em-brasilia-tem-alunos-do-amazonas\\\/\",\"url\":\"https:\\\/\\\/fieam.org.br\\\/sesi\\\/festival-sesi-de-educacao-em-brasilia-tem-alunos-do-amazonas\\\/\",\"name\":\"Festival SESI de Educa\u00e7\u00e3o em Bras\u00edlia tem alunos do Amazonas - SESI\",\"isPartOf\":{\"@id\":\"https:\\\/\\\/fieam.org.br\\\/sesi\\\/#website\"},\"primaryImageOfPage\":{\"@id\":\"https:\\\/\\\/fieam.org.br\\\/sesi\\\/festival-sesi-de-educacao-em-brasilia-tem-alunos-do-amazonas\\\/#primaryimage\"},\"image\":{\"@id\":\"https:\\\/\\\/fieam.org.br\\\/sesi\\\/festival-sesi-de-educacao-em-brasilia-tem-alunos-do-amazonas\\\/#primaryimage\"},\"thumbnailUrl\":\"https:\\\/\\\/fieam.org.br\\\/sesi\\\/wp-content\\\/uploads\\\/sites\\\/14\\\/2022\\\/03\\\/SESI-Clube-do-Trabalhador.jpeg\",\"datePublished\":\"2024-02-28T21:01:52+00:00\",\"dateModified\":\"2024-03-18T06:56:17+00:00\",\"breadcrumb\":{\"@id\":\"https:\\\/\\\/fieam.org.br\\\/sesi\\\/festival-sesi-de-educacao-em-brasilia-tem-alunos-do-amazonas\\\/#breadcrumb\"},\"inLanguage\":\"pt-BR\",\"potentialAction\":[{\"@type\":\"ReadAction\",\"target\":[\"https:\\\/\\\/fieam.org.br\\\/sesi\\\/festival-sesi-de-educacao-em-brasilia-tem-alunos-do-amazonas\\\/\"]}]},{\"@type\":\"ImageObject\",\"inLanguage\":\"pt-BR\",\"@id\":\"https:\\\/\\\/fieam.org.br\\\/sesi\\\/festival-sesi-de-educacao-em-brasilia-tem-alunos-do-amazonas\\\/#primaryimage\",\"url\":\"https:\\\/\\\/fieam.org.br\\\/sesi\\\/wp-content\\\/uploads\\\/sites\\\/14\\\/2022\\\/03\\\/SESI-Clube-do-Trabalhador.jpeg\",\"contentUrl\":\"https:\\\/\\\/fieam.org.br\\\/sesi\\\/wp-content\\\/uploads\\\/sites\\\/14\\\/2022\\\/03\\\/SESI-Clube-do-Trabalhador.jpeg\",\"width\":1280,\"height\":720},{\"@type\":\"BreadcrumbList\",\"@id\":\"https:\\\/\\\/fieam.org.br\\\/sesi\\\/festival-sesi-de-educacao-em-brasilia-tem-alunos-do-amazonas\\\/#breadcrumb\",\"itemListElement\":[{\"@type\":\"ListItem\",\"position\":1,\"name\":\"In\u00edcio\",\"item\":\"https:\\\/\\\/fieam.org.br\\\/sesi\\\/\"},{\"@type\":\"ListItem\",\"position\":2,\"name\":\"Festival SESI de Educa\u00e7\u00e3o em Bras\u00edlia tem alunos do Amazonas\"}]},{\"@type\":\"WebSite\",\"@id\":\"https:\\\/\\\/fieam.org.br\\\/sesi\\\/#website\",\"url\":\"https:\\\/\\\/fieam.org.br\\\/sesi\\\/\",\"name\":\"SESI\",\"description\":\"Site Oficial!\",\"publisher\":{\"@id\":\"https:\\\/\\\/fieam.org.br\\\/sesi\\\/#organization\"},\"potentialAction\":[{\"@type\":\"SearchAction\",\"target\":{\"@type\":\"EntryPoint\",\"urlTemplate\":\"https:\\\/\\\/fieam.org.br\\\/sesi\\\/?s={search_term_string}\"},\"query-input\":{\"@type\":\"PropertyValueSpecification\",\"valueRequired\":true,\"valueName\":\"search_term_string\"}}],\"inLanguage\":\"pt-BR\"},{\"@type\":\"Organization\",\"@id\":\"https:\\\/\\\/fieam.org.br\\\/sesi\\\/#organization\",\"name\":\"SESI\",\"url\":\"https:\\\/\\\/fieam.org.br\\\/sesi\\\/\",\"logo\":{\"@type\":\"ImageObject\",\"inLanguage\":\"pt-BR\",\"@id\":\"https:\\\/\\\/fieam.org.br\\\/sesi\\\/#\\\/schema\\\/logo\\\/image\\\/\",\"url\":\"https:\\\/\\\/fieam.org.br\\\/sesi\\\/wp-content\\\/uploads\\\/sites\\\/14\\\/2024\\\/03\\\/cropped-fav.png\",\"contentUrl\":\"https:\\\/\\\/fieam.org.br\\\/sesi\\\/wp-content\\\/uploads\\\/sites\\\/14\\\/2024\\\/03\\\/cropped-fav.png\",\"width\":610,\"height\":589,\"caption\":\"SESI\"},\"image\":{\"@id\":\"https:\\\/\\\/fieam.org.br\\\/sesi\\\/#\\\/schema\\\/logo\\\/image\\\/\"}},{\"@type\":\"Person\",\"@id\":\"https:\\\/\\\/fieam.org.br\\\/sesi\\\/#\\\/schema\\\/person\\\/f54998dd14d5f0695b41444f2b01c31e\",\"name\":\"Autor\",\"image\":{\"@type\":\"ImageObject\",\"inLanguage\":\"pt-BR\",\"@id\":\"https:\\\/\\\/secure.gravatar.com\\\/avatar\\\/3732c223e0e1fad69062a8f770955c9068d37b055204f310a0be18d4069fe380?s=96&d=mm&r=g\",\"url\":\"https:\\\/\\\/secure.gravatar.com\\\/avatar\\\/3732c223e0e1fad69062a8f770955c9068d37b055204f310a0be18d4069fe380?s=96&d=mm&r=g\",\"contentUrl\":\"https:\\\/\\\/secure.gravatar.com\\\/avatar\\\/3732c223e0e1fad69062a8f770955c9068d37b055204f310a0be18d4069fe380?s=96&d=mm&r=g\",\"caption\":\"Autor\"},\"sameAs\":[\"https:\\\/\\\/marketingmassivo.com.br\"],\"url\":\"https:\\\/\\\/fieam.org.br\\\/sesi\\\/author\\\/admin\\\/\"}]}<\/script>\n<!-- \/ Yoast SEO plugin. -->","yoast_head_json":{"title":"Festival SESI de Educa\u00e7\u00e3o em Bras\u00edlia tem alunos do Amazonas - SESI","robots":{"index":"index","follow":"follow","max-snippet":"max-snippet:-1","max-image-preview":"max-image-preview:large","max-video-preview":"max-video-preview:-1"},"canonical":"https:\/\/fieam.org.br\/sesi\/festival-sesi-de-educacao-em-brasilia-tem-alunos-do-amazonas\/","og_locale":"pt_BR","og_type":"article","og_title":"Festival SESI de Educa\u00e7\u00e3o em Bras\u00edlia tem alunos do Amazonas - SESI","og_description":"Seis equipes do Servi\u00e7o Social da Ind\u00fastria (SESI Amazonas) iniciaram hoje, 28, suas atividades no Festival SESI de Educa\u00e7\u00e3o 2024 nas competi\u00e7\u00f5es do Torneio de Rob\u00f3tica FIRST\u00ae LEGO\u00ae League (FLL), FIRST\u00ae Tech Challenge (FTC), FIRST\u00ae Robotics Competition (FRC) e F1 in Schools, no Pavilh\u00e3o do Parque da Cidade, em Bras\u00edlia (DF). A competi\u00e7\u00e3o segue at\u00e9 [&hellip;]","og_url":"https:\/\/fieam.org.br\/sesi\/festival-sesi-de-educacao-em-brasilia-tem-alunos-do-amazonas\/","og_site_name":"SESI","article_published_time":"2024-02-28T21:01:52+00:00","article_modified_time":"2024-03-18T06:56:17+00:00","og_image":[{"width":1280,"height":720,"url":"https:\/\/fieam.org.br\/sesi\/wp-content\/uploads\/sites\/14\/2022\/03\/SESI-Clube-do-Trabalhador.jpeg","type":"image\/jpeg"}],"author":"Autor","twitter_card":"summary_large_image","twitter_misc":{"Escrito por":"Autor","Est. tempo de leitura":"4 minutos"},"schema":{"@context":"https:\/\/schema.org","@graph":[{"@type":"Article","@id":"https:\/\/fieam.org.br\/sesi\/festival-sesi-de-educacao-em-brasilia-tem-alunos-do-amazonas\/#article","isPartOf":{"@id":"https:\/\/fieam.org.br\/sesi\/festival-sesi-de-educacao-em-brasilia-tem-alunos-do-amazonas\/"},"author":{"name":"Autor","@id":"https:\/\/fieam.org.br\/sesi\/#\/schema\/person\/f54998dd14d5f0695b41444f2b01c31e"},"headline":"Festival SESI de Educa\u00e7\u00e3o em Bras\u00edlia tem alunos do Amazonas","datePublished":"2024-02-28T21:01:52+00:00","dateModified":"2024-03-18T06:56:17+00:00","mainEntityOfPage":{"@id":"https:\/\/fieam.org.br\/sesi\/festival-sesi-de-educacao-em-brasilia-tem-alunos-do-amazonas\/"},"wordCount":713,"commentCount":0,"publisher":{"@id":"https:\/\/fieam.org.br\/sesi\/#organization"},"image":{"@id":"https:\/\/fieam.org.br\/sesi\/festival-sesi-de-educacao-em-brasilia-tem-alunos-do-amazonas\/#primaryimage"},"thumbnailUrl":"https:\/\/fieam.org.br\/sesi\/wp-content\/uploads\/sites\/14\/2022\/03\/SESI-Clube-do-Trabalhador.jpeg","articleSection":["Educa\u00e7\u00e3o"],"inLanguage":"pt-BR","potentialAction":[{"@type":"CommentAction","name":"Comment","target":["https:\/\/fieam.org.br\/sesi\/festival-sesi-de-educacao-em-brasilia-tem-alunos-do-amazonas\/#respond"]}]},{"@type":"WebPage","@id":"https:\/\/fieam.org.br\/sesi\/festival-sesi-de-educacao-em-brasilia-tem-alunos-do-amazonas\/","url":"https:\/\/fieam.org.br\/sesi\/festival-sesi-de-educacao-em-brasilia-tem-alunos-do-amazonas\/","name":"Festival SESI de Educa\u00e7\u00e3o em Bras\u00edlia tem alunos do Amazonas - SESI","isPartOf":{"@id":"https:\/\/fieam.org.br\/sesi\/#website"},"primaryImageOfPage":{"@id":"https:\/\/fieam.org.br\/sesi\/festival-sesi-de-educacao-em-brasilia-tem-alunos-do-amazonas\/#primaryimage"},"image":{"@id":"https:\/\/fieam.org.br\/sesi\/festival-sesi-de-educacao-em-brasilia-tem-alunos-do-amazonas\/#primaryimage"},"thumbnailUrl":"https:\/\/fieam.org.br\/sesi\/wp-content\/uploads\/sites\/14\/2022\/03\/SESI-Clube-do-Trabalhador.jpeg","datePublished":"2024-02-28T21:01:52+00:00","dateModified":"2024-03-18T06:56:17+00:00","breadcrumb":{"@id":"https:\/\/fieam.org.br\/sesi\/festival-sesi-de-educacao-em-brasilia-tem-alunos-do-amazonas\/#breadcrumb"},"inLanguage":"pt-BR","potentialAction":[{"@type":"ReadAction","target":["https:\/\/fieam.org.br\/sesi\/festival-sesi-de-educacao-em-brasilia-tem-alunos-do-amazonas\/"]}]},{"@type":"ImageObject","inLanguage":"pt-BR","@id":"https:\/\/fieam.org.br\/sesi\/festival-sesi-de-educacao-em-brasilia-tem-alunos-do-amazonas\/#primaryimage","url":"https:\/\/fieam.org.br\/sesi\/wp-content\/uploads\/sites\/14\/2022\/03\/SESI-Clube-do-Trabalhador.jpeg","contentUrl":"https:\/\/fieam.org.br\/sesi\/wp-content\/uploads\/sites\/14\/2022\/03\/SESI-Clube-do-Trabalhador.jpeg","width":1280,"height":720},{"@type":"BreadcrumbList","@id":"https:\/\/fieam.org.br\/sesi\/festival-sesi-de-educacao-em-brasilia-tem-alunos-do-amazonas\/#breadcrumb","itemListElement":[{"@type":"ListItem","position":1,"name":"In\u00edcio","item":"https:\/\/fieam.org.br\/sesi\/"},{"@type":"ListItem","position":2,"name":"Festival SESI de Educa\u00e7\u00e3o em Bras\u00edlia tem alunos do Amazonas"}]},{"@type":"WebSite","@id":"https:\/\/fieam.org.br\/sesi\/#website","url":"https:\/\/fieam.org.br\/sesi\/","name":"SESI","description":"Site Oficial!","publisher":{"@id":"https:\/\/fieam.org.br\/sesi\/#organization"},"potentialAction":[{"@type":"SearchAction","target":{"@type":"EntryPoint","urlTemplate":"https:\/\/fieam.org.br\/sesi\/?s={search_term_string}"},"query-input":{"@type":"PropertyValueSpecification","valueRequired":true,"valueName":"search_term_string"}}],"inLanguage":"pt-BR"},{"@type":"Organization","@id":"https:\/\/fieam.org.br\/sesi\/#organization","name":"SESI","url":"https:\/\/fieam.org.br\/sesi\/","logo":{"@type":"ImageObject","inLanguage":"pt-BR","@id":"https:\/\/fieam.org.br\/sesi\/#\/schema\/logo\/image\/","url":"https:\/\/fieam.org.br\/sesi\/wp-content\/uploads\/sites\/14\/2024\/03\/cropped-fav.png","contentUrl":"https:\/\/fieam.org.br\/sesi\/wp-content\/uploads\/sites\/14\/2024\/03\/cropped-fav.png","width":610,"height":589,"caption":"SESI"},"image":{"@id":"https:\/\/fieam.org.br\/sesi\/#\/schema\/logo\/image\/"}},{"@type":"Person","@id":"https:\/\/fieam.org.br\/sesi\/#\/schema\/person\/f54998dd14d5f0695b41444f2b01c31e","name":"Autor","image":{"@type":"ImageObject","inLanguage":"pt-BR","@id":"https:\/\/secure.gravatar.com\/avatar\/3732c223e0e1fad69062a8f770955c9068d37b055204f310a0be18d4069fe380?s=96&d=mm&r=g","url":"https:\/\/secure.gravatar.com\/avatar\/3732c223e0e1fad69062a8f770955c9068d37b055204f310a0be18d4069fe380?s=96&d=mm&r=g","contentUrl":"https:\/\/secure.gravatar.com\/avatar\/3732c223e0e1fad69062a8f770955c9068d37b055204f310a0be18d4069fe380?s=96&d=mm&r=g","caption":"Autor"},"sameAs":["https:\/\/marketingmassivo.com.br"],"url":"https:\/\/fieam.org.br\/sesi\/author\/admin\/"}]}},"_links":{"self":[{"href":"https:\/\/fieam.org.br\/sesi\/wp-json\/wp\/v2\/posts\/20150","targetHints":{"allow":["GET"]}}],"collection":[{"href":"https:\/\/fieam.org.br\/sesi\/wp-json\/wp\/v2\/posts"}],"about":[{"href":"https:\/\/fieam.org.br\/sesi\/wp-json\/wp\/v2\/types\/post"}],"author":[{"embeddable":true,"href":"https:\/\/fieam.org.br\/sesi\/wp-json\/wp\/v2\/users\/1"}],"replies":[{"embeddable":true,"href":"https:\/\/fieam.org.br\/sesi\/wp-json\/wp\/v2\/comments?post=20150"}],"version-history":[{"count":1,"href":"https:\/\/fieam.org.br\/sesi\/wp-json\/wp\/v2\/posts\/20150\/revisions"}],"predecessor-version":[{"id":20151,"href":"https:\/\/fieam.org.br\/sesi\/wp-json\/wp\/v2\/posts\/20150\/revisions\/20151"}],"wp:featuredmedia":[{"embeddable":true,"href":"https:\/\/fieam.org.br\/sesi\/wp-json\/wp\/v2\/media\/17974"}],"wp:attachment":[{"href":"https:\/\/fieam.org.br\/sesi\/wp-json\/wp\/v2\/media?parent=20150"}],"wp:term":[{"taxonomy":"category","embeddable":true,"href":"https:\/\/fieam.org.br\/sesi\/wp-json\/wp\/v2\/categories?post=20150"},{"taxonomy":"post_tag","embeddable":true,"href":"https:\/\/fieam.org.br\/sesi\/wp-json\/wp\/v2\/tags?post=20150"}],"curies":[{"name":"wp","href":"https:\/\/api.w.org\/{rel}","templated":true}]}}