{"id":1997,"date":"2011-09-21T12:49:15","date_gmt":"2011-09-21T12:49:15","guid":{"rendered":"http:\/\/www.fieam.org.br\/site\/sesi\/?p=1997"},"modified":"2011-09-21T12:49:15","modified_gmt":"2011-09-21T12:49:15","slug":"iran-maquine-vence-festival-do-sesi-com-roda-de-festa","status":"publish","type":"post","link":"https:\/\/fieam.org.br\/sesi\/iran-maquine-vence-festival-do-sesi-com-roda-de-festa\/","title":{"rendered":"Iran Maquin\u00e9 vence Festival do SESI com \u2018Roda de Festa\u2019"},"content":{"rendered":"<p><strong> <\/strong><\/p>\n<p><strong> <\/strong><\/p>\n<p><strong><\/p>\n<figure id=\"attachment_2014\" aria-describedby=\"caption-attachment-2014\" style=\"width: 300px\" class=\"wp-caption alignleft\"><a href=\"http:\/\/www.fieam.org.br\/site\/sesi\/files\/2011\/09\/Iran-Maquin\u00e9-vencedor-do-festival-na-categoria-Composi\u00e7\u00e3o-In\u00e9dita-com-a-m\u00fasica-\u201cRoda-de-Festas\u201d.jpg\"><img fetchpriority=\"high\" decoding=\"async\" class=\"size-medium wp-image-2014\" src=\"http:\/\/www.fieam.org.br\/site\/sesi\/files\/2011\/09\/Iran-Maquin\u00e9-vencedor-do-festival-na-categoria-Composi\u00e7\u00e3o-In\u00e9dita-com-a-m\u00fasica-\u201cRoda-de-Festas\u201d-300x200.jpg\" alt=\"Iran Maquin\u00e9, vencedor do festival na categoria Composi\u00e7\u00e3o In\u00e9dita com a m\u00fasica \u201cRoda de Festas\u201d\" width=\"300\" height=\"200\" \/><\/a><figcaption id=\"caption-attachment-2014\" class=\"wp-caption-text\">Iran Maquin\u00e9, vencedor do festival na categoria Composi\u00e7\u00e3o In\u00e9dita com a m\u00fasica \u201cRoda de Festas\u201d<\/figcaption><\/figure>\n<p><\/strong><\/p>\n<p><strong> <\/strong><\/p>\n<p><strong>Diversidade de g\u00eaneros \u00e9 marca da fase final do SESI M\u00fasica 2011<\/strong><\/p>\n<p>Do reggae ao rap, passando pela m\u00fasica popular brasileira, toada e bai\u00e3o. \u00a0A premia\u00e7\u00e3o do Festival SESI M\u00fasica 2011, no \u00faltimo s\u00e1bado (17), no <a href=\"http:\/\/www.fieam.org.br\/site\/sesi\/lazer-clube-do-trabalhador-do-amazonas\/\" target=\"_blank\" rel=\"noopener\">Clube do Trabalhador do Amazonas<\/a>, foi marcada pela diversidade e riqueza de g\u00eaneros musicais. \u201cRoda de Festa\u201d, de M\u00e1rio Jackson e Iran Maquin\u00e9, este representante da empresa Sonopress, conquistou o primeiro lugar na categoria Composi\u00e7\u00e3o In\u00e9dita. Na categoria Interpreta\u00e7\u00e3o, Alc\u00eddia Campos, que representou os Correios, foi al\u00e9m do soul na rom\u00e2ntica \u201c\u00c9 Primavera\u201d, de Aline Barros e Rog\u00e9rio Vieira, e faturou a primeira coloca\u00e7\u00e3o.<\/p>\n<p>Realizado no sal\u00e3o de festas do Clube do Trabalhador, o festival reuniu, no \u00faltimo fim de semana, o maior p\u00fablico das tr\u00eas edi\u00e7\u00f5es estaduais. Pelo menos 500 pessoas, a grande maioria trabalhadores do <a href=\"http:\/\/www.suframa.gov.br\/zfm_principal.cfm\" target=\"_blank\" rel=\"noopener\">Polo Industrial de Manaus (PIM)<\/a>, acompanharam a grande final, com apresenta\u00e7\u00e3o de 16 m\u00fasicas selecionadas \u2013 oito em cada categoria \u2013 na eliminat\u00f3ria de sexta-feira.<\/p>\n<p>Com o incentivo de torcidas organizadas, com faixas, bal\u00f5es e muita disposi\u00e7\u00e3o para gritar e aplaudir, os compositores e int\u00e9rpretes deram um show de profissionalismo em suas apresenta\u00e7\u00f5es, o que dificultou o trabalho do j\u00fari formado pelos cantores e compositores Candinho, In\u00eas, J\u00fanior Lima, Lucevilson Souza e Wenderson Figueiredo.<\/p>\n<p>A cantora In\u00eas, que tem uma carreira de quase 30 anos ao lado do marido Candinho, parabenizou os participantes e disse que a qualidade das m\u00fasicas e dos int\u00e9rpretes acabou dificultando o trabalho dos jurados e a escolha dos cinco premiados em cada categoria. Para Candinho, o festival prova que em todos os ramos e atividades tem pessoas talentosas e com um bom trabalho para mostrar. \u201cEsperamos que o <a href=\"http:\/\/www.suframa.gov.br\/zfm_principal.cfm\" target=\"_blank\" rel=\"noopener\">SESI<\/a> mantenha esse projeto porque a gente precisa de espa\u00e7o como esse para que os novos talentos da nossa m\u00fasica possam se revelar\u201d, disse In\u00eas.<\/p>\n<p>Como aut\u00eantico representante da MPB, Iran Maquin\u00e9, 43, \u00e9 um ass\u00edduo participante de festivais no Estado, mas esta foi a sua segunda participa\u00e7\u00e3o no SESI M\u00fasica e seu primeiro pr\u00eamio no evento. A m\u00fasica \u201cRoda de Festa\u201d conquistou os jurados pelo ritmo animado do bai\u00e3o e versos como \u201cAnoitece no c\u00e9u da Amaz\u00f4nia\/ a lua parece espiar\/ Hoje \u00e9 festa de santo\/ Andor ilumina ao chegar\u201d. Iran fez a letra em parceria com a mulher, Raimunda Souza, que trabalha como analista de custo do setor de contabilidade da Sonopress Rimo da Amaz\u00f4nia Ind\u00fastria e Com\u00e9rcio Fonogr\u00e1fico.<\/p>\n<figure id=\"attachment_2015\" aria-describedby=\"caption-attachment-2015\" style=\"width: 300px\" class=\"wp-caption alignleft\"><a href=\"http:\/\/www.fieam.org.br\/site\/sesi\/files\/2011\/09\/A-cantora-Alc\u00eddia-Campos-vencedora-do-Festival-SESI-M\u00fasica-na-categoria-Interpreta\u00e7\u00e3o.jpg\"><img decoding=\"async\" class=\"size-medium wp-image-2015\" src=\"http:\/\/www.fieam.org.br\/site\/sesi\/files\/2011\/09\/A-cantora-Alc\u00eddia-Campos-vencedora-do-Festival-SESI-M\u00fasica-na-categoria-Interpreta\u00e7\u00e3o-300x200.jpg\" alt=\"A cantora Alc\u00eddia Campos, vencedora do Festival SESI M\u00fasica na categoria Interpreta\u00e7\u00e3o\" width=\"300\" height=\"200\" \/><\/a><figcaption id=\"caption-attachment-2015\" class=\"wp-caption-text\">A cantora Alc\u00eddia Campos, vencedora do Festival SESI M\u00fasica na categoria Interpreta\u00e7\u00e3o<\/figcaption><\/figure>\n<p>Uma das fortes expoentes do g\u00eanero gospel no SESI M\u00fasica do Amazonas, Alc\u00eddia Campos, 28, chorou ao receber o pr\u00eamio de melhor int\u00e9rprete, t\u00edtulo que perseguia h\u00e1 tr\u00eas anos. Membro da Assembleia de Deus, ela vem burilando a voz desde os 6 anos de idade nos grupos de louvor da igreja. Na plateia, a m\u00e3e, Ros\u00e1ria Souza, 52, o marido, Emanuel, 30, e o filho, Vin\u00edcius, 2, formavam toda a torcida da candidata e vibraram muito com sua vit\u00f3ria.<\/p>\n<p>Caso fosse escolhida a torcida mais agitada, o pr\u00eamio seria dividido entre as empresas Itautinga\/Cimento Nassau, Panasonic, Labelpress, Coplast e Moto Honda. Na linha de frente da torcida da Itautinga\/Cimento Nassau, os trabalhadores Jos\u00e9 Cavalcante, 42, Aline Nara, 26, e Aline Cavalcante, 27,\u00a0 estavam encarregados de levantar a faixa cada vez que um dos quatro concorrentes do grupo era chamado: Charlene Souza, Leoniv\u00e2nia Santos e Rodrigo Costa, na categoria Interpreta\u00e7\u00e3o, e Luiz Pereira, na categoria Composi\u00e7\u00e3o In\u00e9dita.<\/p>\n<p>O comando da torcida da <a href=\"http:\/\/www.panasonic.com.br\/\" target=\"_blank\" rel=\"noopener\">Panasonic<\/a> estava com Jucilene Lacerda, 33, mulher do cantor e compositor Edy Marone, que defendeu a m\u00fasica de sua autoria \u201cInvers\u00e3o de Valores\u201d. Segundo ela, a empresa forneceu a rota (\u00f4nibus) de ida e volta ao clube para os 100 empregados que quiseram assistir o festival, forneceu camisetas personalizadas com a foto de Marone, bal\u00f5es e material para a confec\u00e7\u00e3o de faixas e pompons.<\/p>\n<p>Tamb\u00e9m na torcida da Panasonic, o supervisor Wanderlan Gomes disse que a empresa incentiva e reconhece o talento dos seus trabalhadores. \u201c\u00c9 interessante ver o desempenho do Edimilson (Edy) na empresa e ver o outro lado dele aqui, como\u00a0 artista\u201d, disse. O diretor administrativo da Panasonic da Amaz\u00f4nia, Iuquio Ashibe, acompanhou de perto as duas etapas do festival e ofereceu uma TV de 32 polegadas, LCD, como pr\u00eamio extra ao primeiro colocado na categoria In\u00e9dita.<\/p>\n<p>Ao lado de outros diretores, o presidente da <a href=\"http:\/\/www.fieam.org.br\/site\/fieam\/institucional\/\" target=\"_blank\" rel=\"noopener\">Federa\u00e7\u00e3o das Ind\u00fastrias do Estado do Amazonas<\/a>, Antonio Silva, elogiou a iniciativa do <a href=\"http:\/\/www.fieam.org.br\/site\/sesi\" target=\"_blank\" rel=\"noopener\">SESI<\/a> de realizar um evento que ajuda a revelar outros talentos do trabalhador da ind\u00fastria. \u201cE \u00e9 muito bom ver essa festa e o clube ocupado por seus verdadeiros donos, os industri\u00e1rios\u201d, disse.<\/p>\n<p>Convidada para o show de encerramento, a banda Critical Age fez a plateia cantar e dan\u00e7ar ao som de alguns rocks de bandas brasileiras e estrangeiras.<\/p>\n<p>O Festival SESI M\u00fasica deu pr\u00eamios de R$ 2 mil aos dois primeiros colocados nas duas categorias, R$ 1.300 para os dois segundos, R$ 1 mil (terceiros) e R$ 700 (para o 4\u00ba e 5\u00ba lugares).<\/p>\n<p><strong>Lista dos ganhadores<\/strong><\/p>\n<p><strong>Categoria In\u00e9dita<\/strong><\/p>\n<p>1\u00ba lugar \u2013 \u201cRoda de Festa\u201d, de Iran Maquin\u00e9 (Sonopress)<\/p>\n<p>2\u00ba lugar \u2013 \u201cSer\u00e1\u201d, de Raynon Batista (Ralc Constru\u00e7\u00f5es)<\/p>\n<p>3\u00ba lugar \u2013 \u201cCopa Cabana\u201d, de Leno Le\u00e3o e Glauber Carvalho (Correios e LG)<\/p>\n<p>4\u00ba lugar \u2013 \u201cNosso Amor\u201d, de Eder Cardoso (Coplast)<\/p>\n<p>5\u00ba lugar \u2013 \u201cTe Quero Verde\u201d, de J. Mendon\u00e7a (Petrobras)<\/p>\n<p><strong>Categoria Interpreta\u00e7\u00e3o<\/strong><\/p>\n<p>1\u00ba lugar \u2013 Alc\u00eddia Campos (\u201c\u00c9 Primavera\u201d) &#8211; dos Correios<\/p>\n<p>2\u00ba lugar \u2013 Charlene Souza (\u201cCampe\u00e3o Vencedor\u201d) &#8211; Cimento Nassau<\/p>\n<p>3\u00ba lugar \u2013 Rodrigo Costa (\u201cComo Nossos Pais\u201d) &#8211; Itautinga<\/p>\n<p>4\u00ba lugar \u2013 Bena\u00e9de (\u201cFor\u00e7a Estranha\u201d) \u2013 Continental<\/p>\n<p>5\u00ba lugar \u2013 F\u00e1bio Silva (\u201cVolta pra Mim\u201d) \u2013 Moto Honda<\/p>\n<p>[nggallery id=60]<\/p>\n","protected":false},"excerpt":{"rendered":"<p>Diversidade de g\u00eaneros \u00e9 marca da fase final do SESI M\u00fasica 2011 Do reggae ao rap, passando pela m\u00fasica popular brasileira, toada e bai\u00e3o. \u00a0A premia\u00e7\u00e3o do Festival SESI M\u00fasica 2011, no \u00faltimo s\u00e1bado (17), no Clube do Trabalhador do Amazonas, foi marcada pela diversidade e riqueza de g\u00eaneros musicais. \u201cRoda de Festa\u201d, de M\u00e1rio [&hellip;]<\/p>\n","protected":false},"author":1,"featured_media":0,"comment_status":"open","ping_status":"open","sticky":false,"template":"","format":"standard","meta":{"footnotes":""},"categories":[25],"tags":[],"class_list":["post-1997","post","type-post","status-publish","format-standard","hentry","category-news"],"yoast_head":"<!-- This site is optimized with the Yoast SEO plugin v28.2 - https:\/\/yoast.com\/product\/yoast-seo-wordpress\/ -->\n<title>Iran Maquin\u00e9 vence Festival do SESI com \u2018Roda de Festa\u2019 - SESI<\/title>\n<meta name=\"robots\" content=\"index, follow, max-snippet:-1, max-image-preview:large, max-video-preview:-1\" \/>\n<link rel=\"canonical\" href=\"https:\/\/fieam.org.br\/sesi\/iran-maquine-vence-festival-do-sesi-com-roda-de-festa\/\" \/>\n<meta property=\"og:locale\" content=\"pt_BR\" \/>\n<meta property=\"og:type\" content=\"article\" \/>\n<meta property=\"og:title\" content=\"Iran Maquin\u00e9 vence Festival do SESI com \u2018Roda de Festa\u2019 - SESI\" \/>\n<meta property=\"og:description\" content=\"Diversidade de g\u00eaneros \u00e9 marca da fase final do SESI M\u00fasica 2011 Do reggae ao rap, passando pela m\u00fasica popular brasileira, toada e bai\u00e3o. \u00a0A premia\u00e7\u00e3o do Festival SESI M\u00fasica 2011, no \u00faltimo s\u00e1bado (17), no Clube do Trabalhador do Amazonas, foi marcada pela diversidade e riqueza de g\u00eaneros musicais. \u201cRoda de Festa\u201d, de M\u00e1rio [&hellip;]\" \/>\n<meta property=\"og:url\" content=\"https:\/\/fieam.org.br\/sesi\/iran-maquine-vence-festival-do-sesi-com-roda-de-festa\/\" \/>\n<meta property=\"og:site_name\" content=\"SESI\" \/>\n<meta property=\"article:published_time\" content=\"2011-09-21T12:49:15+00:00\" \/>\n<meta name=\"author\" content=\"Autor\" \/>\n<meta name=\"twitter:card\" content=\"summary_large_image\" \/>\n<meta name=\"twitter:label1\" content=\"Escrito por\" \/>\n\t<meta name=\"twitter:data1\" content=\"Autor\" \/>\n\t<meta name=\"twitter:label2\" content=\"Est. tempo de leitura\" \/>\n\t<meta name=\"twitter:data2\" content=\"5 minutos\" \/>\n<script type=\"application\/ld+json\" class=\"yoast-schema-graph\">{\"@context\":\"https:\\\/\\\/schema.org\",\"@graph\":[{\"@type\":\"Article\",\"@id\":\"https:\\\/\\\/fieam.org.br\\\/sesi\\\/iran-maquine-vence-festival-do-sesi-com-roda-de-festa\\\/#article\",\"isPartOf\":{\"@id\":\"https:\\\/\\\/fieam.org.br\\\/sesi\\\/iran-maquine-vence-festival-do-sesi-com-roda-de-festa\\\/\"},\"author\":{\"name\":\"Autor\",\"@id\":\"https:\\\/\\\/fieam.org.br\\\/sesi\\\/#\\\/schema\\\/person\\\/f54998dd14d5f0695b41444f2b01c31e\"},\"headline\":\"Iran Maquin\u00e9 vence Festival do SESI com \u2018Roda de Festa\u2019\",\"datePublished\":\"2011-09-21T12:49:15+00:00\",\"mainEntityOfPage\":{\"@id\":\"https:\\\/\\\/fieam.org.br\\\/sesi\\\/iran-maquine-vence-festival-do-sesi-com-roda-de-festa\\\/\"},\"wordCount\":1020,\"commentCount\":0,\"publisher\":{\"@id\":\"https:\\\/\\\/fieam.org.br\\\/sesi\\\/#organization\"},\"articleSection\":[\"News\"],\"inLanguage\":\"pt-BR\",\"potentialAction\":[{\"@type\":\"CommentAction\",\"name\":\"Comment\",\"target\":[\"https:\\\/\\\/fieam.org.br\\\/sesi\\\/iran-maquine-vence-festival-do-sesi-com-roda-de-festa\\\/#respond\"]}]},{\"@type\":\"WebPage\",\"@id\":\"https:\\\/\\\/fieam.org.br\\\/sesi\\\/iran-maquine-vence-festival-do-sesi-com-roda-de-festa\\\/\",\"url\":\"https:\\\/\\\/fieam.org.br\\\/sesi\\\/iran-maquine-vence-festival-do-sesi-com-roda-de-festa\\\/\",\"name\":\"Iran Maquin\u00e9 vence Festival do SESI com \u2018Roda de Festa\u2019 - SESI\",\"isPartOf\":{\"@id\":\"https:\\\/\\\/fieam.org.br\\\/sesi\\\/#website\"},\"datePublished\":\"2011-09-21T12:49:15+00:00\",\"breadcrumb\":{\"@id\":\"https:\\\/\\\/fieam.org.br\\\/sesi\\\/iran-maquine-vence-festival-do-sesi-com-roda-de-festa\\\/#breadcrumb\"},\"inLanguage\":\"pt-BR\",\"potentialAction\":[{\"@type\":\"ReadAction\",\"target\":[\"https:\\\/\\\/fieam.org.br\\\/sesi\\\/iran-maquine-vence-festival-do-sesi-com-roda-de-festa\\\/\"]}]},{\"@type\":\"BreadcrumbList\",\"@id\":\"https:\\\/\\\/fieam.org.br\\\/sesi\\\/iran-maquine-vence-festival-do-sesi-com-roda-de-festa\\\/#breadcrumb\",\"itemListElement\":[{\"@type\":\"ListItem\",\"position\":1,\"name\":\"In\u00edcio\",\"item\":\"https:\\\/\\\/fieam.org.br\\\/sesi\\\/\"},{\"@type\":\"ListItem\",\"position\":2,\"name\":\"Iran Maquin\u00e9 vence Festival do SESI com \u2018Roda de Festa\u2019\"}]},{\"@type\":\"WebSite\",\"@id\":\"https:\\\/\\\/fieam.org.br\\\/sesi\\\/#website\",\"url\":\"https:\\\/\\\/fieam.org.br\\\/sesi\\\/\",\"name\":\"SESI\",\"description\":\"Site Oficial!\",\"publisher\":{\"@id\":\"https:\\\/\\\/fieam.org.br\\\/sesi\\\/#organization\"},\"potentialAction\":[{\"@type\":\"SearchAction\",\"target\":{\"@type\":\"EntryPoint\",\"urlTemplate\":\"https:\\\/\\\/fieam.org.br\\\/sesi\\\/?s={search_term_string}\"},\"query-input\":{\"@type\":\"PropertyValueSpecification\",\"valueRequired\":true,\"valueName\":\"search_term_string\"}}],\"inLanguage\":\"pt-BR\"},{\"@type\":\"Organization\",\"@id\":\"https:\\\/\\\/fieam.org.br\\\/sesi\\\/#organization\",\"name\":\"SESI\",\"url\":\"https:\\\/\\\/fieam.org.br\\\/sesi\\\/\",\"logo\":{\"@type\":\"ImageObject\",\"inLanguage\":\"pt-BR\",\"@id\":\"https:\\\/\\\/fieam.org.br\\\/sesi\\\/#\\\/schema\\\/logo\\\/image\\\/\",\"url\":\"https:\\\/\\\/fieam.org.br\\\/sesi\\\/wp-content\\\/uploads\\\/sites\\\/14\\\/2024\\\/03\\\/cropped-fav.png\",\"contentUrl\":\"https:\\\/\\\/fieam.org.br\\\/sesi\\\/wp-content\\\/uploads\\\/sites\\\/14\\\/2024\\\/03\\\/cropped-fav.png\",\"width\":610,\"height\":589,\"caption\":\"SESI\"},\"image\":{\"@id\":\"https:\\\/\\\/fieam.org.br\\\/sesi\\\/#\\\/schema\\\/logo\\\/image\\\/\"}},{\"@type\":\"Person\",\"@id\":\"https:\\\/\\\/fieam.org.br\\\/sesi\\\/#\\\/schema\\\/person\\\/f54998dd14d5f0695b41444f2b01c31e\",\"name\":\"Autor\",\"image\":{\"@type\":\"ImageObject\",\"inLanguage\":\"pt-BR\",\"@id\":\"https:\\\/\\\/secure.gravatar.com\\\/avatar\\\/3732c223e0e1fad69062a8f770955c9068d37b055204f310a0be18d4069fe380?s=96&d=mm&r=g\",\"url\":\"https:\\\/\\\/secure.gravatar.com\\\/avatar\\\/3732c223e0e1fad69062a8f770955c9068d37b055204f310a0be18d4069fe380?s=96&d=mm&r=g\",\"contentUrl\":\"https:\\\/\\\/secure.gravatar.com\\\/avatar\\\/3732c223e0e1fad69062a8f770955c9068d37b055204f310a0be18d4069fe380?s=96&d=mm&r=g\",\"caption\":\"Autor\"},\"sameAs\":[\"https:\\\/\\\/marketingmassivo.com.br\"],\"url\":\"https:\\\/\\\/fieam.org.br\\\/sesi\\\/author\\\/admin\\\/\"}]}<\/script>\n<!-- \/ Yoast SEO plugin. -->","yoast_head_json":{"title":"Iran Maquin\u00e9 vence Festival do SESI com \u2018Roda de Festa\u2019 - SESI","robots":{"index":"index","follow":"follow","max-snippet":"max-snippet:-1","max-image-preview":"max-image-preview:large","max-video-preview":"max-video-preview:-1"},"canonical":"https:\/\/fieam.org.br\/sesi\/iran-maquine-vence-festival-do-sesi-com-roda-de-festa\/","og_locale":"pt_BR","og_type":"article","og_title":"Iran Maquin\u00e9 vence Festival do SESI com \u2018Roda de Festa\u2019 - SESI","og_description":"Diversidade de g\u00eaneros \u00e9 marca da fase final do SESI M\u00fasica 2011 Do reggae ao rap, passando pela m\u00fasica popular brasileira, toada e bai\u00e3o. \u00a0A premia\u00e7\u00e3o do Festival SESI M\u00fasica 2011, no \u00faltimo s\u00e1bado (17), no Clube do Trabalhador do Amazonas, foi marcada pela diversidade e riqueza de g\u00eaneros musicais. \u201cRoda de Festa\u201d, de M\u00e1rio [&hellip;]","og_url":"https:\/\/fieam.org.br\/sesi\/iran-maquine-vence-festival-do-sesi-com-roda-de-festa\/","og_site_name":"SESI","article_published_time":"2011-09-21T12:49:15+00:00","author":"Autor","twitter_card":"summary_large_image","twitter_misc":{"Escrito por":"Autor","Est. tempo de leitura":"5 minutos"},"schema":{"@context":"https:\/\/schema.org","@graph":[{"@type":"Article","@id":"https:\/\/fieam.org.br\/sesi\/iran-maquine-vence-festival-do-sesi-com-roda-de-festa\/#article","isPartOf":{"@id":"https:\/\/fieam.org.br\/sesi\/iran-maquine-vence-festival-do-sesi-com-roda-de-festa\/"},"author":{"name":"Autor","@id":"https:\/\/fieam.org.br\/sesi\/#\/schema\/person\/f54998dd14d5f0695b41444f2b01c31e"},"headline":"Iran Maquin\u00e9 vence Festival do SESI com \u2018Roda de Festa\u2019","datePublished":"2011-09-21T12:49:15+00:00","mainEntityOfPage":{"@id":"https:\/\/fieam.org.br\/sesi\/iran-maquine-vence-festival-do-sesi-com-roda-de-festa\/"},"wordCount":1020,"commentCount":0,"publisher":{"@id":"https:\/\/fieam.org.br\/sesi\/#organization"},"articleSection":["News"],"inLanguage":"pt-BR","potentialAction":[{"@type":"CommentAction","name":"Comment","target":["https:\/\/fieam.org.br\/sesi\/iran-maquine-vence-festival-do-sesi-com-roda-de-festa\/#respond"]}]},{"@type":"WebPage","@id":"https:\/\/fieam.org.br\/sesi\/iran-maquine-vence-festival-do-sesi-com-roda-de-festa\/","url":"https:\/\/fieam.org.br\/sesi\/iran-maquine-vence-festival-do-sesi-com-roda-de-festa\/","name":"Iran Maquin\u00e9 vence Festival do SESI com \u2018Roda de Festa\u2019 - SESI","isPartOf":{"@id":"https:\/\/fieam.org.br\/sesi\/#website"},"datePublished":"2011-09-21T12:49:15+00:00","breadcrumb":{"@id":"https:\/\/fieam.org.br\/sesi\/iran-maquine-vence-festival-do-sesi-com-roda-de-festa\/#breadcrumb"},"inLanguage":"pt-BR","potentialAction":[{"@type":"ReadAction","target":["https:\/\/fieam.org.br\/sesi\/iran-maquine-vence-festival-do-sesi-com-roda-de-festa\/"]}]},{"@type":"BreadcrumbList","@id":"https:\/\/fieam.org.br\/sesi\/iran-maquine-vence-festival-do-sesi-com-roda-de-festa\/#breadcrumb","itemListElement":[{"@type":"ListItem","position":1,"name":"In\u00edcio","item":"https:\/\/fieam.org.br\/sesi\/"},{"@type":"ListItem","position":2,"name":"Iran Maquin\u00e9 vence Festival do SESI com \u2018Roda de Festa\u2019"}]},{"@type":"WebSite","@id":"https:\/\/fieam.org.br\/sesi\/#website","url":"https:\/\/fieam.org.br\/sesi\/","name":"SESI","description":"Site Oficial!","publisher":{"@id":"https:\/\/fieam.org.br\/sesi\/#organization"},"potentialAction":[{"@type":"SearchAction","target":{"@type":"EntryPoint","urlTemplate":"https:\/\/fieam.org.br\/sesi\/?s={search_term_string}"},"query-input":{"@type":"PropertyValueSpecification","valueRequired":true,"valueName":"search_term_string"}}],"inLanguage":"pt-BR"},{"@type":"Organization","@id":"https:\/\/fieam.org.br\/sesi\/#organization","name":"SESI","url":"https:\/\/fieam.org.br\/sesi\/","logo":{"@type":"ImageObject","inLanguage":"pt-BR","@id":"https:\/\/fieam.org.br\/sesi\/#\/schema\/logo\/image\/","url":"https:\/\/fieam.org.br\/sesi\/wp-content\/uploads\/sites\/14\/2024\/03\/cropped-fav.png","contentUrl":"https:\/\/fieam.org.br\/sesi\/wp-content\/uploads\/sites\/14\/2024\/03\/cropped-fav.png","width":610,"height":589,"caption":"SESI"},"image":{"@id":"https:\/\/fieam.org.br\/sesi\/#\/schema\/logo\/image\/"}},{"@type":"Person","@id":"https:\/\/fieam.org.br\/sesi\/#\/schema\/person\/f54998dd14d5f0695b41444f2b01c31e","name":"Autor","image":{"@type":"ImageObject","inLanguage":"pt-BR","@id":"https:\/\/secure.gravatar.com\/avatar\/3732c223e0e1fad69062a8f770955c9068d37b055204f310a0be18d4069fe380?s=96&d=mm&r=g","url":"https:\/\/secure.gravatar.com\/avatar\/3732c223e0e1fad69062a8f770955c9068d37b055204f310a0be18d4069fe380?s=96&d=mm&r=g","contentUrl":"https:\/\/secure.gravatar.com\/avatar\/3732c223e0e1fad69062a8f770955c9068d37b055204f310a0be18d4069fe380?s=96&d=mm&r=g","caption":"Autor"},"sameAs":["https:\/\/marketingmassivo.com.br"],"url":"https:\/\/fieam.org.br\/sesi\/author\/admin\/"}]}},"_links":{"self":[{"href":"https:\/\/fieam.org.br\/sesi\/wp-json\/wp\/v2\/posts\/1997","targetHints":{"allow":["GET"]}}],"collection":[{"href":"https:\/\/fieam.org.br\/sesi\/wp-json\/wp\/v2\/posts"}],"about":[{"href":"https:\/\/fieam.org.br\/sesi\/wp-json\/wp\/v2\/types\/post"}],"author":[{"embeddable":true,"href":"https:\/\/fieam.org.br\/sesi\/wp-json\/wp\/v2\/users\/1"}],"replies":[{"embeddable":true,"href":"https:\/\/fieam.org.br\/sesi\/wp-json\/wp\/v2\/comments?post=1997"}],"version-history":[{"count":0,"href":"https:\/\/fieam.org.br\/sesi\/wp-json\/wp\/v2\/posts\/1997\/revisions"}],"wp:attachment":[{"href":"https:\/\/fieam.org.br\/sesi\/wp-json\/wp\/v2\/media?parent=1997"}],"wp:term":[{"taxonomy":"category","embeddable":true,"href":"https:\/\/fieam.org.br\/sesi\/wp-json\/wp\/v2\/categories?post=1997"},{"taxonomy":"post_tag","embeddable":true,"href":"https:\/\/fieam.org.br\/sesi\/wp-json\/wp\/v2\/tags?post=1997"}],"curies":[{"name":"wp","href":"https:\/\/api.w.org\/{rel}","templated":true}]}}