{"id":1962,"date":"2011-09-15T20:24:19","date_gmt":"2011-09-15T20:24:19","guid":{"rendered":"http:\/\/www.fieam.org.br\/site\/sesi\/?p=1962"},"modified":"2011-09-15T20:24:19","modified_gmt":"2011-09-15T20:24:19","slug":"sesi-discute-sustentabilidade-alimentar","status":"publish","type":"post","link":"https:\/\/fieam.org.br\/sesi\/sesi-discute-sustentabilidade-alimentar\/","title":{"rendered":"SESI discute sustentabilidade alimentar"},"content":{"rendered":"<p><a href=\"http:\/\/www.fieam.org.br\/site\/sesi\/institucional\/\" target=\"_blank\" rel=\"noopener\">O Servi\u00e7o Social da Ind\u00fastria (SESI\/AM),<\/a> por meio da \u00e1rea de Responsabilidade Social Empresarial, est\u00e1 com inscri\u00e7\u00f5es abertas para o 2\u00ba Encontro de Ideias \u2013 Caf\u00e9 com Responsabilidade de 2011, com o tema \u201cA Sustentabilidade Alimentar para Qualidade de Vida dos Trabalhadores da Ind\u00fastria\u201d.<\/p>\n<p>O evento, que tem como objetivo disseminar a tem\u00e1tica da responsabilidade social e sustentabilidade para empresas industriais do Amazonas, vai acontecer no dia 29 de setembro, das 7h30 \u00e0s 11h40, no Comfort Hotel, Distrito Industrial.<\/p>\n<p>Dentro da programa\u00e7\u00e3o, a nutricionista do SESI\/AM, Evely Medeiros, vai abordar o tema \u201cCozinha Brasil \u2013 Qualidade de vida ao alcance de todos\u201d; em seguida, a nutricionista do SESI\/S\u00e3o Paulo, Silvana Sanvito, vai apresentar o \u201cPrograma Alimente-se Bem \u2013 A ideia que deu certo\u201d; o diretor da ind\u00fastria t\u00eaxtil de S\u00e3o Paulo, Sameka Modas Ltda, Samir Nakadi, vai fazer apresenta\u00e7\u00e3o de boas pr\u00e1ticas em alimenta\u00e7\u00e3o saud\u00e1vel. A empresa Sameka adotou o Alimente-se Bem, com uma melhoria para a qualidade de vida dos funcion\u00e1rios.<\/p>\n<p>O evento \u00e9 gratuito e voltado para gestores de RH, qualidade, responsabilidade social e nutricionistas que trabalham em cozinha industrial.<\/p>\n<p>Informa\u00e7\u00f5es e inscri\u00e7\u00f5es pelo telefone (92) 3186-6573\/6558 ou <a href=\"mailto:sesi.rse@sesiam.org.br\" target=\"_blank\" rel=\"noopener\">sesi.rse@sesiam.org.br<\/a>.<\/p>\n","protected":false},"excerpt":{"rendered":"<p>O Servi\u00e7o Social da Ind\u00fastria (SESI\/AM), por meio da \u00e1rea de Responsabilidade Social Empresarial, est\u00e1 com inscri\u00e7\u00f5es abertas para o 2\u00ba Encontro de Ideias \u2013 Caf\u00e9 com Responsabilidade de 2011, com o tema \u201cA Sustentabilidade Alimentar para Qualidade de Vida dos Trabalhadores da Ind\u00fastria\u201d. O evento, que tem como objetivo disseminar a tem\u00e1tica da responsabilidade [&hellip;]<\/p>\n","protected":false},"author":1,"featured_media":0,"comment_status":"open","ping_status":"open","sticky":false,"template":"","format":"standard","meta":{"footnotes":""},"categories":[25],"tags":[],"class_list":["post-1962","post","type-post","status-publish","format-standard","hentry","category-news"],"yoast_head":"<!-- This site is optimized with the Yoast SEO plugin v26.8 - https:\/\/yoast.com\/product\/yoast-seo-wordpress\/ -->\n<title>SESI discute sustentabilidade alimentar - SESI<\/title>\n<meta name=\"robots\" content=\"index, follow, max-snippet:-1, max-image-preview:large, max-video-preview:-1\" \/>\n<link rel=\"canonical\" href=\"https:\/\/fieam.org.br\/sesi\/sesi-discute-sustentabilidade-alimentar\/\" \/>\n<meta property=\"og:locale\" content=\"pt_BR\" \/>\n<meta property=\"og:type\" content=\"article\" \/>\n<meta property=\"og:title\" content=\"SESI discute sustentabilidade alimentar - SESI\" \/>\n<meta property=\"og:description\" content=\"O Servi\u00e7o Social da Ind\u00fastria (SESI\/AM), por meio da \u00e1rea de Responsabilidade Social Empresarial, est\u00e1 com inscri\u00e7\u00f5es abertas para o 2\u00ba Encontro de Ideias \u2013 Caf\u00e9 com Responsabilidade de 2011, com o tema \u201cA Sustentabilidade Alimentar para Qualidade de Vida dos Trabalhadores da Ind\u00fastria\u201d. O evento, que tem como objetivo disseminar a tem\u00e1tica da responsabilidade [&hellip;]\" \/>\n<meta property=\"og:url\" content=\"https:\/\/fieam.org.br\/sesi\/sesi-discute-sustentabilidade-alimentar\/\" \/>\n<meta property=\"og:site_name\" content=\"SESI\" \/>\n<meta property=\"article:published_time\" content=\"2011-09-15T20:24:19+00:00\" \/>\n<meta name=\"author\" content=\"Autor\" \/>\n<meta name=\"twitter:card\" content=\"summary_large_image\" \/>\n<meta name=\"twitter:label1\" content=\"Escrito por\" \/>\n\t<meta name=\"twitter:data1\" content=\"Autor\" \/>\n\t<meta name=\"twitter:label2\" content=\"Est. tempo de leitura\" \/>\n\t<meta name=\"twitter:data2\" content=\"1 minuto\" \/>\n<script type=\"application\/ld+json\" class=\"yoast-schema-graph\">{\"@context\":\"https:\/\/schema.org\",\"@graph\":[{\"@type\":\"Article\",\"@id\":\"https:\/\/fieam.org.br\/sesi\/sesi-discute-sustentabilidade-alimentar\/#article\",\"isPartOf\":{\"@id\":\"https:\/\/fieam.org.br\/sesi\/sesi-discute-sustentabilidade-alimentar\/\"},\"author\":{\"name\":\"Autor\",\"@id\":\"https:\/\/fieam.org.br\/sesi\/#\/schema\/person\/c1ceda8321521b291cee22da0a7d34be\"},\"headline\":\"SESI discute sustentabilidade alimentar\",\"datePublished\":\"2011-09-15T20:24:19+00:00\",\"mainEntityOfPage\":{\"@id\":\"https:\/\/fieam.org.br\/sesi\/sesi-discute-sustentabilidade-alimentar\/\"},\"wordCount\":211,\"commentCount\":0,\"publisher\":{\"@id\":\"https:\/\/fieam.org.br\/sesi\/#organization\"},\"articleSection\":[\"News\"],\"inLanguage\":\"pt-BR\",\"potentialAction\":[{\"@type\":\"CommentAction\",\"name\":\"Comment\",\"target\":[\"https:\/\/fieam.org.br\/sesi\/sesi-discute-sustentabilidade-alimentar\/#respond\"]}]},{\"@type\":\"WebPage\",\"@id\":\"https:\/\/fieam.org.br\/sesi\/sesi-discute-sustentabilidade-alimentar\/\",\"url\":\"https:\/\/fieam.org.br\/sesi\/sesi-discute-sustentabilidade-alimentar\/\",\"name\":\"SESI discute sustentabilidade alimentar - SESI\",\"isPartOf\":{\"@id\":\"https:\/\/fieam.org.br\/sesi\/#website\"},\"datePublished\":\"2011-09-15T20:24:19+00:00\",\"breadcrumb\":{\"@id\":\"https:\/\/fieam.org.br\/sesi\/sesi-discute-sustentabilidade-alimentar\/#breadcrumb\"},\"inLanguage\":\"pt-BR\",\"potentialAction\":[{\"@type\":\"ReadAction\",\"target\":[\"https:\/\/fieam.org.br\/sesi\/sesi-discute-sustentabilidade-alimentar\/\"]}]},{\"@type\":\"BreadcrumbList\",\"@id\":\"https:\/\/fieam.org.br\/sesi\/sesi-discute-sustentabilidade-alimentar\/#breadcrumb\",\"itemListElement\":[{\"@type\":\"ListItem\",\"position\":1,\"name\":\"In\u00edcio\",\"item\":\"https:\/\/fieam.org.br\/sesi\/\"},{\"@type\":\"ListItem\",\"position\":2,\"name\":\"SESI discute sustentabilidade alimentar\"}]},{\"@type\":\"WebSite\",\"@id\":\"https:\/\/fieam.org.br\/sesi\/#website\",\"url\":\"https:\/\/fieam.org.br\/sesi\/\",\"name\":\"SESI\",\"description\":\"Site Oficial!\",\"publisher\":{\"@id\":\"https:\/\/fieam.org.br\/sesi\/#organization\"},\"potentialAction\":[{\"@type\":\"SearchAction\",\"target\":{\"@type\":\"EntryPoint\",\"urlTemplate\":\"https:\/\/fieam.org.br\/sesi\/?s={search_term_string}\"},\"query-input\":{\"@type\":\"PropertyValueSpecification\",\"valueRequired\":true,\"valueName\":\"search_term_string\"}}],\"inLanguage\":\"pt-BR\"},{\"@type\":\"Organization\",\"@id\":\"https:\/\/fieam.org.br\/sesi\/#organization\",\"name\":\"SESI\",\"url\":\"https:\/\/fieam.org.br\/sesi\/\",\"logo\":{\"@type\":\"ImageObject\",\"inLanguage\":\"pt-BR\",\"@id\":\"https:\/\/fieam.org.br\/sesi\/#\/schema\/logo\/image\/\",\"url\":\"https:\/\/fieam.org.br\/sesi\/wp-content\/uploads\/sites\/14\/2024\/03\/cropped-fav.png\",\"contentUrl\":\"https:\/\/fieam.org.br\/sesi\/wp-content\/uploads\/sites\/14\/2024\/03\/cropped-fav.png\",\"width\":610,\"height\":589,\"caption\":\"SESI\"},\"image\":{\"@id\":\"https:\/\/fieam.org.br\/sesi\/#\/schema\/logo\/image\/\"}},{\"@type\":\"Person\",\"@id\":\"https:\/\/fieam.org.br\/sesi\/#\/schema\/person\/c1ceda8321521b291cee22da0a7d34be\",\"name\":\"Autor\",\"image\":{\"@type\":\"ImageObject\",\"inLanguage\":\"pt-BR\",\"@id\":\"https:\/\/fieam.org.br\/sesi\/#\/schema\/person\/image\/\",\"url\":\"https:\/\/secure.gravatar.com\/avatar\/3732c223e0e1fad69062a8f770955c9068d37b055204f310a0be18d4069fe380?s=96&d=mm&r=g\",\"contentUrl\":\"https:\/\/secure.gravatar.com\/avatar\/3732c223e0e1fad69062a8f770955c9068d37b055204f310a0be18d4069fe380?s=96&d=mm&r=g\",\"caption\":\"Autor\"},\"sameAs\":[\"https:\/\/marketingmassivo.com.br\"],\"url\":\"https:\/\/fieam.org.br\/sesi\/author\/admin\/\"}]}<\/script>\n<!-- \/ Yoast SEO plugin. -->","yoast_head_json":{"title":"SESI discute sustentabilidade alimentar - SESI","robots":{"index":"index","follow":"follow","max-snippet":"max-snippet:-1","max-image-preview":"max-image-preview:large","max-video-preview":"max-video-preview:-1"},"canonical":"https:\/\/fieam.org.br\/sesi\/sesi-discute-sustentabilidade-alimentar\/","og_locale":"pt_BR","og_type":"article","og_title":"SESI discute sustentabilidade alimentar - SESI","og_description":"O Servi\u00e7o Social da Ind\u00fastria (SESI\/AM), por meio da \u00e1rea de Responsabilidade Social Empresarial, est\u00e1 com inscri\u00e7\u00f5es abertas para o 2\u00ba Encontro de Ideias \u2013 Caf\u00e9 com Responsabilidade de 2011, com o tema \u201cA Sustentabilidade Alimentar para Qualidade de Vida dos Trabalhadores da Ind\u00fastria\u201d. O evento, que tem como objetivo disseminar a tem\u00e1tica da responsabilidade [&hellip;]","og_url":"https:\/\/fieam.org.br\/sesi\/sesi-discute-sustentabilidade-alimentar\/","og_site_name":"SESI","article_published_time":"2011-09-15T20:24:19+00:00","author":"Autor","twitter_card":"summary_large_image","twitter_misc":{"Escrito por":"Autor","Est. tempo de leitura":"1 minuto"},"schema":{"@context":"https:\/\/schema.org","@graph":[{"@type":"Article","@id":"https:\/\/fieam.org.br\/sesi\/sesi-discute-sustentabilidade-alimentar\/#article","isPartOf":{"@id":"https:\/\/fieam.org.br\/sesi\/sesi-discute-sustentabilidade-alimentar\/"},"author":{"name":"Autor","@id":"https:\/\/fieam.org.br\/sesi\/#\/schema\/person\/c1ceda8321521b291cee22da0a7d34be"},"headline":"SESI discute sustentabilidade alimentar","datePublished":"2011-09-15T20:24:19+00:00","mainEntityOfPage":{"@id":"https:\/\/fieam.org.br\/sesi\/sesi-discute-sustentabilidade-alimentar\/"},"wordCount":211,"commentCount":0,"publisher":{"@id":"https:\/\/fieam.org.br\/sesi\/#organization"},"articleSection":["News"],"inLanguage":"pt-BR","potentialAction":[{"@type":"CommentAction","name":"Comment","target":["https:\/\/fieam.org.br\/sesi\/sesi-discute-sustentabilidade-alimentar\/#respond"]}]},{"@type":"WebPage","@id":"https:\/\/fieam.org.br\/sesi\/sesi-discute-sustentabilidade-alimentar\/","url":"https:\/\/fieam.org.br\/sesi\/sesi-discute-sustentabilidade-alimentar\/","name":"SESI discute sustentabilidade alimentar - SESI","isPartOf":{"@id":"https:\/\/fieam.org.br\/sesi\/#website"},"datePublished":"2011-09-15T20:24:19+00:00","breadcrumb":{"@id":"https:\/\/fieam.org.br\/sesi\/sesi-discute-sustentabilidade-alimentar\/#breadcrumb"},"inLanguage":"pt-BR","potentialAction":[{"@type":"ReadAction","target":["https:\/\/fieam.org.br\/sesi\/sesi-discute-sustentabilidade-alimentar\/"]}]},{"@type":"BreadcrumbList","@id":"https:\/\/fieam.org.br\/sesi\/sesi-discute-sustentabilidade-alimentar\/#breadcrumb","itemListElement":[{"@type":"ListItem","position":1,"name":"In\u00edcio","item":"https:\/\/fieam.org.br\/sesi\/"},{"@type":"ListItem","position":2,"name":"SESI discute sustentabilidade alimentar"}]},{"@type":"WebSite","@id":"https:\/\/fieam.org.br\/sesi\/#website","url":"https:\/\/fieam.org.br\/sesi\/","name":"SESI","description":"Site Oficial!","publisher":{"@id":"https:\/\/fieam.org.br\/sesi\/#organization"},"potentialAction":[{"@type":"SearchAction","target":{"@type":"EntryPoint","urlTemplate":"https:\/\/fieam.org.br\/sesi\/?s={search_term_string}"},"query-input":{"@type":"PropertyValueSpecification","valueRequired":true,"valueName":"search_term_string"}}],"inLanguage":"pt-BR"},{"@type":"Organization","@id":"https:\/\/fieam.org.br\/sesi\/#organization","name":"SESI","url":"https:\/\/fieam.org.br\/sesi\/","logo":{"@type":"ImageObject","inLanguage":"pt-BR","@id":"https:\/\/fieam.org.br\/sesi\/#\/schema\/logo\/image\/","url":"https:\/\/fieam.org.br\/sesi\/wp-content\/uploads\/sites\/14\/2024\/03\/cropped-fav.png","contentUrl":"https:\/\/fieam.org.br\/sesi\/wp-content\/uploads\/sites\/14\/2024\/03\/cropped-fav.png","width":610,"height":589,"caption":"SESI"},"image":{"@id":"https:\/\/fieam.org.br\/sesi\/#\/schema\/logo\/image\/"}},{"@type":"Person","@id":"https:\/\/fieam.org.br\/sesi\/#\/schema\/person\/c1ceda8321521b291cee22da0a7d34be","name":"Autor","image":{"@type":"ImageObject","inLanguage":"pt-BR","@id":"https:\/\/fieam.org.br\/sesi\/#\/schema\/person\/image\/","url":"https:\/\/secure.gravatar.com\/avatar\/3732c223e0e1fad69062a8f770955c9068d37b055204f310a0be18d4069fe380?s=96&d=mm&r=g","contentUrl":"https:\/\/secure.gravatar.com\/avatar\/3732c223e0e1fad69062a8f770955c9068d37b055204f310a0be18d4069fe380?s=96&d=mm&r=g","caption":"Autor"},"sameAs":["https:\/\/marketingmassivo.com.br"],"url":"https:\/\/fieam.org.br\/sesi\/author\/admin\/"}]}},"_links":{"self":[{"href":"https:\/\/fieam.org.br\/sesi\/wp-json\/wp\/v2\/posts\/1962","targetHints":{"allow":["GET"]}}],"collection":[{"href":"https:\/\/fieam.org.br\/sesi\/wp-json\/wp\/v2\/posts"}],"about":[{"href":"https:\/\/fieam.org.br\/sesi\/wp-json\/wp\/v2\/types\/post"}],"author":[{"embeddable":true,"href":"https:\/\/fieam.org.br\/sesi\/wp-json\/wp\/v2\/users\/1"}],"replies":[{"embeddable":true,"href":"https:\/\/fieam.org.br\/sesi\/wp-json\/wp\/v2\/comments?post=1962"}],"version-history":[{"count":0,"href":"https:\/\/fieam.org.br\/sesi\/wp-json\/wp\/v2\/posts\/1962\/revisions"}],"wp:attachment":[{"href":"https:\/\/fieam.org.br\/sesi\/wp-json\/wp\/v2\/media?parent=1962"}],"wp:term":[{"taxonomy":"category","embeddable":true,"href":"https:\/\/fieam.org.br\/sesi\/wp-json\/wp\/v2\/categories?post=1962"},{"taxonomy":"post_tag","embeddable":true,"href":"https:\/\/fieam.org.br\/sesi\/wp-json\/wp\/v2\/tags?post=1962"}],"curies":[{"name":"wp","href":"https:\/\/api.w.org\/{rel}","templated":true}]}}