{"id":19433,"date":"2014-02-25T19:05:55","date_gmt":"2014-02-25T19:05:55","guid":{"rendered":"http:\/\/www.fieam.org.br\/site\/sesi\/?p=5227"},"modified":"2014-02-25T19:05:55","modified_gmt":"2014-02-25T19:05:55","slug":"estudantes-do-amazonas-tem-aula-de-neurociencia","status":"publish","type":"post","link":"https:\/\/fieam.org.br\/sesi\/estudantes-do-amazonas-tem-aula-de-neurociencia\/","title":{"rendered":"Estudantes do Amazonas t\u00eam \u201caula\u201d de neuroci\u00eancia"},"content":{"rendered":"<p><em>Neurocientista Miguel Nicolelis participa como convidado do Torneio de Rob\u00f3tica realizado no fim de semana no Distrito Federal<\/em><\/p>\n<figure id=\"attachment_5228\" aria-describedby=\"caption-attachment-5228\" style=\"width: 300px\" class=\"wp-caption alignleft\"><a href=\"http:\/\/www.fieam.org.br\/site\/sesi\/estudantes-do-amazonas-tem-aula-de-neurociencia\/equipe-lego-star-obteve-maior-pontuacao-do-amazonas-no-torneio-nacional-de-robotica\/\" rel=\"attachment wp-att-5228\"><img fetchpriority=\"high\" decoding=\"async\" class=\"size-medium wp-image-5228\" alt=\"Equipe Lego Star obteve maior pontua\u00e7\u00e3o do Amazonas no Torneio Nacional de Rob\u00f3tica\" src=\"http:\/\/www.fieam.org.br\/2015\/sesi\/wp-content\/uploads\/sites\/2\/2014\/02\/Equipe-Lego-Star-obteve-maior-pontua\u00e7\u00e3o-do-Amazonas-no-Torneio-Nacional-de-Rob\u00f3tica-300x199.jpg\" width=\"300\" height=\"199\" \/><\/a><figcaption id=\"caption-attachment-5228\" class=\"wp-caption-text\">Equipe Lego Star obteve maior pontua\u00e7\u00e3o do Amazonas no Torneio Nacional de Rob\u00f3tica<\/figcaption><\/figure>\n<p>\u201c\u00c9 muito bacana ver o avan\u00e7o da tecnologia e como ela pode trabalhar junto com a medicina, como auxiliar do c\u00e9rebro e dos movimentos humanos. Em pouco tempo a rob\u00f3tica pode substituir completamente o trabalho mec\u00e2nico do ser humano. Tudo isso \u00e9 fant\u00e1stico!\u201d, reagiu a aluna do\u00a0<a href=\"http:\/\/www.fieam.org.br\/site\/sesi\" target=\"_blank\" rel=\"noopener\">SESI Amazonas<\/a>, Renata dos Reis, 15, uma das representantes do Estado no Torneio de Rob\u00f3tica First Lego League (FLL), realizado no \u00faltimo fim de semana em Taguatinga, no Distrito Federal.<\/p>\n<p>Na sexta-feira (21), Renata e os outros 30 alunos do SESI\/AM, no evento, foram introduzidos ao admir\u00e1vel mundo novo da neuroci\u00eancia por meio de palestra do neurocientista brasileiro Miguel Nicolelis, considerado um dos 20 maiores cientistas do mundo, que apresentou v\u00eddeos e explicou v\u00e1rios dos seus estudos.<\/p>\n<p>Diante de uma plateia na faixa dos 9 aos 15 anos de idade, Miguel Nicolelis revelou que no pr\u00f3ximo dia 12 de junho, durante a abertura oficial da Copa do Mundo no Brasil, o pontap\u00e9 que vai\u00a0 inaugurar o jogo entre Brasil e Cro\u00e1cia, ser\u00e1 dado por um parapl\u00e9gico. Por meio da utiliza\u00e7\u00e3o de um exoesqueleto, uma esp\u00e9cie de pr\u00f3tese externa do esqueleto humano, a pessoa com defici\u00eancia f\u00edsica levantar\u00e1 da cadeira de rodas, dar\u00e1 25 passos e chutar\u00e1 a bola.<\/p>\n<p>A proposta, considerada pela revista Scientific American uma das dez ideias que est\u00e3o \u201cal\u00e9m dos limites da ci\u00eancia atual\u201d, faz parte do projeto \u201cAndar de Novo\u201d, pesquisa que Nicolelis lidera no laborat\u00f3rio de Neuroci\u00eancia da Universidade Duke, nos Estados Unidos.<\/p>\n<figure id=\"attachment_5229\" aria-describedby=\"caption-attachment-5229\" style=\"width: 300px\" class=\"wp-caption alignleft\"><a href=\"http:\/\/www.fieam.org.br\/site\/sesi\/estudantes-do-amazonas-tem-aula-de-neurociencia\/miguel-nicolelis-fala-sobre-ciencia-aos-mais-de-600-participantes-do-torneio\/\" rel=\"attachment wp-att-5229\"><img decoding=\"async\" class=\"size-medium wp-image-5229\" alt=\"Miguel Nicolelis fala sobre ci\u00eancia aos mais de 600 participantes do Torneio\" src=\"http:\/\/www.fieam.org.br\/2015\/sesi\/wp-content\/uploads\/sites\/2\/2014\/02\/Miguel-Nicolelis-fala-sobre-ci\u00eancia-aos-mais-de-600-participantes-do-Torneio-300x199.jpg\" width=\"300\" height=\"199\" \/><\/a><figcaption id=\"caption-attachment-5229\" class=\"wp-caption-text\">Miguel Nicolelis fala sobre ci\u00eancia aos mais de 600 participantes do Torneio<\/figcaption><\/figure>\n<p>\u201cEm alguns anos, voc\u00eas poder\u00e3o\u00a0jogar\u00a0videogame com o pensamento e, al\u00e9m disso, v\u00e3o conseguir sentir a consist\u00eancia do objeto que o personagem est\u00e1 tocando ou do ch\u00e3o onde est\u00e1 pisando. O parapl\u00e9gico que chutar\u00e1 a bola, ao se levantar, vai sentir a sensa\u00e7\u00e3o de pisar na grama e o chute\u2019\u2019, explicou.<\/p>\n<p>O Torneio de Rob\u00f3tica foi realizado pelo\u00a0Servi\u00e7o Social da Ind\u00fastria (SESI), em parceria com a Lego e a organiza\u00e7\u00e3o americana First (For Inspiration and Recognition of Science and Technology). Entre outros desafios, os estudantes montaram e programaram rob\u00f4s para solucionar\u00a0 desastres naturais, como avalanches, deslizamentos de terra, enchentes, tsunamis e tempestades.<\/p>\n<p>Em sua primeira participa\u00e7\u00e3o no evento, o SESI Amazonas levou a Taguatinga as quatro equipes classificadas na etapa estadual. Das quatro, a equipe Lego Star terminou na 25\u00aa coloca\u00e7\u00e3o entre 60 equipes participantes de todo o Brasil.<\/p>\n<p>\u201cN\u00f3s tivemos alguns problemas desde quando chegamos, mas, mesmo n\u00e3o vencendo o torneio podemos nos considerar vitoriosos. O aprendizado que eu e meus amigos tivemos aqui nesses tr\u00eas dias vai ficar para a vida inteira\u2019\u2019, disse a aluna do SESI Amazonas, Renata dos Reis.<\/p>\n","protected":false},"excerpt":{"rendered":"<p>Neurocientista Miguel Nicolelis participa como convidado do Torneio de Rob\u00f3tica realizado no fim de semana no Distrito Federal \u201c\u00c9 muito bacana ver o avan\u00e7o da tecnologia e como ela pode trabalhar junto com a medicina, como auxiliar do c\u00e9rebro e dos movimentos humanos. Em pouco tempo a rob\u00f3tica pode substituir completamente o trabalho mec\u00e2nico do [&hellip;]<\/p>\n","protected":false},"author":1,"featured_media":0,"comment_status":"open","ping_status":"open","sticky":false,"template":"","format":"standard","meta":{"footnotes":""},"categories":[25],"tags":[],"class_list":["post-19433","post","type-post","status-publish","format-standard","hentry","category-news"],"yoast_head":"<!-- This site is optimized with the Yoast SEO plugin v26.8 - https:\/\/yoast.com\/product\/yoast-seo-wordpress\/ -->\n<title>Estudantes do Amazonas t\u00eam \u201caula\u201d de neuroci\u00eancia - SESI<\/title>\n<meta name=\"robots\" content=\"index, follow, max-snippet:-1, max-image-preview:large, max-video-preview:-1\" \/>\n<link rel=\"canonical\" href=\"https:\/\/fieam.org.br\/sesi\/estudantes-do-amazonas-tem-aula-de-neurociencia\/\" \/>\n<meta property=\"og:locale\" content=\"pt_BR\" \/>\n<meta property=\"og:type\" content=\"article\" \/>\n<meta property=\"og:title\" content=\"Estudantes do Amazonas t\u00eam \u201caula\u201d de neuroci\u00eancia - SESI\" \/>\n<meta property=\"og:description\" content=\"Neurocientista Miguel Nicolelis participa como convidado do Torneio de Rob\u00f3tica realizado no fim de semana no Distrito Federal \u201c\u00c9 muito bacana ver o avan\u00e7o da tecnologia e como ela pode trabalhar junto com a medicina, como auxiliar do c\u00e9rebro e dos movimentos humanos. Em pouco tempo a rob\u00f3tica pode substituir completamente o trabalho mec\u00e2nico do [&hellip;]\" \/>\n<meta property=\"og:url\" content=\"https:\/\/fieam.org.br\/sesi\/estudantes-do-amazonas-tem-aula-de-neurociencia\/\" \/>\n<meta property=\"og:site_name\" content=\"SESI\" \/>\n<meta property=\"article:published_time\" content=\"2014-02-25T19:05:55+00:00\" \/>\n<meta name=\"author\" content=\"Autor\" \/>\n<meta name=\"twitter:card\" content=\"summary_large_image\" \/>\n<meta name=\"twitter:label1\" content=\"Escrito por\" \/>\n\t<meta name=\"twitter:data1\" content=\"Autor\" \/>\n\t<meta name=\"twitter:label2\" content=\"Est. tempo de leitura\" \/>\n\t<meta name=\"twitter:data2\" content=\"3 minutos\" \/>\n<script type=\"application\/ld+json\" class=\"yoast-schema-graph\">{\"@context\":\"https:\/\/schema.org\",\"@graph\":[{\"@type\":\"Article\",\"@id\":\"https:\/\/fieam.org.br\/sesi\/estudantes-do-amazonas-tem-aula-de-neurociencia\/#article\",\"isPartOf\":{\"@id\":\"https:\/\/fieam.org.br\/sesi\/estudantes-do-amazonas-tem-aula-de-neurociencia\/\"},\"author\":{\"name\":\"Autor\",\"@id\":\"https:\/\/fieam.org.br\/sesi\/#\/schema\/person\/c1ceda8321521b291cee22da0a7d34be\"},\"headline\":\"Estudantes do Amazonas t\u00eam \u201caula\u201d de neuroci\u00eancia\",\"datePublished\":\"2014-02-25T19:05:55+00:00\",\"mainEntityOfPage\":{\"@id\":\"https:\/\/fieam.org.br\/sesi\/estudantes-do-amazonas-tem-aula-de-neurociencia\/\"},\"wordCount\":529,\"commentCount\":0,\"publisher\":{\"@id\":\"https:\/\/fieam.org.br\/sesi\/#organization\"},\"articleSection\":[\"News\"],\"inLanguage\":\"pt-BR\",\"potentialAction\":[{\"@type\":\"CommentAction\",\"name\":\"Comment\",\"target\":[\"https:\/\/fieam.org.br\/sesi\/estudantes-do-amazonas-tem-aula-de-neurociencia\/#respond\"]}]},{\"@type\":\"WebPage\",\"@id\":\"https:\/\/fieam.org.br\/sesi\/estudantes-do-amazonas-tem-aula-de-neurociencia\/\",\"url\":\"https:\/\/fieam.org.br\/sesi\/estudantes-do-amazonas-tem-aula-de-neurociencia\/\",\"name\":\"Estudantes do Amazonas t\u00eam \u201caula\u201d de neuroci\u00eancia - SESI\",\"isPartOf\":{\"@id\":\"https:\/\/fieam.org.br\/sesi\/#website\"},\"datePublished\":\"2014-02-25T19:05:55+00:00\",\"breadcrumb\":{\"@id\":\"https:\/\/fieam.org.br\/sesi\/estudantes-do-amazonas-tem-aula-de-neurociencia\/#breadcrumb\"},\"inLanguage\":\"pt-BR\",\"potentialAction\":[{\"@type\":\"ReadAction\",\"target\":[\"https:\/\/fieam.org.br\/sesi\/estudantes-do-amazonas-tem-aula-de-neurociencia\/\"]}]},{\"@type\":\"BreadcrumbList\",\"@id\":\"https:\/\/fieam.org.br\/sesi\/estudantes-do-amazonas-tem-aula-de-neurociencia\/#breadcrumb\",\"itemListElement\":[{\"@type\":\"ListItem\",\"position\":1,\"name\":\"In\u00edcio\",\"item\":\"https:\/\/fieam.org.br\/sesi\/\"},{\"@type\":\"ListItem\",\"position\":2,\"name\":\"Estudantes do Amazonas t\u00eam \u201caula\u201d de neuroci\u00eancia\"}]},{\"@type\":\"WebSite\",\"@id\":\"https:\/\/fieam.org.br\/sesi\/#website\",\"url\":\"https:\/\/fieam.org.br\/sesi\/\",\"name\":\"SESI\",\"description\":\"Site Oficial!\",\"publisher\":{\"@id\":\"https:\/\/fieam.org.br\/sesi\/#organization\"},\"potentialAction\":[{\"@type\":\"SearchAction\",\"target\":{\"@type\":\"EntryPoint\",\"urlTemplate\":\"https:\/\/fieam.org.br\/sesi\/?s={search_term_string}\"},\"query-input\":{\"@type\":\"PropertyValueSpecification\",\"valueRequired\":true,\"valueName\":\"search_term_string\"}}],\"inLanguage\":\"pt-BR\"},{\"@type\":\"Organization\",\"@id\":\"https:\/\/fieam.org.br\/sesi\/#organization\",\"name\":\"SESI\",\"url\":\"https:\/\/fieam.org.br\/sesi\/\",\"logo\":{\"@type\":\"ImageObject\",\"inLanguage\":\"pt-BR\",\"@id\":\"https:\/\/fieam.org.br\/sesi\/#\/schema\/logo\/image\/\",\"url\":\"https:\/\/fieam.org.br\/sesi\/wp-content\/uploads\/sites\/14\/2024\/03\/cropped-fav.png\",\"contentUrl\":\"https:\/\/fieam.org.br\/sesi\/wp-content\/uploads\/sites\/14\/2024\/03\/cropped-fav.png\",\"width\":610,\"height\":589,\"caption\":\"SESI\"},\"image\":{\"@id\":\"https:\/\/fieam.org.br\/sesi\/#\/schema\/logo\/image\/\"}},{\"@type\":\"Person\",\"@id\":\"https:\/\/fieam.org.br\/sesi\/#\/schema\/person\/c1ceda8321521b291cee22da0a7d34be\",\"name\":\"Autor\",\"image\":{\"@type\":\"ImageObject\",\"inLanguage\":\"pt-BR\",\"@id\":\"https:\/\/fieam.org.br\/sesi\/#\/schema\/person\/image\/\",\"url\":\"https:\/\/secure.gravatar.com\/avatar\/3732c223e0e1fad69062a8f770955c9068d37b055204f310a0be18d4069fe380?s=96&d=mm&r=g\",\"contentUrl\":\"https:\/\/secure.gravatar.com\/avatar\/3732c223e0e1fad69062a8f770955c9068d37b055204f310a0be18d4069fe380?s=96&d=mm&r=g\",\"caption\":\"Autor\"},\"sameAs\":[\"https:\/\/marketingmassivo.com.br\"],\"url\":\"https:\/\/fieam.org.br\/sesi\/author\/admin\/\"}]}<\/script>\n<!-- \/ Yoast SEO plugin. -->","yoast_head_json":{"title":"Estudantes do Amazonas t\u00eam \u201caula\u201d de neuroci\u00eancia - SESI","robots":{"index":"index","follow":"follow","max-snippet":"max-snippet:-1","max-image-preview":"max-image-preview:large","max-video-preview":"max-video-preview:-1"},"canonical":"https:\/\/fieam.org.br\/sesi\/estudantes-do-amazonas-tem-aula-de-neurociencia\/","og_locale":"pt_BR","og_type":"article","og_title":"Estudantes do Amazonas t\u00eam \u201caula\u201d de neuroci\u00eancia - SESI","og_description":"Neurocientista Miguel Nicolelis participa como convidado do Torneio de Rob\u00f3tica realizado no fim de semana no Distrito Federal \u201c\u00c9 muito bacana ver o avan\u00e7o da tecnologia e como ela pode trabalhar junto com a medicina, como auxiliar do c\u00e9rebro e dos movimentos humanos. Em pouco tempo a rob\u00f3tica pode substituir completamente o trabalho mec\u00e2nico do [&hellip;]","og_url":"https:\/\/fieam.org.br\/sesi\/estudantes-do-amazonas-tem-aula-de-neurociencia\/","og_site_name":"SESI","article_published_time":"2014-02-25T19:05:55+00:00","author":"Autor","twitter_card":"summary_large_image","twitter_misc":{"Escrito por":"Autor","Est. tempo de leitura":"3 minutos"},"schema":{"@context":"https:\/\/schema.org","@graph":[{"@type":"Article","@id":"https:\/\/fieam.org.br\/sesi\/estudantes-do-amazonas-tem-aula-de-neurociencia\/#article","isPartOf":{"@id":"https:\/\/fieam.org.br\/sesi\/estudantes-do-amazonas-tem-aula-de-neurociencia\/"},"author":{"name":"Autor","@id":"https:\/\/fieam.org.br\/sesi\/#\/schema\/person\/c1ceda8321521b291cee22da0a7d34be"},"headline":"Estudantes do Amazonas t\u00eam \u201caula\u201d de neuroci\u00eancia","datePublished":"2014-02-25T19:05:55+00:00","mainEntityOfPage":{"@id":"https:\/\/fieam.org.br\/sesi\/estudantes-do-amazonas-tem-aula-de-neurociencia\/"},"wordCount":529,"commentCount":0,"publisher":{"@id":"https:\/\/fieam.org.br\/sesi\/#organization"},"articleSection":["News"],"inLanguage":"pt-BR","potentialAction":[{"@type":"CommentAction","name":"Comment","target":["https:\/\/fieam.org.br\/sesi\/estudantes-do-amazonas-tem-aula-de-neurociencia\/#respond"]}]},{"@type":"WebPage","@id":"https:\/\/fieam.org.br\/sesi\/estudantes-do-amazonas-tem-aula-de-neurociencia\/","url":"https:\/\/fieam.org.br\/sesi\/estudantes-do-amazonas-tem-aula-de-neurociencia\/","name":"Estudantes do Amazonas t\u00eam \u201caula\u201d de neuroci\u00eancia - SESI","isPartOf":{"@id":"https:\/\/fieam.org.br\/sesi\/#website"},"datePublished":"2014-02-25T19:05:55+00:00","breadcrumb":{"@id":"https:\/\/fieam.org.br\/sesi\/estudantes-do-amazonas-tem-aula-de-neurociencia\/#breadcrumb"},"inLanguage":"pt-BR","potentialAction":[{"@type":"ReadAction","target":["https:\/\/fieam.org.br\/sesi\/estudantes-do-amazonas-tem-aula-de-neurociencia\/"]}]},{"@type":"BreadcrumbList","@id":"https:\/\/fieam.org.br\/sesi\/estudantes-do-amazonas-tem-aula-de-neurociencia\/#breadcrumb","itemListElement":[{"@type":"ListItem","position":1,"name":"In\u00edcio","item":"https:\/\/fieam.org.br\/sesi\/"},{"@type":"ListItem","position":2,"name":"Estudantes do Amazonas t\u00eam \u201caula\u201d de neuroci\u00eancia"}]},{"@type":"WebSite","@id":"https:\/\/fieam.org.br\/sesi\/#website","url":"https:\/\/fieam.org.br\/sesi\/","name":"SESI","description":"Site Oficial!","publisher":{"@id":"https:\/\/fieam.org.br\/sesi\/#organization"},"potentialAction":[{"@type":"SearchAction","target":{"@type":"EntryPoint","urlTemplate":"https:\/\/fieam.org.br\/sesi\/?s={search_term_string}"},"query-input":{"@type":"PropertyValueSpecification","valueRequired":true,"valueName":"search_term_string"}}],"inLanguage":"pt-BR"},{"@type":"Organization","@id":"https:\/\/fieam.org.br\/sesi\/#organization","name":"SESI","url":"https:\/\/fieam.org.br\/sesi\/","logo":{"@type":"ImageObject","inLanguage":"pt-BR","@id":"https:\/\/fieam.org.br\/sesi\/#\/schema\/logo\/image\/","url":"https:\/\/fieam.org.br\/sesi\/wp-content\/uploads\/sites\/14\/2024\/03\/cropped-fav.png","contentUrl":"https:\/\/fieam.org.br\/sesi\/wp-content\/uploads\/sites\/14\/2024\/03\/cropped-fav.png","width":610,"height":589,"caption":"SESI"},"image":{"@id":"https:\/\/fieam.org.br\/sesi\/#\/schema\/logo\/image\/"}},{"@type":"Person","@id":"https:\/\/fieam.org.br\/sesi\/#\/schema\/person\/c1ceda8321521b291cee22da0a7d34be","name":"Autor","image":{"@type":"ImageObject","inLanguage":"pt-BR","@id":"https:\/\/fieam.org.br\/sesi\/#\/schema\/person\/image\/","url":"https:\/\/secure.gravatar.com\/avatar\/3732c223e0e1fad69062a8f770955c9068d37b055204f310a0be18d4069fe380?s=96&d=mm&r=g","contentUrl":"https:\/\/secure.gravatar.com\/avatar\/3732c223e0e1fad69062a8f770955c9068d37b055204f310a0be18d4069fe380?s=96&d=mm&r=g","caption":"Autor"},"sameAs":["https:\/\/marketingmassivo.com.br"],"url":"https:\/\/fieam.org.br\/sesi\/author\/admin\/"}]}},"_links":{"self":[{"href":"https:\/\/fieam.org.br\/sesi\/wp-json\/wp\/v2\/posts\/19433","targetHints":{"allow":["GET"]}}],"collection":[{"href":"https:\/\/fieam.org.br\/sesi\/wp-json\/wp\/v2\/posts"}],"about":[{"href":"https:\/\/fieam.org.br\/sesi\/wp-json\/wp\/v2\/types\/post"}],"author":[{"embeddable":true,"href":"https:\/\/fieam.org.br\/sesi\/wp-json\/wp\/v2\/users\/1"}],"replies":[{"embeddable":true,"href":"https:\/\/fieam.org.br\/sesi\/wp-json\/wp\/v2\/comments?post=19433"}],"version-history":[{"count":0,"href":"https:\/\/fieam.org.br\/sesi\/wp-json\/wp\/v2\/posts\/19433\/revisions"}],"wp:attachment":[{"href":"https:\/\/fieam.org.br\/sesi\/wp-json\/wp\/v2\/media?parent=19433"}],"wp:term":[{"taxonomy":"category","embeddable":true,"href":"https:\/\/fieam.org.br\/sesi\/wp-json\/wp\/v2\/categories?post=19433"},{"taxonomy":"post_tag","embeddable":true,"href":"https:\/\/fieam.org.br\/sesi\/wp-json\/wp\/v2\/tags?post=19433"}],"curies":[{"name":"wp","href":"https:\/\/api.w.org\/{rel}","templated":true}]}}