{"id":19430,"date":"2014-02-21T20:23:02","date_gmt":"2014-02-21T20:23:02","guid":{"rendered":"http:\/\/www.fieam.org.br\/site\/sesi\/?p=5203"},"modified":"2014-02-21T20:23:02","modified_gmt":"2014-02-21T20:23:02","slug":"sesi-amazonas-disputa-torneio-nacional-de-robotica-no-df","status":"publish","type":"post","link":"https:\/\/fieam.org.br\/sesi\/sesi-amazonas-disputa-torneio-nacional-de-robotica-no-df\/","title":{"rendered":"SESI Amazonas disputa torneio nacional de rob\u00f3tica no DF"},"content":{"rendered":"<figure id=\"attachment_5205\" aria-describedby=\"caption-attachment-5205\" style=\"width: 300px\" class=\"wp-caption alignleft\"><a href=\"http:\/\/www.fieam.org.br\/site\/sesi\/sesi-amazonas-disputa-torneio-nacional-de-robotica-no-df\/competidores-conhecem-os-jurados-que-os-avaliarao-durante-os-tres-dias\/\" rel=\"attachment wp-att-5205\"><img fetchpriority=\"high\" decoding=\"async\" class=\"size-medium wp-image-5205\" alt=\" Competidores conhecem os jurados que os avaliar\u00e3o durante os tr\u00eas dias\" src=\"http:\/\/www.fieam.org.br\/2015\/sesi\/wp-content\/uploads\/sites\/2\/2014\/02\/Competidores-conhecem-os-jurados-que-os-avaliar\u00e3o-durante-os-tr\u00eas-dias-300x200.jpg\" width=\"300\" height=\"200\" \/><\/a><figcaption id=\"caption-attachment-5205\" class=\"wp-caption-text\"><br \/>Competidores conhecem os jurados que os avaliar\u00e3o durante os tr\u00eas dias<\/figcaption><\/figure>\n<p>Estudantes de 9 a 15 anos do\u00a0<a href=\"http:\/\/www.fieam.org.br\/site\/sesi\" target=\"_blank\" rel=\"noopener\">Servi\u00e7o Social do Amazonas (SESI\/ AM)<\/a>\u00a0resgatar\u00e3o v\u00edtimas e providenciar\u00e3o suprimentos em desastres naturais como avalanches, deslizamentos de terra e enchentes. Parece filme de fic\u00e7\u00e3o, mas \u00e9 o\u00a0<a href=\"http:\/\/www.portaldaindustria.com.br\/sesi\/canal\/torneio-robotica-sesi\/\" target=\"_blank\" rel=\"noopener\">Torneio de Rob\u00f3tica First Lego League<\/a>\u00a0(FLL),\u00a0evento promovido pelo SESI e desenvolvido, s\u00e1bado e domingo, no SESI de Taguatinga (DF), em parceria com a Lego, a organiza\u00e7\u00e3o americana First, e o Servi\u00e7o Nacional de Aprendizagem Industrial (SENAI), com docentes na avalia\u00e7\u00e3o dos trabalhos.<\/p>\n<p>O Amazonas participa neste s\u00e1bado e domingo das competi\u00e7\u00f5es com as equipes\u00a0<i>Lego<\/i>\u00a0Man\u00edacos,\u00a0<i>Lego Star<\/i>,\u00a0<i>Lego Sonic<\/i>\u00a0e Lego Sesianos e\u00a0<i>Live Corp S\u00f4nia<\/i>\u00a0<i>Maria<\/i>, esta \u00faltima representante da Escola Municipal S\u00f4nia Maria da Silva Barbosa. As equipes foram selecionadas no regional realizado em novembro de 2013, no SESI\/AM e v\u00e3o competir com representantes de Minas Gerais, S\u00e3o Paulo, Paran\u00e1, Bahia e Goi\u00e1s.<\/p>\n<p>No total s\u00e3o 60 equipes formadas por alunos do ensino fundamental e m\u00e9dio, de escolas p\u00fablicas e privadas de 14 estados, que vieram mostrar, em tr\u00eas dias, aos mais de 70 ju\u00edzes o que sabem dos conceitos de matem\u00e1tica, f\u00edsica, ci\u00eancias e esp\u00edrito de equipe.<\/p>\n<p>A gerente de projetos educacionais do Departamento Nacional do SESI, Mara Fernandes, afirmou que o torneio j\u00e1 acontece no mundo h\u00e1 16 anos e no Brasil, h\u00e1 10, mas que para o SESI \u00e9 o primeiro. \u201cFomos convidados para ser operador oficial do torneio, a experi\u00eancia tem sido de muito aprendizado\u201d, disse ao revelar que a institui\u00e7\u00e3o j\u00e1 realizou sete torneios regionais, antes deste torneio nacional.<\/p>\n<p>Na ocasi\u00e3o, ela revelou que haver\u00e1 torneio internacional em agosto, em Minas Gerais. \u201cNo total ser\u00e3o 30 equipes, sendo nove de pa\u00edses da Europa, \u00c1sia e Am\u00e9rica do Norte, e 21 do Brasil &#8211; sendo dez do SESI. Cinco ser\u00e3o classificados pelo seu desempenho neste nacional e outros cinco ser\u00e3o sorteados. Tudo isso programado para o \u00faltimo dia\u2019\u2019, disse.<\/p>\n<p>A cerim\u00f4nia de abertura contou com a presen\u00e7a do superintendente do SESI\/ DF, Albano Esteves, do gerente executivo de educa\u00e7\u00e3o, b\u00e1sica do SESI, Pedro Henrique dos Santos, e do diretor do SESI de Taguatinga, Maur\u00edcio Jos\u00e9 Fonseca.<\/p>\n<p><b>Sobre a competi\u00e7\u00e3o<\/b><\/p>\n<p>Durante as provas, al\u00e9m de entregar o projeto do rob\u00f4 que pelo regulamento oficial deve cumprir 13 tarefas na \u00e1rea de competi\u00e7\u00e3o, e da pesquisa desenvolvida para chegar ao produto final, os participantes s\u00e3o avaliados por meio de crit\u00e9rios como inspira\u00e7\u00e3o, trabalho em equipe e profissionalismo.<strong><\/strong><\/p>\n<p>A equipe Lego Man\u00edacos que conquistou o Champion\u2019s Awards, pr\u00eamio m\u00e1ximo da competi\u00e7\u00e3o na etapa regional realizada no Amazonas, apresentar\u00e1 o projeto de pesquisa de um Sistema de Alerta contra Enchentes Sensoriado (SAES). Um sensor de n\u00edvel de \u00e1gua que emite um alerta diante do risco de enchentes. No n\u00edvel tr\u00eas, que \u00e9 o m\u00e1ximo, o sistema dispara um alarme para que a comunidade desocupe as margens do rio.<\/p>\n<p>A estudante Renata dos Reis, l\u00edder da equipe Lego Man\u00edacos, disse que o objetivo \u00e9 orientar a popula\u00e7\u00e3o.<\/p>\n<p>\u201cTem gente que ainda sofre muito com as enchentes. A popula\u00e7\u00e3o ribeirinha \u00e9 quase esquecida e, por isso, a nossa preocupa\u00e7\u00e3o em fazer algo por essas pessoas\u201d, explicou.<\/p>\n<p>O final do primeiro dia contou com treinos e Rounds Test na arena, simulando as competi\u00e7\u00f5es, mas n\u00e3o pontuando e com a palestra \u2018\u2019 Explorando o mundo da ci\u00eancia \u2018\u2019, com o renomado cientista ligado a \u00e1rea de tecnologia, Miguel Micoleles.<\/p>\n<p>A cerim\u00f4nia de abertura oficial do evento ser\u00e1 realizada amanh\u00e3 (22), dia em que ser\u00e3o realizado os primeiros Rounds Oficiais e Avalia\u00e7\u00f5es de Pesquisa, Design do Rob\u00f4 e Core Values e Round do Desempenho do Rob\u00f4, com pontua\u00e7\u00e3o v\u00e1lida, finalizando o dia com a tradicional festa da amizade, exclusiva para alunos, t\u00e9cnicos e mentores, como forma de descontra\u00e7\u00e3o e intera\u00e7\u00e3o.<\/p>\n<p>As finais, assim como a cerim\u00f4nia de encerramento e premia\u00e7\u00e3o dos times, ficar\u00e3o para o domingo, \u00faltimo dia de Torneio.<\/p>\n<p>&nbsp;<\/p>\n<p><strong>SOBRE O TORNEIO<\/strong><\/p>\n<p><strong>\u00a0<\/strong>O\u00a0<a href=\"http:\/\/aprenderfazendo.org.br\/home\/\" target=\"_blank\" rel=\"noopener\">Torneio de Rob\u00f3tica First\u00ae Lego\u00ae League (FLL)\u00a0<\/a>\u00e9 realizado pelo\u00a0SESI\u00a0e o Instituto Aprender Fazendo, em conjunto com os parceiros fundadores Lego e a organiza\u00e7\u00e3o americana First, al\u00e9m do SENAI. A iniciativa contribui para despertar nos alunos de escolas p\u00fablicas e particulares o interesse pelo estudo das ci\u00eancias, dentro do pr\u00f3prio ambiente escolar, fortalecendo a capacidade de inova\u00e7\u00e3o, criatividade e racioc\u00ednio l\u00f3gico e inspirando a seguir carreira no ramo da engenharia, matem\u00e1tica e tecnologia.<\/p>\n<p>[nggallery id=227]<\/p>\n","protected":false},"excerpt":{"rendered":"<p>Estudantes de 9 a 15 anos do\u00a0Servi\u00e7o Social do Amazonas (SESI\/ AM)\u00a0resgatar\u00e3o v\u00edtimas e providenciar\u00e3o suprimentos em desastres naturais como avalanches, deslizamentos de terra e enchentes. Parece filme de fic\u00e7\u00e3o, mas \u00e9 o\u00a0Torneio de Rob\u00f3tica First Lego League\u00a0(FLL),\u00a0evento promovido pelo SESI e desenvolvido, s\u00e1bado e domingo, no SESI de Taguatinga (DF), em parceria com a [&hellip;]<\/p>\n","protected":false},"author":1,"featured_media":0,"comment_status":"open","ping_status":"open","sticky":false,"template":"","format":"standard","meta":{"footnotes":""},"categories":[25],"tags":[],"class_list":["post-19430","post","type-post","status-publish","format-standard","hentry","category-news"],"yoast_head":"<!-- This site is optimized with the Yoast SEO plugin v28.2 - https:\/\/yoast.com\/product\/yoast-seo-wordpress\/ -->\n<title>SESI Amazonas disputa torneio nacional de rob\u00f3tica no DF - SESI<\/title>\n<meta name=\"robots\" content=\"index, follow, max-snippet:-1, max-image-preview:large, max-video-preview:-1\" \/>\n<link rel=\"canonical\" href=\"https:\/\/fieam.org.br\/sesi\/sesi-amazonas-disputa-torneio-nacional-de-robotica-no-df\/\" \/>\n<meta property=\"og:locale\" content=\"pt_BR\" \/>\n<meta property=\"og:type\" content=\"article\" \/>\n<meta property=\"og:title\" content=\"SESI Amazonas disputa torneio nacional de rob\u00f3tica no DF - SESI\" \/>\n<meta property=\"og:description\" content=\"Estudantes de 9 a 15 anos do\u00a0Servi\u00e7o Social do Amazonas (SESI\/ AM)\u00a0resgatar\u00e3o v\u00edtimas e providenciar\u00e3o suprimentos em desastres naturais como avalanches, deslizamentos de terra e enchentes. Parece filme de fic\u00e7\u00e3o, mas \u00e9 o\u00a0Torneio de Rob\u00f3tica First Lego League\u00a0(FLL),\u00a0evento promovido pelo SESI e desenvolvido, s\u00e1bado e domingo, no SESI de Taguatinga (DF), em parceria com a [&hellip;]\" \/>\n<meta property=\"og:url\" content=\"https:\/\/fieam.org.br\/sesi\/sesi-amazonas-disputa-torneio-nacional-de-robotica-no-df\/\" \/>\n<meta property=\"og:site_name\" content=\"SESI\" \/>\n<meta property=\"article:published_time\" content=\"2014-02-21T20:23:02+00:00\" \/>\n<meta name=\"author\" content=\"Autor\" \/>\n<meta name=\"twitter:card\" content=\"summary_large_image\" \/>\n<meta name=\"twitter:label1\" content=\"Escrito por\" \/>\n\t<meta name=\"twitter:data1\" content=\"Autor\" \/>\n\t<meta name=\"twitter:label2\" content=\"Est. tempo de leitura\" \/>\n\t<meta name=\"twitter:data2\" content=\"4 minutos\" \/>\n<script type=\"application\/ld+json\" class=\"yoast-schema-graph\">{\"@context\":\"https:\\\/\\\/schema.org\",\"@graph\":[{\"@type\":\"Article\",\"@id\":\"https:\\\/\\\/fieam.org.br\\\/sesi\\\/sesi-amazonas-disputa-torneio-nacional-de-robotica-no-df\\\/#article\",\"isPartOf\":{\"@id\":\"https:\\\/\\\/fieam.org.br\\\/sesi\\\/sesi-amazonas-disputa-torneio-nacional-de-robotica-no-df\\\/\"},\"author\":{\"name\":\"Autor\",\"@id\":\"https:\\\/\\\/fieam.org.br\\\/sesi\\\/#\\\/schema\\\/person\\\/f54998dd14d5f0695b41444f2b01c31e\"},\"headline\":\"SESI Amazonas disputa torneio nacional de rob\u00f3tica no DF\",\"datePublished\":\"2014-02-21T20:23:02+00:00\",\"mainEntityOfPage\":{\"@id\":\"https:\\\/\\\/fieam.org.br\\\/sesi\\\/sesi-amazonas-disputa-torneio-nacional-de-robotica-no-df\\\/\"},\"wordCount\":812,\"commentCount\":0,\"publisher\":{\"@id\":\"https:\\\/\\\/fieam.org.br\\\/sesi\\\/#organization\"},\"articleSection\":[\"News\"],\"inLanguage\":\"pt-BR\",\"potentialAction\":[{\"@type\":\"CommentAction\",\"name\":\"Comment\",\"target\":[\"https:\\\/\\\/fieam.org.br\\\/sesi\\\/sesi-amazonas-disputa-torneio-nacional-de-robotica-no-df\\\/#respond\"]}]},{\"@type\":\"WebPage\",\"@id\":\"https:\\\/\\\/fieam.org.br\\\/sesi\\\/sesi-amazonas-disputa-torneio-nacional-de-robotica-no-df\\\/\",\"url\":\"https:\\\/\\\/fieam.org.br\\\/sesi\\\/sesi-amazonas-disputa-torneio-nacional-de-robotica-no-df\\\/\",\"name\":\"SESI Amazonas disputa torneio nacional de rob\u00f3tica no DF - SESI\",\"isPartOf\":{\"@id\":\"https:\\\/\\\/fieam.org.br\\\/sesi\\\/#website\"},\"datePublished\":\"2014-02-21T20:23:02+00:00\",\"breadcrumb\":{\"@id\":\"https:\\\/\\\/fieam.org.br\\\/sesi\\\/sesi-amazonas-disputa-torneio-nacional-de-robotica-no-df\\\/#breadcrumb\"},\"inLanguage\":\"pt-BR\",\"potentialAction\":[{\"@type\":\"ReadAction\",\"target\":[\"https:\\\/\\\/fieam.org.br\\\/sesi\\\/sesi-amazonas-disputa-torneio-nacional-de-robotica-no-df\\\/\"]}]},{\"@type\":\"BreadcrumbList\",\"@id\":\"https:\\\/\\\/fieam.org.br\\\/sesi\\\/sesi-amazonas-disputa-torneio-nacional-de-robotica-no-df\\\/#breadcrumb\",\"itemListElement\":[{\"@type\":\"ListItem\",\"position\":1,\"name\":\"In\u00edcio\",\"item\":\"https:\\\/\\\/fieam.org.br\\\/sesi\\\/\"},{\"@type\":\"ListItem\",\"position\":2,\"name\":\"SESI Amazonas disputa torneio nacional de rob\u00f3tica no DF\"}]},{\"@type\":\"WebSite\",\"@id\":\"https:\\\/\\\/fieam.org.br\\\/sesi\\\/#website\",\"url\":\"https:\\\/\\\/fieam.org.br\\\/sesi\\\/\",\"name\":\"SESI\",\"description\":\"Site Oficial!\",\"publisher\":{\"@id\":\"https:\\\/\\\/fieam.org.br\\\/sesi\\\/#organization\"},\"potentialAction\":[{\"@type\":\"SearchAction\",\"target\":{\"@type\":\"EntryPoint\",\"urlTemplate\":\"https:\\\/\\\/fieam.org.br\\\/sesi\\\/?s={search_term_string}\"},\"query-input\":{\"@type\":\"PropertyValueSpecification\",\"valueRequired\":true,\"valueName\":\"search_term_string\"}}],\"inLanguage\":\"pt-BR\"},{\"@type\":\"Organization\",\"@id\":\"https:\\\/\\\/fieam.org.br\\\/sesi\\\/#organization\",\"name\":\"SESI\",\"url\":\"https:\\\/\\\/fieam.org.br\\\/sesi\\\/\",\"logo\":{\"@type\":\"ImageObject\",\"inLanguage\":\"pt-BR\",\"@id\":\"https:\\\/\\\/fieam.org.br\\\/sesi\\\/#\\\/schema\\\/logo\\\/image\\\/\",\"url\":\"https:\\\/\\\/fieam.org.br\\\/sesi\\\/wp-content\\\/uploads\\\/sites\\\/14\\\/2024\\\/03\\\/cropped-fav.png\",\"contentUrl\":\"https:\\\/\\\/fieam.org.br\\\/sesi\\\/wp-content\\\/uploads\\\/sites\\\/14\\\/2024\\\/03\\\/cropped-fav.png\",\"width\":610,\"height\":589,\"caption\":\"SESI\"},\"image\":{\"@id\":\"https:\\\/\\\/fieam.org.br\\\/sesi\\\/#\\\/schema\\\/logo\\\/image\\\/\"}},{\"@type\":\"Person\",\"@id\":\"https:\\\/\\\/fieam.org.br\\\/sesi\\\/#\\\/schema\\\/person\\\/f54998dd14d5f0695b41444f2b01c31e\",\"name\":\"Autor\",\"image\":{\"@type\":\"ImageObject\",\"inLanguage\":\"pt-BR\",\"@id\":\"https:\\\/\\\/secure.gravatar.com\\\/avatar\\\/3732c223e0e1fad69062a8f770955c9068d37b055204f310a0be18d4069fe380?s=96&d=mm&r=g\",\"url\":\"https:\\\/\\\/secure.gravatar.com\\\/avatar\\\/3732c223e0e1fad69062a8f770955c9068d37b055204f310a0be18d4069fe380?s=96&d=mm&r=g\",\"contentUrl\":\"https:\\\/\\\/secure.gravatar.com\\\/avatar\\\/3732c223e0e1fad69062a8f770955c9068d37b055204f310a0be18d4069fe380?s=96&d=mm&r=g\",\"caption\":\"Autor\"},\"sameAs\":[\"https:\\\/\\\/marketingmassivo.com.br\"],\"url\":\"https:\\\/\\\/fieam.org.br\\\/sesi\\\/author\\\/admin\\\/\"}]}<\/script>\n<!-- \/ Yoast SEO plugin. -->","yoast_head_json":{"title":"SESI Amazonas disputa torneio nacional de rob\u00f3tica no DF - SESI","robots":{"index":"index","follow":"follow","max-snippet":"max-snippet:-1","max-image-preview":"max-image-preview:large","max-video-preview":"max-video-preview:-1"},"canonical":"https:\/\/fieam.org.br\/sesi\/sesi-amazonas-disputa-torneio-nacional-de-robotica-no-df\/","og_locale":"pt_BR","og_type":"article","og_title":"SESI Amazonas disputa torneio nacional de rob\u00f3tica no DF - SESI","og_description":"Estudantes de 9 a 15 anos do\u00a0Servi\u00e7o Social do Amazonas (SESI\/ AM)\u00a0resgatar\u00e3o v\u00edtimas e providenciar\u00e3o suprimentos em desastres naturais como avalanches, deslizamentos de terra e enchentes. Parece filme de fic\u00e7\u00e3o, mas \u00e9 o\u00a0Torneio de Rob\u00f3tica First Lego League\u00a0(FLL),\u00a0evento promovido pelo SESI e desenvolvido, s\u00e1bado e domingo, no SESI de Taguatinga (DF), em parceria com a [&hellip;]","og_url":"https:\/\/fieam.org.br\/sesi\/sesi-amazonas-disputa-torneio-nacional-de-robotica-no-df\/","og_site_name":"SESI","article_published_time":"2014-02-21T20:23:02+00:00","author":"Autor","twitter_card":"summary_large_image","twitter_misc":{"Escrito por":"Autor","Est. tempo de leitura":"4 minutos"},"schema":{"@context":"https:\/\/schema.org","@graph":[{"@type":"Article","@id":"https:\/\/fieam.org.br\/sesi\/sesi-amazonas-disputa-torneio-nacional-de-robotica-no-df\/#article","isPartOf":{"@id":"https:\/\/fieam.org.br\/sesi\/sesi-amazonas-disputa-torneio-nacional-de-robotica-no-df\/"},"author":{"name":"Autor","@id":"https:\/\/fieam.org.br\/sesi\/#\/schema\/person\/f54998dd14d5f0695b41444f2b01c31e"},"headline":"SESI Amazonas disputa torneio nacional de rob\u00f3tica no DF","datePublished":"2014-02-21T20:23:02+00:00","mainEntityOfPage":{"@id":"https:\/\/fieam.org.br\/sesi\/sesi-amazonas-disputa-torneio-nacional-de-robotica-no-df\/"},"wordCount":812,"commentCount":0,"publisher":{"@id":"https:\/\/fieam.org.br\/sesi\/#organization"},"articleSection":["News"],"inLanguage":"pt-BR","potentialAction":[{"@type":"CommentAction","name":"Comment","target":["https:\/\/fieam.org.br\/sesi\/sesi-amazonas-disputa-torneio-nacional-de-robotica-no-df\/#respond"]}]},{"@type":"WebPage","@id":"https:\/\/fieam.org.br\/sesi\/sesi-amazonas-disputa-torneio-nacional-de-robotica-no-df\/","url":"https:\/\/fieam.org.br\/sesi\/sesi-amazonas-disputa-torneio-nacional-de-robotica-no-df\/","name":"SESI Amazonas disputa torneio nacional de rob\u00f3tica no DF - SESI","isPartOf":{"@id":"https:\/\/fieam.org.br\/sesi\/#website"},"datePublished":"2014-02-21T20:23:02+00:00","breadcrumb":{"@id":"https:\/\/fieam.org.br\/sesi\/sesi-amazonas-disputa-torneio-nacional-de-robotica-no-df\/#breadcrumb"},"inLanguage":"pt-BR","potentialAction":[{"@type":"ReadAction","target":["https:\/\/fieam.org.br\/sesi\/sesi-amazonas-disputa-torneio-nacional-de-robotica-no-df\/"]}]},{"@type":"BreadcrumbList","@id":"https:\/\/fieam.org.br\/sesi\/sesi-amazonas-disputa-torneio-nacional-de-robotica-no-df\/#breadcrumb","itemListElement":[{"@type":"ListItem","position":1,"name":"In\u00edcio","item":"https:\/\/fieam.org.br\/sesi\/"},{"@type":"ListItem","position":2,"name":"SESI Amazonas disputa torneio nacional de rob\u00f3tica no DF"}]},{"@type":"WebSite","@id":"https:\/\/fieam.org.br\/sesi\/#website","url":"https:\/\/fieam.org.br\/sesi\/","name":"SESI","description":"Site Oficial!","publisher":{"@id":"https:\/\/fieam.org.br\/sesi\/#organization"},"potentialAction":[{"@type":"SearchAction","target":{"@type":"EntryPoint","urlTemplate":"https:\/\/fieam.org.br\/sesi\/?s={search_term_string}"},"query-input":{"@type":"PropertyValueSpecification","valueRequired":true,"valueName":"search_term_string"}}],"inLanguage":"pt-BR"},{"@type":"Organization","@id":"https:\/\/fieam.org.br\/sesi\/#organization","name":"SESI","url":"https:\/\/fieam.org.br\/sesi\/","logo":{"@type":"ImageObject","inLanguage":"pt-BR","@id":"https:\/\/fieam.org.br\/sesi\/#\/schema\/logo\/image\/","url":"https:\/\/fieam.org.br\/sesi\/wp-content\/uploads\/sites\/14\/2024\/03\/cropped-fav.png","contentUrl":"https:\/\/fieam.org.br\/sesi\/wp-content\/uploads\/sites\/14\/2024\/03\/cropped-fav.png","width":610,"height":589,"caption":"SESI"},"image":{"@id":"https:\/\/fieam.org.br\/sesi\/#\/schema\/logo\/image\/"}},{"@type":"Person","@id":"https:\/\/fieam.org.br\/sesi\/#\/schema\/person\/f54998dd14d5f0695b41444f2b01c31e","name":"Autor","image":{"@type":"ImageObject","inLanguage":"pt-BR","@id":"https:\/\/secure.gravatar.com\/avatar\/3732c223e0e1fad69062a8f770955c9068d37b055204f310a0be18d4069fe380?s=96&d=mm&r=g","url":"https:\/\/secure.gravatar.com\/avatar\/3732c223e0e1fad69062a8f770955c9068d37b055204f310a0be18d4069fe380?s=96&d=mm&r=g","contentUrl":"https:\/\/secure.gravatar.com\/avatar\/3732c223e0e1fad69062a8f770955c9068d37b055204f310a0be18d4069fe380?s=96&d=mm&r=g","caption":"Autor"},"sameAs":["https:\/\/marketingmassivo.com.br"],"url":"https:\/\/fieam.org.br\/sesi\/author\/admin\/"}]}},"_links":{"self":[{"href":"https:\/\/fieam.org.br\/sesi\/wp-json\/wp\/v2\/posts\/19430","targetHints":{"allow":["GET"]}}],"collection":[{"href":"https:\/\/fieam.org.br\/sesi\/wp-json\/wp\/v2\/posts"}],"about":[{"href":"https:\/\/fieam.org.br\/sesi\/wp-json\/wp\/v2\/types\/post"}],"author":[{"embeddable":true,"href":"https:\/\/fieam.org.br\/sesi\/wp-json\/wp\/v2\/users\/1"}],"replies":[{"embeddable":true,"href":"https:\/\/fieam.org.br\/sesi\/wp-json\/wp\/v2\/comments?post=19430"}],"version-history":[{"count":0,"href":"https:\/\/fieam.org.br\/sesi\/wp-json\/wp\/v2\/posts\/19430\/revisions"}],"wp:attachment":[{"href":"https:\/\/fieam.org.br\/sesi\/wp-json\/wp\/v2\/media?parent=19430"}],"wp:term":[{"taxonomy":"category","embeddable":true,"href":"https:\/\/fieam.org.br\/sesi\/wp-json\/wp\/v2\/categories?post=19430"},{"taxonomy":"post_tag","embeddable":true,"href":"https:\/\/fieam.org.br\/sesi\/wp-json\/wp\/v2\/tags?post=19430"}],"curies":[{"name":"wp","href":"https:\/\/api.w.org\/{rel}","templated":true}]}}