{"id":19429,"date":"2014-02-21T19:57:42","date_gmt":"2014-02-21T19:57:42","guid":{"rendered":"http:\/\/www.fieam.org.br\/site\/sesi\/?p=5187"},"modified":"2014-02-21T19:57:42","modified_gmt":"2014-02-21T19:57:42","slug":"sesi-realiza-aulao-de-carnaval-para-3a-idade","status":"publish","type":"post","link":"https:\/\/fieam.org.br\/sesi\/sesi-realiza-aulao-de-carnaval-para-3a-idade\/","title":{"rendered":"SESI realiza aul\u00e3o de carnaval para 3\u00aa idade"},"content":{"rendered":"<figure id=\"attachment_5188\" aria-describedby=\"caption-attachment-5188\" style=\"width: 300px\" class=\"wp-caption alignleft\"><a href=\"http:\/\/www.fieam.org.br\/site\/sesi\/sesi-realiza-aulao-de-carnaval-para-3a-idade\/img_2085-aulao-de-carnaval-ao-comando-do-professor-ely-sandro-monteiro-e-nega-maluca-aline-cassiano\/\" rel=\"attachment wp-att-5188\"><img fetchpriority=\"high\" decoding=\"async\" class=\"size-medium wp-image-5188\" alt=\"Aul\u00e3o de carnaval ao comando do professor Ely Sandro Monteiro e Nega Maluca, Aline Cassiano\" src=\"http:\/\/www.fieam.org.br\/2015\/sesi\/wp-content\/uploads\/sites\/2\/2014\/02\/IMG_2085-Aul\u00e3o-de-carnaval-ao-comando-do-professor-Ely-Sandro-Monteiro-e-Nega-Maluca-Aline-Cassiano-300x200.jpg\" width=\"300\" height=\"200\" \/><\/a><figcaption id=\"caption-attachment-5188\" class=\"wp-caption-text\">Aul\u00e3o de carnaval ao comando do professor Ely Sandro Monteiro e Nega Maluca, Aline Cassiano<\/figcaption><\/figure>\n<p>A anima\u00e7\u00e3o tomou conta do Grupo Lazer da Terceira Idade do Clube do Trabalhador do Servi\u00e7o Social da Ind\u00fastria (SESI\/AM) com o Aul\u00e3o de Carnaval Terceira Idade, ministrado pelo professor de Educa\u00e7\u00e3o F\u00edsica, Ely Sandro Monteiro e com a atriz do Grupo de Teatro do SESI, Aline Cassiano, que interpretou uma Nega Maluca para animar a turma.<\/p>\n<p>A programa\u00e7\u00e3o teve objetivo de estimular a pr\u00e1tica da atividade f\u00edsica, e aproveitar o per\u00edodo do carnaval, ousando nas variedades musicais e atraindo a aten\u00e7\u00e3o da 3\u00aa idade. H\u00e1 os que s\u00e3o mais acanhados e os que caem na folia, como \u00e9 o caso da Maria de Jesus Ribeiro, 56, que participa h\u00e1 cinco anos do grupo da 3\u00aa. idade, mesmo sem estar no perfil do grupo.<\/p>\n<p>\u201cGosto muito do agito. Estar viva e aproveitar cada momento dado por Deus \u00e9 gratificante, tenho que aproveitar. Temos problemas, mas aqui deixamos de lado, nos entrosando e brincando, \u00e9 um barato\u201d, disse a foli\u00e3 Maria de Jesus.<\/p>\n<p>A folia contou com a participa\u00e7\u00e3o do queridinho do grupo, Valdir Ferreira da Silva, 87, conhecido como \u201cpimp\u00e3o\u201d que, acompanhado da filha Cleide Nascimento, 59, n\u00e3o deixa de participar das programa\u00e7\u00f5es direcionadas para a 3\u00aa idade. De acordo com a filha, Valdir fica desanimado quando n\u00e3o pode ir \u00e0s programa\u00e7\u00f5es. Valdir foi convidado pelo professor a ensinar a dan\u00e7a do momento para os demais colegas, a \u201cLepo Lepo\u201d do grupo Psirico, com muita anima\u00e7\u00e3o e gingado.<\/p>\n<p>\u201cIsso aqui \u00e9 mil maravilhas, se eu pudesse estaria todos os dias no SESI, aqui adquiro paz, sa\u00fade e felicidade. N\u00e3o sei o que ser\u00e1 de mim se um dia ficar impossibilitado de participar dessas programa\u00e7\u00f5es\u201d, explica o foli\u00e3o querido do aul\u00e3o.<\/p>\n<p>A coordenadora do Grupo Lazer da Terceira Idade, Fab\u00edola Paes, disse que a programa\u00e7\u00e3o foi elaborada para dar as boas vindas ao grupo, e n\u00e3o se arrependeu do esfor\u00e7o que fez com sua equipe para o aul\u00e3o acontecer.<\/p>\n<p>\u201c\u00c9 gratificante ver a alegria nos olhos de cada participante, pois o esfor\u00e7o \u00e9 de todos, da equipe do SESI, e do grupo da 3\u00aa idade, que n\u00e3o se indisp\u00f5em em participar das programa\u00e7\u00f5es\u201d, frisou Fab\u00edola.<\/p>\n<p>O grupo da 3\u00aa idade \u00e9 formado por mais de 90 idosos, que realizam atividades de hidrogin\u00e1stica, nata\u00e7\u00e3o, dan\u00e7a coreografada, caminhadas e academia, a pre\u00e7os especiais.<\/p>\n<p>Informa\u00e7\u00f5es sobre como participar do Grupo Lazer da Terceira Idade pelos n\u00fameros 3216-1037 ou 3216-1039.<\/p>\n<p>[nggallery id=225]<\/p>\n","protected":false},"excerpt":{"rendered":"<p>A anima\u00e7\u00e3o tomou conta do Grupo Lazer da Terceira Idade do Clube do Trabalhador do Servi\u00e7o Social da Ind\u00fastria (SESI\/AM) com o Aul\u00e3o de Carnaval Terceira Idade, ministrado pelo professor de Educa\u00e7\u00e3o F\u00edsica, Ely Sandro Monteiro e com a atriz do Grupo de Teatro do SESI, Aline Cassiano, que interpretou uma Nega Maluca para animar [&hellip;]<\/p>\n","protected":false},"author":1,"featured_media":0,"comment_status":"open","ping_status":"open","sticky":false,"template":"","format":"standard","meta":{"footnotes":""},"categories":[25],"tags":[],"class_list":["post-19429","post","type-post","status-publish","format-standard","hentry","category-news"],"yoast_head":"<!-- This site is optimized with the Yoast SEO plugin v26.8 - https:\/\/yoast.com\/product\/yoast-seo-wordpress\/ -->\n<title>SESI realiza aul\u00e3o de carnaval para 3\u00aa idade - SESI<\/title>\n<meta name=\"robots\" content=\"index, follow, max-snippet:-1, max-image-preview:large, max-video-preview:-1\" \/>\n<link rel=\"canonical\" href=\"https:\/\/fieam.org.br\/sesi\/sesi-realiza-aulao-de-carnaval-para-3a-idade\/\" \/>\n<meta property=\"og:locale\" content=\"pt_BR\" \/>\n<meta property=\"og:type\" content=\"article\" \/>\n<meta property=\"og:title\" content=\"SESI realiza aul\u00e3o de carnaval para 3\u00aa idade - SESI\" \/>\n<meta property=\"og:description\" content=\"A anima\u00e7\u00e3o tomou conta do Grupo Lazer da Terceira Idade do Clube do Trabalhador do Servi\u00e7o Social da Ind\u00fastria (SESI\/AM) com o Aul\u00e3o de Carnaval Terceira Idade, ministrado pelo professor de Educa\u00e7\u00e3o F\u00edsica, Ely Sandro Monteiro e com a atriz do Grupo de Teatro do SESI, Aline Cassiano, que interpretou uma Nega Maluca para animar [&hellip;]\" \/>\n<meta property=\"og:url\" content=\"https:\/\/fieam.org.br\/sesi\/sesi-realiza-aulao-de-carnaval-para-3a-idade\/\" \/>\n<meta property=\"og:site_name\" content=\"SESI\" \/>\n<meta property=\"article:published_time\" content=\"2014-02-21T19:57:42+00:00\" \/>\n<meta name=\"author\" content=\"Autor\" \/>\n<meta name=\"twitter:card\" content=\"summary_large_image\" \/>\n<meta name=\"twitter:label1\" content=\"Escrito por\" \/>\n\t<meta name=\"twitter:data1\" content=\"Autor\" \/>\n\t<meta name=\"twitter:label2\" content=\"Est. tempo de leitura\" \/>\n\t<meta name=\"twitter:data2\" content=\"2 minutos\" \/>\n<script type=\"application\/ld+json\" class=\"yoast-schema-graph\">{\"@context\":\"https:\/\/schema.org\",\"@graph\":[{\"@type\":\"Article\",\"@id\":\"https:\/\/fieam.org.br\/sesi\/sesi-realiza-aulao-de-carnaval-para-3a-idade\/#article\",\"isPartOf\":{\"@id\":\"https:\/\/fieam.org.br\/sesi\/sesi-realiza-aulao-de-carnaval-para-3a-idade\/\"},\"author\":{\"name\":\"Autor\",\"@id\":\"https:\/\/fieam.org.br\/sesi\/#\/schema\/person\/c1ceda8321521b291cee22da0a7d34be\"},\"headline\":\"SESI realiza aul\u00e3o de carnaval para 3\u00aa idade\",\"datePublished\":\"2014-02-21T19:57:42+00:00\",\"mainEntityOfPage\":{\"@id\":\"https:\/\/fieam.org.br\/sesi\/sesi-realiza-aulao-de-carnaval-para-3a-idade\/\"},\"wordCount\":454,\"commentCount\":0,\"publisher\":{\"@id\":\"https:\/\/fieam.org.br\/sesi\/#organization\"},\"articleSection\":[\"News\"],\"inLanguage\":\"pt-BR\",\"potentialAction\":[{\"@type\":\"CommentAction\",\"name\":\"Comment\",\"target\":[\"https:\/\/fieam.org.br\/sesi\/sesi-realiza-aulao-de-carnaval-para-3a-idade\/#respond\"]}]},{\"@type\":\"WebPage\",\"@id\":\"https:\/\/fieam.org.br\/sesi\/sesi-realiza-aulao-de-carnaval-para-3a-idade\/\",\"url\":\"https:\/\/fieam.org.br\/sesi\/sesi-realiza-aulao-de-carnaval-para-3a-idade\/\",\"name\":\"SESI realiza aul\u00e3o de carnaval para 3\u00aa idade - SESI\",\"isPartOf\":{\"@id\":\"https:\/\/fieam.org.br\/sesi\/#website\"},\"datePublished\":\"2014-02-21T19:57:42+00:00\",\"breadcrumb\":{\"@id\":\"https:\/\/fieam.org.br\/sesi\/sesi-realiza-aulao-de-carnaval-para-3a-idade\/#breadcrumb\"},\"inLanguage\":\"pt-BR\",\"potentialAction\":[{\"@type\":\"ReadAction\",\"target\":[\"https:\/\/fieam.org.br\/sesi\/sesi-realiza-aulao-de-carnaval-para-3a-idade\/\"]}]},{\"@type\":\"BreadcrumbList\",\"@id\":\"https:\/\/fieam.org.br\/sesi\/sesi-realiza-aulao-de-carnaval-para-3a-idade\/#breadcrumb\",\"itemListElement\":[{\"@type\":\"ListItem\",\"position\":1,\"name\":\"In\u00edcio\",\"item\":\"https:\/\/fieam.org.br\/sesi\/\"},{\"@type\":\"ListItem\",\"position\":2,\"name\":\"SESI realiza aul\u00e3o de carnaval para 3\u00aa idade\"}]},{\"@type\":\"WebSite\",\"@id\":\"https:\/\/fieam.org.br\/sesi\/#website\",\"url\":\"https:\/\/fieam.org.br\/sesi\/\",\"name\":\"SESI\",\"description\":\"Site Oficial!\",\"publisher\":{\"@id\":\"https:\/\/fieam.org.br\/sesi\/#organization\"},\"potentialAction\":[{\"@type\":\"SearchAction\",\"target\":{\"@type\":\"EntryPoint\",\"urlTemplate\":\"https:\/\/fieam.org.br\/sesi\/?s={search_term_string}\"},\"query-input\":{\"@type\":\"PropertyValueSpecification\",\"valueRequired\":true,\"valueName\":\"search_term_string\"}}],\"inLanguage\":\"pt-BR\"},{\"@type\":\"Organization\",\"@id\":\"https:\/\/fieam.org.br\/sesi\/#organization\",\"name\":\"SESI\",\"url\":\"https:\/\/fieam.org.br\/sesi\/\",\"logo\":{\"@type\":\"ImageObject\",\"inLanguage\":\"pt-BR\",\"@id\":\"https:\/\/fieam.org.br\/sesi\/#\/schema\/logo\/image\/\",\"url\":\"https:\/\/fieam.org.br\/sesi\/wp-content\/uploads\/sites\/14\/2024\/03\/cropped-fav.png\",\"contentUrl\":\"https:\/\/fieam.org.br\/sesi\/wp-content\/uploads\/sites\/14\/2024\/03\/cropped-fav.png\",\"width\":610,\"height\":589,\"caption\":\"SESI\"},\"image\":{\"@id\":\"https:\/\/fieam.org.br\/sesi\/#\/schema\/logo\/image\/\"}},{\"@type\":\"Person\",\"@id\":\"https:\/\/fieam.org.br\/sesi\/#\/schema\/person\/c1ceda8321521b291cee22da0a7d34be\",\"name\":\"Autor\",\"image\":{\"@type\":\"ImageObject\",\"inLanguage\":\"pt-BR\",\"@id\":\"https:\/\/fieam.org.br\/sesi\/#\/schema\/person\/image\/\",\"url\":\"https:\/\/secure.gravatar.com\/avatar\/3732c223e0e1fad69062a8f770955c9068d37b055204f310a0be18d4069fe380?s=96&d=mm&r=g\",\"contentUrl\":\"https:\/\/secure.gravatar.com\/avatar\/3732c223e0e1fad69062a8f770955c9068d37b055204f310a0be18d4069fe380?s=96&d=mm&r=g\",\"caption\":\"Autor\"},\"sameAs\":[\"https:\/\/marketingmassivo.com.br\"],\"url\":\"https:\/\/fieam.org.br\/sesi\/author\/admin\/\"}]}<\/script>\n<!-- \/ Yoast SEO plugin. -->","yoast_head_json":{"title":"SESI realiza aul\u00e3o de carnaval para 3\u00aa idade - SESI","robots":{"index":"index","follow":"follow","max-snippet":"max-snippet:-1","max-image-preview":"max-image-preview:large","max-video-preview":"max-video-preview:-1"},"canonical":"https:\/\/fieam.org.br\/sesi\/sesi-realiza-aulao-de-carnaval-para-3a-idade\/","og_locale":"pt_BR","og_type":"article","og_title":"SESI realiza aul\u00e3o de carnaval para 3\u00aa idade - SESI","og_description":"A anima\u00e7\u00e3o tomou conta do Grupo Lazer da Terceira Idade do Clube do Trabalhador do Servi\u00e7o Social da Ind\u00fastria (SESI\/AM) com o Aul\u00e3o de Carnaval Terceira Idade, ministrado pelo professor de Educa\u00e7\u00e3o F\u00edsica, Ely Sandro Monteiro e com a atriz do Grupo de Teatro do SESI, Aline Cassiano, que interpretou uma Nega Maluca para animar [&hellip;]","og_url":"https:\/\/fieam.org.br\/sesi\/sesi-realiza-aulao-de-carnaval-para-3a-idade\/","og_site_name":"SESI","article_published_time":"2014-02-21T19:57:42+00:00","author":"Autor","twitter_card":"summary_large_image","twitter_misc":{"Escrito por":"Autor","Est. tempo de leitura":"2 minutos"},"schema":{"@context":"https:\/\/schema.org","@graph":[{"@type":"Article","@id":"https:\/\/fieam.org.br\/sesi\/sesi-realiza-aulao-de-carnaval-para-3a-idade\/#article","isPartOf":{"@id":"https:\/\/fieam.org.br\/sesi\/sesi-realiza-aulao-de-carnaval-para-3a-idade\/"},"author":{"name":"Autor","@id":"https:\/\/fieam.org.br\/sesi\/#\/schema\/person\/c1ceda8321521b291cee22da0a7d34be"},"headline":"SESI realiza aul\u00e3o de carnaval para 3\u00aa idade","datePublished":"2014-02-21T19:57:42+00:00","mainEntityOfPage":{"@id":"https:\/\/fieam.org.br\/sesi\/sesi-realiza-aulao-de-carnaval-para-3a-idade\/"},"wordCount":454,"commentCount":0,"publisher":{"@id":"https:\/\/fieam.org.br\/sesi\/#organization"},"articleSection":["News"],"inLanguage":"pt-BR","potentialAction":[{"@type":"CommentAction","name":"Comment","target":["https:\/\/fieam.org.br\/sesi\/sesi-realiza-aulao-de-carnaval-para-3a-idade\/#respond"]}]},{"@type":"WebPage","@id":"https:\/\/fieam.org.br\/sesi\/sesi-realiza-aulao-de-carnaval-para-3a-idade\/","url":"https:\/\/fieam.org.br\/sesi\/sesi-realiza-aulao-de-carnaval-para-3a-idade\/","name":"SESI realiza aul\u00e3o de carnaval para 3\u00aa idade - SESI","isPartOf":{"@id":"https:\/\/fieam.org.br\/sesi\/#website"},"datePublished":"2014-02-21T19:57:42+00:00","breadcrumb":{"@id":"https:\/\/fieam.org.br\/sesi\/sesi-realiza-aulao-de-carnaval-para-3a-idade\/#breadcrumb"},"inLanguage":"pt-BR","potentialAction":[{"@type":"ReadAction","target":["https:\/\/fieam.org.br\/sesi\/sesi-realiza-aulao-de-carnaval-para-3a-idade\/"]}]},{"@type":"BreadcrumbList","@id":"https:\/\/fieam.org.br\/sesi\/sesi-realiza-aulao-de-carnaval-para-3a-idade\/#breadcrumb","itemListElement":[{"@type":"ListItem","position":1,"name":"In\u00edcio","item":"https:\/\/fieam.org.br\/sesi\/"},{"@type":"ListItem","position":2,"name":"SESI realiza aul\u00e3o de carnaval para 3\u00aa idade"}]},{"@type":"WebSite","@id":"https:\/\/fieam.org.br\/sesi\/#website","url":"https:\/\/fieam.org.br\/sesi\/","name":"SESI","description":"Site Oficial!","publisher":{"@id":"https:\/\/fieam.org.br\/sesi\/#organization"},"potentialAction":[{"@type":"SearchAction","target":{"@type":"EntryPoint","urlTemplate":"https:\/\/fieam.org.br\/sesi\/?s={search_term_string}"},"query-input":{"@type":"PropertyValueSpecification","valueRequired":true,"valueName":"search_term_string"}}],"inLanguage":"pt-BR"},{"@type":"Organization","@id":"https:\/\/fieam.org.br\/sesi\/#organization","name":"SESI","url":"https:\/\/fieam.org.br\/sesi\/","logo":{"@type":"ImageObject","inLanguage":"pt-BR","@id":"https:\/\/fieam.org.br\/sesi\/#\/schema\/logo\/image\/","url":"https:\/\/fieam.org.br\/sesi\/wp-content\/uploads\/sites\/14\/2024\/03\/cropped-fav.png","contentUrl":"https:\/\/fieam.org.br\/sesi\/wp-content\/uploads\/sites\/14\/2024\/03\/cropped-fav.png","width":610,"height":589,"caption":"SESI"},"image":{"@id":"https:\/\/fieam.org.br\/sesi\/#\/schema\/logo\/image\/"}},{"@type":"Person","@id":"https:\/\/fieam.org.br\/sesi\/#\/schema\/person\/c1ceda8321521b291cee22da0a7d34be","name":"Autor","image":{"@type":"ImageObject","inLanguage":"pt-BR","@id":"https:\/\/fieam.org.br\/sesi\/#\/schema\/person\/image\/","url":"https:\/\/secure.gravatar.com\/avatar\/3732c223e0e1fad69062a8f770955c9068d37b055204f310a0be18d4069fe380?s=96&d=mm&r=g","contentUrl":"https:\/\/secure.gravatar.com\/avatar\/3732c223e0e1fad69062a8f770955c9068d37b055204f310a0be18d4069fe380?s=96&d=mm&r=g","caption":"Autor"},"sameAs":["https:\/\/marketingmassivo.com.br"],"url":"https:\/\/fieam.org.br\/sesi\/author\/admin\/"}]}},"_links":{"self":[{"href":"https:\/\/fieam.org.br\/sesi\/wp-json\/wp\/v2\/posts\/19429","targetHints":{"allow":["GET"]}}],"collection":[{"href":"https:\/\/fieam.org.br\/sesi\/wp-json\/wp\/v2\/posts"}],"about":[{"href":"https:\/\/fieam.org.br\/sesi\/wp-json\/wp\/v2\/types\/post"}],"author":[{"embeddable":true,"href":"https:\/\/fieam.org.br\/sesi\/wp-json\/wp\/v2\/users\/1"}],"replies":[{"embeddable":true,"href":"https:\/\/fieam.org.br\/sesi\/wp-json\/wp\/v2\/comments?post=19429"}],"version-history":[{"count":0,"href":"https:\/\/fieam.org.br\/sesi\/wp-json\/wp\/v2\/posts\/19429\/revisions"}],"wp:attachment":[{"href":"https:\/\/fieam.org.br\/sesi\/wp-json\/wp\/v2\/media?parent=19429"}],"wp:term":[{"taxonomy":"category","embeddable":true,"href":"https:\/\/fieam.org.br\/sesi\/wp-json\/wp\/v2\/categories?post=19429"},{"taxonomy":"post_tag","embeddable":true,"href":"https:\/\/fieam.org.br\/sesi\/wp-json\/wp\/v2\/tags?post=19429"}],"curies":[{"name":"wp","href":"https:\/\/api.w.org\/{rel}","templated":true}]}}