{"id":19424,"date":"2014-01-24T13:38:42","date_gmt":"2014-01-24T13:38:42","guid":{"rendered":"http:\/\/www.fieam.org.br\/site\/sesi\/?p=5094"},"modified":"2014-01-24T13:38:42","modified_gmt":"2014-01-24T13:38:42","slug":"medida-certa-na-ponta-negra","status":"publish","type":"post","link":"https:\/\/fieam.org.br\/sesi\/medida-certa-na-ponta-negra\/","title":{"rendered":"Medida Certa na Ponta Negra"},"content":{"rendered":"<p>O Projeto Medida Certa, desenvolvido em parceria pelo SESI e Rede Amaz\u00f4nica de TV, teve encerramento oficial em 16 de novembro, na Estrada da Ponta Negra, mas foi prorrogado at\u00e9 5 de dezembro em raz\u00e3o do interesse dos participantes em continuar praticando as atividades para aprimorar ainda mais o condicionamento f\u00edsico no Clube do Trabalhador do Amazonas.<\/p>\n<p>Participaram do projeto, pelo SESI, os educadores f\u00edsicos Kelvis Felix e Patr\u00edcia Arcanjo, e o agente administrativo\u00a0 Jorge Grayson, e, pela TV Amazonas, os jornalistas Eduardo Monteiro de Paula, o Dudu, Guilherme Fraga e Clayton Pascarelli. Foram quase quatro meses de atividades f\u00edsicas, de segunda a s\u00e1bado, com duas horas por dia, al\u00e9m de informa\u00e7\u00f5es nutricionais para melhorar a\u00a0 alimenta\u00e7\u00e3o. O coordenador das atividades f\u00edsicas, Jo\u00e3o Marinho, disse que os participantes praticaram v\u00e1rias atividades na academia de muscula\u00e7\u00e3o, como esteira, bicicleta, abdominais nas pranchas, exerc\u00edcios para o fortalecimento dos bra\u00e7os, pernas, costas, e peito, al\u00e9m de corridas na pista do Clube, nas ruas e circuito de areia, nata\u00e7\u00e3o e hidrogin\u00e1stica.\u00a0 Segundo Marinho, o resultado foi positivo e todos os participantes conseguiram alcan\u00e7ar as metas estabelecidas, com a redu\u00e7\u00e3o de percentuais de gordura e aumento da massa muscular, al\u00e9m da redu\u00e7\u00e3o da circunfer\u00eancia da cintura e abdome. Ele ressaltou que alguns integrantes precisam continuar com as atividades para alcan\u00e7ar um padr\u00e3o de excel\u00eancia.\u00a0 De acordo com\u00a0 Marinho, Kelvis iniciou o programa com 108kg e encerrou a sua participa\u00e7\u00e3o com 89,90kg; Patr\u00edcia come\u00e7ou com 98,50 e terminou com 83,60kg; Grayson reduziu de 87,70 para 80,40kg; Dudu foi de 111kg para 102,10, Fraga, de 97,10\u00a0\u00a0 para 89,40kg, e Pascarelli reduziu o peso de 97,70 para 88,70kg.<\/p>\n<p>O educador f\u00edsico disse ainda que o projeto contribuiu para mudar a rotina de vida das pessoas e que \u00e9 fundamental\u00a0 associar a atividade f\u00edsica a uma alimenta\u00e7\u00e3o saud\u00e1vel, aconselhando aos interessados em praticar atividades f\u00edsicas, come\u00e7ar com uma atividade moderada e com orienta\u00e7\u00e3o de um profissional.<\/p>\n<p>Jorge Grayson, um dos integrantes do projeto, disse que foi uma oportunidade que teve de melhorar o seu estilo de vida com h\u00e1bitos saud\u00e1veis, com v\u00e1rios benef\u00edcios, como melhor qualidade no sono e no trabalho, redu\u00e7\u00e3o do n\u00edvel de colesterol e triglicer\u00eddeos. Grayson disse tamb\u00e9m que,\u00a0 quando se coloca o corpo em movimento tudo funciona melhor com o organismo respondendo de forma positiva.\u00a0 Grayson revelou que, durante o Medida Certa, superou o medo que tinha de participar de corridas de rua, tanto que essa \u00e9 hoje a atividade com que mais se identifica. Segundou o t\u00e9cnico administrativo do SESI, a participa\u00e7\u00e3o dele no projeto est\u00e1 incentivando amigos e familiares a mudar o estilo de vida.<\/p>\n\n","protected":false},"excerpt":{"rendered":"<p>O Projeto Medida Certa, desenvolvido em parceria pelo SESI e Rede Amaz\u00f4nica de TV, teve encerramento oficial em 16 de novembro, na Estrada da Ponta Negra, mas foi prorrogado at\u00e9 5 de dezembro em raz\u00e3o do interesse dos participantes em continuar praticando as atividades para aprimorar ainda mais o condicionamento f\u00edsico no Clube do Trabalhador [&hellip;]<\/p>\n","protected":false},"author":1,"featured_media":0,"comment_status":"open","ping_status":"open","sticky":false,"template":"","format":"standard","meta":{"footnotes":""},"categories":[25],"tags":[],"class_list":["post-19424","post","type-post","status-publish","format-standard","hentry","category-news"],"yoast_head":"<!-- This site is optimized with the Yoast SEO plugin v28.2 - https:\/\/yoast.com\/product\/yoast-seo-wordpress\/ -->\n<title>Medida Certa na Ponta Negra - SESI<\/title>\n<meta name=\"robots\" content=\"index, follow, max-snippet:-1, max-image-preview:large, max-video-preview:-1\" \/>\n<link rel=\"canonical\" href=\"https:\/\/fieam.org.br\/sesi\/medida-certa-na-ponta-negra\/\" \/>\n<meta property=\"og:locale\" content=\"pt_BR\" \/>\n<meta property=\"og:type\" content=\"article\" \/>\n<meta property=\"og:title\" content=\"Medida Certa na Ponta Negra - SESI\" \/>\n<meta property=\"og:description\" content=\"O Projeto Medida Certa, desenvolvido em parceria pelo SESI e Rede Amaz\u00f4nica de TV, teve encerramento oficial em 16 de novembro, na Estrada da Ponta Negra, mas foi prorrogado at\u00e9 5 de dezembro em raz\u00e3o do interesse dos participantes em continuar praticando as atividades para aprimorar ainda mais o condicionamento f\u00edsico no Clube do Trabalhador [&hellip;]\" \/>\n<meta property=\"og:url\" content=\"https:\/\/fieam.org.br\/sesi\/medida-certa-na-ponta-negra\/\" \/>\n<meta property=\"og:site_name\" content=\"SESI\" \/>\n<meta property=\"article:published_time\" content=\"2014-01-24T13:38:42+00:00\" \/>\n<meta name=\"author\" content=\"Autor\" \/>\n<meta name=\"twitter:card\" content=\"summary_large_image\" \/>\n<meta name=\"twitter:label1\" content=\"Escrito por\" \/>\n\t<meta name=\"twitter:data1\" content=\"Autor\" \/>\n\t<meta name=\"twitter:label2\" content=\"Est. tempo de leitura\" \/>\n\t<meta name=\"twitter:data2\" content=\"2 minutos\" \/>\n<script type=\"application\/ld+json\" class=\"yoast-schema-graph\">{\"@context\":\"https:\\\/\\\/schema.org\",\"@graph\":[{\"@type\":\"Article\",\"@id\":\"https:\\\/\\\/fieam.org.br\\\/sesi\\\/medida-certa-na-ponta-negra\\\/#article\",\"isPartOf\":{\"@id\":\"https:\\\/\\\/fieam.org.br\\\/sesi\\\/medida-certa-na-ponta-negra\\\/\"},\"author\":{\"name\":\"Autor\",\"@id\":\"https:\\\/\\\/fieam.org.br\\\/sesi\\\/#\\\/schema\\\/person\\\/f54998dd14d5f0695b41444f2b01c31e\"},\"headline\":\"Medida Certa na Ponta Negra\",\"datePublished\":\"2014-01-24T13:38:42+00:00\",\"mainEntityOfPage\":{\"@id\":\"https:\\\/\\\/fieam.org.br\\\/sesi\\\/medida-certa-na-ponta-negra\\\/\"},\"wordCount\":477,\"commentCount\":0,\"publisher\":{\"@id\":\"https:\\\/\\\/fieam.org.br\\\/sesi\\\/#organization\"},\"articleSection\":[\"News\"],\"inLanguage\":\"pt-BR\",\"potentialAction\":[{\"@type\":\"CommentAction\",\"name\":\"Comment\",\"target\":[\"https:\\\/\\\/fieam.org.br\\\/sesi\\\/medida-certa-na-ponta-negra\\\/#respond\"]}]},{\"@type\":\"WebPage\",\"@id\":\"https:\\\/\\\/fieam.org.br\\\/sesi\\\/medida-certa-na-ponta-negra\\\/\",\"url\":\"https:\\\/\\\/fieam.org.br\\\/sesi\\\/medida-certa-na-ponta-negra\\\/\",\"name\":\"Medida Certa na Ponta Negra - SESI\",\"isPartOf\":{\"@id\":\"https:\\\/\\\/fieam.org.br\\\/sesi\\\/#website\"},\"datePublished\":\"2014-01-24T13:38:42+00:00\",\"breadcrumb\":{\"@id\":\"https:\\\/\\\/fieam.org.br\\\/sesi\\\/medida-certa-na-ponta-negra\\\/#breadcrumb\"},\"inLanguage\":\"pt-BR\",\"potentialAction\":[{\"@type\":\"ReadAction\",\"target\":[\"https:\\\/\\\/fieam.org.br\\\/sesi\\\/medida-certa-na-ponta-negra\\\/\"]}]},{\"@type\":\"BreadcrumbList\",\"@id\":\"https:\\\/\\\/fieam.org.br\\\/sesi\\\/medida-certa-na-ponta-negra\\\/#breadcrumb\",\"itemListElement\":[{\"@type\":\"ListItem\",\"position\":1,\"name\":\"In\u00edcio\",\"item\":\"https:\\\/\\\/fieam.org.br\\\/sesi\\\/\"},{\"@type\":\"ListItem\",\"position\":2,\"name\":\"Medida Certa na Ponta Negra\"}]},{\"@type\":\"WebSite\",\"@id\":\"https:\\\/\\\/fieam.org.br\\\/sesi\\\/#website\",\"url\":\"https:\\\/\\\/fieam.org.br\\\/sesi\\\/\",\"name\":\"SESI\",\"description\":\"Site Oficial!\",\"publisher\":{\"@id\":\"https:\\\/\\\/fieam.org.br\\\/sesi\\\/#organization\"},\"potentialAction\":[{\"@type\":\"SearchAction\",\"target\":{\"@type\":\"EntryPoint\",\"urlTemplate\":\"https:\\\/\\\/fieam.org.br\\\/sesi\\\/?s={search_term_string}\"},\"query-input\":{\"@type\":\"PropertyValueSpecification\",\"valueRequired\":true,\"valueName\":\"search_term_string\"}}],\"inLanguage\":\"pt-BR\"},{\"@type\":\"Organization\",\"@id\":\"https:\\\/\\\/fieam.org.br\\\/sesi\\\/#organization\",\"name\":\"SESI\",\"url\":\"https:\\\/\\\/fieam.org.br\\\/sesi\\\/\",\"logo\":{\"@type\":\"ImageObject\",\"inLanguage\":\"pt-BR\",\"@id\":\"https:\\\/\\\/fieam.org.br\\\/sesi\\\/#\\\/schema\\\/logo\\\/image\\\/\",\"url\":\"https:\\\/\\\/fieam.org.br\\\/sesi\\\/wp-content\\\/uploads\\\/sites\\\/14\\\/2024\\\/03\\\/cropped-fav.png\",\"contentUrl\":\"https:\\\/\\\/fieam.org.br\\\/sesi\\\/wp-content\\\/uploads\\\/sites\\\/14\\\/2024\\\/03\\\/cropped-fav.png\",\"width\":610,\"height\":589,\"caption\":\"SESI\"},\"image\":{\"@id\":\"https:\\\/\\\/fieam.org.br\\\/sesi\\\/#\\\/schema\\\/logo\\\/image\\\/\"}},{\"@type\":\"Person\",\"@id\":\"https:\\\/\\\/fieam.org.br\\\/sesi\\\/#\\\/schema\\\/person\\\/f54998dd14d5f0695b41444f2b01c31e\",\"name\":\"Autor\",\"image\":{\"@type\":\"ImageObject\",\"inLanguage\":\"pt-BR\",\"@id\":\"https:\\\/\\\/secure.gravatar.com\\\/avatar\\\/3732c223e0e1fad69062a8f770955c9068d37b055204f310a0be18d4069fe380?s=96&d=mm&r=g\",\"url\":\"https:\\\/\\\/secure.gravatar.com\\\/avatar\\\/3732c223e0e1fad69062a8f770955c9068d37b055204f310a0be18d4069fe380?s=96&d=mm&r=g\",\"contentUrl\":\"https:\\\/\\\/secure.gravatar.com\\\/avatar\\\/3732c223e0e1fad69062a8f770955c9068d37b055204f310a0be18d4069fe380?s=96&d=mm&r=g\",\"caption\":\"Autor\"},\"sameAs\":[\"https:\\\/\\\/marketingmassivo.com.br\"],\"url\":\"https:\\\/\\\/fieam.org.br\\\/sesi\\\/author\\\/admin\\\/\"}]}<\/script>\n<!-- \/ Yoast SEO plugin. -->","yoast_head_json":{"title":"Medida Certa na Ponta Negra - SESI","robots":{"index":"index","follow":"follow","max-snippet":"max-snippet:-1","max-image-preview":"max-image-preview:large","max-video-preview":"max-video-preview:-1"},"canonical":"https:\/\/fieam.org.br\/sesi\/medida-certa-na-ponta-negra\/","og_locale":"pt_BR","og_type":"article","og_title":"Medida Certa na Ponta Negra - SESI","og_description":"O Projeto Medida Certa, desenvolvido em parceria pelo SESI e Rede Amaz\u00f4nica de TV, teve encerramento oficial em 16 de novembro, na Estrada da Ponta Negra, mas foi prorrogado at\u00e9 5 de dezembro em raz\u00e3o do interesse dos participantes em continuar praticando as atividades para aprimorar ainda mais o condicionamento f\u00edsico no Clube do Trabalhador [&hellip;]","og_url":"https:\/\/fieam.org.br\/sesi\/medida-certa-na-ponta-negra\/","og_site_name":"SESI","article_published_time":"2014-01-24T13:38:42+00:00","author":"Autor","twitter_card":"summary_large_image","twitter_misc":{"Escrito por":"Autor","Est. tempo de leitura":"2 minutos"},"schema":{"@context":"https:\/\/schema.org","@graph":[{"@type":"Article","@id":"https:\/\/fieam.org.br\/sesi\/medida-certa-na-ponta-negra\/#article","isPartOf":{"@id":"https:\/\/fieam.org.br\/sesi\/medida-certa-na-ponta-negra\/"},"author":{"name":"Autor","@id":"https:\/\/fieam.org.br\/sesi\/#\/schema\/person\/f54998dd14d5f0695b41444f2b01c31e"},"headline":"Medida Certa na Ponta Negra","datePublished":"2014-01-24T13:38:42+00:00","mainEntityOfPage":{"@id":"https:\/\/fieam.org.br\/sesi\/medida-certa-na-ponta-negra\/"},"wordCount":477,"commentCount":0,"publisher":{"@id":"https:\/\/fieam.org.br\/sesi\/#organization"},"articleSection":["News"],"inLanguage":"pt-BR","potentialAction":[{"@type":"CommentAction","name":"Comment","target":["https:\/\/fieam.org.br\/sesi\/medida-certa-na-ponta-negra\/#respond"]}]},{"@type":"WebPage","@id":"https:\/\/fieam.org.br\/sesi\/medida-certa-na-ponta-negra\/","url":"https:\/\/fieam.org.br\/sesi\/medida-certa-na-ponta-negra\/","name":"Medida Certa na Ponta Negra - SESI","isPartOf":{"@id":"https:\/\/fieam.org.br\/sesi\/#website"},"datePublished":"2014-01-24T13:38:42+00:00","breadcrumb":{"@id":"https:\/\/fieam.org.br\/sesi\/medida-certa-na-ponta-negra\/#breadcrumb"},"inLanguage":"pt-BR","potentialAction":[{"@type":"ReadAction","target":["https:\/\/fieam.org.br\/sesi\/medida-certa-na-ponta-negra\/"]}]},{"@type":"BreadcrumbList","@id":"https:\/\/fieam.org.br\/sesi\/medida-certa-na-ponta-negra\/#breadcrumb","itemListElement":[{"@type":"ListItem","position":1,"name":"In\u00edcio","item":"https:\/\/fieam.org.br\/sesi\/"},{"@type":"ListItem","position":2,"name":"Medida Certa na Ponta Negra"}]},{"@type":"WebSite","@id":"https:\/\/fieam.org.br\/sesi\/#website","url":"https:\/\/fieam.org.br\/sesi\/","name":"SESI","description":"Site Oficial!","publisher":{"@id":"https:\/\/fieam.org.br\/sesi\/#organization"},"potentialAction":[{"@type":"SearchAction","target":{"@type":"EntryPoint","urlTemplate":"https:\/\/fieam.org.br\/sesi\/?s={search_term_string}"},"query-input":{"@type":"PropertyValueSpecification","valueRequired":true,"valueName":"search_term_string"}}],"inLanguage":"pt-BR"},{"@type":"Organization","@id":"https:\/\/fieam.org.br\/sesi\/#organization","name":"SESI","url":"https:\/\/fieam.org.br\/sesi\/","logo":{"@type":"ImageObject","inLanguage":"pt-BR","@id":"https:\/\/fieam.org.br\/sesi\/#\/schema\/logo\/image\/","url":"https:\/\/fieam.org.br\/sesi\/wp-content\/uploads\/sites\/14\/2024\/03\/cropped-fav.png","contentUrl":"https:\/\/fieam.org.br\/sesi\/wp-content\/uploads\/sites\/14\/2024\/03\/cropped-fav.png","width":610,"height":589,"caption":"SESI"},"image":{"@id":"https:\/\/fieam.org.br\/sesi\/#\/schema\/logo\/image\/"}},{"@type":"Person","@id":"https:\/\/fieam.org.br\/sesi\/#\/schema\/person\/f54998dd14d5f0695b41444f2b01c31e","name":"Autor","image":{"@type":"ImageObject","inLanguage":"pt-BR","@id":"https:\/\/secure.gravatar.com\/avatar\/3732c223e0e1fad69062a8f770955c9068d37b055204f310a0be18d4069fe380?s=96&d=mm&r=g","url":"https:\/\/secure.gravatar.com\/avatar\/3732c223e0e1fad69062a8f770955c9068d37b055204f310a0be18d4069fe380?s=96&d=mm&r=g","contentUrl":"https:\/\/secure.gravatar.com\/avatar\/3732c223e0e1fad69062a8f770955c9068d37b055204f310a0be18d4069fe380?s=96&d=mm&r=g","caption":"Autor"},"sameAs":["https:\/\/marketingmassivo.com.br"],"url":"https:\/\/fieam.org.br\/sesi\/author\/admin\/"}]}},"_links":{"self":[{"href":"https:\/\/fieam.org.br\/sesi\/wp-json\/wp\/v2\/posts\/19424","targetHints":{"allow":["GET"]}}],"collection":[{"href":"https:\/\/fieam.org.br\/sesi\/wp-json\/wp\/v2\/posts"}],"about":[{"href":"https:\/\/fieam.org.br\/sesi\/wp-json\/wp\/v2\/types\/post"}],"author":[{"embeddable":true,"href":"https:\/\/fieam.org.br\/sesi\/wp-json\/wp\/v2\/users\/1"}],"replies":[{"embeddable":true,"href":"https:\/\/fieam.org.br\/sesi\/wp-json\/wp\/v2\/comments?post=19424"}],"version-history":[{"count":0,"href":"https:\/\/fieam.org.br\/sesi\/wp-json\/wp\/v2\/posts\/19424\/revisions"}],"wp:attachment":[{"href":"https:\/\/fieam.org.br\/sesi\/wp-json\/wp\/v2\/media?parent=19424"}],"wp:term":[{"taxonomy":"category","embeddable":true,"href":"https:\/\/fieam.org.br\/sesi\/wp-json\/wp\/v2\/categories?post=19424"},{"taxonomy":"post_tag","embeddable":true,"href":"https:\/\/fieam.org.br\/sesi\/wp-json\/wp\/v2\/tags?post=19424"}],"curies":[{"name":"wp","href":"https:\/\/api.w.org\/{rel}","templated":true}]}}