{"id":19421,"date":"2014-01-24T13:23:52","date_gmt":"2014-01-24T13:23:52","guid":{"rendered":"http:\/\/www.fieam.org.br\/site\/sesi\/?p=5086"},"modified":"2014-01-24T13:23:52","modified_gmt":"2014-01-24T13:23:52","slug":"sesi-forma-100-alunos-em-eja","status":"publish","type":"post","link":"https:\/\/fieam.org.br\/sesi\/sesi-forma-100-alunos-em-eja\/","title":{"rendered":"SESI forma 100 alunos em EJA"},"content":{"rendered":"<p><a href=\"https:\/\/marketingmassivo.com.br\/sesi\/wp-content\/uploads\/sites\/12\/2014\/01\/cem-alunos-certificados-pelo-SESI.jpg\"><img fetchpriority=\"high\" decoding=\"async\" class=\"wp-image-5096 alignleft\" alt=\"cem alunos certificados pelo SESI\" src=\"https:\/\/marketingmassivo.com.br\/sesi\/wp-content\/uploads\/sites\/12\/2014\/01\/cem-alunos-certificados-pelo-SESI.jpg\" width=\"368\" height=\"246\" \/><\/a>O SESI certificou cerca de 100 alunos da EJA (Educa\u00e7\u00e3o de Jovens e Adultos), em solenidade realizada em 18 de dezembro, no Centro Integrado do Trabalhador Diocl\u00e9cio Corr\u00eaa, no bairro S\u00e3o Jorge, zona Oeste. Foram certificados 44 alunos da Alfabetiza\u00e7\u00e3o e 52 do Ensino M\u00e9dio, matriculados nas unidades de EJA dos bairros S\u00e3o Jos\u00e9, Alvorada e S\u00e3o Jorge, al\u00e9m das turmas formadas dentro das empresas.<\/p>\n<p>A gerente da Educa\u00e7\u00e3o de Jovens e Adultos, Cassandra Nascimento, aproveitou o momento para agradecer a confian\u00e7a que os alunos e empresas depositaram no SESI ao longo de uma jornada de 18 meses (Ensino M\u00e9dio) e seis meses (Alfabetiza\u00e7\u00e3o). Cassandra salientou que v\u00e1rios dos formandos do Ensino M\u00e9dio iniciaram o processo na Alfabetiza\u00e7\u00e3o.<\/p>\n<p>De acordo com a gerente, a certifica\u00e7\u00e3o \u00e9 apenas o come\u00e7o de uma jornada que n\u00e3o tem mais fim. Muitos dos formandos, segundo ela, estavam ent\u00e3o com matr\u00edculas asseguradas em v\u00e1rios cursos de n\u00edvel superior, o que mostra a certeza do dever cumprido do SESI.<\/p>\n<p>A diretora t\u00e9cnica do SESI, Rosana Bianco,\u00a0 agradeceu as empresa que foram parceiras nesse processo de\u00a0 eleva\u00e7\u00e3o\u00a0 da escolaridade dos trabalhadores, destacando a import\u00e2ncia de professores e pedagogos que s\u00e3o os grandes maestros nessa miss\u00e3o vocacional de\u00a0\u00a0 repassar conhecimento e informa\u00e7\u00e3o.<\/p>\n<p>De acordo Rosana, cada turma certificada pelo SESI \u00e9 motivo de orgulho e que o conhecimento faz toda a diferen\u00e7a no curso da vida de cada cidad\u00e3o. \u201cA hist\u00f3ria de vida de cada um, com suas experi\u00eancias, ajuda a completar o aprendizado\u201d, disse a diretora.<\/p>\n<p>Para Bianco, a educa\u00e7\u00e3o \u00e9 a principal ferramenta para o desenvolvimento de um pa\u00eds e que todos os formandos s\u00e3o vencedores e que devem continuar em busca da supera\u00e7\u00e3o de novos desafios.<\/p>\n<p><b>Educa\u00e7\u00e3o \u00e9 ato cont\u00ednuo<\/b><\/p>\n<p>O representante da empresa Poliamazon, Nelson Luiz Santos, disse que o processo de educa\u00e7\u00e3o \u00e9 cont\u00ednuo e que os formandos devem continuar se reciclando. De acordo com N\u00e9lson Luiz, o mercado de trabalho \u00e9 muito competitivo e exige profissionais bem qualificados.<\/p>\n<p>Ele elogiou a metodologia empregada pelo SESI, al\u00e9m da dedica\u00e7\u00e3o dos professores e pedagogos no processo de aprendizado dos alunos.<\/p>\n<p><b>Da EJA para a faculdade<\/b><\/p>\n<p>A formanda Ketlen Paula da Silva foi uma das alunas do Ensino M\u00e9dio da EJA aprovada para cursar o ensino superior. Ela cursar direito da Faculdade Metropolitana de Manaus (Fametro). Ketlen disse que o conhecimento adquirido nas salas de aula do SESI foi fundamental para\u00a0 sua aprova\u00e7\u00e3o. Segundo ela, sem o ensinamento dos professores da EJA n\u00e3o teria conseguido atingir seus objetivos, por isso, o SESI tem grande significado em sua vida.<\/p>\n<p>e que devem continuar em busca da supera\u00e7\u00e3o de novos desafios.<\/p>\n","protected":false},"excerpt":{"rendered":"<p>O SESI certificou cerca de 100 alunos da EJA (Educa\u00e7\u00e3o de Jovens e Adultos), em solenidade realizada em 18 de dezembro, no Centro Integrado do Trabalhador Diocl\u00e9cio Corr\u00eaa, no bairro S\u00e3o Jorge, zona Oeste. Foram certificados 44 alunos da Alfabetiza\u00e7\u00e3o e 52 do Ensino M\u00e9dio, matriculados nas unidades de EJA dos bairros S\u00e3o Jos\u00e9, Alvorada [&hellip;]<\/p>\n","protected":false},"author":1,"featured_media":0,"comment_status":"open","ping_status":"open","sticky":false,"template":"","format":"standard","meta":{"footnotes":""},"categories":[25],"tags":[],"class_list":["post-19421","post","type-post","status-publish","format-standard","hentry","category-news"],"yoast_head":"<!-- This site is optimized with the Yoast SEO plugin v28.2 - https:\/\/yoast.com\/product\/yoast-seo-wordpress\/ -->\n<title>SESI forma 100 alunos em EJA - SESI<\/title>\n<meta name=\"robots\" content=\"index, follow, max-snippet:-1, max-image-preview:large, max-video-preview:-1\" \/>\n<link rel=\"canonical\" href=\"https:\/\/fieam.org.br\/sesi\/sesi-forma-100-alunos-em-eja\/\" \/>\n<meta property=\"og:locale\" content=\"pt_BR\" \/>\n<meta property=\"og:type\" content=\"article\" \/>\n<meta property=\"og:title\" content=\"SESI forma 100 alunos em EJA - SESI\" \/>\n<meta property=\"og:description\" content=\"O SESI certificou cerca de 100 alunos da EJA (Educa\u00e7\u00e3o de Jovens e Adultos), em solenidade realizada em 18 de dezembro, no Centro Integrado do Trabalhador Diocl\u00e9cio Corr\u00eaa, no bairro S\u00e3o Jorge, zona Oeste. Foram certificados 44 alunos da Alfabetiza\u00e7\u00e3o e 52 do Ensino M\u00e9dio, matriculados nas unidades de EJA dos bairros S\u00e3o Jos\u00e9, Alvorada [&hellip;]\" \/>\n<meta property=\"og:url\" content=\"https:\/\/fieam.org.br\/sesi\/sesi-forma-100-alunos-em-eja\/\" \/>\n<meta property=\"og:site_name\" content=\"SESI\" \/>\n<meta property=\"article:published_time\" content=\"2014-01-24T13:23:52+00:00\" \/>\n<meta name=\"author\" content=\"Autor\" \/>\n<meta name=\"twitter:card\" content=\"summary_large_image\" \/>\n<meta name=\"twitter:label1\" content=\"Escrito por\" \/>\n\t<meta name=\"twitter:data1\" content=\"Autor\" \/>\n\t<meta name=\"twitter:label2\" content=\"Est. tempo de leitura\" \/>\n\t<meta name=\"twitter:data2\" content=\"2 minutos\" \/>\n<script type=\"application\/ld+json\" class=\"yoast-schema-graph\">{\"@context\":\"https:\\\/\\\/schema.org\",\"@graph\":[{\"@type\":\"Article\",\"@id\":\"https:\\\/\\\/fieam.org.br\\\/sesi\\\/sesi-forma-100-alunos-em-eja\\\/#article\",\"isPartOf\":{\"@id\":\"https:\\\/\\\/fieam.org.br\\\/sesi\\\/sesi-forma-100-alunos-em-eja\\\/\"},\"author\":{\"name\":\"Autor\",\"@id\":\"https:\\\/\\\/fieam.org.br\\\/sesi\\\/#\\\/schema\\\/person\\\/f54998dd14d5f0695b41444f2b01c31e\"},\"headline\":\"SESI forma 100 alunos em EJA\",\"datePublished\":\"2014-01-24T13:23:52+00:00\",\"mainEntityOfPage\":{\"@id\":\"https:\\\/\\\/fieam.org.br\\\/sesi\\\/sesi-forma-100-alunos-em-eja\\\/\"},\"wordCount\":476,\"commentCount\":0,\"publisher\":{\"@id\":\"https:\\\/\\\/fieam.org.br\\\/sesi\\\/#organization\"},\"image\":{\"@id\":\"https:\\\/\\\/fieam.org.br\\\/sesi\\\/sesi-forma-100-alunos-em-eja\\\/#primaryimage\"},\"thumbnailUrl\":\"https:\\\/\\\/marketingmassivo.com.br\\\/sesi\\\/wp-content\\\/uploads\\\/sites\\\/12\\\/2014\\\/01\\\/cem-alunos-certificados-pelo-SESI.jpg\",\"articleSection\":[\"News\"],\"inLanguage\":\"pt-BR\",\"potentialAction\":[{\"@type\":\"CommentAction\",\"name\":\"Comment\",\"target\":[\"https:\\\/\\\/fieam.org.br\\\/sesi\\\/sesi-forma-100-alunos-em-eja\\\/#respond\"]}]},{\"@type\":\"WebPage\",\"@id\":\"https:\\\/\\\/fieam.org.br\\\/sesi\\\/sesi-forma-100-alunos-em-eja\\\/\",\"url\":\"https:\\\/\\\/fieam.org.br\\\/sesi\\\/sesi-forma-100-alunos-em-eja\\\/\",\"name\":\"SESI forma 100 alunos em EJA - SESI\",\"isPartOf\":{\"@id\":\"https:\\\/\\\/fieam.org.br\\\/sesi\\\/#website\"},\"primaryImageOfPage\":{\"@id\":\"https:\\\/\\\/fieam.org.br\\\/sesi\\\/sesi-forma-100-alunos-em-eja\\\/#primaryimage\"},\"image\":{\"@id\":\"https:\\\/\\\/fieam.org.br\\\/sesi\\\/sesi-forma-100-alunos-em-eja\\\/#primaryimage\"},\"thumbnailUrl\":\"https:\\\/\\\/marketingmassivo.com.br\\\/sesi\\\/wp-content\\\/uploads\\\/sites\\\/12\\\/2014\\\/01\\\/cem-alunos-certificados-pelo-SESI.jpg\",\"datePublished\":\"2014-01-24T13:23:52+00:00\",\"breadcrumb\":{\"@id\":\"https:\\\/\\\/fieam.org.br\\\/sesi\\\/sesi-forma-100-alunos-em-eja\\\/#breadcrumb\"},\"inLanguage\":\"pt-BR\",\"potentialAction\":[{\"@type\":\"ReadAction\",\"target\":[\"https:\\\/\\\/fieam.org.br\\\/sesi\\\/sesi-forma-100-alunos-em-eja\\\/\"]}]},{\"@type\":\"ImageObject\",\"inLanguage\":\"pt-BR\",\"@id\":\"https:\\\/\\\/fieam.org.br\\\/sesi\\\/sesi-forma-100-alunos-em-eja\\\/#primaryimage\",\"url\":\"https:\\\/\\\/marketingmassivo.com.br\\\/sesi\\\/wp-content\\\/uploads\\\/sites\\\/12\\\/2014\\\/01\\\/cem-alunos-certificados-pelo-SESI.jpg\",\"contentUrl\":\"https:\\\/\\\/marketingmassivo.com.br\\\/sesi\\\/wp-content\\\/uploads\\\/sites\\\/12\\\/2014\\\/01\\\/cem-alunos-certificados-pelo-SESI.jpg\"},{\"@type\":\"BreadcrumbList\",\"@id\":\"https:\\\/\\\/fieam.org.br\\\/sesi\\\/sesi-forma-100-alunos-em-eja\\\/#breadcrumb\",\"itemListElement\":[{\"@type\":\"ListItem\",\"position\":1,\"name\":\"In\u00edcio\",\"item\":\"https:\\\/\\\/fieam.org.br\\\/sesi\\\/\"},{\"@type\":\"ListItem\",\"position\":2,\"name\":\"SESI forma 100 alunos em EJA\"}]},{\"@type\":\"WebSite\",\"@id\":\"https:\\\/\\\/fieam.org.br\\\/sesi\\\/#website\",\"url\":\"https:\\\/\\\/fieam.org.br\\\/sesi\\\/\",\"name\":\"SESI\",\"description\":\"Site Oficial!\",\"publisher\":{\"@id\":\"https:\\\/\\\/fieam.org.br\\\/sesi\\\/#organization\"},\"potentialAction\":[{\"@type\":\"SearchAction\",\"target\":{\"@type\":\"EntryPoint\",\"urlTemplate\":\"https:\\\/\\\/fieam.org.br\\\/sesi\\\/?s={search_term_string}\"},\"query-input\":{\"@type\":\"PropertyValueSpecification\",\"valueRequired\":true,\"valueName\":\"search_term_string\"}}],\"inLanguage\":\"pt-BR\"},{\"@type\":\"Organization\",\"@id\":\"https:\\\/\\\/fieam.org.br\\\/sesi\\\/#organization\",\"name\":\"SESI\",\"url\":\"https:\\\/\\\/fieam.org.br\\\/sesi\\\/\",\"logo\":{\"@type\":\"ImageObject\",\"inLanguage\":\"pt-BR\",\"@id\":\"https:\\\/\\\/fieam.org.br\\\/sesi\\\/#\\\/schema\\\/logo\\\/image\\\/\",\"url\":\"https:\\\/\\\/fieam.org.br\\\/sesi\\\/wp-content\\\/uploads\\\/sites\\\/14\\\/2024\\\/03\\\/cropped-fav.png\",\"contentUrl\":\"https:\\\/\\\/fieam.org.br\\\/sesi\\\/wp-content\\\/uploads\\\/sites\\\/14\\\/2024\\\/03\\\/cropped-fav.png\",\"width\":610,\"height\":589,\"caption\":\"SESI\"},\"image\":{\"@id\":\"https:\\\/\\\/fieam.org.br\\\/sesi\\\/#\\\/schema\\\/logo\\\/image\\\/\"}},{\"@type\":\"Person\",\"@id\":\"https:\\\/\\\/fieam.org.br\\\/sesi\\\/#\\\/schema\\\/person\\\/f54998dd14d5f0695b41444f2b01c31e\",\"name\":\"Autor\",\"image\":{\"@type\":\"ImageObject\",\"inLanguage\":\"pt-BR\",\"@id\":\"https:\\\/\\\/secure.gravatar.com\\\/avatar\\\/3732c223e0e1fad69062a8f770955c9068d37b055204f310a0be18d4069fe380?s=96&d=mm&r=g\",\"url\":\"https:\\\/\\\/secure.gravatar.com\\\/avatar\\\/3732c223e0e1fad69062a8f770955c9068d37b055204f310a0be18d4069fe380?s=96&d=mm&r=g\",\"contentUrl\":\"https:\\\/\\\/secure.gravatar.com\\\/avatar\\\/3732c223e0e1fad69062a8f770955c9068d37b055204f310a0be18d4069fe380?s=96&d=mm&r=g\",\"caption\":\"Autor\"},\"sameAs\":[\"https:\\\/\\\/marketingmassivo.com.br\"],\"url\":\"https:\\\/\\\/fieam.org.br\\\/sesi\\\/author\\\/admin\\\/\"}]}<\/script>\n<!-- \/ Yoast SEO plugin. -->","yoast_head_json":{"title":"SESI forma 100 alunos em EJA - SESI","robots":{"index":"index","follow":"follow","max-snippet":"max-snippet:-1","max-image-preview":"max-image-preview:large","max-video-preview":"max-video-preview:-1"},"canonical":"https:\/\/fieam.org.br\/sesi\/sesi-forma-100-alunos-em-eja\/","og_locale":"pt_BR","og_type":"article","og_title":"SESI forma 100 alunos em EJA - SESI","og_description":"O SESI certificou cerca de 100 alunos da EJA (Educa\u00e7\u00e3o de Jovens e Adultos), em solenidade realizada em 18 de dezembro, no Centro Integrado do Trabalhador Diocl\u00e9cio Corr\u00eaa, no bairro S\u00e3o Jorge, zona Oeste. Foram certificados 44 alunos da Alfabetiza\u00e7\u00e3o e 52 do Ensino M\u00e9dio, matriculados nas unidades de EJA dos bairros S\u00e3o Jos\u00e9, Alvorada [&hellip;]","og_url":"https:\/\/fieam.org.br\/sesi\/sesi-forma-100-alunos-em-eja\/","og_site_name":"SESI","article_published_time":"2014-01-24T13:23:52+00:00","author":"Autor","twitter_card":"summary_large_image","twitter_misc":{"Escrito por":"Autor","Est. tempo de leitura":"2 minutos"},"schema":{"@context":"https:\/\/schema.org","@graph":[{"@type":"Article","@id":"https:\/\/fieam.org.br\/sesi\/sesi-forma-100-alunos-em-eja\/#article","isPartOf":{"@id":"https:\/\/fieam.org.br\/sesi\/sesi-forma-100-alunos-em-eja\/"},"author":{"name":"Autor","@id":"https:\/\/fieam.org.br\/sesi\/#\/schema\/person\/f54998dd14d5f0695b41444f2b01c31e"},"headline":"SESI forma 100 alunos em EJA","datePublished":"2014-01-24T13:23:52+00:00","mainEntityOfPage":{"@id":"https:\/\/fieam.org.br\/sesi\/sesi-forma-100-alunos-em-eja\/"},"wordCount":476,"commentCount":0,"publisher":{"@id":"https:\/\/fieam.org.br\/sesi\/#organization"},"image":{"@id":"https:\/\/fieam.org.br\/sesi\/sesi-forma-100-alunos-em-eja\/#primaryimage"},"thumbnailUrl":"https:\/\/marketingmassivo.com.br\/sesi\/wp-content\/uploads\/sites\/12\/2014\/01\/cem-alunos-certificados-pelo-SESI.jpg","articleSection":["News"],"inLanguage":"pt-BR","potentialAction":[{"@type":"CommentAction","name":"Comment","target":["https:\/\/fieam.org.br\/sesi\/sesi-forma-100-alunos-em-eja\/#respond"]}]},{"@type":"WebPage","@id":"https:\/\/fieam.org.br\/sesi\/sesi-forma-100-alunos-em-eja\/","url":"https:\/\/fieam.org.br\/sesi\/sesi-forma-100-alunos-em-eja\/","name":"SESI forma 100 alunos em EJA - SESI","isPartOf":{"@id":"https:\/\/fieam.org.br\/sesi\/#website"},"primaryImageOfPage":{"@id":"https:\/\/fieam.org.br\/sesi\/sesi-forma-100-alunos-em-eja\/#primaryimage"},"image":{"@id":"https:\/\/fieam.org.br\/sesi\/sesi-forma-100-alunos-em-eja\/#primaryimage"},"thumbnailUrl":"https:\/\/marketingmassivo.com.br\/sesi\/wp-content\/uploads\/sites\/12\/2014\/01\/cem-alunos-certificados-pelo-SESI.jpg","datePublished":"2014-01-24T13:23:52+00:00","breadcrumb":{"@id":"https:\/\/fieam.org.br\/sesi\/sesi-forma-100-alunos-em-eja\/#breadcrumb"},"inLanguage":"pt-BR","potentialAction":[{"@type":"ReadAction","target":["https:\/\/fieam.org.br\/sesi\/sesi-forma-100-alunos-em-eja\/"]}]},{"@type":"ImageObject","inLanguage":"pt-BR","@id":"https:\/\/fieam.org.br\/sesi\/sesi-forma-100-alunos-em-eja\/#primaryimage","url":"https:\/\/marketingmassivo.com.br\/sesi\/wp-content\/uploads\/sites\/12\/2014\/01\/cem-alunos-certificados-pelo-SESI.jpg","contentUrl":"https:\/\/marketingmassivo.com.br\/sesi\/wp-content\/uploads\/sites\/12\/2014\/01\/cem-alunos-certificados-pelo-SESI.jpg"},{"@type":"BreadcrumbList","@id":"https:\/\/fieam.org.br\/sesi\/sesi-forma-100-alunos-em-eja\/#breadcrumb","itemListElement":[{"@type":"ListItem","position":1,"name":"In\u00edcio","item":"https:\/\/fieam.org.br\/sesi\/"},{"@type":"ListItem","position":2,"name":"SESI forma 100 alunos em EJA"}]},{"@type":"WebSite","@id":"https:\/\/fieam.org.br\/sesi\/#website","url":"https:\/\/fieam.org.br\/sesi\/","name":"SESI","description":"Site Oficial!","publisher":{"@id":"https:\/\/fieam.org.br\/sesi\/#organization"},"potentialAction":[{"@type":"SearchAction","target":{"@type":"EntryPoint","urlTemplate":"https:\/\/fieam.org.br\/sesi\/?s={search_term_string}"},"query-input":{"@type":"PropertyValueSpecification","valueRequired":true,"valueName":"search_term_string"}}],"inLanguage":"pt-BR"},{"@type":"Organization","@id":"https:\/\/fieam.org.br\/sesi\/#organization","name":"SESI","url":"https:\/\/fieam.org.br\/sesi\/","logo":{"@type":"ImageObject","inLanguage":"pt-BR","@id":"https:\/\/fieam.org.br\/sesi\/#\/schema\/logo\/image\/","url":"https:\/\/fieam.org.br\/sesi\/wp-content\/uploads\/sites\/14\/2024\/03\/cropped-fav.png","contentUrl":"https:\/\/fieam.org.br\/sesi\/wp-content\/uploads\/sites\/14\/2024\/03\/cropped-fav.png","width":610,"height":589,"caption":"SESI"},"image":{"@id":"https:\/\/fieam.org.br\/sesi\/#\/schema\/logo\/image\/"}},{"@type":"Person","@id":"https:\/\/fieam.org.br\/sesi\/#\/schema\/person\/f54998dd14d5f0695b41444f2b01c31e","name":"Autor","image":{"@type":"ImageObject","inLanguage":"pt-BR","@id":"https:\/\/secure.gravatar.com\/avatar\/3732c223e0e1fad69062a8f770955c9068d37b055204f310a0be18d4069fe380?s=96&d=mm&r=g","url":"https:\/\/secure.gravatar.com\/avatar\/3732c223e0e1fad69062a8f770955c9068d37b055204f310a0be18d4069fe380?s=96&d=mm&r=g","contentUrl":"https:\/\/secure.gravatar.com\/avatar\/3732c223e0e1fad69062a8f770955c9068d37b055204f310a0be18d4069fe380?s=96&d=mm&r=g","caption":"Autor"},"sameAs":["https:\/\/marketingmassivo.com.br"],"url":"https:\/\/fieam.org.br\/sesi\/author\/admin\/"}]}},"_links":{"self":[{"href":"https:\/\/fieam.org.br\/sesi\/wp-json\/wp\/v2\/posts\/19421","targetHints":{"allow":["GET"]}}],"collection":[{"href":"https:\/\/fieam.org.br\/sesi\/wp-json\/wp\/v2\/posts"}],"about":[{"href":"https:\/\/fieam.org.br\/sesi\/wp-json\/wp\/v2\/types\/post"}],"author":[{"embeddable":true,"href":"https:\/\/fieam.org.br\/sesi\/wp-json\/wp\/v2\/users\/1"}],"replies":[{"embeddable":true,"href":"https:\/\/fieam.org.br\/sesi\/wp-json\/wp\/v2\/comments?post=19421"}],"version-history":[{"count":0,"href":"https:\/\/fieam.org.br\/sesi\/wp-json\/wp\/v2\/posts\/19421\/revisions"}],"wp:attachment":[{"href":"https:\/\/fieam.org.br\/sesi\/wp-json\/wp\/v2\/media?parent=19421"}],"wp:term":[{"taxonomy":"category","embeddable":true,"href":"https:\/\/fieam.org.br\/sesi\/wp-json\/wp\/v2\/categories?post=19421"},{"taxonomy":"post_tag","embeddable":true,"href":"https:\/\/fieam.org.br\/sesi\/wp-json\/wp\/v2\/tags?post=19421"}],"curies":[{"name":"wp","href":"https:\/\/api.w.org\/{rel}","templated":true}]}}