{"id":19418,"date":"2014-01-17T20:53:03","date_gmt":"2014-01-17T20:53:03","guid":{"rendered":"http:\/\/www.fieam.org.br\/site\/sesi\/?p=5071"},"modified":"2014-01-17T20:53:03","modified_gmt":"2014-01-17T20:53:03","slug":"copa-de-futsal-vai-agitar-clube-do-trabalhador","status":"publish","type":"post","link":"https:\/\/fieam.org.br\/sesi\/copa-de-futsal-vai-agitar-clube-do-trabalhador\/","title":{"rendered":"Copa de Futsal vai agitar Clube do Trabalhador"},"content":{"rendered":"<p><span style=\"font-size: 13px;line-height: 19px\">Com apoio do\u00a0<\/span><a style=\"font-size: 13px;line-height: 19px\" href=\"http:\/\/www.fieam.org.br\/site\/sesi\" target=\"_blank\" rel=\"noopener\">Servi\u00e7o Social da Ind\u00fastria (SESI)<\/a><span style=\"font-size: 13px;line-height: 19px\">, a Rede Amaz\u00f4nica de R\u00e1dio e Televis\u00e3o promove, de 5 de fevereiro a 5 de abril, no Clube do Trabalhador do Amazonas, a 16\u00aa Copa TV Amazonas de Futsal. As inscri\u00e7\u00f5es se encerram no pr\u00f3ximo dia 30 e devem ser feitas na sede da emissora, depois do preenchimento do cadastro no site\u00a0<\/span><a style=\"font-size: 13px;line-height: 19px\" href=\"http:\/\/www.globoesporte.com\/am\/futsal\" target=\"_blank\" rel=\"noopener\">www.globoesporte.com\/am\/futsal<\/a><span style=\"font-size: 13px;line-height: 19px\">.<\/span><\/p>\n<p>Este ano, a Copa de Futsal ter\u00e1 a participa\u00e7\u00e3o de 244 associa\u00e7\u00f5es esportivas, sendo 212 no masculino e 32 no feminino. Os jogos ser\u00e3o realizados nos gin\u00e1sios poliesportivos do SESI, no Clube do Trabalhador do Amazonas, de segunda a sexta, das 19h \u00e0s 23h, no s\u00e1bado, das 17h \u00e0s 20h, e no domingo, das \u00a08h \u00e0s 12h.<\/p>\n<p>A premia\u00e7\u00e3o total que ser\u00e1 paga aos primeiros colocados soma R$ 29 mil. O 1\u00ba colocado no masculino receber\u00e1 a import\u00e2ncia de R$ 11.00,00 enquanto que a equipe campe\u00e3 no feminino receber\u00e1 R$ 4.400,00. As equipes classificadas em 2\u00ba e 3\u00ba lugares, tanto no masculino como no feminino, tamb\u00e9m\u00a0 receber\u00e3o pr\u00eamios em dinheiro.<\/p>\n<p>De acordo com o regulamento da Copa de Futsal, cada equipe poder\u00e1 inscrever at\u00e9 15 atletas, sendo que menores de 18 anos ter\u00e3o que apresentar autoriza\u00e7\u00e3o dos respons\u00e1veis. A equipe feminina da empresa Salcomp, que venceu os Jogos Estaduais do SESI de 2013, e foi a vencedora da \u00faltima edi\u00e7\u00e3o da Copa TV Amazonas de Futsal, \u00e9 uma das participantes j\u00e1 confirmadas na competi\u00e7\u00e3o.<\/p>\n<p>Para participar, as equipes interessadas dever\u00e3o preencher cadastro no site\u00a0<a href=\"http:\/\/www.globoesporte.com\/am\/futsal\" target=\"_blank\" rel=\"noopener\">www.globoesporte.com\/am\/futsal<\/a>\u00a0e logo ap\u00f3s confirmar a inscri\u00e7\u00e3o na TV Amazonas, na Avenida Andr\u00e9 Ara\u00fajo, bairro Aleixo, zona Centro-Sul, de segunda a sexta, no hor\u00e1rio das 8h \u00e0s 12h, e no s\u00e1bado, das 9h \u00e0s 12h.<\/p>\n<p><strong>[nggallery id=221]<\/strong><\/p>\n","protected":false},"excerpt":{"rendered":"<p>Com apoio do\u00a0Servi\u00e7o Social da Ind\u00fastria (SESI), a Rede Amaz\u00f4nica de R\u00e1dio e Televis\u00e3o promove, de 5 de fevereiro a 5 de abril, no Clube do Trabalhador do Amazonas, a 16\u00aa Copa TV Amazonas de Futsal. As inscri\u00e7\u00f5es se encerram no pr\u00f3ximo dia 30 e devem ser feitas na sede da emissora, depois do preenchimento [&hellip;]<\/p>\n","protected":false},"author":1,"featured_media":0,"comment_status":"open","ping_status":"open","sticky":false,"template":"","format":"standard","meta":{"footnotes":""},"categories":[25],"tags":[],"class_list":["post-19418","post","type-post","status-publish","format-standard","hentry","category-news"],"yoast_head":"<!-- This site is optimized with the Yoast SEO plugin v28.2 - https:\/\/yoast.com\/product\/yoast-seo-wordpress\/ -->\n<title>Copa de Futsal vai agitar Clube do Trabalhador - SESI<\/title>\n<meta name=\"robots\" content=\"index, follow, max-snippet:-1, max-image-preview:large, max-video-preview:-1\" \/>\n<link rel=\"canonical\" href=\"https:\/\/fieam.org.br\/sesi\/copa-de-futsal-vai-agitar-clube-do-trabalhador\/\" \/>\n<meta property=\"og:locale\" content=\"pt_BR\" \/>\n<meta property=\"og:type\" content=\"article\" \/>\n<meta property=\"og:title\" content=\"Copa de Futsal vai agitar Clube do Trabalhador - SESI\" \/>\n<meta property=\"og:description\" content=\"Com apoio do\u00a0Servi\u00e7o Social da Ind\u00fastria (SESI), a Rede Amaz\u00f4nica de R\u00e1dio e Televis\u00e3o promove, de 5 de fevereiro a 5 de abril, no Clube do Trabalhador do Amazonas, a 16\u00aa Copa TV Amazonas de Futsal. As inscri\u00e7\u00f5es se encerram no pr\u00f3ximo dia 30 e devem ser feitas na sede da emissora, depois do preenchimento [&hellip;]\" \/>\n<meta property=\"og:url\" content=\"https:\/\/fieam.org.br\/sesi\/copa-de-futsal-vai-agitar-clube-do-trabalhador\/\" \/>\n<meta property=\"og:site_name\" content=\"SESI\" \/>\n<meta property=\"article:published_time\" content=\"2014-01-17T20:53:03+00:00\" \/>\n<meta name=\"author\" content=\"Autor\" \/>\n<meta name=\"twitter:card\" content=\"summary_large_image\" \/>\n<meta name=\"twitter:label1\" content=\"Escrito por\" \/>\n\t<meta name=\"twitter:data1\" content=\"Autor\" \/>\n\t<meta name=\"twitter:label2\" content=\"Est. tempo de leitura\" \/>\n\t<meta name=\"twitter:data2\" content=\"2 minutos\" \/>\n<script type=\"application\/ld+json\" class=\"yoast-schema-graph\">{\"@context\":\"https:\\\/\\\/schema.org\",\"@graph\":[{\"@type\":\"Article\",\"@id\":\"https:\\\/\\\/fieam.org.br\\\/sesi\\\/copa-de-futsal-vai-agitar-clube-do-trabalhador\\\/#article\",\"isPartOf\":{\"@id\":\"https:\\\/\\\/fieam.org.br\\\/sesi\\\/copa-de-futsal-vai-agitar-clube-do-trabalhador\\\/\"},\"author\":{\"name\":\"Autor\",\"@id\":\"https:\\\/\\\/fieam.org.br\\\/sesi\\\/#\\\/schema\\\/person\\\/f54998dd14d5f0695b41444f2b01c31e\"},\"headline\":\"Copa de Futsal vai agitar Clube do Trabalhador\",\"datePublished\":\"2014-01-17T20:53:03+00:00\",\"mainEntityOfPage\":{\"@id\":\"https:\\\/\\\/fieam.org.br\\\/sesi\\\/copa-de-futsal-vai-agitar-clube-do-trabalhador\\\/\"},\"wordCount\":309,\"commentCount\":0,\"publisher\":{\"@id\":\"https:\\\/\\\/fieam.org.br\\\/sesi\\\/#organization\"},\"articleSection\":[\"News\"],\"inLanguage\":\"pt-BR\",\"potentialAction\":[{\"@type\":\"CommentAction\",\"name\":\"Comment\",\"target\":[\"https:\\\/\\\/fieam.org.br\\\/sesi\\\/copa-de-futsal-vai-agitar-clube-do-trabalhador\\\/#respond\"]}]},{\"@type\":\"WebPage\",\"@id\":\"https:\\\/\\\/fieam.org.br\\\/sesi\\\/copa-de-futsal-vai-agitar-clube-do-trabalhador\\\/\",\"url\":\"https:\\\/\\\/fieam.org.br\\\/sesi\\\/copa-de-futsal-vai-agitar-clube-do-trabalhador\\\/\",\"name\":\"Copa de Futsal vai agitar Clube do Trabalhador - SESI\",\"isPartOf\":{\"@id\":\"https:\\\/\\\/fieam.org.br\\\/sesi\\\/#website\"},\"datePublished\":\"2014-01-17T20:53:03+00:00\",\"breadcrumb\":{\"@id\":\"https:\\\/\\\/fieam.org.br\\\/sesi\\\/copa-de-futsal-vai-agitar-clube-do-trabalhador\\\/#breadcrumb\"},\"inLanguage\":\"pt-BR\",\"potentialAction\":[{\"@type\":\"ReadAction\",\"target\":[\"https:\\\/\\\/fieam.org.br\\\/sesi\\\/copa-de-futsal-vai-agitar-clube-do-trabalhador\\\/\"]}]},{\"@type\":\"BreadcrumbList\",\"@id\":\"https:\\\/\\\/fieam.org.br\\\/sesi\\\/copa-de-futsal-vai-agitar-clube-do-trabalhador\\\/#breadcrumb\",\"itemListElement\":[{\"@type\":\"ListItem\",\"position\":1,\"name\":\"In\u00edcio\",\"item\":\"https:\\\/\\\/fieam.org.br\\\/sesi\\\/\"},{\"@type\":\"ListItem\",\"position\":2,\"name\":\"Copa de Futsal vai agitar Clube do Trabalhador\"}]},{\"@type\":\"WebSite\",\"@id\":\"https:\\\/\\\/fieam.org.br\\\/sesi\\\/#website\",\"url\":\"https:\\\/\\\/fieam.org.br\\\/sesi\\\/\",\"name\":\"SESI\",\"description\":\"Site Oficial!\",\"publisher\":{\"@id\":\"https:\\\/\\\/fieam.org.br\\\/sesi\\\/#organization\"},\"potentialAction\":[{\"@type\":\"SearchAction\",\"target\":{\"@type\":\"EntryPoint\",\"urlTemplate\":\"https:\\\/\\\/fieam.org.br\\\/sesi\\\/?s={search_term_string}\"},\"query-input\":{\"@type\":\"PropertyValueSpecification\",\"valueRequired\":true,\"valueName\":\"search_term_string\"}}],\"inLanguage\":\"pt-BR\"},{\"@type\":\"Organization\",\"@id\":\"https:\\\/\\\/fieam.org.br\\\/sesi\\\/#organization\",\"name\":\"SESI\",\"url\":\"https:\\\/\\\/fieam.org.br\\\/sesi\\\/\",\"logo\":{\"@type\":\"ImageObject\",\"inLanguage\":\"pt-BR\",\"@id\":\"https:\\\/\\\/fieam.org.br\\\/sesi\\\/#\\\/schema\\\/logo\\\/image\\\/\",\"url\":\"https:\\\/\\\/fieam.org.br\\\/sesi\\\/wp-content\\\/uploads\\\/sites\\\/14\\\/2024\\\/03\\\/cropped-fav.png\",\"contentUrl\":\"https:\\\/\\\/fieam.org.br\\\/sesi\\\/wp-content\\\/uploads\\\/sites\\\/14\\\/2024\\\/03\\\/cropped-fav.png\",\"width\":610,\"height\":589,\"caption\":\"SESI\"},\"image\":{\"@id\":\"https:\\\/\\\/fieam.org.br\\\/sesi\\\/#\\\/schema\\\/logo\\\/image\\\/\"}},{\"@type\":\"Person\",\"@id\":\"https:\\\/\\\/fieam.org.br\\\/sesi\\\/#\\\/schema\\\/person\\\/f54998dd14d5f0695b41444f2b01c31e\",\"name\":\"Autor\",\"image\":{\"@type\":\"ImageObject\",\"inLanguage\":\"pt-BR\",\"@id\":\"https:\\\/\\\/secure.gravatar.com\\\/avatar\\\/3732c223e0e1fad69062a8f770955c9068d37b055204f310a0be18d4069fe380?s=96&d=mm&r=g\",\"url\":\"https:\\\/\\\/secure.gravatar.com\\\/avatar\\\/3732c223e0e1fad69062a8f770955c9068d37b055204f310a0be18d4069fe380?s=96&d=mm&r=g\",\"contentUrl\":\"https:\\\/\\\/secure.gravatar.com\\\/avatar\\\/3732c223e0e1fad69062a8f770955c9068d37b055204f310a0be18d4069fe380?s=96&d=mm&r=g\",\"caption\":\"Autor\"},\"sameAs\":[\"https:\\\/\\\/marketingmassivo.com.br\"],\"url\":\"https:\\\/\\\/fieam.org.br\\\/sesi\\\/author\\\/admin\\\/\"}]}<\/script>\n<!-- \/ Yoast SEO plugin. -->","yoast_head_json":{"title":"Copa de Futsal vai agitar Clube do Trabalhador - SESI","robots":{"index":"index","follow":"follow","max-snippet":"max-snippet:-1","max-image-preview":"max-image-preview:large","max-video-preview":"max-video-preview:-1"},"canonical":"https:\/\/fieam.org.br\/sesi\/copa-de-futsal-vai-agitar-clube-do-trabalhador\/","og_locale":"pt_BR","og_type":"article","og_title":"Copa de Futsal vai agitar Clube do Trabalhador - SESI","og_description":"Com apoio do\u00a0Servi\u00e7o Social da Ind\u00fastria (SESI), a Rede Amaz\u00f4nica de R\u00e1dio e Televis\u00e3o promove, de 5 de fevereiro a 5 de abril, no Clube do Trabalhador do Amazonas, a 16\u00aa Copa TV Amazonas de Futsal. As inscri\u00e7\u00f5es se encerram no pr\u00f3ximo dia 30 e devem ser feitas na sede da emissora, depois do preenchimento [&hellip;]","og_url":"https:\/\/fieam.org.br\/sesi\/copa-de-futsal-vai-agitar-clube-do-trabalhador\/","og_site_name":"SESI","article_published_time":"2014-01-17T20:53:03+00:00","author":"Autor","twitter_card":"summary_large_image","twitter_misc":{"Escrito por":"Autor","Est. tempo de leitura":"2 minutos"},"schema":{"@context":"https:\/\/schema.org","@graph":[{"@type":"Article","@id":"https:\/\/fieam.org.br\/sesi\/copa-de-futsal-vai-agitar-clube-do-trabalhador\/#article","isPartOf":{"@id":"https:\/\/fieam.org.br\/sesi\/copa-de-futsal-vai-agitar-clube-do-trabalhador\/"},"author":{"name":"Autor","@id":"https:\/\/fieam.org.br\/sesi\/#\/schema\/person\/f54998dd14d5f0695b41444f2b01c31e"},"headline":"Copa de Futsal vai agitar Clube do Trabalhador","datePublished":"2014-01-17T20:53:03+00:00","mainEntityOfPage":{"@id":"https:\/\/fieam.org.br\/sesi\/copa-de-futsal-vai-agitar-clube-do-trabalhador\/"},"wordCount":309,"commentCount":0,"publisher":{"@id":"https:\/\/fieam.org.br\/sesi\/#organization"},"articleSection":["News"],"inLanguage":"pt-BR","potentialAction":[{"@type":"CommentAction","name":"Comment","target":["https:\/\/fieam.org.br\/sesi\/copa-de-futsal-vai-agitar-clube-do-trabalhador\/#respond"]}]},{"@type":"WebPage","@id":"https:\/\/fieam.org.br\/sesi\/copa-de-futsal-vai-agitar-clube-do-trabalhador\/","url":"https:\/\/fieam.org.br\/sesi\/copa-de-futsal-vai-agitar-clube-do-trabalhador\/","name":"Copa de Futsal vai agitar Clube do Trabalhador - SESI","isPartOf":{"@id":"https:\/\/fieam.org.br\/sesi\/#website"},"datePublished":"2014-01-17T20:53:03+00:00","breadcrumb":{"@id":"https:\/\/fieam.org.br\/sesi\/copa-de-futsal-vai-agitar-clube-do-trabalhador\/#breadcrumb"},"inLanguage":"pt-BR","potentialAction":[{"@type":"ReadAction","target":["https:\/\/fieam.org.br\/sesi\/copa-de-futsal-vai-agitar-clube-do-trabalhador\/"]}]},{"@type":"BreadcrumbList","@id":"https:\/\/fieam.org.br\/sesi\/copa-de-futsal-vai-agitar-clube-do-trabalhador\/#breadcrumb","itemListElement":[{"@type":"ListItem","position":1,"name":"In\u00edcio","item":"https:\/\/fieam.org.br\/sesi\/"},{"@type":"ListItem","position":2,"name":"Copa de Futsal vai agitar Clube do Trabalhador"}]},{"@type":"WebSite","@id":"https:\/\/fieam.org.br\/sesi\/#website","url":"https:\/\/fieam.org.br\/sesi\/","name":"SESI","description":"Site Oficial!","publisher":{"@id":"https:\/\/fieam.org.br\/sesi\/#organization"},"potentialAction":[{"@type":"SearchAction","target":{"@type":"EntryPoint","urlTemplate":"https:\/\/fieam.org.br\/sesi\/?s={search_term_string}"},"query-input":{"@type":"PropertyValueSpecification","valueRequired":true,"valueName":"search_term_string"}}],"inLanguage":"pt-BR"},{"@type":"Organization","@id":"https:\/\/fieam.org.br\/sesi\/#organization","name":"SESI","url":"https:\/\/fieam.org.br\/sesi\/","logo":{"@type":"ImageObject","inLanguage":"pt-BR","@id":"https:\/\/fieam.org.br\/sesi\/#\/schema\/logo\/image\/","url":"https:\/\/fieam.org.br\/sesi\/wp-content\/uploads\/sites\/14\/2024\/03\/cropped-fav.png","contentUrl":"https:\/\/fieam.org.br\/sesi\/wp-content\/uploads\/sites\/14\/2024\/03\/cropped-fav.png","width":610,"height":589,"caption":"SESI"},"image":{"@id":"https:\/\/fieam.org.br\/sesi\/#\/schema\/logo\/image\/"}},{"@type":"Person","@id":"https:\/\/fieam.org.br\/sesi\/#\/schema\/person\/f54998dd14d5f0695b41444f2b01c31e","name":"Autor","image":{"@type":"ImageObject","inLanguage":"pt-BR","@id":"https:\/\/secure.gravatar.com\/avatar\/3732c223e0e1fad69062a8f770955c9068d37b055204f310a0be18d4069fe380?s=96&d=mm&r=g","url":"https:\/\/secure.gravatar.com\/avatar\/3732c223e0e1fad69062a8f770955c9068d37b055204f310a0be18d4069fe380?s=96&d=mm&r=g","contentUrl":"https:\/\/secure.gravatar.com\/avatar\/3732c223e0e1fad69062a8f770955c9068d37b055204f310a0be18d4069fe380?s=96&d=mm&r=g","caption":"Autor"},"sameAs":["https:\/\/marketingmassivo.com.br"],"url":"https:\/\/fieam.org.br\/sesi\/author\/admin\/"}]}},"_links":{"self":[{"href":"https:\/\/fieam.org.br\/sesi\/wp-json\/wp\/v2\/posts\/19418","targetHints":{"allow":["GET"]}}],"collection":[{"href":"https:\/\/fieam.org.br\/sesi\/wp-json\/wp\/v2\/posts"}],"about":[{"href":"https:\/\/fieam.org.br\/sesi\/wp-json\/wp\/v2\/types\/post"}],"author":[{"embeddable":true,"href":"https:\/\/fieam.org.br\/sesi\/wp-json\/wp\/v2\/users\/1"}],"replies":[{"embeddable":true,"href":"https:\/\/fieam.org.br\/sesi\/wp-json\/wp\/v2\/comments?post=19418"}],"version-history":[{"count":0,"href":"https:\/\/fieam.org.br\/sesi\/wp-json\/wp\/v2\/posts\/19418\/revisions"}],"wp:attachment":[{"href":"https:\/\/fieam.org.br\/sesi\/wp-json\/wp\/v2\/media?parent=19418"}],"wp:term":[{"taxonomy":"category","embeddable":true,"href":"https:\/\/fieam.org.br\/sesi\/wp-json\/wp\/v2\/categories?post=19418"},{"taxonomy":"post_tag","embeddable":true,"href":"https:\/\/fieam.org.br\/sesi\/wp-json\/wp\/v2\/tags?post=19418"}],"curies":[{"name":"wp","href":"https:\/\/api.w.org\/{rel}","templated":true}]}}