{"id":19414,"date":"2013-12-23T21:46:49","date_gmt":"2013-12-23T21:46:49","guid":{"rendered":"http:\/\/www.fieam.org.br\/site\/sesi\/?p=5019"},"modified":"2013-12-23T21:46:49","modified_gmt":"2013-12-23T21:46:49","slug":"fieam-inaugura-centro-integrado-de-educacao-sesi-senai-em-parintins","status":"publish","type":"post","link":"https:\/\/fieam.org.br\/sesi\/fieam-inaugura-centro-integrado-de-educacao-sesi-senai-em-parintins\/","title":{"rendered":"FIEAM inaugura Centro Integrado  de Educa\u00e7\u00e3o SESI SENAI em Parintins"},"content":{"rendered":"<p style=\"text-align: left\" align=\"center\">O presidente da Federa\u00e7\u00e3o das Ind\u00fastrias do Estado do Amazonas (FIEAM), Antonio Silva, inaugurou hoje (23), em Parintins, o Centro Integrado de Educa\u00e7\u00e3o SESI SENAI Padre Francisco Luppino, complexo de educa\u00e7\u00e3o b\u00e1sica e profissional. O Centro vai funcionar com foco nas diretrizes do projeto Educa\u00e7\u00e3o para o Mundo do Trabalho, lan\u00e7ado pela Confedera\u00e7\u00e3o Nacional da Ind\u00fastria (CNI), no final de outubro.<\/p>\n<p>A proposta \u00e9 elevar a qualidade do ensino convencional e o direcionado \u00e0 empregabilidade da popula\u00e7\u00e3o, visando aumentar a competitividade da ind\u00fastria em todo o pa\u00eds. Alinhado a essa meta, o Sistema FIEAM investe na infraestrutura educacional no interior do Amazonas para que moradores de munic\u00edpios distantes da capital tenham oportunidade de se qualificarem.<\/p>\n<p>A educa\u00e7\u00e3o desenvolvida em Parintins por essa unidade integrada, a partir de 2014, ter\u00e1 \u00e0 frente docentes e instrutores do Servi\u00e7o Social da Ind\u00fastria (SESI Amazonas), com o ensino b\u00e1sico para crian\u00e7as e adultos, e do Servi\u00e7o Nacional de Aprendizagem Industrial (SENAI Amazonas), que dar\u00e1 continuidade ao atendimento j\u00e1 realizado h\u00e1 16 anos no munic\u00edpio.<\/p>\n<p>Na solenidade, autoridades prestigiaram a inaugura\u00e7\u00e3o do Centro Integrado SESI e SENAI de Parintins, dentre elas o governador do Amazonas, Omar Aziz, vice-governador, Jos\u00e9 Melo, deputado federal Silas C\u00e2mara, deputados estaduais Sin\u00e9sio Campos, Orlando Cidade, Tony Medeiros, o presidente do Tribunal Regional do Trabalho, desembargador Davi Melo, conselheiro fiscal da FIEAM, Moyses Israel, prefeito de Parintins, Alexandre da Carbr\u00e1s, prefeito de Presidente Figueiredo, Neilson Cavalcante, e presidentes dos sindicatos patronais da FIEAM, entre outros.<\/p>\n<p>Segundo Omar, a entrega de um complexo de educa\u00e7\u00e3o b\u00e1sica e profissional do Sistema FIEAM aos mun\u00edcipes parintinenses \u00e9 um grande feito da alta diretoria da entidade que \u00e9 dirigida por um empres\u00e1rio que sempre esteve presente em Parintins com seus familiares, incentivando a cultura, o turismo e a economia do munic\u00edpio.<\/p>\n<p>\u201cEssa \u00e9 uma iniciativa da FIEAM para que a popula\u00e7\u00e3o aproveite a voca\u00e7\u00e3o que o munic\u00edpio oferece em sua economia quanto a emprego e renda. Tamb\u00e9m \u00e9 mais um carinho de Antonio Silva \u00e0 cidade e \u00e0 popula\u00e7\u00e3o de Parintins. O que queremos aqui \u00e9 chegar \u00e0 atividade fim e beneficiar a popula\u00e7\u00e3o local, capacitando-a para se tornar mais forte e sustent\u00e1vel. Parab\u00e9ns, Antonio\u201d, disse o governador.<\/p>\n<p>Segundo o presidente da FIEAM, a cidade ganha com a dissemina\u00e7\u00e3o desta educa\u00e7\u00e3o bem-sucedida ministrada pelo SESI e SENAI ao longo de mais de 60 anos, abrindo a oportunidade de ampliar o conhecimento convencional, bem como a educa\u00e7\u00e3o profissional.<\/p>\n<p>\u201cAqui teremos 400 vagas pra educa\u00e7\u00e3o infantil e ensino fundamental, do 1\u00ba ao 5 \u00ba ano, al\u00e9m das 1.300 vagas para cursos profissionalizantes. Tudo para que o povo de Parintins tenha as mesmas oportunidades da capital, onde temos o maior n\u00famero de capacita\u00e7\u00f5es de jovens e adultos pelo SESI e SENAI\u201d, declarou Antonio Silva.<\/p>\n<p>Localizado a 325 quil\u00f4metros de Manaus, o munic\u00edpio de Parintins \u00e9 o 2\u00ba mais populoso do Amazonas, com 103.828 habitantes,\u00a0 de acordo com os dados de 2012 do Instituto Brasileiro de Geografia e Estat\u00edstica (IBGE).<\/p>\n<p>Segundo Antonio Silva, o investimento na amplia\u00e7\u00e3o do ensino\/aprendizagem do Sistema Ind\u00fastria do Amazonas pretende oferecer novas op\u00e7\u00f5es de educa\u00e7\u00e3o, conforme direcionamento da CNI de ampliar o acesso a escolaridade e a qualifica\u00e7\u00e3o de jovens e adultos.<\/p>\n<p>\u201cN\u00e3o h\u00e1 crescimento industrial e econ\u00f4mico sem investimento na educa\u00e7\u00e3o e, vislumbrando o desenvolvimento da cidade de Parintins, o Sistema FIEAM vai inaugurar a nova unidade de educa\u00e7\u00e3o b\u00e1sica do SESI e profissionalizante do SENAI\u201d, diz Silva.<\/p>\n<p>O Centro Integrado de Educa\u00e7\u00e3o SESI SENAI foi constru\u00eddo em \u00e1rea superior a 16 mil metros quadrados, localizado na Estrada Paranapanema. A \u00e1rea constru\u00edda \u00e9 de 4.011 metros quadrados, sendo 1.709 metros quadrados destinados \u00e0 infraestrutura do SESI, e 1.266 metros\u00b2 para o SENAI, al\u00e9m do gin\u00e1sio poliesportivo com mais de 1.200m\u00b2.<\/p>\n<p>&nbsp;<\/p>\n<p><b><i>SENAI<\/i><\/b><\/p>\n<p>H\u00e1 mais de 16 anos, o SENAI desenvolve a forma\u00e7\u00e3o profissional no munic\u00edpio de Parintins, cidade conhecida pela tradi\u00e7\u00e3o folcl\u00f3rica dos bois bumb\u00e1s Caprichoso e Garantido. No decorrer desses anos, a institui\u00e7\u00e3o certificou aproximadamente 10 mil alunos nos segmentos industriais de metalmec\u00e2nica, constru\u00e7\u00e3o civil, refrigera\u00e7\u00e3o, confec\u00e7\u00e3o do vestu\u00e1rio, inform\u00e1tica e alimentos.<\/p>\n<p>Segundo o diretor do SENAI Amazonas, Aldemurpe Barros, a institui\u00e7\u00e3o disseminava aprendizagem em salas da Igreja Cat\u00f3lica do munic\u00edpio, ambientes que eram adaptados para promover a educa\u00e7\u00e3o profissional de acordo com a demanda local.<\/p>\n<p>Nesta sede pr\u00f3pria que entrar\u00e1 em funcionamento a partir de 2014, a institui\u00e7\u00e3o vai dispor de equipamentos e instrumentos que ser\u00e3o utilizados em aulas e laborat\u00f3rios. No pr\u00f3ximo ano, a meta \u00e9 atender 1.300 alunos nos cursos de confeiteiro, pizzaiolo, cortador industrial, costureiro, eletricista, instalador hidr\u00e1ulico, mec\u00e2nico, pintor, soldador, pedreiro, carpinteiro, inform\u00e1tica, entre outros.<\/p>\n<p>Os novos alunos do SENAI v\u00e3o dispor de tr\u00eas salas de aulas, laborat\u00f3rios de inform\u00e1tica, alimentos, costura e um laborat\u00f3rio multiuso para cursos de motores a diesel e de popa, mec\u00e2nico de motocicletas, soldagem, eletricidade residencial, e instalador hidr\u00e1ulico. Al\u00e9m das salas e laborat\u00f3rios, a institui\u00e7\u00e3o disponibilizar\u00e1, tamb\u00e9m, kits did\u00e1ticos para desenvolver cursos em ambientes flex\u00edveis de acordo com a demanda do munic\u00edpio.<\/p>\n<p>O investimento na constru\u00e7\u00e3o e em equipamentos desta unidade foi de R$ 4.393 milh\u00f5es, com previs\u00e3o de custo anual na manuten\u00e7\u00e3o acima de R$ 1,8 milh\u00e3o. De acordo com o engenheiro da construtora respons\u00e1vel pela obra do Sistema FIEAM em Parintins, Eduardo Lopes, a constru\u00e7\u00e3o das escolas segue padr\u00e3o moderno, refer\u00eancia em praticidade da obra, beleza arquitet\u00f4nica e no custo benef\u00edcio do material empregado.<\/p>\n<p>\u201cForam erguidos dois pr\u00e9dios com valor 8% a mais do que uma obra comum, por\u00e9m trar\u00e1 benef\u00edcio \u00e0 institui\u00e7\u00e3o quanto ao custo de manuten\u00e7\u00e3o, com redu\u00e7\u00e3o aproximada de 18% ao ano\u201d, ressalta o engenheiro Eduardo.<\/p>\n<p>&nbsp;<\/p>\n<p><b><i>SESI<\/i><\/b><\/p>\n<p>A escola do SESI vai beneficiar 400 alunos com educa\u00e7\u00e3o infantil e ensino fundamental, do 1\u00ba ao 5\u00ba ano. A gerente de Educa\u00e7\u00e3o Infantil e de Adolescentes do SESI, Rita de C\u00e1ssia, disse que o SESI \u00e9 a primeira institui\u00e7\u00e3o privada a oferecer educa\u00e7\u00e3o b\u00e1sica no munic\u00edpio, acompanhando tamb\u00e9m a diretriz do projeto nacional Educa\u00e7\u00e3o para o Mundo do Trabalho.<\/p>\n<p>\u201c\u00c9 um desafio muito grande em raz\u00e3o do pioneirismo, mas o SESI leva a experi\u00eancia de mais de 40 anos trabalhando com educa\u00e7\u00e3o no Amazonas, al\u00e9m de ser refer\u00eancia em ensino de qualidade na \u00e1rea privada\u201d, destaca Rita.<\/p>\n<p>A gerente do SESI disse que a institui\u00e7\u00e3o cumpre com sua miss\u00e3o de beneficiar o trabalhador da ind\u00fastria, aonde quer que esteja, revelando que ser\u00e3o beneficiados, em Parintins, 215 dependentes de trabalhadores e 185 crian\u00e7as da comunidade.<\/p>\n<p>A unidade ter\u00e1 12 salas de aulas, uma sala de inform\u00e1tica, biblioteca e ludoteca, al\u00e9m das \u00e1reas para docentes, atendimento m\u00e9dico, esporte e de conviv\u00eancia. O investimento na constru\u00e7\u00e3o e mobili\u00e1rios foi de R$ 5.884 milh\u00f5es.<\/p>\n<p>A previs\u00e3o de in\u00edcio do ano letivo na unidade do SESI em Parintins \u00e9 para 3 de fevereiro, nos turnos da manh\u00e3 e tarde. Al\u00e9m das disciplinas convencionais institu\u00eddas pelo Minist\u00e9rio da Educa\u00e7\u00e3o (MEC), a institui\u00e7\u00e3o oferecer\u00e1 tamb\u00e9m aulas de inform\u00e1tica, empreendedorismo e rob\u00f3tica (metodologia utilizada para desenvolver compet\u00eancias e habilidades f\u00edsicas, mentais e l\u00f3gicas).<\/p>\n<p>Na unidade do SESI ser\u00e3o dispon\u00edveis os servi\u00e7os de odontologia, pediatria e psicologia, bem como aulas de educa\u00e7\u00e3o f\u00edsica na quadra poliesportiva.<\/p>\n<p>Rita lembra que o SESI realizou processo seletivo para a contrata\u00e7\u00e3o de 35 professores para atender a demanda educacional de Parintins, tendo o compromisso de ministrar mat\u00e9rias do novo curr\u00edculo escolar que contemplar\u00e1 disciplinas de atualidades, projetos de aprendizagem, oficinas tecnol\u00f3gicas e ci\u00eancias aplicadas que ser\u00e3o trabalhadas dentro de cada uma das outras disciplinas tradicionais, como L\u00edngua Portuguesa, Matem\u00e1tica, Hist\u00f3ria, e Qu\u00edmica.<\/p>\n<p>[nggallery id=220]<\/p>\n","protected":false},"excerpt":{"rendered":"<p>O presidente da Federa\u00e7\u00e3o das Ind\u00fastrias do Estado do Amazonas (FIEAM), Antonio Silva, inaugurou hoje (23), em Parintins, o Centro Integrado de Educa\u00e7\u00e3o SESI SENAI Padre Francisco Luppino, complexo de educa\u00e7\u00e3o b\u00e1sica e profissional. O Centro vai funcionar com foco nas diretrizes do projeto Educa\u00e7\u00e3o para o Mundo do Trabalho, lan\u00e7ado pela Confedera\u00e7\u00e3o Nacional da [&hellip;]<\/p>\n","protected":false},"author":1,"featured_media":0,"comment_status":"open","ping_status":"open","sticky":false,"template":"","format":"standard","meta":{"footnotes":""},"categories":[25],"tags":[],"class_list":["post-19414","post","type-post","status-publish","format-standard","hentry","category-news"],"yoast_head":"<!-- This site is optimized with the Yoast SEO plugin v28.2 - https:\/\/yoast.com\/product\/yoast-seo-wordpress\/ -->\n<title>FIEAM inaugura Centro Integrado de Educa\u00e7\u00e3o SESI SENAI em Parintins - SESI<\/title>\n<meta name=\"robots\" content=\"index, follow, max-snippet:-1, max-image-preview:large, max-video-preview:-1\" \/>\n<link rel=\"canonical\" href=\"https:\/\/fieam.org.br\/sesi\/fieam-inaugura-centro-integrado-de-educacao-sesi-senai-em-parintins\/\" \/>\n<meta property=\"og:locale\" content=\"pt_BR\" \/>\n<meta property=\"og:type\" content=\"article\" \/>\n<meta property=\"og:title\" content=\"FIEAM inaugura Centro Integrado de Educa\u00e7\u00e3o SESI SENAI em Parintins - SESI\" \/>\n<meta property=\"og:description\" content=\"O presidente da Federa\u00e7\u00e3o das Ind\u00fastrias do Estado do Amazonas (FIEAM), Antonio Silva, inaugurou hoje (23), em Parintins, o Centro Integrado de Educa\u00e7\u00e3o SESI SENAI Padre Francisco Luppino, complexo de educa\u00e7\u00e3o b\u00e1sica e profissional. O Centro vai funcionar com foco nas diretrizes do projeto Educa\u00e7\u00e3o para o Mundo do Trabalho, lan\u00e7ado pela Confedera\u00e7\u00e3o Nacional da [&hellip;]\" \/>\n<meta property=\"og:url\" content=\"https:\/\/fieam.org.br\/sesi\/fieam-inaugura-centro-integrado-de-educacao-sesi-senai-em-parintins\/\" \/>\n<meta property=\"og:site_name\" content=\"SESI\" \/>\n<meta property=\"article:published_time\" content=\"2013-12-23T21:46:49+00:00\" \/>\n<meta name=\"author\" content=\"Autor\" \/>\n<meta name=\"twitter:card\" content=\"summary_large_image\" \/>\n<meta name=\"twitter:label1\" content=\"Escrito por\" \/>\n\t<meta name=\"twitter:data1\" content=\"Autor\" \/>\n\t<meta name=\"twitter:label2\" content=\"Est. tempo de leitura\" \/>\n\t<meta name=\"twitter:data2\" content=\"7 minutos\" \/>\n<script type=\"application\/ld+json\" class=\"yoast-schema-graph\">{\"@context\":\"https:\\\/\\\/schema.org\",\"@graph\":[{\"@type\":\"Article\",\"@id\":\"https:\\\/\\\/fieam.org.br\\\/sesi\\\/fieam-inaugura-centro-integrado-de-educacao-sesi-senai-em-parintins\\\/#article\",\"isPartOf\":{\"@id\":\"https:\\\/\\\/fieam.org.br\\\/sesi\\\/fieam-inaugura-centro-integrado-de-educacao-sesi-senai-em-parintins\\\/\"},\"author\":{\"name\":\"Autor\",\"@id\":\"https:\\\/\\\/fieam.org.br\\\/sesi\\\/#\\\/schema\\\/person\\\/f54998dd14d5f0695b41444f2b01c31e\"},\"headline\":\"FIEAM inaugura Centro Integrado de Educa\u00e7\u00e3o SESI SENAI em Parintins\",\"datePublished\":\"2013-12-23T21:46:49+00:00\",\"mainEntityOfPage\":{\"@id\":\"https:\\\/\\\/fieam.org.br\\\/sesi\\\/fieam-inaugura-centro-integrado-de-educacao-sesi-senai-em-parintins\\\/\"},\"wordCount\":1363,\"commentCount\":0,\"publisher\":{\"@id\":\"https:\\\/\\\/fieam.org.br\\\/sesi\\\/#organization\"},\"articleSection\":[\"News\"],\"inLanguage\":\"pt-BR\",\"potentialAction\":[{\"@type\":\"CommentAction\",\"name\":\"Comment\",\"target\":[\"https:\\\/\\\/fieam.org.br\\\/sesi\\\/fieam-inaugura-centro-integrado-de-educacao-sesi-senai-em-parintins\\\/#respond\"]}]},{\"@type\":\"WebPage\",\"@id\":\"https:\\\/\\\/fieam.org.br\\\/sesi\\\/fieam-inaugura-centro-integrado-de-educacao-sesi-senai-em-parintins\\\/\",\"url\":\"https:\\\/\\\/fieam.org.br\\\/sesi\\\/fieam-inaugura-centro-integrado-de-educacao-sesi-senai-em-parintins\\\/\",\"name\":\"FIEAM inaugura Centro Integrado de Educa\u00e7\u00e3o SESI SENAI em Parintins - SESI\",\"isPartOf\":{\"@id\":\"https:\\\/\\\/fieam.org.br\\\/sesi\\\/#website\"},\"datePublished\":\"2013-12-23T21:46:49+00:00\",\"breadcrumb\":{\"@id\":\"https:\\\/\\\/fieam.org.br\\\/sesi\\\/fieam-inaugura-centro-integrado-de-educacao-sesi-senai-em-parintins\\\/#breadcrumb\"},\"inLanguage\":\"pt-BR\",\"potentialAction\":[{\"@type\":\"ReadAction\",\"target\":[\"https:\\\/\\\/fieam.org.br\\\/sesi\\\/fieam-inaugura-centro-integrado-de-educacao-sesi-senai-em-parintins\\\/\"]}]},{\"@type\":\"BreadcrumbList\",\"@id\":\"https:\\\/\\\/fieam.org.br\\\/sesi\\\/fieam-inaugura-centro-integrado-de-educacao-sesi-senai-em-parintins\\\/#breadcrumb\",\"itemListElement\":[{\"@type\":\"ListItem\",\"position\":1,\"name\":\"In\u00edcio\",\"item\":\"https:\\\/\\\/fieam.org.br\\\/sesi\\\/\"},{\"@type\":\"ListItem\",\"position\":2,\"name\":\"FIEAM inaugura Centro Integrado de Educa\u00e7\u00e3o SESI SENAI em Parintins\"}]},{\"@type\":\"WebSite\",\"@id\":\"https:\\\/\\\/fieam.org.br\\\/sesi\\\/#website\",\"url\":\"https:\\\/\\\/fieam.org.br\\\/sesi\\\/\",\"name\":\"SESI\",\"description\":\"Site Oficial!\",\"publisher\":{\"@id\":\"https:\\\/\\\/fieam.org.br\\\/sesi\\\/#organization\"},\"potentialAction\":[{\"@type\":\"SearchAction\",\"target\":{\"@type\":\"EntryPoint\",\"urlTemplate\":\"https:\\\/\\\/fieam.org.br\\\/sesi\\\/?s={search_term_string}\"},\"query-input\":{\"@type\":\"PropertyValueSpecification\",\"valueRequired\":true,\"valueName\":\"search_term_string\"}}],\"inLanguage\":\"pt-BR\"},{\"@type\":\"Organization\",\"@id\":\"https:\\\/\\\/fieam.org.br\\\/sesi\\\/#organization\",\"name\":\"SESI\",\"url\":\"https:\\\/\\\/fieam.org.br\\\/sesi\\\/\",\"logo\":{\"@type\":\"ImageObject\",\"inLanguage\":\"pt-BR\",\"@id\":\"https:\\\/\\\/fieam.org.br\\\/sesi\\\/#\\\/schema\\\/logo\\\/image\\\/\",\"url\":\"https:\\\/\\\/fieam.org.br\\\/sesi\\\/wp-content\\\/uploads\\\/sites\\\/14\\\/2024\\\/03\\\/cropped-fav.png\",\"contentUrl\":\"https:\\\/\\\/fieam.org.br\\\/sesi\\\/wp-content\\\/uploads\\\/sites\\\/14\\\/2024\\\/03\\\/cropped-fav.png\",\"width\":610,\"height\":589,\"caption\":\"SESI\"},\"image\":{\"@id\":\"https:\\\/\\\/fieam.org.br\\\/sesi\\\/#\\\/schema\\\/logo\\\/image\\\/\"}},{\"@type\":\"Person\",\"@id\":\"https:\\\/\\\/fieam.org.br\\\/sesi\\\/#\\\/schema\\\/person\\\/f54998dd14d5f0695b41444f2b01c31e\",\"name\":\"Autor\",\"image\":{\"@type\":\"ImageObject\",\"inLanguage\":\"pt-BR\",\"@id\":\"https:\\\/\\\/secure.gravatar.com\\\/avatar\\\/3732c223e0e1fad69062a8f770955c9068d37b055204f310a0be18d4069fe380?s=96&d=mm&r=g\",\"url\":\"https:\\\/\\\/secure.gravatar.com\\\/avatar\\\/3732c223e0e1fad69062a8f770955c9068d37b055204f310a0be18d4069fe380?s=96&d=mm&r=g\",\"contentUrl\":\"https:\\\/\\\/secure.gravatar.com\\\/avatar\\\/3732c223e0e1fad69062a8f770955c9068d37b055204f310a0be18d4069fe380?s=96&d=mm&r=g\",\"caption\":\"Autor\"},\"sameAs\":[\"https:\\\/\\\/marketingmassivo.com.br\"],\"url\":\"https:\\\/\\\/fieam.org.br\\\/sesi\\\/author\\\/admin\\\/\"}]}<\/script>\n<!-- \/ Yoast SEO plugin. -->","yoast_head_json":{"title":"FIEAM inaugura Centro Integrado de Educa\u00e7\u00e3o SESI SENAI em Parintins - SESI","robots":{"index":"index","follow":"follow","max-snippet":"max-snippet:-1","max-image-preview":"max-image-preview:large","max-video-preview":"max-video-preview:-1"},"canonical":"https:\/\/fieam.org.br\/sesi\/fieam-inaugura-centro-integrado-de-educacao-sesi-senai-em-parintins\/","og_locale":"pt_BR","og_type":"article","og_title":"FIEAM inaugura Centro Integrado de Educa\u00e7\u00e3o SESI SENAI em Parintins - SESI","og_description":"O presidente da Federa\u00e7\u00e3o das Ind\u00fastrias do Estado do Amazonas (FIEAM), Antonio Silva, inaugurou hoje (23), em Parintins, o Centro Integrado de Educa\u00e7\u00e3o SESI SENAI Padre Francisco Luppino, complexo de educa\u00e7\u00e3o b\u00e1sica e profissional. O Centro vai funcionar com foco nas diretrizes do projeto Educa\u00e7\u00e3o para o Mundo do Trabalho, lan\u00e7ado pela Confedera\u00e7\u00e3o Nacional da [&hellip;]","og_url":"https:\/\/fieam.org.br\/sesi\/fieam-inaugura-centro-integrado-de-educacao-sesi-senai-em-parintins\/","og_site_name":"SESI","article_published_time":"2013-12-23T21:46:49+00:00","author":"Autor","twitter_card":"summary_large_image","twitter_misc":{"Escrito por":"Autor","Est. tempo de leitura":"7 minutos"},"schema":{"@context":"https:\/\/schema.org","@graph":[{"@type":"Article","@id":"https:\/\/fieam.org.br\/sesi\/fieam-inaugura-centro-integrado-de-educacao-sesi-senai-em-parintins\/#article","isPartOf":{"@id":"https:\/\/fieam.org.br\/sesi\/fieam-inaugura-centro-integrado-de-educacao-sesi-senai-em-parintins\/"},"author":{"name":"Autor","@id":"https:\/\/fieam.org.br\/sesi\/#\/schema\/person\/f54998dd14d5f0695b41444f2b01c31e"},"headline":"FIEAM inaugura Centro Integrado de Educa\u00e7\u00e3o SESI SENAI em Parintins","datePublished":"2013-12-23T21:46:49+00:00","mainEntityOfPage":{"@id":"https:\/\/fieam.org.br\/sesi\/fieam-inaugura-centro-integrado-de-educacao-sesi-senai-em-parintins\/"},"wordCount":1363,"commentCount":0,"publisher":{"@id":"https:\/\/fieam.org.br\/sesi\/#organization"},"articleSection":["News"],"inLanguage":"pt-BR","potentialAction":[{"@type":"CommentAction","name":"Comment","target":["https:\/\/fieam.org.br\/sesi\/fieam-inaugura-centro-integrado-de-educacao-sesi-senai-em-parintins\/#respond"]}]},{"@type":"WebPage","@id":"https:\/\/fieam.org.br\/sesi\/fieam-inaugura-centro-integrado-de-educacao-sesi-senai-em-parintins\/","url":"https:\/\/fieam.org.br\/sesi\/fieam-inaugura-centro-integrado-de-educacao-sesi-senai-em-parintins\/","name":"FIEAM inaugura Centro Integrado de Educa\u00e7\u00e3o SESI SENAI em Parintins - SESI","isPartOf":{"@id":"https:\/\/fieam.org.br\/sesi\/#website"},"datePublished":"2013-12-23T21:46:49+00:00","breadcrumb":{"@id":"https:\/\/fieam.org.br\/sesi\/fieam-inaugura-centro-integrado-de-educacao-sesi-senai-em-parintins\/#breadcrumb"},"inLanguage":"pt-BR","potentialAction":[{"@type":"ReadAction","target":["https:\/\/fieam.org.br\/sesi\/fieam-inaugura-centro-integrado-de-educacao-sesi-senai-em-parintins\/"]}]},{"@type":"BreadcrumbList","@id":"https:\/\/fieam.org.br\/sesi\/fieam-inaugura-centro-integrado-de-educacao-sesi-senai-em-parintins\/#breadcrumb","itemListElement":[{"@type":"ListItem","position":1,"name":"In\u00edcio","item":"https:\/\/fieam.org.br\/sesi\/"},{"@type":"ListItem","position":2,"name":"FIEAM inaugura Centro Integrado de Educa\u00e7\u00e3o SESI SENAI em Parintins"}]},{"@type":"WebSite","@id":"https:\/\/fieam.org.br\/sesi\/#website","url":"https:\/\/fieam.org.br\/sesi\/","name":"SESI","description":"Site Oficial!","publisher":{"@id":"https:\/\/fieam.org.br\/sesi\/#organization"},"potentialAction":[{"@type":"SearchAction","target":{"@type":"EntryPoint","urlTemplate":"https:\/\/fieam.org.br\/sesi\/?s={search_term_string}"},"query-input":{"@type":"PropertyValueSpecification","valueRequired":true,"valueName":"search_term_string"}}],"inLanguage":"pt-BR"},{"@type":"Organization","@id":"https:\/\/fieam.org.br\/sesi\/#organization","name":"SESI","url":"https:\/\/fieam.org.br\/sesi\/","logo":{"@type":"ImageObject","inLanguage":"pt-BR","@id":"https:\/\/fieam.org.br\/sesi\/#\/schema\/logo\/image\/","url":"https:\/\/fieam.org.br\/sesi\/wp-content\/uploads\/sites\/14\/2024\/03\/cropped-fav.png","contentUrl":"https:\/\/fieam.org.br\/sesi\/wp-content\/uploads\/sites\/14\/2024\/03\/cropped-fav.png","width":610,"height":589,"caption":"SESI"},"image":{"@id":"https:\/\/fieam.org.br\/sesi\/#\/schema\/logo\/image\/"}},{"@type":"Person","@id":"https:\/\/fieam.org.br\/sesi\/#\/schema\/person\/f54998dd14d5f0695b41444f2b01c31e","name":"Autor","image":{"@type":"ImageObject","inLanguage":"pt-BR","@id":"https:\/\/secure.gravatar.com\/avatar\/3732c223e0e1fad69062a8f770955c9068d37b055204f310a0be18d4069fe380?s=96&d=mm&r=g","url":"https:\/\/secure.gravatar.com\/avatar\/3732c223e0e1fad69062a8f770955c9068d37b055204f310a0be18d4069fe380?s=96&d=mm&r=g","contentUrl":"https:\/\/secure.gravatar.com\/avatar\/3732c223e0e1fad69062a8f770955c9068d37b055204f310a0be18d4069fe380?s=96&d=mm&r=g","caption":"Autor"},"sameAs":["https:\/\/marketingmassivo.com.br"],"url":"https:\/\/fieam.org.br\/sesi\/author\/admin\/"}]}},"_links":{"self":[{"href":"https:\/\/fieam.org.br\/sesi\/wp-json\/wp\/v2\/posts\/19414","targetHints":{"allow":["GET"]}}],"collection":[{"href":"https:\/\/fieam.org.br\/sesi\/wp-json\/wp\/v2\/posts"}],"about":[{"href":"https:\/\/fieam.org.br\/sesi\/wp-json\/wp\/v2\/types\/post"}],"author":[{"embeddable":true,"href":"https:\/\/fieam.org.br\/sesi\/wp-json\/wp\/v2\/users\/1"}],"replies":[{"embeddable":true,"href":"https:\/\/fieam.org.br\/sesi\/wp-json\/wp\/v2\/comments?post=19414"}],"version-history":[{"count":0,"href":"https:\/\/fieam.org.br\/sesi\/wp-json\/wp\/v2\/posts\/19414\/revisions"}],"wp:attachment":[{"href":"https:\/\/fieam.org.br\/sesi\/wp-json\/wp\/v2\/media?parent=19414"}],"wp:term":[{"taxonomy":"category","embeddable":true,"href":"https:\/\/fieam.org.br\/sesi\/wp-json\/wp\/v2\/categories?post=19414"},{"taxonomy":"post_tag","embeddable":true,"href":"https:\/\/fieam.org.br\/sesi\/wp-json\/wp\/v2\/tags?post=19414"}],"curies":[{"name":"wp","href":"https:\/\/api.w.org\/{rel}","templated":true}]}}