{"id":19411,"date":"2013-12-17T19:14:34","date_gmt":"2013-12-17T19:14:34","guid":{"rendered":"http:\/\/www.fieam.org.br\/site\/sesi\/?p=5002"},"modified":"2013-12-17T19:14:34","modified_gmt":"2013-12-17T19:14:34","slug":"sesi-recebe-certificacao-iso-90012008-em-servicos-de-lazer-e-rse","status":"publish","type":"post","link":"https:\/\/fieam.org.br\/sesi\/sesi-recebe-certificacao-iso-90012008-em-servicos-de-lazer-e-rse\/","title":{"rendered":"SESI recebe certifica\u00e7\u00e3o ISO 9001\/2008  em servi\u00e7os de Lazer e RSE"},"content":{"rendered":"<p style=\"text-align: left\" align=\"center\"><a href=\"http:\/\/www.fieam.org.br\/site\/sesi\/sesi-recebe-certificacao-iso-90012008-em-servicos-de-lazer-e-rse\/evander-bravim-zanoli-entrega-certificado-a-equipe-envolvida-no-processo\/\" rel=\"attachment wp-att-5004\"><img fetchpriority=\"high\" decoding=\"async\" class=\"alignleft size-medium wp-image-5004\" alt=\"Evander Bravim Zanoli entrega Certificado a equipe envolvida no Processo\" src=\"http:\/\/www.fieam.org.br\/2015\/sesi\/wp-content\/uploads\/sites\/2\/2013\/12\/Evander-Bravim-Zanoli-entrega-Certificado-a-equipe-envolvida-no-Processo-300x200.jpg\" width=\"300\" height=\"200\" \/><\/a>O Programa SESI Gin\u00e1stica na Empresa da \u00e1rea de lazer e a presta\u00e7\u00e3o de servi\u00e7o em Responsabilidade Social, com o Programa SESI de Sensibiliza\u00e7\u00e3o para a Sustentabilidade, do\u00a0<a href=\"http:\/\/www.fieam.org.br\/site\/sesi\/institucional\" target=\"_blank\" rel=\"noopener\">Servi\u00e7o Social da Ind\u00fastria (SESI Amazonas)<\/a>\u00a0receberam na \u00faltima sexta-feira (13) a certifica\u00e7\u00e3o ISO 9001\/2008.<\/p>\n<p>A solenidade de entrega reuniu a diretora t\u00e9cnica do SESI, Rosana Vasconcelos, diretores, gestores e auditores, al\u00e9m de colaboradores da \u00e1rea das duas \u00e1reas certificadas.<\/p>\n<p>Em julho de 2012, a institui\u00e7\u00e3o certificou a sua \u00e1rea de Educa\u00e7\u00e3o e, em dezembro do mesmo ano, a de Sa\u00fade Assistencial. A auditoria foi realizada em duas fases. A primeira ocorreu de 19 a 23 de agosto, e a segunda, nos dias 14 e 15 de outubro, na qual se verificou a efic\u00e1cia do Sistema Gest\u00e3o da Qualidade do SESI\/AM.<\/p>\n<p>Na ocasi\u00e3o, o gerente de contas da TUV Rheinland, empresa avaliadora, Evander Bravim Zanoli, falou que a certifica\u00e7\u00e3o confirma que o SESI \u00e9 uma marca de confian\u00e7a, seguran\u00e7a e compromisso, com o ser humano, com a tecnologia e meio ambiente.<\/p>\n<p>\u201cEsse sonho est\u00e1 concretizado, mas sejamos todos conscientes de que a manuten\u00e7\u00e3o continua e exige o compromisso de todos\u201d, disse.<\/p>\n<p>Representando o presidente do Sistema FIEAM, Antonio Silva, a diretora do SESI, falou que a certifica\u00e7\u00e3o veio ratificar o compromisso de integra\u00e7\u00e3o.<\/p>\n<p>\u201cEsse esfor\u00e7o come\u00e7ou em 2012 com a certifica\u00e7\u00e3o da educa\u00e7\u00e3o. Quando chegou a hora do Lazer e Responsabilidade Social j\u00e1 t\u00ednhamos a experi\u00eancia, mesmo assim foi um esfor\u00e7o e dedica\u00e7\u00e3o coletivo, que confirmam nossas perspectivas de 2014, que s\u00e3o as \u00e1reas atuarem na mesma linha de frente\u201d, disse.<\/p>\n<p>&nbsp;<\/p>\n<p>Falas sobre a Certifica\u00e7\u00e3o<\/p>\n<p>&nbsp;<\/p>\n<p><b><i>\u201c<\/i><\/b><i>Parabenizo a todos, especialmente, aqueles que colocaram a m\u00e3o na massa com dedica\u00e7\u00e3o e energia, agora \u00e9 s\u00f3 manter, que \u00e9 a parte mais dif\u00edcil<b>\u201d, disse o\u00a0<\/b><\/i><b>\u00a0<i>direto financeiro Geraldo Guimaraes.<\/i><\/b><\/p>\n<p><b><i>\u00a0<\/i><\/b><\/p>\n<p><b><i>O diretor\u00a0administrativo, Joaquim Azevedo, falou que a certifica\u00e7\u00e3o comprova o que a Ind\u00fastria fala nas pesquisas. \u201c<\/i><\/b><i>Que o SESI tem qualidade n\u00f3s j\u00e1 sab\u00edamos, agora a temos comprovada\u201d, disse.<b><\/b><\/i><\/p>\n<p><i>\u201cAgora certificamos apenas uma \u00e1rea, mas j\u00e1 estamos preparando o terreno para certificar outras. Agora estamos mais amadurecidos e continuamos motivados para continuar essa miss\u00e3o que \u00e9 comprida. Mas, uma vez cumprida, nos d\u00e1 muito orgulho, um sentimento de vit\u00f3ria\u201d,<b>\u00a0disse a gerente de Lazer, Nelsi Luniere.<\/b><\/i><\/p>\n<p><b><i>\u00a0<\/i><\/b><\/p>\n<p><i>\u201c Eu e minha equipe temos muito orgulho de fazer parte de uma intui\u00e7\u00e3o que evolui e cresce junto. \u00c9 muito bom voc\u00ea ter o que voc\u00ea vende. O SESI caminha de forma sist\u00eamica e isso muito me deixa feliz\u201d,<b>\u00a0disse a gerente de Responsabilidade Social Empresarial, Sim\u00f4nica Sidrim.<\/b><\/i><\/p>\n<p><strong>[nggallery id=217]<\/strong><\/p>\n","protected":false},"excerpt":{"rendered":"<p>O Programa SESI Gin\u00e1stica na Empresa da \u00e1rea de lazer e a presta\u00e7\u00e3o de servi\u00e7o em Responsabilidade Social, com o Programa SESI de Sensibiliza\u00e7\u00e3o para a Sustentabilidade, do\u00a0Servi\u00e7o Social da Ind\u00fastria (SESI Amazonas)\u00a0receberam na \u00faltima sexta-feira (13) a certifica\u00e7\u00e3o ISO 9001\/2008. A solenidade de entrega reuniu a diretora t\u00e9cnica do SESI, Rosana Vasconcelos, diretores, gestores [&hellip;]<\/p>\n","protected":false},"author":1,"featured_media":0,"comment_status":"open","ping_status":"open","sticky":false,"template":"","format":"standard","meta":{"footnotes":""},"categories":[25],"tags":[],"class_list":["post-19411","post","type-post","status-publish","format-standard","hentry","category-news"],"yoast_head":"<!-- This site is optimized with the Yoast SEO plugin v28.2 - https:\/\/yoast.com\/product\/yoast-seo-wordpress\/ -->\n<title>SESI recebe certifica\u00e7\u00e3o ISO 9001\/2008 em servi\u00e7os de Lazer e RSE - SESI<\/title>\n<meta name=\"robots\" content=\"index, follow, max-snippet:-1, max-image-preview:large, max-video-preview:-1\" \/>\n<link rel=\"canonical\" href=\"https:\/\/fieam.org.br\/sesi\/sesi-recebe-certificacao-iso-90012008-em-servicos-de-lazer-e-rse\/\" \/>\n<meta property=\"og:locale\" content=\"pt_BR\" \/>\n<meta property=\"og:type\" content=\"article\" \/>\n<meta property=\"og:title\" content=\"SESI recebe certifica\u00e7\u00e3o ISO 9001\/2008 em servi\u00e7os de Lazer e RSE - SESI\" \/>\n<meta property=\"og:description\" content=\"O Programa SESI Gin\u00e1stica na Empresa da \u00e1rea de lazer e a presta\u00e7\u00e3o de servi\u00e7o em Responsabilidade Social, com o Programa SESI de Sensibiliza\u00e7\u00e3o para a Sustentabilidade, do\u00a0Servi\u00e7o Social da Ind\u00fastria (SESI Amazonas)\u00a0receberam na \u00faltima sexta-feira (13) a certifica\u00e7\u00e3o ISO 9001\/2008. A solenidade de entrega reuniu a diretora t\u00e9cnica do SESI, Rosana Vasconcelos, diretores, gestores [&hellip;]\" \/>\n<meta property=\"og:url\" content=\"https:\/\/fieam.org.br\/sesi\/sesi-recebe-certificacao-iso-90012008-em-servicos-de-lazer-e-rse\/\" \/>\n<meta property=\"og:site_name\" content=\"SESI\" \/>\n<meta property=\"article:published_time\" content=\"2013-12-17T19:14:34+00:00\" \/>\n<meta name=\"author\" content=\"Autor\" \/>\n<meta name=\"twitter:card\" content=\"summary_large_image\" \/>\n<meta name=\"twitter:label1\" content=\"Escrito por\" \/>\n\t<meta name=\"twitter:data1\" content=\"Autor\" \/>\n\t<meta name=\"twitter:label2\" content=\"Est. tempo de leitura\" \/>\n\t<meta name=\"twitter:data2\" content=\"2 minutos\" \/>\n<script type=\"application\/ld+json\" class=\"yoast-schema-graph\">{\"@context\":\"https:\\\/\\\/schema.org\",\"@graph\":[{\"@type\":\"Article\",\"@id\":\"https:\\\/\\\/fieam.org.br\\\/sesi\\\/sesi-recebe-certificacao-iso-90012008-em-servicos-de-lazer-e-rse\\\/#article\",\"isPartOf\":{\"@id\":\"https:\\\/\\\/fieam.org.br\\\/sesi\\\/sesi-recebe-certificacao-iso-90012008-em-servicos-de-lazer-e-rse\\\/\"},\"author\":{\"name\":\"Autor\",\"@id\":\"https:\\\/\\\/fieam.org.br\\\/sesi\\\/#\\\/schema\\\/person\\\/f54998dd14d5f0695b41444f2b01c31e\"},\"headline\":\"SESI recebe certifica\u00e7\u00e3o ISO 9001\\\/2008 em servi\u00e7os de Lazer e RSE\",\"datePublished\":\"2013-12-17T19:14:34+00:00\",\"mainEntityOfPage\":{\"@id\":\"https:\\\/\\\/fieam.org.br\\\/sesi\\\/sesi-recebe-certificacao-iso-90012008-em-servicos-de-lazer-e-rse\\\/\"},\"wordCount\":465,\"commentCount\":0,\"publisher\":{\"@id\":\"https:\\\/\\\/fieam.org.br\\\/sesi\\\/#organization\"},\"image\":{\"@id\":\"https:\\\/\\\/fieam.org.br\\\/sesi\\\/sesi-recebe-certificacao-iso-90012008-em-servicos-de-lazer-e-rse\\\/#primaryimage\"},\"thumbnailUrl\":\"http:\\\/\\\/www.fieam.org.br\\\/2015\\\/sesi\\\/wp-content\\\/uploads\\\/sites\\\/2\\\/2013\\\/12\\\/Evander-Bravim-Zanoli-entrega-Certificado-a-equipe-envolvida-no-Processo-300x200.jpg\",\"articleSection\":[\"News\"],\"inLanguage\":\"pt-BR\",\"potentialAction\":[{\"@type\":\"CommentAction\",\"name\":\"Comment\",\"target\":[\"https:\\\/\\\/fieam.org.br\\\/sesi\\\/sesi-recebe-certificacao-iso-90012008-em-servicos-de-lazer-e-rse\\\/#respond\"]}]},{\"@type\":\"WebPage\",\"@id\":\"https:\\\/\\\/fieam.org.br\\\/sesi\\\/sesi-recebe-certificacao-iso-90012008-em-servicos-de-lazer-e-rse\\\/\",\"url\":\"https:\\\/\\\/fieam.org.br\\\/sesi\\\/sesi-recebe-certificacao-iso-90012008-em-servicos-de-lazer-e-rse\\\/\",\"name\":\"SESI recebe certifica\u00e7\u00e3o ISO 9001\\\/2008 em servi\u00e7os de Lazer e RSE - SESI\",\"isPartOf\":{\"@id\":\"https:\\\/\\\/fieam.org.br\\\/sesi\\\/#website\"},\"primaryImageOfPage\":{\"@id\":\"https:\\\/\\\/fieam.org.br\\\/sesi\\\/sesi-recebe-certificacao-iso-90012008-em-servicos-de-lazer-e-rse\\\/#primaryimage\"},\"image\":{\"@id\":\"https:\\\/\\\/fieam.org.br\\\/sesi\\\/sesi-recebe-certificacao-iso-90012008-em-servicos-de-lazer-e-rse\\\/#primaryimage\"},\"thumbnailUrl\":\"http:\\\/\\\/www.fieam.org.br\\\/2015\\\/sesi\\\/wp-content\\\/uploads\\\/sites\\\/2\\\/2013\\\/12\\\/Evander-Bravim-Zanoli-entrega-Certificado-a-equipe-envolvida-no-Processo-300x200.jpg\",\"datePublished\":\"2013-12-17T19:14:34+00:00\",\"breadcrumb\":{\"@id\":\"https:\\\/\\\/fieam.org.br\\\/sesi\\\/sesi-recebe-certificacao-iso-90012008-em-servicos-de-lazer-e-rse\\\/#breadcrumb\"},\"inLanguage\":\"pt-BR\",\"potentialAction\":[{\"@type\":\"ReadAction\",\"target\":[\"https:\\\/\\\/fieam.org.br\\\/sesi\\\/sesi-recebe-certificacao-iso-90012008-em-servicos-de-lazer-e-rse\\\/\"]}]},{\"@type\":\"ImageObject\",\"inLanguage\":\"pt-BR\",\"@id\":\"https:\\\/\\\/fieam.org.br\\\/sesi\\\/sesi-recebe-certificacao-iso-90012008-em-servicos-de-lazer-e-rse\\\/#primaryimage\",\"url\":\"http:\\\/\\\/www.fieam.org.br\\\/2015\\\/sesi\\\/wp-content\\\/uploads\\\/sites\\\/2\\\/2013\\\/12\\\/Evander-Bravim-Zanoli-entrega-Certificado-a-equipe-envolvida-no-Processo-300x200.jpg\",\"contentUrl\":\"http:\\\/\\\/www.fieam.org.br\\\/2015\\\/sesi\\\/wp-content\\\/uploads\\\/sites\\\/2\\\/2013\\\/12\\\/Evander-Bravim-Zanoli-entrega-Certificado-a-equipe-envolvida-no-Processo-300x200.jpg\"},{\"@type\":\"BreadcrumbList\",\"@id\":\"https:\\\/\\\/fieam.org.br\\\/sesi\\\/sesi-recebe-certificacao-iso-90012008-em-servicos-de-lazer-e-rse\\\/#breadcrumb\",\"itemListElement\":[{\"@type\":\"ListItem\",\"position\":1,\"name\":\"In\u00edcio\",\"item\":\"https:\\\/\\\/fieam.org.br\\\/sesi\\\/\"},{\"@type\":\"ListItem\",\"position\":2,\"name\":\"SESI recebe certifica\u00e7\u00e3o ISO 9001\\\/2008 em servi\u00e7os de Lazer e RSE\"}]},{\"@type\":\"WebSite\",\"@id\":\"https:\\\/\\\/fieam.org.br\\\/sesi\\\/#website\",\"url\":\"https:\\\/\\\/fieam.org.br\\\/sesi\\\/\",\"name\":\"SESI\",\"description\":\"Site Oficial!\",\"publisher\":{\"@id\":\"https:\\\/\\\/fieam.org.br\\\/sesi\\\/#organization\"},\"potentialAction\":[{\"@type\":\"SearchAction\",\"target\":{\"@type\":\"EntryPoint\",\"urlTemplate\":\"https:\\\/\\\/fieam.org.br\\\/sesi\\\/?s={search_term_string}\"},\"query-input\":{\"@type\":\"PropertyValueSpecification\",\"valueRequired\":true,\"valueName\":\"search_term_string\"}}],\"inLanguage\":\"pt-BR\"},{\"@type\":\"Organization\",\"@id\":\"https:\\\/\\\/fieam.org.br\\\/sesi\\\/#organization\",\"name\":\"SESI\",\"url\":\"https:\\\/\\\/fieam.org.br\\\/sesi\\\/\",\"logo\":{\"@type\":\"ImageObject\",\"inLanguage\":\"pt-BR\",\"@id\":\"https:\\\/\\\/fieam.org.br\\\/sesi\\\/#\\\/schema\\\/logo\\\/image\\\/\",\"url\":\"https:\\\/\\\/fieam.org.br\\\/sesi\\\/wp-content\\\/uploads\\\/sites\\\/14\\\/2024\\\/03\\\/cropped-fav.png\",\"contentUrl\":\"https:\\\/\\\/fieam.org.br\\\/sesi\\\/wp-content\\\/uploads\\\/sites\\\/14\\\/2024\\\/03\\\/cropped-fav.png\",\"width\":610,\"height\":589,\"caption\":\"SESI\"},\"image\":{\"@id\":\"https:\\\/\\\/fieam.org.br\\\/sesi\\\/#\\\/schema\\\/logo\\\/image\\\/\"}},{\"@type\":\"Person\",\"@id\":\"https:\\\/\\\/fieam.org.br\\\/sesi\\\/#\\\/schema\\\/person\\\/f54998dd14d5f0695b41444f2b01c31e\",\"name\":\"Autor\",\"image\":{\"@type\":\"ImageObject\",\"inLanguage\":\"pt-BR\",\"@id\":\"https:\\\/\\\/secure.gravatar.com\\\/avatar\\\/3732c223e0e1fad69062a8f770955c9068d37b055204f310a0be18d4069fe380?s=96&d=mm&r=g\",\"url\":\"https:\\\/\\\/secure.gravatar.com\\\/avatar\\\/3732c223e0e1fad69062a8f770955c9068d37b055204f310a0be18d4069fe380?s=96&d=mm&r=g\",\"contentUrl\":\"https:\\\/\\\/secure.gravatar.com\\\/avatar\\\/3732c223e0e1fad69062a8f770955c9068d37b055204f310a0be18d4069fe380?s=96&d=mm&r=g\",\"caption\":\"Autor\"},\"sameAs\":[\"https:\\\/\\\/marketingmassivo.com.br\"],\"url\":\"https:\\\/\\\/fieam.org.br\\\/sesi\\\/author\\\/admin\\\/\"}]}<\/script>\n<!-- \/ Yoast SEO plugin. -->","yoast_head_json":{"title":"SESI recebe certifica\u00e7\u00e3o ISO 9001\/2008 em servi\u00e7os de Lazer e RSE - SESI","robots":{"index":"index","follow":"follow","max-snippet":"max-snippet:-1","max-image-preview":"max-image-preview:large","max-video-preview":"max-video-preview:-1"},"canonical":"https:\/\/fieam.org.br\/sesi\/sesi-recebe-certificacao-iso-90012008-em-servicos-de-lazer-e-rse\/","og_locale":"pt_BR","og_type":"article","og_title":"SESI recebe certifica\u00e7\u00e3o ISO 9001\/2008 em servi\u00e7os de Lazer e RSE - SESI","og_description":"O Programa SESI Gin\u00e1stica na Empresa da \u00e1rea de lazer e a presta\u00e7\u00e3o de servi\u00e7o em Responsabilidade Social, com o Programa SESI de Sensibiliza\u00e7\u00e3o para a Sustentabilidade, do\u00a0Servi\u00e7o Social da Ind\u00fastria (SESI Amazonas)\u00a0receberam na \u00faltima sexta-feira (13) a certifica\u00e7\u00e3o ISO 9001\/2008. A solenidade de entrega reuniu a diretora t\u00e9cnica do SESI, Rosana Vasconcelos, diretores, gestores [&hellip;]","og_url":"https:\/\/fieam.org.br\/sesi\/sesi-recebe-certificacao-iso-90012008-em-servicos-de-lazer-e-rse\/","og_site_name":"SESI","article_published_time":"2013-12-17T19:14:34+00:00","author":"Autor","twitter_card":"summary_large_image","twitter_misc":{"Escrito por":"Autor","Est. tempo de leitura":"2 minutos"},"schema":{"@context":"https:\/\/schema.org","@graph":[{"@type":"Article","@id":"https:\/\/fieam.org.br\/sesi\/sesi-recebe-certificacao-iso-90012008-em-servicos-de-lazer-e-rse\/#article","isPartOf":{"@id":"https:\/\/fieam.org.br\/sesi\/sesi-recebe-certificacao-iso-90012008-em-servicos-de-lazer-e-rse\/"},"author":{"name":"Autor","@id":"https:\/\/fieam.org.br\/sesi\/#\/schema\/person\/f54998dd14d5f0695b41444f2b01c31e"},"headline":"SESI recebe certifica\u00e7\u00e3o ISO 9001\/2008 em servi\u00e7os de Lazer e RSE","datePublished":"2013-12-17T19:14:34+00:00","mainEntityOfPage":{"@id":"https:\/\/fieam.org.br\/sesi\/sesi-recebe-certificacao-iso-90012008-em-servicos-de-lazer-e-rse\/"},"wordCount":465,"commentCount":0,"publisher":{"@id":"https:\/\/fieam.org.br\/sesi\/#organization"},"image":{"@id":"https:\/\/fieam.org.br\/sesi\/sesi-recebe-certificacao-iso-90012008-em-servicos-de-lazer-e-rse\/#primaryimage"},"thumbnailUrl":"http:\/\/www.fieam.org.br\/2015\/sesi\/wp-content\/uploads\/sites\/2\/2013\/12\/Evander-Bravim-Zanoli-entrega-Certificado-a-equipe-envolvida-no-Processo-300x200.jpg","articleSection":["News"],"inLanguage":"pt-BR","potentialAction":[{"@type":"CommentAction","name":"Comment","target":["https:\/\/fieam.org.br\/sesi\/sesi-recebe-certificacao-iso-90012008-em-servicos-de-lazer-e-rse\/#respond"]}]},{"@type":"WebPage","@id":"https:\/\/fieam.org.br\/sesi\/sesi-recebe-certificacao-iso-90012008-em-servicos-de-lazer-e-rse\/","url":"https:\/\/fieam.org.br\/sesi\/sesi-recebe-certificacao-iso-90012008-em-servicos-de-lazer-e-rse\/","name":"SESI recebe certifica\u00e7\u00e3o ISO 9001\/2008 em servi\u00e7os de Lazer e RSE - SESI","isPartOf":{"@id":"https:\/\/fieam.org.br\/sesi\/#website"},"primaryImageOfPage":{"@id":"https:\/\/fieam.org.br\/sesi\/sesi-recebe-certificacao-iso-90012008-em-servicos-de-lazer-e-rse\/#primaryimage"},"image":{"@id":"https:\/\/fieam.org.br\/sesi\/sesi-recebe-certificacao-iso-90012008-em-servicos-de-lazer-e-rse\/#primaryimage"},"thumbnailUrl":"http:\/\/www.fieam.org.br\/2015\/sesi\/wp-content\/uploads\/sites\/2\/2013\/12\/Evander-Bravim-Zanoli-entrega-Certificado-a-equipe-envolvida-no-Processo-300x200.jpg","datePublished":"2013-12-17T19:14:34+00:00","breadcrumb":{"@id":"https:\/\/fieam.org.br\/sesi\/sesi-recebe-certificacao-iso-90012008-em-servicos-de-lazer-e-rse\/#breadcrumb"},"inLanguage":"pt-BR","potentialAction":[{"@type":"ReadAction","target":["https:\/\/fieam.org.br\/sesi\/sesi-recebe-certificacao-iso-90012008-em-servicos-de-lazer-e-rse\/"]}]},{"@type":"ImageObject","inLanguage":"pt-BR","@id":"https:\/\/fieam.org.br\/sesi\/sesi-recebe-certificacao-iso-90012008-em-servicos-de-lazer-e-rse\/#primaryimage","url":"http:\/\/www.fieam.org.br\/2015\/sesi\/wp-content\/uploads\/sites\/2\/2013\/12\/Evander-Bravim-Zanoli-entrega-Certificado-a-equipe-envolvida-no-Processo-300x200.jpg","contentUrl":"http:\/\/www.fieam.org.br\/2015\/sesi\/wp-content\/uploads\/sites\/2\/2013\/12\/Evander-Bravim-Zanoli-entrega-Certificado-a-equipe-envolvida-no-Processo-300x200.jpg"},{"@type":"BreadcrumbList","@id":"https:\/\/fieam.org.br\/sesi\/sesi-recebe-certificacao-iso-90012008-em-servicos-de-lazer-e-rse\/#breadcrumb","itemListElement":[{"@type":"ListItem","position":1,"name":"In\u00edcio","item":"https:\/\/fieam.org.br\/sesi\/"},{"@type":"ListItem","position":2,"name":"SESI recebe certifica\u00e7\u00e3o ISO 9001\/2008 em servi\u00e7os de Lazer e RSE"}]},{"@type":"WebSite","@id":"https:\/\/fieam.org.br\/sesi\/#website","url":"https:\/\/fieam.org.br\/sesi\/","name":"SESI","description":"Site Oficial!","publisher":{"@id":"https:\/\/fieam.org.br\/sesi\/#organization"},"potentialAction":[{"@type":"SearchAction","target":{"@type":"EntryPoint","urlTemplate":"https:\/\/fieam.org.br\/sesi\/?s={search_term_string}"},"query-input":{"@type":"PropertyValueSpecification","valueRequired":true,"valueName":"search_term_string"}}],"inLanguage":"pt-BR"},{"@type":"Organization","@id":"https:\/\/fieam.org.br\/sesi\/#organization","name":"SESI","url":"https:\/\/fieam.org.br\/sesi\/","logo":{"@type":"ImageObject","inLanguage":"pt-BR","@id":"https:\/\/fieam.org.br\/sesi\/#\/schema\/logo\/image\/","url":"https:\/\/fieam.org.br\/sesi\/wp-content\/uploads\/sites\/14\/2024\/03\/cropped-fav.png","contentUrl":"https:\/\/fieam.org.br\/sesi\/wp-content\/uploads\/sites\/14\/2024\/03\/cropped-fav.png","width":610,"height":589,"caption":"SESI"},"image":{"@id":"https:\/\/fieam.org.br\/sesi\/#\/schema\/logo\/image\/"}},{"@type":"Person","@id":"https:\/\/fieam.org.br\/sesi\/#\/schema\/person\/f54998dd14d5f0695b41444f2b01c31e","name":"Autor","image":{"@type":"ImageObject","inLanguage":"pt-BR","@id":"https:\/\/secure.gravatar.com\/avatar\/3732c223e0e1fad69062a8f770955c9068d37b055204f310a0be18d4069fe380?s=96&d=mm&r=g","url":"https:\/\/secure.gravatar.com\/avatar\/3732c223e0e1fad69062a8f770955c9068d37b055204f310a0be18d4069fe380?s=96&d=mm&r=g","contentUrl":"https:\/\/secure.gravatar.com\/avatar\/3732c223e0e1fad69062a8f770955c9068d37b055204f310a0be18d4069fe380?s=96&d=mm&r=g","caption":"Autor"},"sameAs":["https:\/\/marketingmassivo.com.br"],"url":"https:\/\/fieam.org.br\/sesi\/author\/admin\/"}]}},"_links":{"self":[{"href":"https:\/\/fieam.org.br\/sesi\/wp-json\/wp\/v2\/posts\/19411","targetHints":{"allow":["GET"]}}],"collection":[{"href":"https:\/\/fieam.org.br\/sesi\/wp-json\/wp\/v2\/posts"}],"about":[{"href":"https:\/\/fieam.org.br\/sesi\/wp-json\/wp\/v2\/types\/post"}],"author":[{"embeddable":true,"href":"https:\/\/fieam.org.br\/sesi\/wp-json\/wp\/v2\/users\/1"}],"replies":[{"embeddable":true,"href":"https:\/\/fieam.org.br\/sesi\/wp-json\/wp\/v2\/comments?post=19411"}],"version-history":[{"count":0,"href":"https:\/\/fieam.org.br\/sesi\/wp-json\/wp\/v2\/posts\/19411\/revisions"}],"wp:attachment":[{"href":"https:\/\/fieam.org.br\/sesi\/wp-json\/wp\/v2\/media?parent=19411"}],"wp:term":[{"taxonomy":"category","embeddable":true,"href":"https:\/\/fieam.org.br\/sesi\/wp-json\/wp\/v2\/categories?post=19411"},{"taxonomy":"post_tag","embeddable":true,"href":"https:\/\/fieam.org.br\/sesi\/wp-json\/wp\/v2\/tags?post=19411"}],"curies":[{"name":"wp","href":"https:\/\/api.w.org\/{rel}","templated":true}]}}