{"id":19403,"date":"2013-12-09T20:36:25","date_gmt":"2013-12-09T20:36:25","guid":{"rendered":"http:\/\/www.fieam.org.br\/site\/sesi\/?p=4954"},"modified":"2013-12-09T20:36:25","modified_gmt":"2013-12-09T20:36:25","slug":"sesi-celebra-danca-em-todos-os-ritmos","status":"publish","type":"post","link":"https:\/\/fieam.org.br\/sesi\/sesi-celebra-danca-em-todos-os-ritmos\/","title":{"rendered":"SESI celebra dan\u00e7a em todos os ritmos"},"content":{"rendered":"<p><a href=\"http:\/\/www.fieam.org.br\/site\/sesi\/sesi-celebra-danca-em-todos-os-ritmos\/lago-dos-cisnes-com-as-alunas-do-saf\/\" rel=\"attachment wp-att-4955\"><img fetchpriority=\"high\" decoding=\"async\" class=\"alignleft size-medium wp-image-4955\" alt=\"Lago dos Cisnes com as alunas do SAF\" src=\"http:\/\/www.fieam.org.br\/2015\/sesi\/wp-content\/uploads\/sites\/2\/2013\/12\/Lago-dos-Cisnes-com-as-alunas-do-SAF-300x200.jpg\" width=\"300\" height=\"200\" \/><\/a>O N\u00facleo\u00a0<a href=\"http:\/\/www.fieam.org.br\/site\/sesi\/institucional\" target=\"_blank\" rel=\"noopener\">SESI Amazonas<\/a>\u00a0de Dan\u00e7a encerrou, na \u00faltima sexta-feira (6) as atividades de 2013 com a tradicional mostra de trabalhos desenvolvidos ao longo do ano. Ao todo, 29 coreografias foram apresentadas, a maioria com alunos e integrantes de grupos do SESI, num espet\u00e1culo de ritmos e g\u00eaneros, variando do cl\u00e1ssico \u00e0 dan\u00e7a de sal\u00e3o. A mostra contou com a participa\u00e7\u00e3o de seis grupos convidados.<\/p>\n<p>Um p\u00fablico de cerca de mil pessoas, formado em sua maioria por pais de alunos, lotou parcialmente as arquibancadas do Gin\u00e1sio Dom\u00edcio Velloso da Silveira, no Clube do Trabalhador do Amazonas (Alameda Cosme Ferreira, 7.399, S\u00e3o Jos\u00e9), o que garantiu o clima familiar que acompanha a Mostra N\u00facleo SESI de Dan\u00e7a, atualmente em sua s\u00e9tima edi\u00e7\u00e3o.<\/p>\n<p>Com alunos na faixa et\u00e1ria dos 4 aos 35 anos, o N\u00facleo foi respons\u00e1vel por nove coreografias da mostra, entre elas, as cinco dedicadas ao bal\u00e9 cl\u00e1ssico e apresentadas por alunas do baby class. Vestidas de anjinhas ou de flocos de neve, de Branca de Neve ou Mary Poppins, personagens do mundo infantil, as pequenas bailarinas emocionaram o p\u00fablico com seus primeiros passos na dan\u00e7a.<\/p>\n<p>O industri\u00e1rio David Luna, 32, acompanhado da mulher Creusiane Farias, 34, n\u00e3o via a hora da filha Emily Dayane, 5, subir ao palco na coreografia \u201cAs Anjinhas\u201d, assinada pela professora Sarah Masulo. Segundo David, que trabalha na fun\u00e7\u00e3o de ferramenteiro na Honda Lock, Emily \u00e9 veterana, j\u00e1 que estuda no SESI desde os 3 anos de idade. A garota acabou mostrando que tamb\u00e9m \u00e9 sortuda: recebeu um dos brinquedos sorteados pela organiza\u00e7\u00e3o.<\/p>\n<p>De acordo com a coordenadora da Mostra N\u00facleo SESI de Dan\u00e7a, Irinea Oliveira, o evento \u00e9 realizado h\u00e1 sete anos, sempre com o apoio de parceiros, da ind\u00fastria, do com\u00e9rcio ou de servi\u00e7os, que exp\u00f5em ou comercializam seus produtos no Clube do Trabalhador, durante a mostra, e, em contrapartida, doam brinquedos e outros brindes para serem sorteados aos alunos. Cerca de 30 pr\u00eamios foram sorteados na sexta-feira.<\/p>\n<p>&nbsp;<\/p>\n<p><b>Dan\u00e7a de Sal\u00e3o<\/b><\/p>\n<p>Na programa\u00e7\u00e3o da mostra o Grupo SESI Lazer na Terceira Idade se apresentou com quatro coreografias, uma delas montada a partir do tango \u201cLa Cumparsita\u201d, assinada por Sarah Masulo. O grupo, que atua na promo\u00e7\u00e3o da qualidade de vida dos idosos, tem na dan\u00e7a de sal\u00e3o uma de suas principais atividades.<\/p>\n<p>Outro grupo do SESI que participou da mostra foi o de alunos do programa SESI Atletas do Futuro, que tamb\u00e9m desenvolve projeto de dan\u00e7a, principalmente, de bal\u00e9 cl\u00e1ssico. Entre as coreografias, os alunos do SAF apresentaram trecho do famoso bal\u00e9 \u201cLago dos Cisnes\u201d.<\/p>\n<p>Entre os grupos convidados apresentaram-se o Caua (Centro de Artes da Universidade Federal do Amazonas), o Ballet Rafaela Oliveira, a Companhia de Dan\u00e7a Miscigena\u00e7\u00e3o Amaz\u00f4nica, da Academia Don\u2019t Stop Dance, a Companhia Nawaar e Dunamai Int\u00e9rpretes Independentes.<\/p>\n<p><strong>[nggallery id=214]<\/strong><\/p>\n","protected":false},"excerpt":{"rendered":"<p>O N\u00facleo\u00a0SESI Amazonas\u00a0de Dan\u00e7a encerrou, na \u00faltima sexta-feira (6) as atividades de 2013 com a tradicional mostra de trabalhos desenvolvidos ao longo do ano. Ao todo, 29 coreografias foram apresentadas, a maioria com alunos e integrantes de grupos do SESI, num espet\u00e1culo de ritmos e g\u00eaneros, variando do cl\u00e1ssico \u00e0 dan\u00e7a de sal\u00e3o. A mostra [&hellip;]<\/p>\n","protected":false},"author":1,"featured_media":0,"comment_status":"open","ping_status":"open","sticky":false,"template":"","format":"standard","meta":{"footnotes":""},"categories":[25],"tags":[],"class_list":["post-19403","post","type-post","status-publish","format-standard","hentry","category-news"],"yoast_head":"<!-- This site is optimized with the Yoast SEO plugin v28.2 - https:\/\/yoast.com\/product\/yoast-seo-wordpress\/ -->\n<title>SESI celebra dan\u00e7a em todos os ritmos - SESI<\/title>\n<meta name=\"robots\" content=\"index, follow, max-snippet:-1, max-image-preview:large, max-video-preview:-1\" \/>\n<link rel=\"canonical\" href=\"https:\/\/fieam.org.br\/sesi\/sesi-celebra-danca-em-todos-os-ritmos\/\" \/>\n<meta property=\"og:locale\" content=\"pt_BR\" \/>\n<meta property=\"og:type\" content=\"article\" \/>\n<meta property=\"og:title\" content=\"SESI celebra dan\u00e7a em todos os ritmos - SESI\" \/>\n<meta property=\"og:description\" content=\"O N\u00facleo\u00a0SESI Amazonas\u00a0de Dan\u00e7a encerrou, na \u00faltima sexta-feira (6) as atividades de 2013 com a tradicional mostra de trabalhos desenvolvidos ao longo do ano. Ao todo, 29 coreografias foram apresentadas, a maioria com alunos e integrantes de grupos do SESI, num espet\u00e1culo de ritmos e g\u00eaneros, variando do cl\u00e1ssico \u00e0 dan\u00e7a de sal\u00e3o. A mostra [&hellip;]\" \/>\n<meta property=\"og:url\" content=\"https:\/\/fieam.org.br\/sesi\/sesi-celebra-danca-em-todos-os-ritmos\/\" \/>\n<meta property=\"og:site_name\" content=\"SESI\" \/>\n<meta property=\"article:published_time\" content=\"2013-12-09T20:36:25+00:00\" \/>\n<meta name=\"author\" content=\"Autor\" \/>\n<meta name=\"twitter:card\" content=\"summary_large_image\" \/>\n<meta name=\"twitter:label1\" content=\"Escrito por\" \/>\n\t<meta name=\"twitter:data1\" content=\"Autor\" \/>\n\t<meta name=\"twitter:label2\" content=\"Est. tempo de leitura\" \/>\n\t<meta name=\"twitter:data2\" content=\"2 minutos\" \/>\n<script type=\"application\/ld+json\" class=\"yoast-schema-graph\">{\"@context\":\"https:\\\/\\\/schema.org\",\"@graph\":[{\"@type\":\"Article\",\"@id\":\"https:\\\/\\\/fieam.org.br\\\/sesi\\\/sesi-celebra-danca-em-todos-os-ritmos\\\/#article\",\"isPartOf\":{\"@id\":\"https:\\\/\\\/fieam.org.br\\\/sesi\\\/sesi-celebra-danca-em-todos-os-ritmos\\\/\"},\"author\":{\"name\":\"Autor\",\"@id\":\"https:\\\/\\\/fieam.org.br\\\/sesi\\\/#\\\/schema\\\/person\\\/f54998dd14d5f0695b41444f2b01c31e\"},\"headline\":\"SESI celebra dan\u00e7a em todos os ritmos\",\"datePublished\":\"2013-12-09T20:36:25+00:00\",\"mainEntityOfPage\":{\"@id\":\"https:\\\/\\\/fieam.org.br\\\/sesi\\\/sesi-celebra-danca-em-todos-os-ritmos\\\/\"},\"wordCount\":503,\"commentCount\":0,\"publisher\":{\"@id\":\"https:\\\/\\\/fieam.org.br\\\/sesi\\\/#organization\"},\"image\":{\"@id\":\"https:\\\/\\\/fieam.org.br\\\/sesi\\\/sesi-celebra-danca-em-todos-os-ritmos\\\/#primaryimage\"},\"thumbnailUrl\":\"http:\\\/\\\/www.fieam.org.br\\\/2015\\\/sesi\\\/wp-content\\\/uploads\\\/sites\\\/2\\\/2013\\\/12\\\/Lago-dos-Cisnes-com-as-alunas-do-SAF-300x200.jpg\",\"articleSection\":[\"News\"],\"inLanguage\":\"pt-BR\",\"potentialAction\":[{\"@type\":\"CommentAction\",\"name\":\"Comment\",\"target\":[\"https:\\\/\\\/fieam.org.br\\\/sesi\\\/sesi-celebra-danca-em-todos-os-ritmos\\\/#respond\"]}]},{\"@type\":\"WebPage\",\"@id\":\"https:\\\/\\\/fieam.org.br\\\/sesi\\\/sesi-celebra-danca-em-todos-os-ritmos\\\/\",\"url\":\"https:\\\/\\\/fieam.org.br\\\/sesi\\\/sesi-celebra-danca-em-todos-os-ritmos\\\/\",\"name\":\"SESI celebra dan\u00e7a em todos os ritmos - SESI\",\"isPartOf\":{\"@id\":\"https:\\\/\\\/fieam.org.br\\\/sesi\\\/#website\"},\"primaryImageOfPage\":{\"@id\":\"https:\\\/\\\/fieam.org.br\\\/sesi\\\/sesi-celebra-danca-em-todos-os-ritmos\\\/#primaryimage\"},\"image\":{\"@id\":\"https:\\\/\\\/fieam.org.br\\\/sesi\\\/sesi-celebra-danca-em-todos-os-ritmos\\\/#primaryimage\"},\"thumbnailUrl\":\"http:\\\/\\\/www.fieam.org.br\\\/2015\\\/sesi\\\/wp-content\\\/uploads\\\/sites\\\/2\\\/2013\\\/12\\\/Lago-dos-Cisnes-com-as-alunas-do-SAF-300x200.jpg\",\"datePublished\":\"2013-12-09T20:36:25+00:00\",\"breadcrumb\":{\"@id\":\"https:\\\/\\\/fieam.org.br\\\/sesi\\\/sesi-celebra-danca-em-todos-os-ritmos\\\/#breadcrumb\"},\"inLanguage\":\"pt-BR\",\"potentialAction\":[{\"@type\":\"ReadAction\",\"target\":[\"https:\\\/\\\/fieam.org.br\\\/sesi\\\/sesi-celebra-danca-em-todos-os-ritmos\\\/\"]}]},{\"@type\":\"ImageObject\",\"inLanguage\":\"pt-BR\",\"@id\":\"https:\\\/\\\/fieam.org.br\\\/sesi\\\/sesi-celebra-danca-em-todos-os-ritmos\\\/#primaryimage\",\"url\":\"http:\\\/\\\/www.fieam.org.br\\\/2015\\\/sesi\\\/wp-content\\\/uploads\\\/sites\\\/2\\\/2013\\\/12\\\/Lago-dos-Cisnes-com-as-alunas-do-SAF-300x200.jpg\",\"contentUrl\":\"http:\\\/\\\/www.fieam.org.br\\\/2015\\\/sesi\\\/wp-content\\\/uploads\\\/sites\\\/2\\\/2013\\\/12\\\/Lago-dos-Cisnes-com-as-alunas-do-SAF-300x200.jpg\"},{\"@type\":\"BreadcrumbList\",\"@id\":\"https:\\\/\\\/fieam.org.br\\\/sesi\\\/sesi-celebra-danca-em-todos-os-ritmos\\\/#breadcrumb\",\"itemListElement\":[{\"@type\":\"ListItem\",\"position\":1,\"name\":\"In\u00edcio\",\"item\":\"https:\\\/\\\/fieam.org.br\\\/sesi\\\/\"},{\"@type\":\"ListItem\",\"position\":2,\"name\":\"SESI celebra dan\u00e7a em todos os ritmos\"}]},{\"@type\":\"WebSite\",\"@id\":\"https:\\\/\\\/fieam.org.br\\\/sesi\\\/#website\",\"url\":\"https:\\\/\\\/fieam.org.br\\\/sesi\\\/\",\"name\":\"SESI\",\"description\":\"Site Oficial!\",\"publisher\":{\"@id\":\"https:\\\/\\\/fieam.org.br\\\/sesi\\\/#organization\"},\"potentialAction\":[{\"@type\":\"SearchAction\",\"target\":{\"@type\":\"EntryPoint\",\"urlTemplate\":\"https:\\\/\\\/fieam.org.br\\\/sesi\\\/?s={search_term_string}\"},\"query-input\":{\"@type\":\"PropertyValueSpecification\",\"valueRequired\":true,\"valueName\":\"search_term_string\"}}],\"inLanguage\":\"pt-BR\"},{\"@type\":\"Organization\",\"@id\":\"https:\\\/\\\/fieam.org.br\\\/sesi\\\/#organization\",\"name\":\"SESI\",\"url\":\"https:\\\/\\\/fieam.org.br\\\/sesi\\\/\",\"logo\":{\"@type\":\"ImageObject\",\"inLanguage\":\"pt-BR\",\"@id\":\"https:\\\/\\\/fieam.org.br\\\/sesi\\\/#\\\/schema\\\/logo\\\/image\\\/\",\"url\":\"https:\\\/\\\/fieam.org.br\\\/sesi\\\/wp-content\\\/uploads\\\/sites\\\/14\\\/2024\\\/03\\\/cropped-fav.png\",\"contentUrl\":\"https:\\\/\\\/fieam.org.br\\\/sesi\\\/wp-content\\\/uploads\\\/sites\\\/14\\\/2024\\\/03\\\/cropped-fav.png\",\"width\":610,\"height\":589,\"caption\":\"SESI\"},\"image\":{\"@id\":\"https:\\\/\\\/fieam.org.br\\\/sesi\\\/#\\\/schema\\\/logo\\\/image\\\/\"}},{\"@type\":\"Person\",\"@id\":\"https:\\\/\\\/fieam.org.br\\\/sesi\\\/#\\\/schema\\\/person\\\/f54998dd14d5f0695b41444f2b01c31e\",\"name\":\"Autor\",\"image\":{\"@type\":\"ImageObject\",\"inLanguage\":\"pt-BR\",\"@id\":\"https:\\\/\\\/secure.gravatar.com\\\/avatar\\\/3732c223e0e1fad69062a8f770955c9068d37b055204f310a0be18d4069fe380?s=96&d=mm&r=g\",\"url\":\"https:\\\/\\\/secure.gravatar.com\\\/avatar\\\/3732c223e0e1fad69062a8f770955c9068d37b055204f310a0be18d4069fe380?s=96&d=mm&r=g\",\"contentUrl\":\"https:\\\/\\\/secure.gravatar.com\\\/avatar\\\/3732c223e0e1fad69062a8f770955c9068d37b055204f310a0be18d4069fe380?s=96&d=mm&r=g\",\"caption\":\"Autor\"},\"sameAs\":[\"https:\\\/\\\/marketingmassivo.com.br\"],\"url\":\"https:\\\/\\\/fieam.org.br\\\/sesi\\\/author\\\/admin\\\/\"}]}<\/script>\n<!-- \/ Yoast SEO plugin. -->","yoast_head_json":{"title":"SESI celebra dan\u00e7a em todos os ritmos - SESI","robots":{"index":"index","follow":"follow","max-snippet":"max-snippet:-1","max-image-preview":"max-image-preview:large","max-video-preview":"max-video-preview:-1"},"canonical":"https:\/\/fieam.org.br\/sesi\/sesi-celebra-danca-em-todos-os-ritmos\/","og_locale":"pt_BR","og_type":"article","og_title":"SESI celebra dan\u00e7a em todos os ritmos - SESI","og_description":"O N\u00facleo\u00a0SESI Amazonas\u00a0de Dan\u00e7a encerrou, na \u00faltima sexta-feira (6) as atividades de 2013 com a tradicional mostra de trabalhos desenvolvidos ao longo do ano. Ao todo, 29 coreografias foram apresentadas, a maioria com alunos e integrantes de grupos do SESI, num espet\u00e1culo de ritmos e g\u00eaneros, variando do cl\u00e1ssico \u00e0 dan\u00e7a de sal\u00e3o. A mostra [&hellip;]","og_url":"https:\/\/fieam.org.br\/sesi\/sesi-celebra-danca-em-todos-os-ritmos\/","og_site_name":"SESI","article_published_time":"2013-12-09T20:36:25+00:00","author":"Autor","twitter_card":"summary_large_image","twitter_misc":{"Escrito por":"Autor","Est. tempo de leitura":"2 minutos"},"schema":{"@context":"https:\/\/schema.org","@graph":[{"@type":"Article","@id":"https:\/\/fieam.org.br\/sesi\/sesi-celebra-danca-em-todos-os-ritmos\/#article","isPartOf":{"@id":"https:\/\/fieam.org.br\/sesi\/sesi-celebra-danca-em-todos-os-ritmos\/"},"author":{"name":"Autor","@id":"https:\/\/fieam.org.br\/sesi\/#\/schema\/person\/f54998dd14d5f0695b41444f2b01c31e"},"headline":"SESI celebra dan\u00e7a em todos os ritmos","datePublished":"2013-12-09T20:36:25+00:00","mainEntityOfPage":{"@id":"https:\/\/fieam.org.br\/sesi\/sesi-celebra-danca-em-todos-os-ritmos\/"},"wordCount":503,"commentCount":0,"publisher":{"@id":"https:\/\/fieam.org.br\/sesi\/#organization"},"image":{"@id":"https:\/\/fieam.org.br\/sesi\/sesi-celebra-danca-em-todos-os-ritmos\/#primaryimage"},"thumbnailUrl":"http:\/\/www.fieam.org.br\/2015\/sesi\/wp-content\/uploads\/sites\/2\/2013\/12\/Lago-dos-Cisnes-com-as-alunas-do-SAF-300x200.jpg","articleSection":["News"],"inLanguage":"pt-BR","potentialAction":[{"@type":"CommentAction","name":"Comment","target":["https:\/\/fieam.org.br\/sesi\/sesi-celebra-danca-em-todos-os-ritmos\/#respond"]}]},{"@type":"WebPage","@id":"https:\/\/fieam.org.br\/sesi\/sesi-celebra-danca-em-todos-os-ritmos\/","url":"https:\/\/fieam.org.br\/sesi\/sesi-celebra-danca-em-todos-os-ritmos\/","name":"SESI celebra dan\u00e7a em todos os ritmos - SESI","isPartOf":{"@id":"https:\/\/fieam.org.br\/sesi\/#website"},"primaryImageOfPage":{"@id":"https:\/\/fieam.org.br\/sesi\/sesi-celebra-danca-em-todos-os-ritmos\/#primaryimage"},"image":{"@id":"https:\/\/fieam.org.br\/sesi\/sesi-celebra-danca-em-todos-os-ritmos\/#primaryimage"},"thumbnailUrl":"http:\/\/www.fieam.org.br\/2015\/sesi\/wp-content\/uploads\/sites\/2\/2013\/12\/Lago-dos-Cisnes-com-as-alunas-do-SAF-300x200.jpg","datePublished":"2013-12-09T20:36:25+00:00","breadcrumb":{"@id":"https:\/\/fieam.org.br\/sesi\/sesi-celebra-danca-em-todos-os-ritmos\/#breadcrumb"},"inLanguage":"pt-BR","potentialAction":[{"@type":"ReadAction","target":["https:\/\/fieam.org.br\/sesi\/sesi-celebra-danca-em-todos-os-ritmos\/"]}]},{"@type":"ImageObject","inLanguage":"pt-BR","@id":"https:\/\/fieam.org.br\/sesi\/sesi-celebra-danca-em-todos-os-ritmos\/#primaryimage","url":"http:\/\/www.fieam.org.br\/2015\/sesi\/wp-content\/uploads\/sites\/2\/2013\/12\/Lago-dos-Cisnes-com-as-alunas-do-SAF-300x200.jpg","contentUrl":"http:\/\/www.fieam.org.br\/2015\/sesi\/wp-content\/uploads\/sites\/2\/2013\/12\/Lago-dos-Cisnes-com-as-alunas-do-SAF-300x200.jpg"},{"@type":"BreadcrumbList","@id":"https:\/\/fieam.org.br\/sesi\/sesi-celebra-danca-em-todos-os-ritmos\/#breadcrumb","itemListElement":[{"@type":"ListItem","position":1,"name":"In\u00edcio","item":"https:\/\/fieam.org.br\/sesi\/"},{"@type":"ListItem","position":2,"name":"SESI celebra dan\u00e7a em todos os ritmos"}]},{"@type":"WebSite","@id":"https:\/\/fieam.org.br\/sesi\/#website","url":"https:\/\/fieam.org.br\/sesi\/","name":"SESI","description":"Site Oficial!","publisher":{"@id":"https:\/\/fieam.org.br\/sesi\/#organization"},"potentialAction":[{"@type":"SearchAction","target":{"@type":"EntryPoint","urlTemplate":"https:\/\/fieam.org.br\/sesi\/?s={search_term_string}"},"query-input":{"@type":"PropertyValueSpecification","valueRequired":true,"valueName":"search_term_string"}}],"inLanguage":"pt-BR"},{"@type":"Organization","@id":"https:\/\/fieam.org.br\/sesi\/#organization","name":"SESI","url":"https:\/\/fieam.org.br\/sesi\/","logo":{"@type":"ImageObject","inLanguage":"pt-BR","@id":"https:\/\/fieam.org.br\/sesi\/#\/schema\/logo\/image\/","url":"https:\/\/fieam.org.br\/sesi\/wp-content\/uploads\/sites\/14\/2024\/03\/cropped-fav.png","contentUrl":"https:\/\/fieam.org.br\/sesi\/wp-content\/uploads\/sites\/14\/2024\/03\/cropped-fav.png","width":610,"height":589,"caption":"SESI"},"image":{"@id":"https:\/\/fieam.org.br\/sesi\/#\/schema\/logo\/image\/"}},{"@type":"Person","@id":"https:\/\/fieam.org.br\/sesi\/#\/schema\/person\/f54998dd14d5f0695b41444f2b01c31e","name":"Autor","image":{"@type":"ImageObject","inLanguage":"pt-BR","@id":"https:\/\/secure.gravatar.com\/avatar\/3732c223e0e1fad69062a8f770955c9068d37b055204f310a0be18d4069fe380?s=96&d=mm&r=g","url":"https:\/\/secure.gravatar.com\/avatar\/3732c223e0e1fad69062a8f770955c9068d37b055204f310a0be18d4069fe380?s=96&d=mm&r=g","contentUrl":"https:\/\/secure.gravatar.com\/avatar\/3732c223e0e1fad69062a8f770955c9068d37b055204f310a0be18d4069fe380?s=96&d=mm&r=g","caption":"Autor"},"sameAs":["https:\/\/marketingmassivo.com.br"],"url":"https:\/\/fieam.org.br\/sesi\/author\/admin\/"}]}},"_links":{"self":[{"href":"https:\/\/fieam.org.br\/sesi\/wp-json\/wp\/v2\/posts\/19403","targetHints":{"allow":["GET"]}}],"collection":[{"href":"https:\/\/fieam.org.br\/sesi\/wp-json\/wp\/v2\/posts"}],"about":[{"href":"https:\/\/fieam.org.br\/sesi\/wp-json\/wp\/v2\/types\/post"}],"author":[{"embeddable":true,"href":"https:\/\/fieam.org.br\/sesi\/wp-json\/wp\/v2\/users\/1"}],"replies":[{"embeddable":true,"href":"https:\/\/fieam.org.br\/sesi\/wp-json\/wp\/v2\/comments?post=19403"}],"version-history":[{"count":0,"href":"https:\/\/fieam.org.br\/sesi\/wp-json\/wp\/v2\/posts\/19403\/revisions"}],"wp:attachment":[{"href":"https:\/\/fieam.org.br\/sesi\/wp-json\/wp\/v2\/media?parent=19403"}],"wp:term":[{"taxonomy":"category","embeddable":true,"href":"https:\/\/fieam.org.br\/sesi\/wp-json\/wp\/v2\/categories?post=19403"},{"taxonomy":"post_tag","embeddable":true,"href":"https:\/\/fieam.org.br\/sesi\/wp-json\/wp\/v2\/tags?post=19403"}],"curies":[{"name":"wp","href":"https:\/\/api.w.org\/{rel}","templated":true}]}}