{"id":19400,"date":"2013-12-06T10:36:03","date_gmt":"2013-12-06T10:36:03","guid":{"rendered":"http:\/\/www.fieam.org.br\/site\/sesi\/?p=4941"},"modified":"2013-12-06T10:36:03","modified_gmt":"2013-12-06T10:36:03","slug":"mostra-de-danca-do-sesi-vai-do-forro-ao-classico","status":"publish","type":"post","link":"https:\/\/fieam.org.br\/sesi\/mostra-de-danca-do-sesi-vai-do-forro-ao-classico\/","title":{"rendered":"Mostra de dan\u00e7a do SESI vai do forr\u00f3 ao cl\u00e1ssico"},"content":{"rendered":"<div lang=\"PT-BR\">\n<p style=\"text-align: left\" align=\"center\"><a href=\"http:\/\/www.fieam.org.br\/site\/sesi\/mostra-de-danca-do-sesi-vai-do-forro-ao-classico\/vii_mostra_de_dana%c2%a7a_2013_-_cartaz_flyer-2\/\" rel=\"attachment wp-att-4942\"><img fetchpriority=\"high\" decoding=\"async\" class=\"alignleft size-medium wp-image-4942\" alt=\"VII_Mostra_de_Dan\u00c3\u00a7a_2013_-_CARTAZ_FLYER\" src=\"http:\/\/www.fieam.org.br\/2015\/sesi\/wp-content\/uploads\/sites\/2\/2013\/12\/VII_Mostra_de_Dan\u00c3\u00a7a_2013_-_CARTAZ_FLYER-212x300.jpg\" width=\"212\" height=\"300\" \/><\/a>Forr\u00f3, salsa e mambo, e tamb\u00e9m bal\u00e9 cl\u00e1ssico e dan\u00e7a do ventre, est\u00e3o na programa\u00e7\u00e3o da VII Mostra N\u00facleo SESI de Dan\u00e7a, que acontece nesta sexta-feira (6), a partir de 17h, no Gin\u00e1sio \u00a0Dom\u00edcio Vellozo, no Clube do Trabalhador do Amazonas (Alameda Cosme Ferreira, 7.399, S\u00e3o Jos\u00e9), com entrada gratuita.<\/p>\n<p>Pelo menos 100 alunos do\u00a0<a href=\"http:\/\/www.fieam.org.br\/site\/sesi\/institucional\" target=\"_blank\" rel=\"noopener\">SESI Amazonas<\/a>\u00a0e outros 25 bailarinos de grupos convidados participam da mostra, que re\u00fane 25 trabalhos coreogr\u00e1ficos, infantis e adultos. O espet\u00e1culo encerra as atividades do N\u00facleo de Dan\u00e7a do SESI em 2013.<\/p>\n<p>Resultado do trabalho desenvolvido ao longo do ano pelas professoras do N\u00facleo, Sarah Masulo e Rafaela Oliveira, a mostra tem como destaque as cinco coreografias das turmas de \u201cbaby class\u201d, formadas por alunas do SESI na faixa dos 4 aos 11 anos de idade. Outra atra\u00e7\u00e3o \u00e9 o Grupo da Terceira Idade do SESI, que apresentar\u00e1 quatro trabalhos, todos coreografados por Sarah Masulo.<\/p>\n<p>A professora Rafaela Oliveira assina a maior parte das coreografias do bal\u00e9 cl\u00e1ssico, incluindo tr\u00eas do \u201cbaby class\u201d, como \u201cA Bela e a Fera\u201d, que abre o espet\u00e1culo, e \u201cAlice no Pa\u00eds das Maravilhas\u201d, com a turma mais adiantada, al\u00e9m da coreografia para \u201cSmooth Criminal\u201d em cima da m\u00fasica de Michael Jackson, \u00fanica representante do g\u00eanero jazz na mostra.<\/p>\n<p>Entre os convidados, o grupo de dan\u00e7a do Centro de Artes da Universidade Federal do Amazonas (Caua) e Cia de Dan\u00e7a do Ventre Nawaar apresentam dois trabalhos cada.<\/p>\n<p>Um dos g\u00eaneros tradicionais na Mostra do N\u00facleo, a dan\u00e7a do ventre ser\u00e1 apresentada em cinco coreografias ao longo do espet\u00e1culo.<\/p>\n<p>Graduadas em dan\u00e7a pela Universidade do Estado do Amazonas (UEA), Rafaela e Sarah assinam pelo menos 15 coreografias no espet\u00e1culo. S\u00e3o de Sarah Masulo dois dos trabalhos apresentados pelos alunos do Programa SESI Atletas do Futuro, que utiliza a atividade f\u00edsica, principalmente por meio do esporte, para promover a educa\u00e7\u00e3o e a inclus\u00e3o social de crian\u00e7as e adolescentes oriundos de fam\u00edlias de baixa renda. Em Manaus, o SAF trabalha com alunos das escolas estaduais General Sampaio, no bairro S\u00e3o Jorge, e Myrthes Trigueiro, no Coroado.<\/p>\n<p>Sarah considera sua atividade como professora de dan\u00e7a uma oportunidade de acompanhar o crescimento dos alunos, a maioria filhos de trabalhadores da ind\u00fastria, em todos os sentidos, n\u00e3o apenas f\u00edsico, mas tamb\u00e9m intelectual e art\u00edstico. Para a professora Rafaela, o ensino do bal\u00e9 cl\u00e1ssico \u00e9 o maior desafio no seu trabalho di\u00e1rio porque requer do professor e do aluno maior aprimoramento t\u00e9cnico. \u201cCada g\u00eanero tem o seu grau de dificuldade, mas o cl\u00e1ssico exige mais dedica\u00e7\u00e3o tanto para quem ensina quanto para quem aprende\u201d, diz Rafaela.<\/p>\n<p><strong>[nggallery id=212]<\/strong><\/p>\n<\/div>\n","protected":false},"excerpt":{"rendered":"<p>Forr\u00f3, salsa e mambo, e tamb\u00e9m bal\u00e9 cl\u00e1ssico e dan\u00e7a do ventre, est\u00e3o na programa\u00e7\u00e3o da VII Mostra N\u00facleo SESI de Dan\u00e7a, que acontece nesta sexta-feira (6), a partir de 17h, no Gin\u00e1sio \u00a0Dom\u00edcio Vellozo, no Clube do Trabalhador do Amazonas (Alameda Cosme Ferreira, 7.399, S\u00e3o Jos\u00e9), com entrada gratuita. Pelo menos 100 alunos do\u00a0SESI [&hellip;]<\/p>\n","protected":false},"author":1,"featured_media":0,"comment_status":"open","ping_status":"open","sticky":false,"template":"","format":"standard","meta":{"footnotes":""},"categories":[25],"tags":[],"class_list":["post-19400","post","type-post","status-publish","format-standard","hentry","category-news"],"yoast_head":"<!-- This site is optimized with the Yoast SEO plugin v28.2 - https:\/\/yoast.com\/product\/yoast-seo-wordpress\/ -->\n<title>Mostra de dan\u00e7a do SESI vai do forr\u00f3 ao cl\u00e1ssico - SESI<\/title>\n<meta name=\"robots\" content=\"index, follow, max-snippet:-1, max-image-preview:large, max-video-preview:-1\" \/>\n<link rel=\"canonical\" href=\"https:\/\/fieam.org.br\/sesi\/mostra-de-danca-do-sesi-vai-do-forro-ao-classico\/\" \/>\n<meta property=\"og:locale\" content=\"pt_BR\" \/>\n<meta property=\"og:type\" content=\"article\" \/>\n<meta property=\"og:title\" content=\"Mostra de dan\u00e7a do SESI vai do forr\u00f3 ao cl\u00e1ssico - SESI\" \/>\n<meta property=\"og:description\" content=\"Forr\u00f3, salsa e mambo, e tamb\u00e9m bal\u00e9 cl\u00e1ssico e dan\u00e7a do ventre, est\u00e3o na programa\u00e7\u00e3o da VII Mostra N\u00facleo SESI de Dan\u00e7a, que acontece nesta sexta-feira (6), a partir de 17h, no Gin\u00e1sio \u00a0Dom\u00edcio Vellozo, no Clube do Trabalhador do Amazonas (Alameda Cosme Ferreira, 7.399, S\u00e3o Jos\u00e9), com entrada gratuita. Pelo menos 100 alunos do\u00a0SESI [&hellip;]\" \/>\n<meta property=\"og:url\" content=\"https:\/\/fieam.org.br\/sesi\/mostra-de-danca-do-sesi-vai-do-forro-ao-classico\/\" \/>\n<meta property=\"og:site_name\" content=\"SESI\" \/>\n<meta property=\"article:published_time\" content=\"2013-12-06T10:36:03+00:00\" \/>\n<meta name=\"author\" content=\"Autor\" \/>\n<meta name=\"twitter:card\" content=\"summary_large_image\" \/>\n<meta name=\"twitter:label1\" content=\"Escrito por\" \/>\n\t<meta name=\"twitter:data1\" content=\"Autor\" \/>\n\t<meta name=\"twitter:label2\" content=\"Est. tempo de leitura\" \/>\n\t<meta name=\"twitter:data2\" content=\"2 minutos\" \/>\n<script type=\"application\/ld+json\" class=\"yoast-schema-graph\">{\"@context\":\"https:\\\/\\\/schema.org\",\"@graph\":[{\"@type\":\"Article\",\"@id\":\"https:\\\/\\\/fieam.org.br\\\/sesi\\\/mostra-de-danca-do-sesi-vai-do-forro-ao-classico\\\/#article\",\"isPartOf\":{\"@id\":\"https:\\\/\\\/fieam.org.br\\\/sesi\\\/mostra-de-danca-do-sesi-vai-do-forro-ao-classico\\\/\"},\"author\":{\"name\":\"Autor\",\"@id\":\"https:\\\/\\\/fieam.org.br\\\/sesi\\\/#\\\/schema\\\/person\\\/f54998dd14d5f0695b41444f2b01c31e\"},\"headline\":\"Mostra de dan\u00e7a do SESI vai do forr\u00f3 ao cl\u00e1ssico\",\"datePublished\":\"2013-12-06T10:36:03+00:00\",\"mainEntityOfPage\":{\"@id\":\"https:\\\/\\\/fieam.org.br\\\/sesi\\\/mostra-de-danca-do-sesi-vai-do-forro-ao-classico\\\/\"},\"wordCount\":484,\"commentCount\":0,\"publisher\":{\"@id\":\"https:\\\/\\\/fieam.org.br\\\/sesi\\\/#organization\"},\"articleSection\":[\"News\"],\"inLanguage\":\"pt-BR\",\"potentialAction\":[{\"@type\":\"CommentAction\",\"name\":\"Comment\",\"target\":[\"https:\\\/\\\/fieam.org.br\\\/sesi\\\/mostra-de-danca-do-sesi-vai-do-forro-ao-classico\\\/#respond\"]}]},{\"@type\":\"WebPage\",\"@id\":\"https:\\\/\\\/fieam.org.br\\\/sesi\\\/mostra-de-danca-do-sesi-vai-do-forro-ao-classico\\\/\",\"url\":\"https:\\\/\\\/fieam.org.br\\\/sesi\\\/mostra-de-danca-do-sesi-vai-do-forro-ao-classico\\\/\",\"name\":\"Mostra de dan\u00e7a do SESI vai do forr\u00f3 ao cl\u00e1ssico - SESI\",\"isPartOf\":{\"@id\":\"https:\\\/\\\/fieam.org.br\\\/sesi\\\/#website\"},\"datePublished\":\"2013-12-06T10:36:03+00:00\",\"breadcrumb\":{\"@id\":\"https:\\\/\\\/fieam.org.br\\\/sesi\\\/mostra-de-danca-do-sesi-vai-do-forro-ao-classico\\\/#breadcrumb\"},\"inLanguage\":\"pt-BR\",\"potentialAction\":[{\"@type\":\"ReadAction\",\"target\":[\"https:\\\/\\\/fieam.org.br\\\/sesi\\\/mostra-de-danca-do-sesi-vai-do-forro-ao-classico\\\/\"]}]},{\"@type\":\"BreadcrumbList\",\"@id\":\"https:\\\/\\\/fieam.org.br\\\/sesi\\\/mostra-de-danca-do-sesi-vai-do-forro-ao-classico\\\/#breadcrumb\",\"itemListElement\":[{\"@type\":\"ListItem\",\"position\":1,\"name\":\"In\u00edcio\",\"item\":\"https:\\\/\\\/fieam.org.br\\\/sesi\\\/\"},{\"@type\":\"ListItem\",\"position\":2,\"name\":\"Mostra de dan\u00e7a do SESI vai do forr\u00f3 ao cl\u00e1ssico\"}]},{\"@type\":\"WebSite\",\"@id\":\"https:\\\/\\\/fieam.org.br\\\/sesi\\\/#website\",\"url\":\"https:\\\/\\\/fieam.org.br\\\/sesi\\\/\",\"name\":\"SESI\",\"description\":\"Site Oficial!\",\"publisher\":{\"@id\":\"https:\\\/\\\/fieam.org.br\\\/sesi\\\/#organization\"},\"potentialAction\":[{\"@type\":\"SearchAction\",\"target\":{\"@type\":\"EntryPoint\",\"urlTemplate\":\"https:\\\/\\\/fieam.org.br\\\/sesi\\\/?s={search_term_string}\"},\"query-input\":{\"@type\":\"PropertyValueSpecification\",\"valueRequired\":true,\"valueName\":\"search_term_string\"}}],\"inLanguage\":\"pt-BR\"},{\"@type\":\"Organization\",\"@id\":\"https:\\\/\\\/fieam.org.br\\\/sesi\\\/#organization\",\"name\":\"SESI\",\"url\":\"https:\\\/\\\/fieam.org.br\\\/sesi\\\/\",\"logo\":{\"@type\":\"ImageObject\",\"inLanguage\":\"pt-BR\",\"@id\":\"https:\\\/\\\/fieam.org.br\\\/sesi\\\/#\\\/schema\\\/logo\\\/image\\\/\",\"url\":\"https:\\\/\\\/fieam.org.br\\\/sesi\\\/wp-content\\\/uploads\\\/sites\\\/14\\\/2024\\\/03\\\/cropped-fav.png\",\"contentUrl\":\"https:\\\/\\\/fieam.org.br\\\/sesi\\\/wp-content\\\/uploads\\\/sites\\\/14\\\/2024\\\/03\\\/cropped-fav.png\",\"width\":610,\"height\":589,\"caption\":\"SESI\"},\"image\":{\"@id\":\"https:\\\/\\\/fieam.org.br\\\/sesi\\\/#\\\/schema\\\/logo\\\/image\\\/\"}},{\"@type\":\"Person\",\"@id\":\"https:\\\/\\\/fieam.org.br\\\/sesi\\\/#\\\/schema\\\/person\\\/f54998dd14d5f0695b41444f2b01c31e\",\"name\":\"Autor\",\"image\":{\"@type\":\"ImageObject\",\"inLanguage\":\"pt-BR\",\"@id\":\"https:\\\/\\\/secure.gravatar.com\\\/avatar\\\/3732c223e0e1fad69062a8f770955c9068d37b055204f310a0be18d4069fe380?s=96&d=mm&r=g\",\"url\":\"https:\\\/\\\/secure.gravatar.com\\\/avatar\\\/3732c223e0e1fad69062a8f770955c9068d37b055204f310a0be18d4069fe380?s=96&d=mm&r=g\",\"contentUrl\":\"https:\\\/\\\/secure.gravatar.com\\\/avatar\\\/3732c223e0e1fad69062a8f770955c9068d37b055204f310a0be18d4069fe380?s=96&d=mm&r=g\",\"caption\":\"Autor\"},\"sameAs\":[\"https:\\\/\\\/marketingmassivo.com.br\"],\"url\":\"https:\\\/\\\/fieam.org.br\\\/sesi\\\/author\\\/admin\\\/\"}]}<\/script>\n<!-- \/ Yoast SEO plugin. -->","yoast_head_json":{"title":"Mostra de dan\u00e7a do SESI vai do forr\u00f3 ao cl\u00e1ssico - SESI","robots":{"index":"index","follow":"follow","max-snippet":"max-snippet:-1","max-image-preview":"max-image-preview:large","max-video-preview":"max-video-preview:-1"},"canonical":"https:\/\/fieam.org.br\/sesi\/mostra-de-danca-do-sesi-vai-do-forro-ao-classico\/","og_locale":"pt_BR","og_type":"article","og_title":"Mostra de dan\u00e7a do SESI vai do forr\u00f3 ao cl\u00e1ssico - SESI","og_description":"Forr\u00f3, salsa e mambo, e tamb\u00e9m bal\u00e9 cl\u00e1ssico e dan\u00e7a do ventre, est\u00e3o na programa\u00e7\u00e3o da VII Mostra N\u00facleo SESI de Dan\u00e7a, que acontece nesta sexta-feira (6), a partir de 17h, no Gin\u00e1sio \u00a0Dom\u00edcio Vellozo, no Clube do Trabalhador do Amazonas (Alameda Cosme Ferreira, 7.399, S\u00e3o Jos\u00e9), com entrada gratuita. Pelo menos 100 alunos do\u00a0SESI [&hellip;]","og_url":"https:\/\/fieam.org.br\/sesi\/mostra-de-danca-do-sesi-vai-do-forro-ao-classico\/","og_site_name":"SESI","article_published_time":"2013-12-06T10:36:03+00:00","author":"Autor","twitter_card":"summary_large_image","twitter_misc":{"Escrito por":"Autor","Est. tempo de leitura":"2 minutos"},"schema":{"@context":"https:\/\/schema.org","@graph":[{"@type":"Article","@id":"https:\/\/fieam.org.br\/sesi\/mostra-de-danca-do-sesi-vai-do-forro-ao-classico\/#article","isPartOf":{"@id":"https:\/\/fieam.org.br\/sesi\/mostra-de-danca-do-sesi-vai-do-forro-ao-classico\/"},"author":{"name":"Autor","@id":"https:\/\/fieam.org.br\/sesi\/#\/schema\/person\/f54998dd14d5f0695b41444f2b01c31e"},"headline":"Mostra de dan\u00e7a do SESI vai do forr\u00f3 ao cl\u00e1ssico","datePublished":"2013-12-06T10:36:03+00:00","mainEntityOfPage":{"@id":"https:\/\/fieam.org.br\/sesi\/mostra-de-danca-do-sesi-vai-do-forro-ao-classico\/"},"wordCount":484,"commentCount":0,"publisher":{"@id":"https:\/\/fieam.org.br\/sesi\/#organization"},"articleSection":["News"],"inLanguage":"pt-BR","potentialAction":[{"@type":"CommentAction","name":"Comment","target":["https:\/\/fieam.org.br\/sesi\/mostra-de-danca-do-sesi-vai-do-forro-ao-classico\/#respond"]}]},{"@type":"WebPage","@id":"https:\/\/fieam.org.br\/sesi\/mostra-de-danca-do-sesi-vai-do-forro-ao-classico\/","url":"https:\/\/fieam.org.br\/sesi\/mostra-de-danca-do-sesi-vai-do-forro-ao-classico\/","name":"Mostra de dan\u00e7a do SESI vai do forr\u00f3 ao cl\u00e1ssico - SESI","isPartOf":{"@id":"https:\/\/fieam.org.br\/sesi\/#website"},"datePublished":"2013-12-06T10:36:03+00:00","breadcrumb":{"@id":"https:\/\/fieam.org.br\/sesi\/mostra-de-danca-do-sesi-vai-do-forro-ao-classico\/#breadcrumb"},"inLanguage":"pt-BR","potentialAction":[{"@type":"ReadAction","target":["https:\/\/fieam.org.br\/sesi\/mostra-de-danca-do-sesi-vai-do-forro-ao-classico\/"]}]},{"@type":"BreadcrumbList","@id":"https:\/\/fieam.org.br\/sesi\/mostra-de-danca-do-sesi-vai-do-forro-ao-classico\/#breadcrumb","itemListElement":[{"@type":"ListItem","position":1,"name":"In\u00edcio","item":"https:\/\/fieam.org.br\/sesi\/"},{"@type":"ListItem","position":2,"name":"Mostra de dan\u00e7a do SESI vai do forr\u00f3 ao cl\u00e1ssico"}]},{"@type":"WebSite","@id":"https:\/\/fieam.org.br\/sesi\/#website","url":"https:\/\/fieam.org.br\/sesi\/","name":"SESI","description":"Site Oficial!","publisher":{"@id":"https:\/\/fieam.org.br\/sesi\/#organization"},"potentialAction":[{"@type":"SearchAction","target":{"@type":"EntryPoint","urlTemplate":"https:\/\/fieam.org.br\/sesi\/?s={search_term_string}"},"query-input":{"@type":"PropertyValueSpecification","valueRequired":true,"valueName":"search_term_string"}}],"inLanguage":"pt-BR"},{"@type":"Organization","@id":"https:\/\/fieam.org.br\/sesi\/#organization","name":"SESI","url":"https:\/\/fieam.org.br\/sesi\/","logo":{"@type":"ImageObject","inLanguage":"pt-BR","@id":"https:\/\/fieam.org.br\/sesi\/#\/schema\/logo\/image\/","url":"https:\/\/fieam.org.br\/sesi\/wp-content\/uploads\/sites\/14\/2024\/03\/cropped-fav.png","contentUrl":"https:\/\/fieam.org.br\/sesi\/wp-content\/uploads\/sites\/14\/2024\/03\/cropped-fav.png","width":610,"height":589,"caption":"SESI"},"image":{"@id":"https:\/\/fieam.org.br\/sesi\/#\/schema\/logo\/image\/"}},{"@type":"Person","@id":"https:\/\/fieam.org.br\/sesi\/#\/schema\/person\/f54998dd14d5f0695b41444f2b01c31e","name":"Autor","image":{"@type":"ImageObject","inLanguage":"pt-BR","@id":"https:\/\/secure.gravatar.com\/avatar\/3732c223e0e1fad69062a8f770955c9068d37b055204f310a0be18d4069fe380?s=96&d=mm&r=g","url":"https:\/\/secure.gravatar.com\/avatar\/3732c223e0e1fad69062a8f770955c9068d37b055204f310a0be18d4069fe380?s=96&d=mm&r=g","contentUrl":"https:\/\/secure.gravatar.com\/avatar\/3732c223e0e1fad69062a8f770955c9068d37b055204f310a0be18d4069fe380?s=96&d=mm&r=g","caption":"Autor"},"sameAs":["https:\/\/marketingmassivo.com.br"],"url":"https:\/\/fieam.org.br\/sesi\/author\/admin\/"}]}},"_links":{"self":[{"href":"https:\/\/fieam.org.br\/sesi\/wp-json\/wp\/v2\/posts\/19400","targetHints":{"allow":["GET"]}}],"collection":[{"href":"https:\/\/fieam.org.br\/sesi\/wp-json\/wp\/v2\/posts"}],"about":[{"href":"https:\/\/fieam.org.br\/sesi\/wp-json\/wp\/v2\/types\/post"}],"author":[{"embeddable":true,"href":"https:\/\/fieam.org.br\/sesi\/wp-json\/wp\/v2\/users\/1"}],"replies":[{"embeddable":true,"href":"https:\/\/fieam.org.br\/sesi\/wp-json\/wp\/v2\/comments?post=19400"}],"version-history":[{"count":0,"href":"https:\/\/fieam.org.br\/sesi\/wp-json\/wp\/v2\/posts\/19400\/revisions"}],"wp:attachment":[{"href":"https:\/\/fieam.org.br\/sesi\/wp-json\/wp\/v2\/media?parent=19400"}],"wp:term":[{"taxonomy":"category","embeddable":true,"href":"https:\/\/fieam.org.br\/sesi\/wp-json\/wp\/v2\/categories?post=19400"},{"taxonomy":"post_tag","embeddable":true,"href":"https:\/\/fieam.org.br\/sesi\/wp-json\/wp\/v2\/tags?post=19400"}],"curies":[{"name":"wp","href":"https:\/\/api.w.org\/{rel}","templated":true}]}}