{"id":19393,"date":"2013-11-27T20:27:51","date_gmt":"2013-11-27T20:27:51","guid":{"rendered":"http:\/\/www.fieam.org.br\/site\/sesi\/?p=4893"},"modified":"2013-11-27T20:27:51","modified_gmt":"2013-11-27T20:27:51","slug":"i-forum-sobre-sexualidade-do-programa-viravida","status":"publish","type":"post","link":"https:\/\/fieam.org.br\/sesi\/i-forum-sobre-sexualidade-do-programa-viravida\/","title":{"rendered":"I F\u00f3rum sobre Sexualidade do Programa VIRAVIDA"},"content":{"rendered":"<p><a href=\"http:\/\/www.fieam.org.br\/site\/sesi\/i-forum-sobre-sexualidade-do-programa-viravida\/conviteemergencial\/\" rel=\"attachment wp-att-4894\"><img fetchpriority=\"high\" decoding=\"async\" class=\"alignleft  wp-image-4894\" alt=\"ConviteEmergencial\" src=\"http:\/\/www.fieam.org.br\/2015\/sesi\/wp-content\/uploads\/sites\/2\/2013\/11\/ConviteEmergencial-1024x876.jpg\" width=\"310\" height=\"265\" \/><\/a>O\u00a0<a href=\"http:\/\/www.fieam.org.br\/site\/sesi\/institucional\" target=\"_blank\" rel=\"noopener\">Servi\u00e7o Social da Ind\u00fastria (SESI Amazonas)<\/a>, por meio do\u00a0<b>Projeto Vira Vida<\/b>, realiza nesta quinta e sexta (28 e 29) de\u00a0novembro, na Avenida Joaquim Nabuco, 1919, Centro, o\u00a0<b>I F\u00f3rum sobre Sexualidade<\/b>.<\/p>\n<p>O objetivo do evento \u00e9 debater e refletir sobre o tema com os adolescentes e jovens do programa e tamb\u00e9m convidados.<\/p>\n<p>Na ocasi\u00e3o, ser\u00e3o discutidos os temas\u00a0Desigualdade de G\u00eanero, Diversidade Sexual e suas possibilidades de Express\u00e3o, Preven\u00e7\u00e3o a DST\u2019S\/AIDS e Sexualidade, Direitos Humanos e Diversidade Sexual, entre outras oficinas.<\/p>\n<p>Os jovens do projeto exercer\u00e3o seu protagonismo, por meio das atividades do evento, atuando como mestres de cerim\u00f4nia, fot\u00f3grafos, rep\u00f3rteres, recepcionistas e instrutores de algumas oficinas.<\/p>\n<p>&nbsp;<\/p>\n<p align=\"center\"><b>PROGRAMA\u00c7\u00c3O<\/b><\/p>\n<table style=\"width: 100%\" border=\"0\" cellspacing=\"0\" cellpadding=\"0\">\n<tbody>\n<tr>\n<td colspan=\"2\" valign=\"top\"><b>28\/11- Quinta-feira\u00a0 (Local: FIEAM)<\/b><\/td>\n<\/tr>\n<tr>\n<td valign=\"top\" width=\"15%\">7h30min<\/td>\n<td valign=\"top\" width=\"84%\">Credenciamento com caf\u00e9 da manh\u00e3<\/td>\n<\/tr>\n<tr>\n<td valign=\"top\" width=\"15%\">\u00a0\u00a0\u00a0\u00a0\u00a0\u00a0\u00a0\u00a0\u00a0\u00a0\u00a0\u00a0\u00a0\u00a0\u00a0\u00a0\u00a0\u00a0\u00a0\u00a0\u00a0\u00a0\u00a0\u00a0\u00a0\u00a0\u00a0\u00a0\u00a0\u00a0<\/td>\n<td valign=\"top\" width=\"84%\">Solenidade de abertura e Leitura da Carta da Juventude do Viravida<\/td>\n<\/tr>\n<tr>\n<td valign=\"top\" width=\"15%\">&nbsp;<\/p>\n<p>8hs45min<\/td>\n<td valign=\"top\" width=\"84%\">1\u00aa Palestra \u2013\u00a0<b>Desigualdade de G\u00eanero<\/b><\/p>\n<p>\u00a7\u00a0\u00a0Palestrante: Francy Junior \u2013 Historiadora e Representante do F\u00f3rum Permanente das Mulheres de Manaus<\/td>\n<\/tr>\n<tr>\n<td valign=\"top\" width=\"15%\">&nbsp;<\/p>\n<p>9h15min<\/td>\n<td valign=\"top\" width=\"84%\">2\u00aa Palestra &#8211;\u00a0<b>Diversidade Sexual e suas possibilidades de Express\u00e3o<\/b><\/p>\n<p>\u00a7\u00a0\u00a0Palestrante: Jeffeson Pereira &#8211; Prof\u00ba do Departamento de Servi\u00e7o Social da UFAM. Secret\u00e1rio do F\u00f3rum LGBT &#8211; L\u00e9sbica, Gays, Bissexuais e Transexuais\u00a0 do Amazonas<\/td>\n<\/tr>\n<tr>\n<td valign=\"top\" width=\"15%\">9h45min<\/td>\n<td valign=\"top\" width=\"84%\">Lanche \/ Gin\u00e1stica<\/td>\n<\/tr>\n<tr>\n<td valign=\"top\" width=\"15%\">10h<\/td>\n<td valign=\"top\" width=\"84%\">3\u00aa Palestra \u2013\u00a0<b>Preven\u00e7\u00e3o a DST\u2019S\/AIDS e Sexualidade<\/b><\/p>\n<p>\u00a7\u00a0\u00a0Palestrante: Adonias Sampaio \u2013 Psic\u00f3logo do Setor de Seguran\u00e7a Social do SESI.<\/td>\n<\/tr>\n<tr>\n<td valign=\"top\" width=\"15%\">10h30min<\/td>\n<td valign=\"top\" width=\"84%\">4\u00aa Palestra \u2013\u00a0<b>Direitos Humanos e Diversidade Sexual<\/b><\/p>\n<p>\u00a7\u00a0\u00a0Palestrantes:<\/p>\n<p>* Nilce Elaine Byron Ramos \u2013 Psic\u00f3loga e Investigadora da 4\u00aa Delegacia Seccional do S\u00e3o Jorge. Bacharelada em Direito.<\/p>\n<p>*Pl\u00ednio Moreli de S\u00e1 Nogueira \u2013 Advogado. Presidente da Comiss\u00e3o OAB vai \u00e1 escola; Conselheiro estadual da OAB.<\/td>\n<\/tr>\n<tr>\n<td valign=\"top\" width=\"15%\">11h<\/td>\n<td valign=\"top\" width=\"84%\">Mesa Redonda- Espa\u00e7o para as perguntas<\/td>\n<\/tr>\n<tr>\n<td valign=\"top\" width=\"15%\">12h<\/td>\n<td valign=\"top\" width=\"84%\">Encerramento<\/td>\n<\/tr>\n<tr>\n<td colspan=\"2\" valign=\"top\"><b>29\/11\u00a0<\/b>&#8211;\u00a0<b>\u00a0Sexta-feira (Local: Projeto ViraVida \u2013 CAT 1)<\/b><\/td>\n<\/tr>\n<tr>\n<td valign=\"top\">7h30min<\/td>\n<td valign=\"top\">Escolha das\u00a0<b>Oficinas de Viv\u00eancia\u00a0<\/b>\/ Caf\u00e9 da Manh\u00e3<\/p>\n<p>\u00a7\u00a0\u00a0Oficinas de Viv\u00eancia acontecendo simultaneamente<\/td>\n<\/tr>\n<tr>\n<td valign=\"top\">8h &#8211; 12h<\/td>\n<td valign=\"top\">Oficina \u2013\u00a0<b>A sexualidade na Hist\u00f3ria<\/b><\/p>\n<p>Facilitadores: Lucas Furtado e Ingrid Barbosa<\/td>\n<\/tr>\n<tr>\n<td valign=\"top\">8h &#8211; 12h<\/td>\n<td valign=\"top\">Oficina \u2013\u00a0<b>Play Back Theater<\/b><\/p>\n<p>Facilitadores: Magno Kennedy<\/td>\n<\/tr>\n<tr>\n<td valign=\"top\">8h &#8211; 12h<\/td>\n<td valign=\"top\">Oficina \u2013\u00a0<b>Cuidando de Mim<\/b><\/p>\n<p>Facilitadores:\u00a0 Suelem Dias, Maximilian Oliveira e Keflyn Oliveira<\/td>\n<\/tr>\n<tr>\n<td valign=\"top\">8h &#8211; 12h<\/td>\n<td valign=\"top\">Oficina \u2013\u00a0<b>Ludicidade e Afetividade<\/b><\/p>\n<p>Facilitadores: Ana Carolina Santos, Emanuel Felipe Costa e Laleska Cruz<\/td>\n<\/tr>\n<tr>\n<td valign=\"top\">8h &#8211; 12h<\/td>\n<td valign=\"top\">Oficina \u2013\u00a0<b>Vulnerabilidade e Preventividade: O reconhecimento das situa\u00e7\u00f5es de risco pessoal na ESCA.<\/b><\/p>\n<p>Facilitador: Lidiane Candido \u2013 Assistente Social<\/td>\n<\/tr>\n<tr>\n<td valign=\"top\">8h &#8211; 12h<\/td>\n<td valign=\"top\">Oficina &#8211;\u00a0<b>Parlamento Juvenil sobre Sexualidade<\/b><\/p>\n<p>Facilitadores: Talissia Batista, Brenna\u00a0 Ramos, Jo\u00e3o Marcos\u00a0 Dutrae Jean Michel Ribeiro<\/td>\n<\/tr>\n<tr>\n<td valign=\"top\">12h &#8211; 13h<\/td>\n<td valign=\"top\"><b>ALMO\u00c7O<\/b><\/td>\n<\/tr>\n<tr>\n<td valign=\"top\">&nbsp;<\/td>\n<td valign=\"top\">Apresenta\u00e7\u00e3o dos resultados das oficinas de Viv\u00eancia<\/td>\n<\/tr>\n<tr>\n<td valign=\"top\">13h<\/td>\n<td valign=\"top\">Resultado da Oficina de Viv\u00eancia:\u00a0<b>A sexualidade na Hist\u00f3ria<\/b><\/td>\n<\/tr>\n<tr>\n<td valign=\"top\">13h30min<\/td>\n<td valign=\"top\">Resultado da Oficina de Viv\u00eancia:\u00a0<b>Play Back Theater<\/b><\/td>\n<\/tr>\n<tr>\n<td valign=\"top\">14h<\/td>\n<td valign=\"top\">Resultado da Oficina de Viv\u00eancia:\u00a0<b>Cuidando de Mim<\/b><\/td>\n<\/tr>\n<tr>\n<td valign=\"top\">14h30min<\/td>\n<td valign=\"top\">Resultado da Oficina de Viv\u00eancia:\u00a0<b>Ludicidade e Afetividade<\/b><\/td>\n<\/tr>\n<tr>\n<td valign=\"top\">15h<\/td>\n<td valign=\"top\">Resultado da Oficina de Viv\u00eancia:\u00a0<b>Vulnerabilidade e Preventividade: O reconhecimento das situa\u00e7\u00f5es de risco pessoal na ESCA.<\/b><\/td>\n<\/tr>\n<tr>\n<td valign=\"top\">15h30min<\/td>\n<td valign=\"top\">Resultado da Oficina de Viv\u00eancia:\u00a0<b>Parlamento Juvenil sobre Sexualidade<\/b><\/td>\n<\/tr>\n<tr>\n<td valign=\"top\">16h<\/td>\n<td valign=\"top\"><b>Encerramento\/ Lanche<\/b><\/td>\n<\/tr>\n<\/tbody>\n<\/table>\n<p><strong><i>\u201cA sexualidade \u00e9 um componente da boa sa\u00fade, inspira a cria\u00e7\u00e3o e \u00e9 parte do caminho da alma.&#8221;<\/i><\/strong><b><i>\u00a0\u00a0\u00a0\u00a0\u00a0\u00a0\u00a0\u00a0\u00a0\u00a0\u00a0\u00a0\u00a0\u00a0\u00a0\u00a0\u00a0\u00a0\u00a0\u00a0\u00a0\u00a0\u00a0\u00a0\u00a0<\/i><\/b><\/p>\n<p align=\"center\"><b><i>\u00a0<strong>(Isabel Allende)<\/strong><\/i><\/b><\/p>\n","protected":false},"excerpt":{"rendered":"<p>O\u00a0Servi\u00e7o Social da Ind\u00fastria (SESI Amazonas), por meio do\u00a0Projeto Vira Vida, realiza nesta quinta e sexta (28 e 29) de\u00a0novembro, na Avenida Joaquim Nabuco, 1919, Centro, o\u00a0I F\u00f3rum sobre Sexualidade. O objetivo do evento \u00e9 debater e refletir sobre o tema com os adolescentes e jovens do programa e tamb\u00e9m convidados. Na ocasi\u00e3o, ser\u00e3o discutidos [&hellip;]<\/p>\n","protected":false},"author":1,"featured_media":0,"comment_status":"open","ping_status":"open","sticky":false,"template":"","format":"standard","meta":{"footnotes":""},"categories":[25],"tags":[],"class_list":["post-19393","post","type-post","status-publish","format-standard","hentry","category-news"],"yoast_head":"<!-- This site is optimized with the Yoast SEO plugin v28.2 - https:\/\/yoast.com\/product\/yoast-seo-wordpress\/ -->\n<title>I F\u00f3rum sobre Sexualidade do Programa VIRAVIDA - SESI<\/title>\n<meta name=\"robots\" content=\"index, follow, max-snippet:-1, max-image-preview:large, max-video-preview:-1\" \/>\n<link rel=\"canonical\" href=\"https:\/\/fieam.org.br\/sesi\/i-forum-sobre-sexualidade-do-programa-viravida\/\" \/>\n<meta property=\"og:locale\" content=\"pt_BR\" \/>\n<meta property=\"og:type\" content=\"article\" \/>\n<meta property=\"og:title\" content=\"I F\u00f3rum sobre Sexualidade do Programa VIRAVIDA - SESI\" \/>\n<meta property=\"og:description\" content=\"O\u00a0Servi\u00e7o Social da Ind\u00fastria (SESI Amazonas), por meio do\u00a0Projeto Vira Vida, realiza nesta quinta e sexta (28 e 29) de\u00a0novembro, na Avenida Joaquim Nabuco, 1919, Centro, o\u00a0I F\u00f3rum sobre Sexualidade. O objetivo do evento \u00e9 debater e refletir sobre o tema com os adolescentes e jovens do programa e tamb\u00e9m convidados. Na ocasi\u00e3o, ser\u00e3o discutidos [&hellip;]\" \/>\n<meta property=\"og:url\" content=\"https:\/\/fieam.org.br\/sesi\/i-forum-sobre-sexualidade-do-programa-viravida\/\" \/>\n<meta property=\"og:site_name\" content=\"SESI\" \/>\n<meta property=\"article:published_time\" content=\"2013-11-27T20:27:51+00:00\" \/>\n<meta name=\"author\" content=\"Autor\" \/>\n<meta name=\"twitter:card\" content=\"summary_large_image\" \/>\n<meta name=\"twitter:label1\" content=\"Escrito por\" \/>\n\t<meta name=\"twitter:data1\" content=\"Autor\" \/>\n\t<meta name=\"twitter:label2\" content=\"Est. tempo de leitura\" \/>\n\t<meta name=\"twitter:data2\" content=\"3 minutos\" \/>\n<script type=\"application\/ld+json\" class=\"yoast-schema-graph\">{\"@context\":\"https:\\\/\\\/schema.org\",\"@graph\":[{\"@type\":\"Article\",\"@id\":\"https:\\\/\\\/fieam.org.br\\\/sesi\\\/i-forum-sobre-sexualidade-do-programa-viravida\\\/#article\",\"isPartOf\":{\"@id\":\"https:\\\/\\\/fieam.org.br\\\/sesi\\\/i-forum-sobre-sexualidade-do-programa-viravida\\\/\"},\"author\":{\"name\":\"Autor\",\"@id\":\"https:\\\/\\\/fieam.org.br\\\/sesi\\\/#\\\/schema\\\/person\\\/f54998dd14d5f0695b41444f2b01c31e\"},\"headline\":\"I F\u00f3rum sobre Sexualidade do Programa VIRAVIDA\",\"datePublished\":\"2013-11-27T20:27:51+00:00\",\"mainEntityOfPage\":{\"@id\":\"https:\\\/\\\/fieam.org.br\\\/sesi\\\/i-forum-sobre-sexualidade-do-programa-viravida\\\/\"},\"wordCount\":537,\"commentCount\":0,\"publisher\":{\"@id\":\"https:\\\/\\\/fieam.org.br\\\/sesi\\\/#organization\"},\"image\":{\"@id\":\"https:\\\/\\\/fieam.org.br\\\/sesi\\\/i-forum-sobre-sexualidade-do-programa-viravida\\\/#primaryimage\"},\"thumbnailUrl\":\"http:\\\/\\\/www.fieam.org.br\\\/2015\\\/sesi\\\/wp-content\\\/uploads\\\/sites\\\/2\\\/2013\\\/11\\\/ConviteEmergencial-1024x876.jpg\",\"articleSection\":[\"News\"],\"inLanguage\":\"pt-BR\",\"potentialAction\":[{\"@type\":\"CommentAction\",\"name\":\"Comment\",\"target\":[\"https:\\\/\\\/fieam.org.br\\\/sesi\\\/i-forum-sobre-sexualidade-do-programa-viravida\\\/#respond\"]}]},{\"@type\":\"WebPage\",\"@id\":\"https:\\\/\\\/fieam.org.br\\\/sesi\\\/i-forum-sobre-sexualidade-do-programa-viravida\\\/\",\"url\":\"https:\\\/\\\/fieam.org.br\\\/sesi\\\/i-forum-sobre-sexualidade-do-programa-viravida\\\/\",\"name\":\"I F\u00f3rum sobre Sexualidade do Programa VIRAVIDA - SESI\",\"isPartOf\":{\"@id\":\"https:\\\/\\\/fieam.org.br\\\/sesi\\\/#website\"},\"primaryImageOfPage\":{\"@id\":\"https:\\\/\\\/fieam.org.br\\\/sesi\\\/i-forum-sobre-sexualidade-do-programa-viravida\\\/#primaryimage\"},\"image\":{\"@id\":\"https:\\\/\\\/fieam.org.br\\\/sesi\\\/i-forum-sobre-sexualidade-do-programa-viravida\\\/#primaryimage\"},\"thumbnailUrl\":\"http:\\\/\\\/www.fieam.org.br\\\/2015\\\/sesi\\\/wp-content\\\/uploads\\\/sites\\\/2\\\/2013\\\/11\\\/ConviteEmergencial-1024x876.jpg\",\"datePublished\":\"2013-11-27T20:27:51+00:00\",\"breadcrumb\":{\"@id\":\"https:\\\/\\\/fieam.org.br\\\/sesi\\\/i-forum-sobre-sexualidade-do-programa-viravida\\\/#breadcrumb\"},\"inLanguage\":\"pt-BR\",\"potentialAction\":[{\"@type\":\"ReadAction\",\"target\":[\"https:\\\/\\\/fieam.org.br\\\/sesi\\\/i-forum-sobre-sexualidade-do-programa-viravida\\\/\"]}]},{\"@type\":\"ImageObject\",\"inLanguage\":\"pt-BR\",\"@id\":\"https:\\\/\\\/fieam.org.br\\\/sesi\\\/i-forum-sobre-sexualidade-do-programa-viravida\\\/#primaryimage\",\"url\":\"http:\\\/\\\/www.fieam.org.br\\\/2015\\\/sesi\\\/wp-content\\\/uploads\\\/sites\\\/2\\\/2013\\\/11\\\/ConviteEmergencial-1024x876.jpg\",\"contentUrl\":\"http:\\\/\\\/www.fieam.org.br\\\/2015\\\/sesi\\\/wp-content\\\/uploads\\\/sites\\\/2\\\/2013\\\/11\\\/ConviteEmergencial-1024x876.jpg\"},{\"@type\":\"BreadcrumbList\",\"@id\":\"https:\\\/\\\/fieam.org.br\\\/sesi\\\/i-forum-sobre-sexualidade-do-programa-viravida\\\/#breadcrumb\",\"itemListElement\":[{\"@type\":\"ListItem\",\"position\":1,\"name\":\"In\u00edcio\",\"item\":\"https:\\\/\\\/fieam.org.br\\\/sesi\\\/\"},{\"@type\":\"ListItem\",\"position\":2,\"name\":\"I F\u00f3rum sobre Sexualidade do Programa VIRAVIDA\"}]},{\"@type\":\"WebSite\",\"@id\":\"https:\\\/\\\/fieam.org.br\\\/sesi\\\/#website\",\"url\":\"https:\\\/\\\/fieam.org.br\\\/sesi\\\/\",\"name\":\"SESI\",\"description\":\"Site Oficial!\",\"publisher\":{\"@id\":\"https:\\\/\\\/fieam.org.br\\\/sesi\\\/#organization\"},\"potentialAction\":[{\"@type\":\"SearchAction\",\"target\":{\"@type\":\"EntryPoint\",\"urlTemplate\":\"https:\\\/\\\/fieam.org.br\\\/sesi\\\/?s={search_term_string}\"},\"query-input\":{\"@type\":\"PropertyValueSpecification\",\"valueRequired\":true,\"valueName\":\"search_term_string\"}}],\"inLanguage\":\"pt-BR\"},{\"@type\":\"Organization\",\"@id\":\"https:\\\/\\\/fieam.org.br\\\/sesi\\\/#organization\",\"name\":\"SESI\",\"url\":\"https:\\\/\\\/fieam.org.br\\\/sesi\\\/\",\"logo\":{\"@type\":\"ImageObject\",\"inLanguage\":\"pt-BR\",\"@id\":\"https:\\\/\\\/fieam.org.br\\\/sesi\\\/#\\\/schema\\\/logo\\\/image\\\/\",\"url\":\"https:\\\/\\\/fieam.org.br\\\/sesi\\\/wp-content\\\/uploads\\\/sites\\\/14\\\/2024\\\/03\\\/cropped-fav.png\",\"contentUrl\":\"https:\\\/\\\/fieam.org.br\\\/sesi\\\/wp-content\\\/uploads\\\/sites\\\/14\\\/2024\\\/03\\\/cropped-fav.png\",\"width\":610,\"height\":589,\"caption\":\"SESI\"},\"image\":{\"@id\":\"https:\\\/\\\/fieam.org.br\\\/sesi\\\/#\\\/schema\\\/logo\\\/image\\\/\"}},{\"@type\":\"Person\",\"@id\":\"https:\\\/\\\/fieam.org.br\\\/sesi\\\/#\\\/schema\\\/person\\\/f54998dd14d5f0695b41444f2b01c31e\",\"name\":\"Autor\",\"image\":{\"@type\":\"ImageObject\",\"inLanguage\":\"pt-BR\",\"@id\":\"https:\\\/\\\/secure.gravatar.com\\\/avatar\\\/3732c223e0e1fad69062a8f770955c9068d37b055204f310a0be18d4069fe380?s=96&d=mm&r=g\",\"url\":\"https:\\\/\\\/secure.gravatar.com\\\/avatar\\\/3732c223e0e1fad69062a8f770955c9068d37b055204f310a0be18d4069fe380?s=96&d=mm&r=g\",\"contentUrl\":\"https:\\\/\\\/secure.gravatar.com\\\/avatar\\\/3732c223e0e1fad69062a8f770955c9068d37b055204f310a0be18d4069fe380?s=96&d=mm&r=g\",\"caption\":\"Autor\"},\"sameAs\":[\"https:\\\/\\\/marketingmassivo.com.br\"],\"url\":\"https:\\\/\\\/fieam.org.br\\\/sesi\\\/author\\\/admin\\\/\"}]}<\/script>\n<!-- \/ Yoast SEO plugin. -->","yoast_head_json":{"title":"I F\u00f3rum sobre Sexualidade do Programa VIRAVIDA - SESI","robots":{"index":"index","follow":"follow","max-snippet":"max-snippet:-1","max-image-preview":"max-image-preview:large","max-video-preview":"max-video-preview:-1"},"canonical":"https:\/\/fieam.org.br\/sesi\/i-forum-sobre-sexualidade-do-programa-viravida\/","og_locale":"pt_BR","og_type":"article","og_title":"I F\u00f3rum sobre Sexualidade do Programa VIRAVIDA - SESI","og_description":"O\u00a0Servi\u00e7o Social da Ind\u00fastria (SESI Amazonas), por meio do\u00a0Projeto Vira Vida, realiza nesta quinta e sexta (28 e 29) de\u00a0novembro, na Avenida Joaquim Nabuco, 1919, Centro, o\u00a0I F\u00f3rum sobre Sexualidade. O objetivo do evento \u00e9 debater e refletir sobre o tema com os adolescentes e jovens do programa e tamb\u00e9m convidados. Na ocasi\u00e3o, ser\u00e3o discutidos [&hellip;]","og_url":"https:\/\/fieam.org.br\/sesi\/i-forum-sobre-sexualidade-do-programa-viravida\/","og_site_name":"SESI","article_published_time":"2013-11-27T20:27:51+00:00","author":"Autor","twitter_card":"summary_large_image","twitter_misc":{"Escrito por":"Autor","Est. tempo de leitura":"3 minutos"},"schema":{"@context":"https:\/\/schema.org","@graph":[{"@type":"Article","@id":"https:\/\/fieam.org.br\/sesi\/i-forum-sobre-sexualidade-do-programa-viravida\/#article","isPartOf":{"@id":"https:\/\/fieam.org.br\/sesi\/i-forum-sobre-sexualidade-do-programa-viravida\/"},"author":{"name":"Autor","@id":"https:\/\/fieam.org.br\/sesi\/#\/schema\/person\/f54998dd14d5f0695b41444f2b01c31e"},"headline":"I F\u00f3rum sobre Sexualidade do Programa VIRAVIDA","datePublished":"2013-11-27T20:27:51+00:00","mainEntityOfPage":{"@id":"https:\/\/fieam.org.br\/sesi\/i-forum-sobre-sexualidade-do-programa-viravida\/"},"wordCount":537,"commentCount":0,"publisher":{"@id":"https:\/\/fieam.org.br\/sesi\/#organization"},"image":{"@id":"https:\/\/fieam.org.br\/sesi\/i-forum-sobre-sexualidade-do-programa-viravida\/#primaryimage"},"thumbnailUrl":"http:\/\/www.fieam.org.br\/2015\/sesi\/wp-content\/uploads\/sites\/2\/2013\/11\/ConviteEmergencial-1024x876.jpg","articleSection":["News"],"inLanguage":"pt-BR","potentialAction":[{"@type":"CommentAction","name":"Comment","target":["https:\/\/fieam.org.br\/sesi\/i-forum-sobre-sexualidade-do-programa-viravida\/#respond"]}]},{"@type":"WebPage","@id":"https:\/\/fieam.org.br\/sesi\/i-forum-sobre-sexualidade-do-programa-viravida\/","url":"https:\/\/fieam.org.br\/sesi\/i-forum-sobre-sexualidade-do-programa-viravida\/","name":"I F\u00f3rum sobre Sexualidade do Programa VIRAVIDA - SESI","isPartOf":{"@id":"https:\/\/fieam.org.br\/sesi\/#website"},"primaryImageOfPage":{"@id":"https:\/\/fieam.org.br\/sesi\/i-forum-sobre-sexualidade-do-programa-viravida\/#primaryimage"},"image":{"@id":"https:\/\/fieam.org.br\/sesi\/i-forum-sobre-sexualidade-do-programa-viravida\/#primaryimage"},"thumbnailUrl":"http:\/\/www.fieam.org.br\/2015\/sesi\/wp-content\/uploads\/sites\/2\/2013\/11\/ConviteEmergencial-1024x876.jpg","datePublished":"2013-11-27T20:27:51+00:00","breadcrumb":{"@id":"https:\/\/fieam.org.br\/sesi\/i-forum-sobre-sexualidade-do-programa-viravida\/#breadcrumb"},"inLanguage":"pt-BR","potentialAction":[{"@type":"ReadAction","target":["https:\/\/fieam.org.br\/sesi\/i-forum-sobre-sexualidade-do-programa-viravida\/"]}]},{"@type":"ImageObject","inLanguage":"pt-BR","@id":"https:\/\/fieam.org.br\/sesi\/i-forum-sobre-sexualidade-do-programa-viravida\/#primaryimage","url":"http:\/\/www.fieam.org.br\/2015\/sesi\/wp-content\/uploads\/sites\/2\/2013\/11\/ConviteEmergencial-1024x876.jpg","contentUrl":"http:\/\/www.fieam.org.br\/2015\/sesi\/wp-content\/uploads\/sites\/2\/2013\/11\/ConviteEmergencial-1024x876.jpg"},{"@type":"BreadcrumbList","@id":"https:\/\/fieam.org.br\/sesi\/i-forum-sobre-sexualidade-do-programa-viravida\/#breadcrumb","itemListElement":[{"@type":"ListItem","position":1,"name":"In\u00edcio","item":"https:\/\/fieam.org.br\/sesi\/"},{"@type":"ListItem","position":2,"name":"I F\u00f3rum sobre Sexualidade do Programa VIRAVIDA"}]},{"@type":"WebSite","@id":"https:\/\/fieam.org.br\/sesi\/#website","url":"https:\/\/fieam.org.br\/sesi\/","name":"SESI","description":"Site Oficial!","publisher":{"@id":"https:\/\/fieam.org.br\/sesi\/#organization"},"potentialAction":[{"@type":"SearchAction","target":{"@type":"EntryPoint","urlTemplate":"https:\/\/fieam.org.br\/sesi\/?s={search_term_string}"},"query-input":{"@type":"PropertyValueSpecification","valueRequired":true,"valueName":"search_term_string"}}],"inLanguage":"pt-BR"},{"@type":"Organization","@id":"https:\/\/fieam.org.br\/sesi\/#organization","name":"SESI","url":"https:\/\/fieam.org.br\/sesi\/","logo":{"@type":"ImageObject","inLanguage":"pt-BR","@id":"https:\/\/fieam.org.br\/sesi\/#\/schema\/logo\/image\/","url":"https:\/\/fieam.org.br\/sesi\/wp-content\/uploads\/sites\/14\/2024\/03\/cropped-fav.png","contentUrl":"https:\/\/fieam.org.br\/sesi\/wp-content\/uploads\/sites\/14\/2024\/03\/cropped-fav.png","width":610,"height":589,"caption":"SESI"},"image":{"@id":"https:\/\/fieam.org.br\/sesi\/#\/schema\/logo\/image\/"}},{"@type":"Person","@id":"https:\/\/fieam.org.br\/sesi\/#\/schema\/person\/f54998dd14d5f0695b41444f2b01c31e","name":"Autor","image":{"@type":"ImageObject","inLanguage":"pt-BR","@id":"https:\/\/secure.gravatar.com\/avatar\/3732c223e0e1fad69062a8f770955c9068d37b055204f310a0be18d4069fe380?s=96&d=mm&r=g","url":"https:\/\/secure.gravatar.com\/avatar\/3732c223e0e1fad69062a8f770955c9068d37b055204f310a0be18d4069fe380?s=96&d=mm&r=g","contentUrl":"https:\/\/secure.gravatar.com\/avatar\/3732c223e0e1fad69062a8f770955c9068d37b055204f310a0be18d4069fe380?s=96&d=mm&r=g","caption":"Autor"},"sameAs":["https:\/\/marketingmassivo.com.br"],"url":"https:\/\/fieam.org.br\/sesi\/author\/admin\/"}]}},"_links":{"self":[{"href":"https:\/\/fieam.org.br\/sesi\/wp-json\/wp\/v2\/posts\/19393","targetHints":{"allow":["GET"]}}],"collection":[{"href":"https:\/\/fieam.org.br\/sesi\/wp-json\/wp\/v2\/posts"}],"about":[{"href":"https:\/\/fieam.org.br\/sesi\/wp-json\/wp\/v2\/types\/post"}],"author":[{"embeddable":true,"href":"https:\/\/fieam.org.br\/sesi\/wp-json\/wp\/v2\/users\/1"}],"replies":[{"embeddable":true,"href":"https:\/\/fieam.org.br\/sesi\/wp-json\/wp\/v2\/comments?post=19393"}],"version-history":[{"count":0,"href":"https:\/\/fieam.org.br\/sesi\/wp-json\/wp\/v2\/posts\/19393\/revisions"}],"wp:attachment":[{"href":"https:\/\/fieam.org.br\/sesi\/wp-json\/wp\/v2\/media?parent=19393"}],"wp:term":[{"taxonomy":"category","embeddable":true,"href":"https:\/\/fieam.org.br\/sesi\/wp-json\/wp\/v2\/categories?post=19393"},{"taxonomy":"post_tag","embeddable":true,"href":"https:\/\/fieam.org.br\/sesi\/wp-json\/wp\/v2\/tags?post=19393"}],"curies":[{"name":"wp","href":"https:\/\/api.w.org\/{rel}","templated":true}]}}