{"id":19392,"date":"2013-11-26T12:31:28","date_gmt":"2013-11-26T12:31:28","guid":{"rendered":"http:\/\/www.fieam.org.br\/site\/sesi\/?p=4887"},"modified":"2013-11-26T12:31:28","modified_gmt":"2013-11-26T12:31:28","slug":"equipes-campeas-de-robotica-vao-disputar-em-brasilia","status":"publish","type":"post","link":"https:\/\/fieam.org.br\/sesi\/equipes-campeas-de-robotica-vao-disputar-em-brasilia\/","title":{"rendered":"Equipes campe\u00e3s de rob\u00f3tica v\u00e3o disputar em Bras\u00edlia"},"content":{"rendered":"<p>Com muita euforia, choro e emo\u00e7\u00e3o, a equipe \u201cLego Man\u00edacos\u201d, da Unidade de Educa\u00e7\u00e3o Emina Barbosa, reagiu ao t\u00edtulo de campe\u00e3 do Torneio de Rob\u00f3tica FIRST\u00ae LEGO\u00ae League (FLL), promovido neste fim de semana (22 e 23 de novembro) no Clube do Trabalhador do Amazonas.<\/p>\n<p>Formado por oito alunos, o grupo levou a premia\u00e7\u00e3o principal do evento \u201c<i>Champion&#8217;s Award<\/i>\u201d, que destaca o melhor na avalia\u00e7\u00e3o de todos os quesitos em disputa da competi\u00e7\u00e3o: desafio dos rob\u00f4s, design dos rob\u00f4s, no projeto de pesquisa e no\u00a0<i>Core Values<\/i>. O torneio encerrou com cinco classificadas, que ganharam vaga no torneio nacional, a realizar-se em fevereiro de 2014, em Bras\u00edlia.<\/p>\n<p>A l\u00edder da equipe Renata Gomes, 15 anos, estava entre as mais emocionadas do evento e, mesmo com toda dedica\u00e7\u00e3o da equipe, disse que 1\u00ba lugar a surpreendeu.<\/p>\n<p>\u201cEsper\u00e1vamos ganhar em nosso projeto de pesquisa e n\u00e3o no desafio do rob\u00f4, pois fomos muito elogiados com nosso Sistema de Alerta contra enchentes sensoriado, que avisa a popula\u00e7\u00e3o quando o n\u00edvel da \u00e1gua est\u00e1 acima do normal\u201d, comentou Renata.<\/p>\n<p>\u201cQuando anunciaram o vencedor e n\u00e3o \u00e9ramos n\u00f3s, eu comecei a chorar, entrei em desespero. Demorou muito a cair a ficha, mesmo com nossa dedica\u00e7\u00e3o nas madrugadas, faltando cursinho, ficamos surpresos em representar nosso Estado em Bras\u00edlia\u201d, disse.<\/p>\n<p>\u201cQuero parabenizar o\u00a0<a href=\"http:\/\/www.fieam.org.br\/site\/sesi\/institucional\" target=\"_blank\" rel=\"noopener\">SESI<\/a>\u00a0pela oportunidade de oferecer a alunos do 9\u00ba ano a oportunidade de participar de um evento de tecnologia t\u00e3o grande e importante\u201d, afirmou e acrescentou que a equipe j\u00e1 se prepara para o Nacional. \u201cVamos corrigir os erros e chegar bem preparados\u201d, contou Renata.<\/p>\n<p>&nbsp;<\/p>\n<figure id=\"attachment_4888\" aria-describedby=\"caption-attachment-4888\" style=\"width: 344px\" class=\"wp-caption alignleft\"><a href=\"http:\/\/www.fieam.org.br\/site\/sesi\/equipes-campeas-de-robotica-vao-disputar-em-brasilia\/alem-da-competicao-o-torneio-teve-descontracao-e-diversao\/\" rel=\"attachment wp-att-4888\"><img fetchpriority=\"high\" decoding=\"async\" class=\" wp-image-4888   \" alt=\"Al\u00e9m da competi\u00e7\u00e3o, o torneio teve descontra\u00e7\u00e3o e divers\u00e3o\" src=\"https:\/\/marketingmassivo.com.br\/sesi\/wp-content\/uploads\/sites\/12\/2013\/11\/Alem-da-competicao-o-torneio-teve-descontracao-e-diversao.jpg\" width=\"344\" height=\"230\" \/><\/a><figcaption id=\"caption-attachment-4888\" class=\"wp-caption-text\">Al\u00e9m da competi\u00e7\u00e3o, o torneio teve descontra\u00e7\u00e3o e divers\u00e3o<\/figcaption><\/figure>\n<p>Tamb\u00e9m foram classificadas na categoria para o certame nacional as equipes\u00a0<i>Lego Star<\/i>\u00a0e\u00a0<i>Lego Sonic<\/i>, ambos da Unidade 3;\u00a0<i>Live Corp<\/i>\u00a0Sonia Maria (Escola Municipal S\u00f4nia Maria)\u00a0e LEGO Sesianos, respectivamente em 2\u00ba, 3\u00ba, 4\u00ba e 5\u00ba lugar.<\/p>\n<p><b>O melhor em cada categoria<\/b><\/p>\n<p>A\u00a0<i>Lego Star<\/i>, vencedora em 2\u00ba lugar geral na competi\u00e7\u00e3o, tamb\u00e9m levou a premia\u00e7\u00e3o do \u201cdesafio dos rob\u00f4s\u201d, em que a equipe projetou e programou o rob\u00f4 para executar s\u00e9rie de tarefas, ou miss\u00f5es, durante partidas de dois minutos e 30 segundos em uma mesa de competi\u00e7\u00e3o.<\/p>\n<p>O tema F\u00farias da Natureza foi o tema da competi\u00e7\u00e3o e os alunos tiverem que fazer seu rob\u00f4 cumprir miss\u00f5es em situa\u00e7\u00f5es de desastres naturais como enchentes, inc\u00eandios, tsunamis, entre outros.<\/p>\n<p>Para o competidor de mesa, Jos\u00e9 Gomes, 15, aluno do 1\u00ba ano da Unidade 3, disse que o mais dif\u00edcil foi superar o nervosismo.<\/p>\n<p>\u201cNo primeiro dia tivemos problemas com o desempenho do nosso rob\u00f4 e ficamos com nota baixa. A\u00ed tivemos que levar para casa e passar a madrugada ajustando. Depois foi s\u00f3 colocar em pr\u00e1tica tudo que aprendemos e o resultado veio. Cumprimos todas as miss\u00f5es com sucesso e ainda garantimos o 2\u00ba lugar geral na classifica\u00e7\u00e3o. Isso sim nos surpreendeu, o resto foi divers\u00e3o\u201d, revelou.<\/p>\n<p>Todos os competidores tinham que resgatar v\u00edtimas, unir fam\u00edlias, levar carros de suprimentos e ambul\u00e2ncia para \u00e1reas seguras, acionar um aviso de tsunami, liberar o tsunami, e no trajeto liberar e pegar objetos.\u00a0 A dupla, Jos\u00e9 Gomes e Pedro Paulo da Costa, 15,\u00a0 fez mais n\u00fameros miss\u00f5es no tempo estipulado.<\/p>\n<p>O munic\u00edpio de Itacoatiara se destacou na competi\u00e7\u00e3o,\u00a0conquistando o trof\u00e9u em duas categorias \u201cDesign do Rob\u00f4\u201d, que avaliou as subcategorias de desenho mec\u00e2nico, estrat\u00e9gia e inova\u00e7\u00e3o e programa\u00e7\u00e3o, e projeto de pesquisa<b>,\u00a0<\/b>onde pesquisa um problema do mundo real e criam uma solu\u00e7\u00e3o ele.<\/p>\n<p>As vencedoras em cada categoria s\u00e3o: Equipe Vital 10 na Rob\u00f3tica, da Escola\u00a0Estadual Deputado Vital de Mendon\u00e7a, de Itacoatiara; e equipe Ivone da Rob\u00f3tica 2013, da Escola Estadual Maria Ivone de A. Leite, respectivamente.<\/p>\n<p>Uma das principais categorias,\u00a0<i>Core Values<\/i>, que re\u00fane caracter\u00edsticas comportamentais, como trabalho em equipe, cordialidade e busca pelo conhecimento, teve como vencedora a equipe\u00a0<i>Live Corp Sonia Maria<\/i>\u00a0(Escola Municipal S\u00f4nia Maria), que tamb\u00e9m foi classificada para o 4\u00ba lugar no Nacional.<\/p>\n<p>A representante do Conselho Nacional\u00a0 do SESI, Cristina de Faria, que apoia na coordena\u00e7\u00e3o dos ju\u00edzes que fazem a avalia\u00e7\u00e3o,\u00a0 disse que o resultado superou as expetativas.<\/p>\n<p>\u201cN\u00f3s reconhecemos que apesar do prazo curto, o Amazonas se deu muito bem. Agora \u00e9 tempo de aprimorar, reduzir as falhas para o Nacional. Aproveito para alertar as equipes que o rob\u00f4 \u00e9 importante, mas os valores s\u00e3o decisivos\u201d, disse.<\/p>\n<p>Ao avaliar o evento, a gerente de Educa\u00e7\u00e3o de Crian\u00e7as e Adolescentes do SESI, Rita Machado, disse que o torneio foi extremamente importante, pois oportunizou aos alunos a possibilidade de desenvolver as habilidades cognitivas fundamentais para no nosso cotidiano.<\/p>\n<p>\u201cOs alunos tiveram excelente resultado, foi v\u00e1lido em v\u00e1lido em todos os aspectos\u201d, disse.<\/p>\n<p><b>Outras Premia\u00e7\u00f5es<\/b><\/p>\n<p>A Escola Municipal Noemi Santos Pereira, do munic\u00edpio de Iranduba, ganhou o trof\u00e9u \u201cSuperando Desafios\u201d. O pr\u00eamio Estrela niciante foi para a equipe Acelerados da Rob\u00f3tica da\u00a0Escola Municipal Carlos Gomes; E o ganhador das finais do desafio rob\u00f3tico ficou com o Esquadr\u00e3o Lego, da Unidade 2 do SESI \u00a0\u00a0\u00a0\u00a0\u00a0\u00a0\u00a0\u00a0\u00a0\u00a0\u00a0\u00a0\u00a0\u00a0\u00a0\u00a0\u00a0\u00a0\u201cAdalberto Ferreira do Valle\u201d.<\/p>\n<p><b>Sobre o Torneio<\/b><\/p>\n<p>O evento \u00e9 um programa intenacional,\u00a0para crian\u00e7as de 9 a 15 anos, criado para despertar o interesse dos alunos em temas como ci\u00eancia e tecnologia dentro do ambiente escolar.<\/p>\n<p>A realiza\u00e7\u00e3o \u00e9 do SESI em parceria com a\u00a0<i>For Inspiration and Recognition of Science and Technology<\/i>\u00a0(First) e\u00a0<i>Lego Education<\/i>.<\/p>\n<p>A iniciativa fortalece a capacidade de inova\u00e7\u00e3o, criatividade e racioc\u00ednio l\u00f3gico, inspirando a seguir carreira no ramo da engenharia, matem\u00e1tica e tecnologia. Por meio de uma experi\u00eancia criativa os competidores resolvem problemas do mundo real: planejam, projetam, constroem e programam rob\u00f4s com a\u00a0<a href=\"http:\/\/mindstorms.lego.com\/en-us\/Default.aspx\" target=\"_blank\" rel=\"noopener\">tecnologia LEGO\u00ae MINDSTORMS\u00ae<\/a>.<\/p>\n<p>Foi realizado pela 1\u00aa vez, no Amazonas, com a participa\u00e7\u00e3o de quase 200 crian\u00e7as, onde disputaram19 equipes do Amazonas, sendo sete de escolas p\u00fablicas (tr\u00eas de Manaus, duas de Iranduba e duas de Itacoatiara) e 12 do SESI (sendo 10 de Manaus e duas de Itacoatiara).\u00a0[nggallery id=209]<\/p>\n<p>&nbsp;<\/p>\n","protected":false},"excerpt":{"rendered":"<p>Com muita euforia, choro e emo\u00e7\u00e3o, a equipe \u201cLego Man\u00edacos\u201d, da Unidade de Educa\u00e7\u00e3o Emina Barbosa, reagiu ao t\u00edtulo de campe\u00e3 do Torneio de Rob\u00f3tica FIRST\u00ae LEGO\u00ae League (FLL), promovido neste fim de semana (22 e 23 de novembro) no Clube do Trabalhador do Amazonas. Formado por oito alunos, o grupo levou a premia\u00e7\u00e3o principal [&hellip;]<\/p>\n","protected":false},"author":1,"featured_media":0,"comment_status":"open","ping_status":"open","sticky":false,"template":"","format":"standard","meta":{"footnotes":""},"categories":[25],"tags":[],"class_list":["post-19392","post","type-post","status-publish","format-standard","hentry","category-news"],"yoast_head":"<!-- This site is optimized with the Yoast SEO plugin v28.2 - https:\/\/yoast.com\/product\/yoast-seo-wordpress\/ -->\n<title>Equipes campe\u00e3s de rob\u00f3tica v\u00e3o disputar em Bras\u00edlia - SESI<\/title>\n<meta name=\"robots\" content=\"index, follow, max-snippet:-1, max-image-preview:large, max-video-preview:-1\" \/>\n<link rel=\"canonical\" href=\"https:\/\/fieam.org.br\/sesi\/equipes-campeas-de-robotica-vao-disputar-em-brasilia\/\" \/>\n<meta property=\"og:locale\" content=\"pt_BR\" \/>\n<meta property=\"og:type\" content=\"article\" \/>\n<meta property=\"og:title\" content=\"Equipes campe\u00e3s de rob\u00f3tica v\u00e3o disputar em Bras\u00edlia - SESI\" \/>\n<meta property=\"og:description\" content=\"Com muita euforia, choro e emo\u00e7\u00e3o, a equipe \u201cLego Man\u00edacos\u201d, da Unidade de Educa\u00e7\u00e3o Emina Barbosa, reagiu ao t\u00edtulo de campe\u00e3 do Torneio de Rob\u00f3tica FIRST\u00ae LEGO\u00ae League (FLL), promovido neste fim de semana (22 e 23 de novembro) no Clube do Trabalhador do Amazonas. Formado por oito alunos, o grupo levou a premia\u00e7\u00e3o principal [&hellip;]\" \/>\n<meta property=\"og:url\" content=\"https:\/\/fieam.org.br\/sesi\/equipes-campeas-de-robotica-vao-disputar-em-brasilia\/\" \/>\n<meta property=\"og:site_name\" content=\"SESI\" \/>\n<meta property=\"article:published_time\" content=\"2013-11-26T12:31:28+00:00\" \/>\n<meta name=\"author\" content=\"Autor\" \/>\n<meta name=\"twitter:card\" content=\"summary_large_image\" \/>\n<meta name=\"twitter:label1\" content=\"Escrito por\" \/>\n\t<meta name=\"twitter:data1\" content=\"Autor\" \/>\n\t<meta name=\"twitter:label2\" content=\"Est. tempo de leitura\" \/>\n\t<meta name=\"twitter:data2\" content=\"5 minutos\" \/>\n<script type=\"application\/ld+json\" class=\"yoast-schema-graph\">{\"@context\":\"https:\\\/\\\/schema.org\",\"@graph\":[{\"@type\":\"Article\",\"@id\":\"https:\\\/\\\/fieam.org.br\\\/sesi\\\/equipes-campeas-de-robotica-vao-disputar-em-brasilia\\\/#article\",\"isPartOf\":{\"@id\":\"https:\\\/\\\/fieam.org.br\\\/sesi\\\/equipes-campeas-de-robotica-vao-disputar-em-brasilia\\\/\"},\"author\":{\"name\":\"Autor\",\"@id\":\"https:\\\/\\\/fieam.org.br\\\/sesi\\\/#\\\/schema\\\/person\\\/f54998dd14d5f0695b41444f2b01c31e\"},\"headline\":\"Equipes campe\u00e3s de rob\u00f3tica v\u00e3o disputar em Bras\u00edlia\",\"datePublished\":\"2013-11-26T12:31:28+00:00\",\"mainEntityOfPage\":{\"@id\":\"https:\\\/\\\/fieam.org.br\\\/sesi\\\/equipes-campeas-de-robotica-vao-disputar-em-brasilia\\\/\"},\"wordCount\":1060,\"commentCount\":0,\"publisher\":{\"@id\":\"https:\\\/\\\/fieam.org.br\\\/sesi\\\/#organization\"},\"image\":{\"@id\":\"https:\\\/\\\/fieam.org.br\\\/sesi\\\/equipes-campeas-de-robotica-vao-disputar-em-brasilia\\\/#primaryimage\"},\"thumbnailUrl\":\"https:\\\/\\\/marketingmassivo.com.br\\\/sesi\\\/wp-content\\\/uploads\\\/sites\\\/12\\\/2013\\\/11\\\/Alem-da-competicao-o-torneio-teve-descontracao-e-diversao.jpg\",\"articleSection\":[\"News\"],\"inLanguage\":\"pt-BR\",\"potentialAction\":[{\"@type\":\"CommentAction\",\"name\":\"Comment\",\"target\":[\"https:\\\/\\\/fieam.org.br\\\/sesi\\\/equipes-campeas-de-robotica-vao-disputar-em-brasilia\\\/#respond\"]}]},{\"@type\":\"WebPage\",\"@id\":\"https:\\\/\\\/fieam.org.br\\\/sesi\\\/equipes-campeas-de-robotica-vao-disputar-em-brasilia\\\/\",\"url\":\"https:\\\/\\\/fieam.org.br\\\/sesi\\\/equipes-campeas-de-robotica-vao-disputar-em-brasilia\\\/\",\"name\":\"Equipes campe\u00e3s de rob\u00f3tica v\u00e3o disputar em Bras\u00edlia - SESI\",\"isPartOf\":{\"@id\":\"https:\\\/\\\/fieam.org.br\\\/sesi\\\/#website\"},\"primaryImageOfPage\":{\"@id\":\"https:\\\/\\\/fieam.org.br\\\/sesi\\\/equipes-campeas-de-robotica-vao-disputar-em-brasilia\\\/#primaryimage\"},\"image\":{\"@id\":\"https:\\\/\\\/fieam.org.br\\\/sesi\\\/equipes-campeas-de-robotica-vao-disputar-em-brasilia\\\/#primaryimage\"},\"thumbnailUrl\":\"https:\\\/\\\/marketingmassivo.com.br\\\/sesi\\\/wp-content\\\/uploads\\\/sites\\\/12\\\/2013\\\/11\\\/Alem-da-competicao-o-torneio-teve-descontracao-e-diversao.jpg\",\"datePublished\":\"2013-11-26T12:31:28+00:00\",\"breadcrumb\":{\"@id\":\"https:\\\/\\\/fieam.org.br\\\/sesi\\\/equipes-campeas-de-robotica-vao-disputar-em-brasilia\\\/#breadcrumb\"},\"inLanguage\":\"pt-BR\",\"potentialAction\":[{\"@type\":\"ReadAction\",\"target\":[\"https:\\\/\\\/fieam.org.br\\\/sesi\\\/equipes-campeas-de-robotica-vao-disputar-em-brasilia\\\/\"]}]},{\"@type\":\"ImageObject\",\"inLanguage\":\"pt-BR\",\"@id\":\"https:\\\/\\\/fieam.org.br\\\/sesi\\\/equipes-campeas-de-robotica-vao-disputar-em-brasilia\\\/#primaryimage\",\"url\":\"https:\\\/\\\/marketingmassivo.com.br\\\/sesi\\\/wp-content\\\/uploads\\\/sites\\\/12\\\/2013\\\/11\\\/Alem-da-competicao-o-torneio-teve-descontracao-e-diversao.jpg\",\"contentUrl\":\"https:\\\/\\\/marketingmassivo.com.br\\\/sesi\\\/wp-content\\\/uploads\\\/sites\\\/12\\\/2013\\\/11\\\/Alem-da-competicao-o-torneio-teve-descontracao-e-diversao.jpg\"},{\"@type\":\"BreadcrumbList\",\"@id\":\"https:\\\/\\\/fieam.org.br\\\/sesi\\\/equipes-campeas-de-robotica-vao-disputar-em-brasilia\\\/#breadcrumb\",\"itemListElement\":[{\"@type\":\"ListItem\",\"position\":1,\"name\":\"In\u00edcio\",\"item\":\"https:\\\/\\\/fieam.org.br\\\/sesi\\\/\"},{\"@type\":\"ListItem\",\"position\":2,\"name\":\"Equipes campe\u00e3s de rob\u00f3tica v\u00e3o disputar em Bras\u00edlia\"}]},{\"@type\":\"WebSite\",\"@id\":\"https:\\\/\\\/fieam.org.br\\\/sesi\\\/#website\",\"url\":\"https:\\\/\\\/fieam.org.br\\\/sesi\\\/\",\"name\":\"SESI\",\"description\":\"Site Oficial!\",\"publisher\":{\"@id\":\"https:\\\/\\\/fieam.org.br\\\/sesi\\\/#organization\"},\"potentialAction\":[{\"@type\":\"SearchAction\",\"target\":{\"@type\":\"EntryPoint\",\"urlTemplate\":\"https:\\\/\\\/fieam.org.br\\\/sesi\\\/?s={search_term_string}\"},\"query-input\":{\"@type\":\"PropertyValueSpecification\",\"valueRequired\":true,\"valueName\":\"search_term_string\"}}],\"inLanguage\":\"pt-BR\"},{\"@type\":\"Organization\",\"@id\":\"https:\\\/\\\/fieam.org.br\\\/sesi\\\/#organization\",\"name\":\"SESI\",\"url\":\"https:\\\/\\\/fieam.org.br\\\/sesi\\\/\",\"logo\":{\"@type\":\"ImageObject\",\"inLanguage\":\"pt-BR\",\"@id\":\"https:\\\/\\\/fieam.org.br\\\/sesi\\\/#\\\/schema\\\/logo\\\/image\\\/\",\"url\":\"https:\\\/\\\/fieam.org.br\\\/sesi\\\/wp-content\\\/uploads\\\/sites\\\/14\\\/2024\\\/03\\\/cropped-fav.png\",\"contentUrl\":\"https:\\\/\\\/fieam.org.br\\\/sesi\\\/wp-content\\\/uploads\\\/sites\\\/14\\\/2024\\\/03\\\/cropped-fav.png\",\"width\":610,\"height\":589,\"caption\":\"SESI\"},\"image\":{\"@id\":\"https:\\\/\\\/fieam.org.br\\\/sesi\\\/#\\\/schema\\\/logo\\\/image\\\/\"}},{\"@type\":\"Person\",\"@id\":\"https:\\\/\\\/fieam.org.br\\\/sesi\\\/#\\\/schema\\\/person\\\/f54998dd14d5f0695b41444f2b01c31e\",\"name\":\"Autor\",\"image\":{\"@type\":\"ImageObject\",\"inLanguage\":\"pt-BR\",\"@id\":\"https:\\\/\\\/secure.gravatar.com\\\/avatar\\\/3732c223e0e1fad69062a8f770955c9068d37b055204f310a0be18d4069fe380?s=96&d=mm&r=g\",\"url\":\"https:\\\/\\\/secure.gravatar.com\\\/avatar\\\/3732c223e0e1fad69062a8f770955c9068d37b055204f310a0be18d4069fe380?s=96&d=mm&r=g\",\"contentUrl\":\"https:\\\/\\\/secure.gravatar.com\\\/avatar\\\/3732c223e0e1fad69062a8f770955c9068d37b055204f310a0be18d4069fe380?s=96&d=mm&r=g\",\"caption\":\"Autor\"},\"sameAs\":[\"https:\\\/\\\/marketingmassivo.com.br\"],\"url\":\"https:\\\/\\\/fieam.org.br\\\/sesi\\\/author\\\/admin\\\/\"}]}<\/script>\n<!-- \/ Yoast SEO plugin. -->","yoast_head_json":{"title":"Equipes campe\u00e3s de rob\u00f3tica v\u00e3o disputar em Bras\u00edlia - SESI","robots":{"index":"index","follow":"follow","max-snippet":"max-snippet:-1","max-image-preview":"max-image-preview:large","max-video-preview":"max-video-preview:-1"},"canonical":"https:\/\/fieam.org.br\/sesi\/equipes-campeas-de-robotica-vao-disputar-em-brasilia\/","og_locale":"pt_BR","og_type":"article","og_title":"Equipes campe\u00e3s de rob\u00f3tica v\u00e3o disputar em Bras\u00edlia - SESI","og_description":"Com muita euforia, choro e emo\u00e7\u00e3o, a equipe \u201cLego Man\u00edacos\u201d, da Unidade de Educa\u00e7\u00e3o Emina Barbosa, reagiu ao t\u00edtulo de campe\u00e3 do Torneio de Rob\u00f3tica FIRST\u00ae LEGO\u00ae League (FLL), promovido neste fim de semana (22 e 23 de novembro) no Clube do Trabalhador do Amazonas. Formado por oito alunos, o grupo levou a premia\u00e7\u00e3o principal [&hellip;]","og_url":"https:\/\/fieam.org.br\/sesi\/equipes-campeas-de-robotica-vao-disputar-em-brasilia\/","og_site_name":"SESI","article_published_time":"2013-11-26T12:31:28+00:00","author":"Autor","twitter_card":"summary_large_image","twitter_misc":{"Escrito por":"Autor","Est. tempo de leitura":"5 minutos"},"schema":{"@context":"https:\/\/schema.org","@graph":[{"@type":"Article","@id":"https:\/\/fieam.org.br\/sesi\/equipes-campeas-de-robotica-vao-disputar-em-brasilia\/#article","isPartOf":{"@id":"https:\/\/fieam.org.br\/sesi\/equipes-campeas-de-robotica-vao-disputar-em-brasilia\/"},"author":{"name":"Autor","@id":"https:\/\/fieam.org.br\/sesi\/#\/schema\/person\/f54998dd14d5f0695b41444f2b01c31e"},"headline":"Equipes campe\u00e3s de rob\u00f3tica v\u00e3o disputar em Bras\u00edlia","datePublished":"2013-11-26T12:31:28+00:00","mainEntityOfPage":{"@id":"https:\/\/fieam.org.br\/sesi\/equipes-campeas-de-robotica-vao-disputar-em-brasilia\/"},"wordCount":1060,"commentCount":0,"publisher":{"@id":"https:\/\/fieam.org.br\/sesi\/#organization"},"image":{"@id":"https:\/\/fieam.org.br\/sesi\/equipes-campeas-de-robotica-vao-disputar-em-brasilia\/#primaryimage"},"thumbnailUrl":"https:\/\/marketingmassivo.com.br\/sesi\/wp-content\/uploads\/sites\/12\/2013\/11\/Alem-da-competicao-o-torneio-teve-descontracao-e-diversao.jpg","articleSection":["News"],"inLanguage":"pt-BR","potentialAction":[{"@type":"CommentAction","name":"Comment","target":["https:\/\/fieam.org.br\/sesi\/equipes-campeas-de-robotica-vao-disputar-em-brasilia\/#respond"]}]},{"@type":"WebPage","@id":"https:\/\/fieam.org.br\/sesi\/equipes-campeas-de-robotica-vao-disputar-em-brasilia\/","url":"https:\/\/fieam.org.br\/sesi\/equipes-campeas-de-robotica-vao-disputar-em-brasilia\/","name":"Equipes campe\u00e3s de rob\u00f3tica v\u00e3o disputar em Bras\u00edlia - SESI","isPartOf":{"@id":"https:\/\/fieam.org.br\/sesi\/#website"},"primaryImageOfPage":{"@id":"https:\/\/fieam.org.br\/sesi\/equipes-campeas-de-robotica-vao-disputar-em-brasilia\/#primaryimage"},"image":{"@id":"https:\/\/fieam.org.br\/sesi\/equipes-campeas-de-robotica-vao-disputar-em-brasilia\/#primaryimage"},"thumbnailUrl":"https:\/\/marketingmassivo.com.br\/sesi\/wp-content\/uploads\/sites\/12\/2013\/11\/Alem-da-competicao-o-torneio-teve-descontracao-e-diversao.jpg","datePublished":"2013-11-26T12:31:28+00:00","breadcrumb":{"@id":"https:\/\/fieam.org.br\/sesi\/equipes-campeas-de-robotica-vao-disputar-em-brasilia\/#breadcrumb"},"inLanguage":"pt-BR","potentialAction":[{"@type":"ReadAction","target":["https:\/\/fieam.org.br\/sesi\/equipes-campeas-de-robotica-vao-disputar-em-brasilia\/"]}]},{"@type":"ImageObject","inLanguage":"pt-BR","@id":"https:\/\/fieam.org.br\/sesi\/equipes-campeas-de-robotica-vao-disputar-em-brasilia\/#primaryimage","url":"https:\/\/marketingmassivo.com.br\/sesi\/wp-content\/uploads\/sites\/12\/2013\/11\/Alem-da-competicao-o-torneio-teve-descontracao-e-diversao.jpg","contentUrl":"https:\/\/marketingmassivo.com.br\/sesi\/wp-content\/uploads\/sites\/12\/2013\/11\/Alem-da-competicao-o-torneio-teve-descontracao-e-diversao.jpg"},{"@type":"BreadcrumbList","@id":"https:\/\/fieam.org.br\/sesi\/equipes-campeas-de-robotica-vao-disputar-em-brasilia\/#breadcrumb","itemListElement":[{"@type":"ListItem","position":1,"name":"In\u00edcio","item":"https:\/\/fieam.org.br\/sesi\/"},{"@type":"ListItem","position":2,"name":"Equipes campe\u00e3s de rob\u00f3tica v\u00e3o disputar em Bras\u00edlia"}]},{"@type":"WebSite","@id":"https:\/\/fieam.org.br\/sesi\/#website","url":"https:\/\/fieam.org.br\/sesi\/","name":"SESI","description":"Site Oficial!","publisher":{"@id":"https:\/\/fieam.org.br\/sesi\/#organization"},"potentialAction":[{"@type":"SearchAction","target":{"@type":"EntryPoint","urlTemplate":"https:\/\/fieam.org.br\/sesi\/?s={search_term_string}"},"query-input":{"@type":"PropertyValueSpecification","valueRequired":true,"valueName":"search_term_string"}}],"inLanguage":"pt-BR"},{"@type":"Organization","@id":"https:\/\/fieam.org.br\/sesi\/#organization","name":"SESI","url":"https:\/\/fieam.org.br\/sesi\/","logo":{"@type":"ImageObject","inLanguage":"pt-BR","@id":"https:\/\/fieam.org.br\/sesi\/#\/schema\/logo\/image\/","url":"https:\/\/fieam.org.br\/sesi\/wp-content\/uploads\/sites\/14\/2024\/03\/cropped-fav.png","contentUrl":"https:\/\/fieam.org.br\/sesi\/wp-content\/uploads\/sites\/14\/2024\/03\/cropped-fav.png","width":610,"height":589,"caption":"SESI"},"image":{"@id":"https:\/\/fieam.org.br\/sesi\/#\/schema\/logo\/image\/"}},{"@type":"Person","@id":"https:\/\/fieam.org.br\/sesi\/#\/schema\/person\/f54998dd14d5f0695b41444f2b01c31e","name":"Autor","image":{"@type":"ImageObject","inLanguage":"pt-BR","@id":"https:\/\/secure.gravatar.com\/avatar\/3732c223e0e1fad69062a8f770955c9068d37b055204f310a0be18d4069fe380?s=96&d=mm&r=g","url":"https:\/\/secure.gravatar.com\/avatar\/3732c223e0e1fad69062a8f770955c9068d37b055204f310a0be18d4069fe380?s=96&d=mm&r=g","contentUrl":"https:\/\/secure.gravatar.com\/avatar\/3732c223e0e1fad69062a8f770955c9068d37b055204f310a0be18d4069fe380?s=96&d=mm&r=g","caption":"Autor"},"sameAs":["https:\/\/marketingmassivo.com.br"],"url":"https:\/\/fieam.org.br\/sesi\/author\/admin\/"}]}},"_links":{"self":[{"href":"https:\/\/fieam.org.br\/sesi\/wp-json\/wp\/v2\/posts\/19392","targetHints":{"allow":["GET"]}}],"collection":[{"href":"https:\/\/fieam.org.br\/sesi\/wp-json\/wp\/v2\/posts"}],"about":[{"href":"https:\/\/fieam.org.br\/sesi\/wp-json\/wp\/v2\/types\/post"}],"author":[{"embeddable":true,"href":"https:\/\/fieam.org.br\/sesi\/wp-json\/wp\/v2\/users\/1"}],"replies":[{"embeddable":true,"href":"https:\/\/fieam.org.br\/sesi\/wp-json\/wp\/v2\/comments?post=19392"}],"version-history":[{"count":0,"href":"https:\/\/fieam.org.br\/sesi\/wp-json\/wp\/v2\/posts\/19392\/revisions"}],"wp:attachment":[{"href":"https:\/\/fieam.org.br\/sesi\/wp-json\/wp\/v2\/media?parent=19392"}],"wp:term":[{"taxonomy":"category","embeddable":true,"href":"https:\/\/fieam.org.br\/sesi\/wp-json\/wp\/v2\/categories?post=19392"},{"taxonomy":"post_tag","embeddable":true,"href":"https:\/\/fieam.org.br\/sesi\/wp-json\/wp\/v2\/tags?post=19392"}],"curies":[{"name":"wp","href":"https:\/\/api.w.org\/{rel}","templated":true}]}}