{"id":19388,"date":"2013-11-19T14:23:39","date_gmt":"2013-11-19T14:23:39","guid":{"rendered":"http:\/\/www.fieam.org.br\/site\/sesi\/?p=4854"},"modified":"2013-11-19T14:23:39","modified_gmt":"2013-11-19T14:23:39","slug":"participantes-do-medida-certa-confirmam-reducao-de-peso","status":"publish","type":"post","link":"https:\/\/fieam.org.br\/sesi\/participantes-do-medida-certa-confirmam-reducao-de-peso\/","title":{"rendered":"Participantes do Medida Certa confirmam redu\u00e7\u00e3o de peso"},"content":{"rendered":"<figure id=\"attachment_4855\" aria-describedby=\"caption-attachment-4855\" style=\"width: 300px\" class=\"wp-caption alignleft\"><a href=\"http:\/\/www.fieam.org.br\/site\/sesi\/participantes-do-medida-certa-confirmam-reducao-de-peso\/38-mil-participaram-do-medida-certa\/\" rel=\"attachment wp-att-4855\"><img fetchpriority=\"high\" decoding=\"async\" class=\"size-medium wp-image-4855\" alt=\"38 mil  participaram do Medida Certa\" src=\"http:\/\/www.fieam.org.br\/2015\/sesi\/wp-content\/uploads\/sites\/2\/2013\/11\/38-mil-participaram-do-Medida-Certa-300x200.jpg\" width=\"300\" height=\"200\" \/><\/a><figcaption id=\"caption-attachment-4855\" class=\"wp-caption-text\">38 mil participaram do Medida Certa<\/figcaption><\/figure>\n<p>O programa Medida Certa levou 38,5 mil pessoas \u00e0 Ponta Negra, segundo a equipe de coordena\u00e7\u00e3o do evento, realizado em parceria entre o\u00a0<a href=\"http:\/\/www.fieam.org.br\/site\/sesi\/institucional\" target=\"_blank\" rel=\"noopener\">Servi\u00e7o Social da Ind\u00fastria (SESI)<\/a>\u00a0e Rede Globo de TV.<\/p>\n<p>O Medida Certa se encerrou no s\u00e1bado (16) com a divulga\u00e7\u00e3o do resultado alcan\u00e7ado pelos seis participantes amazonenses e programa\u00e7\u00e3o que constou de caminhada de quatro quil\u00f4metros, com partida e chegada em frente do Anfiteatro da praia da Ponta Negra, al\u00e9m de servi\u00e7os oferecidos pelo SESI, como verifica\u00e7\u00e3o da press\u00e3o arterial, exame de glicemia, verifica\u00e7\u00e3o do \u00edndice de Massa Corporal (IMC), Cozinha Brasil com a distribui\u00e7\u00e3o dom suco da horta, al\u00e9m de avalia\u00e7\u00f5es nutricionais.<\/p>\n<p>O programa foi lan\u00e7ado com objetivo de mudar o estilo de vida das pessoas com alimenta\u00e7\u00e3o saud\u00e1vel e a pr\u00e1tica de atividades f\u00edsicas, sendo realizadas em v\u00e1rias capitais do Brasil.<\/p>\n<p>Em Manaus, o programa iniciou-se em setembro com a participa\u00e7\u00e3o de seis integrantes, sendo tr\u00eas pessoas do SESI e tr\u00eas da Rede Amaz\u00f4nica de TV, com as atividades desenvolvidas no Clube do Trabalhador.<\/p>\n<p><b>Os participantes<\/b><\/p>\n<p>Participaram pelo SESI os educadores f\u00edsicos Kelvis F\u00e9lix, Patr\u00edcia Arcanjo e o t\u00e9cnico administrativo Jorge Grayson. A Rede Amaz\u00f4nica participou com os jornalistas Eduardo Monteiro de Paula (Dudu), Guilherme Fragas e Clayton Pascarelli.<\/p>\n<p>Segundo a educadora f\u00edsica do SESI Amazonas, Rosenilda Silva, todos os participantes conseguiram bom resultado em redu\u00e7\u00e3o de peso e mudan\u00e7a de h\u00e1bitos alimentares, com uma alimenta\u00e7\u00e3o mais saud\u00e1vel.<\/p>\n<p>Greyson reduziu seis quilos, Patr\u00edcia, 14, Kelvis chegou ao fim do programa com 15,5 quilos a menos, Guilherme com menos seis quilos, Dudu, nove quilos e Pascarelli, oito quilos.<\/p>\n<p>Durante tr\u00eas meses, os integrantes do Medida Certa \u00a0realizaram atividades f\u00edsicas de segunda \u00e0 s\u00e1bado, com duas horas por dia, al\u00e9m de\u00a0 informa\u00e7\u00f5es nutricionais para melhorar o h\u00e1bito alimentar. \u00a0De acordo com o coordenador das atividades f\u00edsicas, Jo\u00e3o Marinho, as atividades foram monitoradas e acompanhadas por profissionais do SESI.<\/p>\n<p>Marinho disse que os participantes praticaram v\u00e1rias atividades na Academia de Muscula\u00e7\u00e3o, como esteira, bicicleta, abdominais nas pranchas, exerc\u00edcios para o fortalecimento dos bra\u00e7os, pernas, costas, e peito, al\u00e9m de corrida na pista do Clube e de ruas, circuito de areia, nata\u00e7\u00e3o e hidrogin\u00e1stica.<\/p>\n<p>Kelvis disse que hoje se sente uma pessoa mais saud\u00e1vel e que procura se alimentar de maneira mais correta e que o programa foi um desafio, mas fez com que intensificasse a pr\u00e1tica da atividade f\u00edsica no seu dia a dia. O educador f\u00edsico do SESI alerta as pessoas para que n\u00e3o pratiquem atividades f\u00edsicas, sem antes passarem pelos exames m\u00e9dicos e, logo ap\u00f3s, procurar um profissional de educa\u00e7\u00e3o f\u00edsica. Segundo o participante do programa essas medidas evitam colocar a sa\u00fade em risco.<\/p>\n<p>O jornalista Cleyton Pascarelli disse que antes de participar do Medida Certa n\u00e3o se preocupava em praticar atividade f\u00edsica, mas que agora com os resultados alcan\u00e7ados \u00a0continuar\u00e1 se exercitando e\u00a0 fazendo\u00a0 refei\u00e7\u00f5es balanceadas.<\/p>\n<p>Segundo, Pascarelli, o \u00eaxito do programa est\u00e1 mudando o estilo de vida das pessoas e que em um grupo de dez pessoas, cinco pelo menos praticam atividades f\u00edsicas. Para o jornalista, medidas simples, como caminhar at\u00e9 a padaria, contribuem para melhor qualidade de vida, pois o corpo come\u00e7a a se movimentar.<\/p>\n<p>O educador f\u00edsico M\u00e1rcio Atala disse que, apesar do \u00edndice crescente de sedent\u00e1rios e obesos, as pessoas come\u00e7am a perceber como \u00e9 importante colocar o corpo em atividade para ter uma vida mais saud\u00e1vel, ressaltando que o Medida Certa tem import\u00e2ncia muito grande na mudan\u00e7a de h\u00e1bitos na popula\u00e7\u00e3o brasileira.<\/p>\n<p>De acordo com o educador f\u00edsico, o nosso corpo precisa de movimento para funcionar bem, recomendando uma alimenta\u00e7\u00e3o rica em fibras, prote\u00ednas, al\u00e9m de evitar gordura saturada, como carnes vermelhas e que o peixe deve constar do card\u00e1pio das pessoas, al\u00e9m da pr\u00e1tica de atividades f\u00edsicas durante cinco dias por semana.<\/p>\n<p>Em Manaus, segundo pesquisa do Minist\u00e9rio da Sa\u00fade, realizada este ano, 52,6% dos homens est\u00e3o acima do peso e que entre as mulheres o \u00edndice \u00e9 de 51,5%.[nggallery id=208]<\/p>\n<p>&nbsp;<\/p>\n","protected":false},"excerpt":{"rendered":"<p>O programa Medida Certa levou 38,5 mil pessoas \u00e0 Ponta Negra, segundo a equipe de coordena\u00e7\u00e3o do evento, realizado em parceria entre o\u00a0Servi\u00e7o Social da Ind\u00fastria (SESI)\u00a0e Rede Globo de TV. O Medida Certa se encerrou no s\u00e1bado (16) com a divulga\u00e7\u00e3o do resultado alcan\u00e7ado pelos seis participantes amazonenses e programa\u00e7\u00e3o que constou de caminhada [&hellip;]<\/p>\n","protected":false},"author":1,"featured_media":0,"comment_status":"open","ping_status":"open","sticky":false,"template":"","format":"standard","meta":{"footnotes":""},"categories":[25],"tags":[],"class_list":["post-19388","post","type-post","status-publish","format-standard","hentry","category-news"],"yoast_head":"<!-- This site is optimized with the Yoast SEO plugin v28.2 - https:\/\/yoast.com\/product\/yoast-seo-wordpress\/ -->\n<title>Participantes do Medida Certa confirmam redu\u00e7\u00e3o de peso - SESI<\/title>\n<meta name=\"robots\" content=\"index, follow, max-snippet:-1, max-image-preview:large, max-video-preview:-1\" \/>\n<link rel=\"canonical\" href=\"https:\/\/fieam.org.br\/sesi\/participantes-do-medida-certa-confirmam-reducao-de-peso\/\" \/>\n<meta property=\"og:locale\" content=\"pt_BR\" \/>\n<meta property=\"og:type\" content=\"article\" \/>\n<meta property=\"og:title\" content=\"Participantes do Medida Certa confirmam redu\u00e7\u00e3o de peso - SESI\" \/>\n<meta property=\"og:description\" content=\"O programa Medida Certa levou 38,5 mil pessoas \u00e0 Ponta Negra, segundo a equipe de coordena\u00e7\u00e3o do evento, realizado em parceria entre o\u00a0Servi\u00e7o Social da Ind\u00fastria (SESI)\u00a0e Rede Globo de TV. O Medida Certa se encerrou no s\u00e1bado (16) com a divulga\u00e7\u00e3o do resultado alcan\u00e7ado pelos seis participantes amazonenses e programa\u00e7\u00e3o que constou de caminhada [&hellip;]\" \/>\n<meta property=\"og:url\" content=\"https:\/\/fieam.org.br\/sesi\/participantes-do-medida-certa-confirmam-reducao-de-peso\/\" \/>\n<meta property=\"og:site_name\" content=\"SESI\" \/>\n<meta property=\"article:published_time\" content=\"2013-11-19T14:23:39+00:00\" \/>\n<meta name=\"author\" content=\"Autor\" \/>\n<meta name=\"twitter:card\" content=\"summary_large_image\" \/>\n<meta name=\"twitter:label1\" content=\"Escrito por\" \/>\n\t<meta name=\"twitter:data1\" content=\"Autor\" \/>\n\t<meta name=\"twitter:label2\" content=\"Est. tempo de leitura\" \/>\n\t<meta name=\"twitter:data2\" content=\"4 minutos\" \/>\n<script type=\"application\/ld+json\" class=\"yoast-schema-graph\">{\"@context\":\"https:\\\/\\\/schema.org\",\"@graph\":[{\"@type\":\"Article\",\"@id\":\"https:\\\/\\\/fieam.org.br\\\/sesi\\\/participantes-do-medida-certa-confirmam-reducao-de-peso\\\/#article\",\"isPartOf\":{\"@id\":\"https:\\\/\\\/fieam.org.br\\\/sesi\\\/participantes-do-medida-certa-confirmam-reducao-de-peso\\\/\"},\"author\":{\"name\":\"Autor\",\"@id\":\"https:\\\/\\\/fieam.org.br\\\/sesi\\\/#\\\/schema\\\/person\\\/f54998dd14d5f0695b41444f2b01c31e\"},\"headline\":\"Participantes do Medida Certa confirmam redu\u00e7\u00e3o de peso\",\"datePublished\":\"2013-11-19T14:23:39+00:00\",\"mainEntityOfPage\":{\"@id\":\"https:\\\/\\\/fieam.org.br\\\/sesi\\\/participantes-do-medida-certa-confirmam-reducao-de-peso\\\/\"},\"wordCount\":756,\"commentCount\":0,\"publisher\":{\"@id\":\"https:\\\/\\\/fieam.org.br\\\/sesi\\\/#organization\"},\"image\":{\"@id\":\"https:\\\/\\\/fieam.org.br\\\/sesi\\\/participantes-do-medida-certa-confirmam-reducao-de-peso\\\/#primaryimage\"},\"thumbnailUrl\":\"http:\\\/\\\/www.fieam.org.br\\\/2015\\\/sesi\\\/wp-content\\\/uploads\\\/sites\\\/2\\\/2013\\\/11\\\/38-mil-participaram-do-Medida-Certa-300x200.jpg\",\"articleSection\":[\"News\"],\"inLanguage\":\"pt-BR\",\"potentialAction\":[{\"@type\":\"CommentAction\",\"name\":\"Comment\",\"target\":[\"https:\\\/\\\/fieam.org.br\\\/sesi\\\/participantes-do-medida-certa-confirmam-reducao-de-peso\\\/#respond\"]}]},{\"@type\":\"WebPage\",\"@id\":\"https:\\\/\\\/fieam.org.br\\\/sesi\\\/participantes-do-medida-certa-confirmam-reducao-de-peso\\\/\",\"url\":\"https:\\\/\\\/fieam.org.br\\\/sesi\\\/participantes-do-medida-certa-confirmam-reducao-de-peso\\\/\",\"name\":\"Participantes do Medida Certa confirmam redu\u00e7\u00e3o de peso - SESI\",\"isPartOf\":{\"@id\":\"https:\\\/\\\/fieam.org.br\\\/sesi\\\/#website\"},\"primaryImageOfPage\":{\"@id\":\"https:\\\/\\\/fieam.org.br\\\/sesi\\\/participantes-do-medida-certa-confirmam-reducao-de-peso\\\/#primaryimage\"},\"image\":{\"@id\":\"https:\\\/\\\/fieam.org.br\\\/sesi\\\/participantes-do-medida-certa-confirmam-reducao-de-peso\\\/#primaryimage\"},\"thumbnailUrl\":\"http:\\\/\\\/www.fieam.org.br\\\/2015\\\/sesi\\\/wp-content\\\/uploads\\\/sites\\\/2\\\/2013\\\/11\\\/38-mil-participaram-do-Medida-Certa-300x200.jpg\",\"datePublished\":\"2013-11-19T14:23:39+00:00\",\"breadcrumb\":{\"@id\":\"https:\\\/\\\/fieam.org.br\\\/sesi\\\/participantes-do-medida-certa-confirmam-reducao-de-peso\\\/#breadcrumb\"},\"inLanguage\":\"pt-BR\",\"potentialAction\":[{\"@type\":\"ReadAction\",\"target\":[\"https:\\\/\\\/fieam.org.br\\\/sesi\\\/participantes-do-medida-certa-confirmam-reducao-de-peso\\\/\"]}]},{\"@type\":\"ImageObject\",\"inLanguage\":\"pt-BR\",\"@id\":\"https:\\\/\\\/fieam.org.br\\\/sesi\\\/participantes-do-medida-certa-confirmam-reducao-de-peso\\\/#primaryimage\",\"url\":\"http:\\\/\\\/www.fieam.org.br\\\/2015\\\/sesi\\\/wp-content\\\/uploads\\\/sites\\\/2\\\/2013\\\/11\\\/38-mil-participaram-do-Medida-Certa-300x200.jpg\",\"contentUrl\":\"http:\\\/\\\/www.fieam.org.br\\\/2015\\\/sesi\\\/wp-content\\\/uploads\\\/sites\\\/2\\\/2013\\\/11\\\/38-mil-participaram-do-Medida-Certa-300x200.jpg\"},{\"@type\":\"BreadcrumbList\",\"@id\":\"https:\\\/\\\/fieam.org.br\\\/sesi\\\/participantes-do-medida-certa-confirmam-reducao-de-peso\\\/#breadcrumb\",\"itemListElement\":[{\"@type\":\"ListItem\",\"position\":1,\"name\":\"In\u00edcio\",\"item\":\"https:\\\/\\\/fieam.org.br\\\/sesi\\\/\"},{\"@type\":\"ListItem\",\"position\":2,\"name\":\"Participantes do Medida Certa confirmam redu\u00e7\u00e3o de peso\"}]},{\"@type\":\"WebSite\",\"@id\":\"https:\\\/\\\/fieam.org.br\\\/sesi\\\/#website\",\"url\":\"https:\\\/\\\/fieam.org.br\\\/sesi\\\/\",\"name\":\"SESI\",\"description\":\"Site Oficial!\",\"publisher\":{\"@id\":\"https:\\\/\\\/fieam.org.br\\\/sesi\\\/#organization\"},\"potentialAction\":[{\"@type\":\"SearchAction\",\"target\":{\"@type\":\"EntryPoint\",\"urlTemplate\":\"https:\\\/\\\/fieam.org.br\\\/sesi\\\/?s={search_term_string}\"},\"query-input\":{\"@type\":\"PropertyValueSpecification\",\"valueRequired\":true,\"valueName\":\"search_term_string\"}}],\"inLanguage\":\"pt-BR\"},{\"@type\":\"Organization\",\"@id\":\"https:\\\/\\\/fieam.org.br\\\/sesi\\\/#organization\",\"name\":\"SESI\",\"url\":\"https:\\\/\\\/fieam.org.br\\\/sesi\\\/\",\"logo\":{\"@type\":\"ImageObject\",\"inLanguage\":\"pt-BR\",\"@id\":\"https:\\\/\\\/fieam.org.br\\\/sesi\\\/#\\\/schema\\\/logo\\\/image\\\/\",\"url\":\"https:\\\/\\\/fieam.org.br\\\/sesi\\\/wp-content\\\/uploads\\\/sites\\\/14\\\/2024\\\/03\\\/cropped-fav.png\",\"contentUrl\":\"https:\\\/\\\/fieam.org.br\\\/sesi\\\/wp-content\\\/uploads\\\/sites\\\/14\\\/2024\\\/03\\\/cropped-fav.png\",\"width\":610,\"height\":589,\"caption\":\"SESI\"},\"image\":{\"@id\":\"https:\\\/\\\/fieam.org.br\\\/sesi\\\/#\\\/schema\\\/logo\\\/image\\\/\"}},{\"@type\":\"Person\",\"@id\":\"https:\\\/\\\/fieam.org.br\\\/sesi\\\/#\\\/schema\\\/person\\\/f54998dd14d5f0695b41444f2b01c31e\",\"name\":\"Autor\",\"image\":{\"@type\":\"ImageObject\",\"inLanguage\":\"pt-BR\",\"@id\":\"https:\\\/\\\/secure.gravatar.com\\\/avatar\\\/3732c223e0e1fad69062a8f770955c9068d37b055204f310a0be18d4069fe380?s=96&d=mm&r=g\",\"url\":\"https:\\\/\\\/secure.gravatar.com\\\/avatar\\\/3732c223e0e1fad69062a8f770955c9068d37b055204f310a0be18d4069fe380?s=96&d=mm&r=g\",\"contentUrl\":\"https:\\\/\\\/secure.gravatar.com\\\/avatar\\\/3732c223e0e1fad69062a8f770955c9068d37b055204f310a0be18d4069fe380?s=96&d=mm&r=g\",\"caption\":\"Autor\"},\"sameAs\":[\"https:\\\/\\\/marketingmassivo.com.br\"],\"url\":\"https:\\\/\\\/fieam.org.br\\\/sesi\\\/author\\\/admin\\\/\"}]}<\/script>\n<!-- \/ Yoast SEO plugin. -->","yoast_head_json":{"title":"Participantes do Medida Certa confirmam redu\u00e7\u00e3o de peso - SESI","robots":{"index":"index","follow":"follow","max-snippet":"max-snippet:-1","max-image-preview":"max-image-preview:large","max-video-preview":"max-video-preview:-1"},"canonical":"https:\/\/fieam.org.br\/sesi\/participantes-do-medida-certa-confirmam-reducao-de-peso\/","og_locale":"pt_BR","og_type":"article","og_title":"Participantes do Medida Certa confirmam redu\u00e7\u00e3o de peso - SESI","og_description":"O programa Medida Certa levou 38,5 mil pessoas \u00e0 Ponta Negra, segundo a equipe de coordena\u00e7\u00e3o do evento, realizado em parceria entre o\u00a0Servi\u00e7o Social da Ind\u00fastria (SESI)\u00a0e Rede Globo de TV. O Medida Certa se encerrou no s\u00e1bado (16) com a divulga\u00e7\u00e3o do resultado alcan\u00e7ado pelos seis participantes amazonenses e programa\u00e7\u00e3o que constou de caminhada [&hellip;]","og_url":"https:\/\/fieam.org.br\/sesi\/participantes-do-medida-certa-confirmam-reducao-de-peso\/","og_site_name":"SESI","article_published_time":"2013-11-19T14:23:39+00:00","author":"Autor","twitter_card":"summary_large_image","twitter_misc":{"Escrito por":"Autor","Est. tempo de leitura":"4 minutos"},"schema":{"@context":"https:\/\/schema.org","@graph":[{"@type":"Article","@id":"https:\/\/fieam.org.br\/sesi\/participantes-do-medida-certa-confirmam-reducao-de-peso\/#article","isPartOf":{"@id":"https:\/\/fieam.org.br\/sesi\/participantes-do-medida-certa-confirmam-reducao-de-peso\/"},"author":{"name":"Autor","@id":"https:\/\/fieam.org.br\/sesi\/#\/schema\/person\/f54998dd14d5f0695b41444f2b01c31e"},"headline":"Participantes do Medida Certa confirmam redu\u00e7\u00e3o de peso","datePublished":"2013-11-19T14:23:39+00:00","mainEntityOfPage":{"@id":"https:\/\/fieam.org.br\/sesi\/participantes-do-medida-certa-confirmam-reducao-de-peso\/"},"wordCount":756,"commentCount":0,"publisher":{"@id":"https:\/\/fieam.org.br\/sesi\/#organization"},"image":{"@id":"https:\/\/fieam.org.br\/sesi\/participantes-do-medida-certa-confirmam-reducao-de-peso\/#primaryimage"},"thumbnailUrl":"http:\/\/www.fieam.org.br\/2015\/sesi\/wp-content\/uploads\/sites\/2\/2013\/11\/38-mil-participaram-do-Medida-Certa-300x200.jpg","articleSection":["News"],"inLanguage":"pt-BR","potentialAction":[{"@type":"CommentAction","name":"Comment","target":["https:\/\/fieam.org.br\/sesi\/participantes-do-medida-certa-confirmam-reducao-de-peso\/#respond"]}]},{"@type":"WebPage","@id":"https:\/\/fieam.org.br\/sesi\/participantes-do-medida-certa-confirmam-reducao-de-peso\/","url":"https:\/\/fieam.org.br\/sesi\/participantes-do-medida-certa-confirmam-reducao-de-peso\/","name":"Participantes do Medida Certa confirmam redu\u00e7\u00e3o de peso - SESI","isPartOf":{"@id":"https:\/\/fieam.org.br\/sesi\/#website"},"primaryImageOfPage":{"@id":"https:\/\/fieam.org.br\/sesi\/participantes-do-medida-certa-confirmam-reducao-de-peso\/#primaryimage"},"image":{"@id":"https:\/\/fieam.org.br\/sesi\/participantes-do-medida-certa-confirmam-reducao-de-peso\/#primaryimage"},"thumbnailUrl":"http:\/\/www.fieam.org.br\/2015\/sesi\/wp-content\/uploads\/sites\/2\/2013\/11\/38-mil-participaram-do-Medida-Certa-300x200.jpg","datePublished":"2013-11-19T14:23:39+00:00","breadcrumb":{"@id":"https:\/\/fieam.org.br\/sesi\/participantes-do-medida-certa-confirmam-reducao-de-peso\/#breadcrumb"},"inLanguage":"pt-BR","potentialAction":[{"@type":"ReadAction","target":["https:\/\/fieam.org.br\/sesi\/participantes-do-medida-certa-confirmam-reducao-de-peso\/"]}]},{"@type":"ImageObject","inLanguage":"pt-BR","@id":"https:\/\/fieam.org.br\/sesi\/participantes-do-medida-certa-confirmam-reducao-de-peso\/#primaryimage","url":"http:\/\/www.fieam.org.br\/2015\/sesi\/wp-content\/uploads\/sites\/2\/2013\/11\/38-mil-participaram-do-Medida-Certa-300x200.jpg","contentUrl":"http:\/\/www.fieam.org.br\/2015\/sesi\/wp-content\/uploads\/sites\/2\/2013\/11\/38-mil-participaram-do-Medida-Certa-300x200.jpg"},{"@type":"BreadcrumbList","@id":"https:\/\/fieam.org.br\/sesi\/participantes-do-medida-certa-confirmam-reducao-de-peso\/#breadcrumb","itemListElement":[{"@type":"ListItem","position":1,"name":"In\u00edcio","item":"https:\/\/fieam.org.br\/sesi\/"},{"@type":"ListItem","position":2,"name":"Participantes do Medida Certa confirmam redu\u00e7\u00e3o de peso"}]},{"@type":"WebSite","@id":"https:\/\/fieam.org.br\/sesi\/#website","url":"https:\/\/fieam.org.br\/sesi\/","name":"SESI","description":"Site Oficial!","publisher":{"@id":"https:\/\/fieam.org.br\/sesi\/#organization"},"potentialAction":[{"@type":"SearchAction","target":{"@type":"EntryPoint","urlTemplate":"https:\/\/fieam.org.br\/sesi\/?s={search_term_string}"},"query-input":{"@type":"PropertyValueSpecification","valueRequired":true,"valueName":"search_term_string"}}],"inLanguage":"pt-BR"},{"@type":"Organization","@id":"https:\/\/fieam.org.br\/sesi\/#organization","name":"SESI","url":"https:\/\/fieam.org.br\/sesi\/","logo":{"@type":"ImageObject","inLanguage":"pt-BR","@id":"https:\/\/fieam.org.br\/sesi\/#\/schema\/logo\/image\/","url":"https:\/\/fieam.org.br\/sesi\/wp-content\/uploads\/sites\/14\/2024\/03\/cropped-fav.png","contentUrl":"https:\/\/fieam.org.br\/sesi\/wp-content\/uploads\/sites\/14\/2024\/03\/cropped-fav.png","width":610,"height":589,"caption":"SESI"},"image":{"@id":"https:\/\/fieam.org.br\/sesi\/#\/schema\/logo\/image\/"}},{"@type":"Person","@id":"https:\/\/fieam.org.br\/sesi\/#\/schema\/person\/f54998dd14d5f0695b41444f2b01c31e","name":"Autor","image":{"@type":"ImageObject","inLanguage":"pt-BR","@id":"https:\/\/secure.gravatar.com\/avatar\/3732c223e0e1fad69062a8f770955c9068d37b055204f310a0be18d4069fe380?s=96&d=mm&r=g","url":"https:\/\/secure.gravatar.com\/avatar\/3732c223e0e1fad69062a8f770955c9068d37b055204f310a0be18d4069fe380?s=96&d=mm&r=g","contentUrl":"https:\/\/secure.gravatar.com\/avatar\/3732c223e0e1fad69062a8f770955c9068d37b055204f310a0be18d4069fe380?s=96&d=mm&r=g","caption":"Autor"},"sameAs":["https:\/\/marketingmassivo.com.br"],"url":"https:\/\/fieam.org.br\/sesi\/author\/admin\/"}]}},"_links":{"self":[{"href":"https:\/\/fieam.org.br\/sesi\/wp-json\/wp\/v2\/posts\/19388","targetHints":{"allow":["GET"]}}],"collection":[{"href":"https:\/\/fieam.org.br\/sesi\/wp-json\/wp\/v2\/posts"}],"about":[{"href":"https:\/\/fieam.org.br\/sesi\/wp-json\/wp\/v2\/types\/post"}],"author":[{"embeddable":true,"href":"https:\/\/fieam.org.br\/sesi\/wp-json\/wp\/v2\/users\/1"}],"replies":[{"embeddable":true,"href":"https:\/\/fieam.org.br\/sesi\/wp-json\/wp\/v2\/comments?post=19388"}],"version-history":[{"count":0,"href":"https:\/\/fieam.org.br\/sesi\/wp-json\/wp\/v2\/posts\/19388\/revisions"}],"wp:attachment":[{"href":"https:\/\/fieam.org.br\/sesi\/wp-json\/wp\/v2\/media?parent=19388"}],"wp:term":[{"taxonomy":"category","embeddable":true,"href":"https:\/\/fieam.org.br\/sesi\/wp-json\/wp\/v2\/categories?post=19388"},{"taxonomy":"post_tag","embeddable":true,"href":"https:\/\/fieam.org.br\/sesi\/wp-json\/wp\/v2\/tags?post=19388"}],"curies":[{"name":"wp","href":"https:\/\/api.w.org\/{rel}","templated":true}]}}