{"id":19383,"date":"2013-11-01T20:34:28","date_gmt":"2013-11-01T20:34:28","guid":{"rendered":"http:\/\/www.fieam.org.br\/site\/sesi\/?p=4830"},"modified":"2013-11-01T20:34:28","modified_gmt":"2013-11-01T20:34:28","slug":"projeto-viravida-agora-e-politica-publica-em-brasilia","status":"publish","type":"post","link":"https:\/\/fieam.org.br\/sesi\/projeto-viravida-agora-e-politica-publica-em-brasilia\/","title":{"rendered":"Projeto ViraVida agora \u00e9 pol\u00edtica p\u00fablica em Bras\u00edlia"},"content":{"rendered":"<p><b><i>Jovens do Amazonas vivenciam momento especial<\/i><\/b><\/p>\n<p>Dezenove jovens do projeto ViraVira de Manaus, que atende jovens em situa\u00e7\u00e3o de viol\u00eancia sexual, participaram de momento hist\u00f3rico, em Bras\u00edlia, onde o projeto foi transformado em pol\u00edtica p\u00fablica no Distrito Federal. A mudan\u00e7a foi anunciada pelo presidente do Conselho Nacional do\u00a0<a href=\"http:\/\/www.fieam.org.br\/site\/sesi\/institucional\" target=\"_blank\" rel=\"noopener\">SESI<\/a>, Jair Meneguelli, em conjunto com a secret\u00e1ria de Estado da Crian\u00e7a (DF), Rejane Pitanga, durante o 4\u00ba Semin\u00e1rio Nacional do ViraVida. O evento conta com a participa\u00e7\u00e3o de 500 jovens de todo o Brasil, sendo 19 do Estado do Amazonas.<\/p>\n<p>\u201cEu sou um sonhador, e fico feliz por outras pessoas e organiza\u00e7\u00f5es estarem sonhando junto comigo. Esse \u00e9 um momento \u00fanico pelo qual tanto lutei. Agora \u00e9 continuar caminhando para que o projeto se estenda por todo o pa\u00eds e vire pol\u00edtica p\u00fablica em outros Estados. Lutar pelos direitos de nossas crian\u00e7as, jovens e adolescentes \u00e9 papel de todos n\u00f3s\u201d, disse.<\/p>\n<figure id=\"attachment_4831\" aria-describedby=\"caption-attachment-4831\" style=\"width: 430px\" class=\"wp-caption alignleft\"><a href=\"http:\/\/www.fieam.org.br\/site\/sesi\/projeto-viravida-agora-e-politica-publica-em-brasilia\/jair-meneguelli-e-a-secretaria-da-secretaria-da-crianca-rejane-pitanga-durante-o-4-seminario-nacional-do-viravida\/\" rel=\"attachment wp-att-4831\"><img fetchpriority=\"high\" decoding=\"async\" class=\" wp-image-4831  \" alt=\"Jair Meneguelli e a secret\u00e1ria da Secretaria da Crian\u00e7a, Rejane Pitanga, durante o 4 Semin\u00e1rio Nacional do ViraVida\" src=\"https:\/\/marketingmassivo.com.br\/sesi\/wp-content\/uploads\/sites\/12\/2013\/11\/Jair-Meneguelli-e-a-secretaria-da-Secretaria-da-Crianca-Rejane-Pitanga-durante-o-4-Seminario-Nacional-do-ViraVida.jpg\" width=\"430\" height=\"287\" \/><\/a><figcaption id=\"caption-attachment-4831\" class=\"wp-caption-text\">Jair Meneguelli e a secret\u00e1ria da Secretaria da Crian\u00e7a, Rejane Pitanga, durante o 4 Semin\u00e1rio Nacional do ViraVida<\/figcaption><\/figure>\n<p>Um grande mosaico humano foi montado na abertura do Semin\u00e1rio, nesta quinta-feira (31), onde os 500 jovens, dirigidos pelo diretor de novelas da Globo, Fred Mayrink, formaram uma grande borboleta, no Est\u00e1dio Nacional Man\u00e9 Garrincha. Prestigiaram o espet\u00e1culo mais de 3 mil alunos de escolas p\u00fablicas do Distrito Federal e representantes de institui\u00e7\u00f5es p\u00fablicas, privadas e organiza\u00e7\u00f5es n\u00e3o governamentais.<\/p>\n<p>Ainda na abertura, houve a entrega do Selo Social ViraVida \u00e0s empresas que se destacaram, em \u00e2mbito nacional, com a\u00e7\u00f5es de apoio ao programa e \u00e0 causa contra a viol\u00eancia sexual infantojuvenil, inclusive com a participa\u00e7\u00e3o de uma aluna do Amazonas.<\/p>\n<p>Al\u00e9m disso, o Conselho Nacional do SESI e a Secretaria Nacional de Justi\u00e7a assinaram um Termo de Coopera\u00e7\u00e3o prevendo atividades conjuntas de enfrentamento ao tr\u00e1fico de pessoas para fins de explora\u00e7\u00e3o sexual.<\/p>\n<p>De acordo com o balan\u00e7o dos cinco anos do programa, apresentado por Meneguelli, mais de 3,7 mil adolescentes e jovens, de 23 cidades brasileiras, foram matriculados no projeto, sendo que 1,2 mil foram inseridos no mercado de trabalho. \u201cO jovem se transforma, pois tem resgatada a sua dignidade, autoestima, se prepara para uma vida nova, vence o preconceito e conquista o mercado de trabalho\u201d, disse o presidente.<\/p>\n<p>O aluno Marcos Mendes, 18, logo no primeiro dia refor\u00e7ou seu interesse em continuar no projeto, n\u00e3o mais como aluno, e sim, como profissional.<\/p>\n<p>\u201cEu me surpreendi muito, n\u00e3o imaginava a dimens\u00e3o do projeto. Em poucas horas j\u00e1 me senti mais motivado, feliz, diferente. Quero repassar essa for\u00e7a para meus colegas que n\u00e3o puderam participar e ainda, quero atuar na \u00e1rea de psicologia, ajudando outros jovens que passaram pelo que passei. Esse foi um dos meus objetivos que reforcei aqui. N\u00e3o quero nunca mais abandonar o projeto. Quero fazer parte da mudan\u00e7a de vida de outros jovens\u2019\u2019, disse o adolescente.<\/p>\n<p>O painel\u00a0 \u201cO Jovem e o Mundo do Trabalho&#8221; teve como mediador o apresentador da TV Bandeirantes, Caz\u00e9 Pe\u00e7anha, e como convidados, Marcio Pochmann, professor doutor e escritor de economia; Anderson Dinho, empreendedor da Favela Mar\u00e9; e dois ex-alunos do Vira Vida.<\/p>\n<p>O segundo painel do Semin\u00e1rio, com o tema \u201cCorpo, sexualidade e drogadi\u00e7\u00e3o\u201d, contou com a participa\u00e7\u00e3o do ex-nadadador Gustavo Borges, do m\u00e9dico e escritor Jairo Bouer, e da especialista em depend\u00eancia qu\u00edmica Fabian Nacer; e um aluno do Viravida.<\/p>\n<p>Renan Oliveira (19), aluno do ViraVida do Amazonas, contribuiu dando sua opini\u00e3o sobre os dois tema debatidos. De acordo com o jovem, exagerar na exposi\u00e7\u00e3o da sexualidade \u00e9 um dos fatores que contribuem para o preconceito. \u201cSexualidade \u00e9 algo \u00edntimo, individual. Voc\u00ea n\u00e3o precisa se expor\u201d, disse. Renan revelou que \u00e9 bissexual e que isso de forma alguma atrapalha seu desenvolvimento profissional.<\/p>\n<p>\u201cQuando estamos entre amigos \u00e9 natural agir da forma que desejamos, mas isso n\u00e3o se aplica a todos os meios e ambientes, pois devemos respeitar o pr\u00f3ximo e o mais importante, a n\u00f3s mesmos\u201d, ensinou Renan.<\/p>\n<p>O evento segue at\u00e9 este s\u00e1bado (2), com oficinas, bate-papo com o comentarista esportivo Walter Casagrande, premia\u00e7\u00e3o de concurso de reda\u00e7\u00e3o, onde concorrem cinco alunos de Manaus, al\u00e9m de diversas atividades paralelas.<\/p>\n<p><b>Mais sobre o ViraVida<\/b><\/p>\n<p>O projeto foi criado em 2008 pelo Conselho Nacional do SESI (Servi\u00e7o Social da Ind\u00fastria), que atende jovens com idade entre 16 a 21 anos. Atualmente, o projeto \u00e9 desenvolvido em 19 Estados, abrangendo 23 cidades.<\/p>\n<p>No Amazonas o projeto funciona com duas turmas, totalizando 103 jovens e adolescentes.<\/p>\n<p><i>\u00a0<\/i><b>Cr\u00e9dito da foto- R\u00fabio Guimar\u00e3es\/ Trip\u00e9 Fotografia<\/b><br \/>\n[nggallery id=205]<\/p>\n<p>&nbsp;<\/p>\n","protected":false},"excerpt":{"rendered":"<p>Jovens do Amazonas vivenciam momento especial Dezenove jovens do projeto ViraVira de Manaus, que atende jovens em situa\u00e7\u00e3o de viol\u00eancia sexual, participaram de momento hist\u00f3rico, em Bras\u00edlia, onde o projeto foi transformado em pol\u00edtica p\u00fablica no Distrito Federal. A mudan\u00e7a foi anunciada pelo presidente do Conselho Nacional do\u00a0SESI, Jair Meneguelli, em conjunto com a secret\u00e1ria [&hellip;]<\/p>\n","protected":false},"author":1,"featured_media":0,"comment_status":"open","ping_status":"open","sticky":false,"template":"","format":"standard","meta":{"footnotes":""},"categories":[25],"tags":[],"class_list":["post-19383","post","type-post","status-publish","format-standard","hentry","category-news"],"yoast_head":"<!-- This site is optimized with the Yoast SEO plugin v28.2 - https:\/\/yoast.com\/product\/yoast-seo-wordpress\/ -->\n<title>Projeto ViraVida agora \u00e9 pol\u00edtica p\u00fablica em Bras\u00edlia - SESI<\/title>\n<meta name=\"robots\" content=\"index, follow, max-snippet:-1, max-image-preview:large, max-video-preview:-1\" \/>\n<link rel=\"canonical\" href=\"https:\/\/fieam.org.br\/sesi\/projeto-viravida-agora-e-politica-publica-em-brasilia\/\" \/>\n<meta property=\"og:locale\" content=\"pt_BR\" \/>\n<meta property=\"og:type\" content=\"article\" \/>\n<meta property=\"og:title\" content=\"Projeto ViraVida agora \u00e9 pol\u00edtica p\u00fablica em Bras\u00edlia - SESI\" \/>\n<meta property=\"og:description\" content=\"Jovens do Amazonas vivenciam momento especial Dezenove jovens do projeto ViraVira de Manaus, que atende jovens em situa\u00e7\u00e3o de viol\u00eancia sexual, participaram de momento hist\u00f3rico, em Bras\u00edlia, onde o projeto foi transformado em pol\u00edtica p\u00fablica no Distrito Federal. A mudan\u00e7a foi anunciada pelo presidente do Conselho Nacional do\u00a0SESI, Jair Meneguelli, em conjunto com a secret\u00e1ria [&hellip;]\" \/>\n<meta property=\"og:url\" content=\"https:\/\/fieam.org.br\/sesi\/projeto-viravida-agora-e-politica-publica-em-brasilia\/\" \/>\n<meta property=\"og:site_name\" content=\"SESI\" \/>\n<meta property=\"article:published_time\" content=\"2013-11-01T20:34:28+00:00\" \/>\n<meta property=\"og:image\" content=\"https:\/\/fieam.org.br\/sesi\/wp-content\/uploads\/sites\/14\/2024\/02\/muzica.png\" \/>\n\t<meta property=\"og:image:width\" content=\"2400\" \/>\n\t<meta property=\"og:image:height\" content=\"600\" \/>\n\t<meta property=\"og:image:type\" content=\"image\/png\" \/>\n<meta name=\"author\" content=\"Autor\" \/>\n<meta name=\"twitter:card\" content=\"summary_large_image\" \/>\n<meta name=\"twitter:label1\" content=\"Escrito por\" \/>\n\t<meta name=\"twitter:data1\" content=\"Autor\" \/>\n\t<meta name=\"twitter:label2\" content=\"Est. tempo de leitura\" \/>\n\t<meta name=\"twitter:data2\" content=\"4 minutos\" \/>\n<script type=\"application\/ld+json\" class=\"yoast-schema-graph\">{\"@context\":\"https:\\\/\\\/schema.org\",\"@graph\":[{\"@type\":\"Article\",\"@id\":\"https:\\\/\\\/fieam.org.br\\\/sesi\\\/projeto-viravida-agora-e-politica-publica-em-brasilia\\\/#article\",\"isPartOf\":{\"@id\":\"https:\\\/\\\/fieam.org.br\\\/sesi\\\/projeto-viravida-agora-e-politica-publica-em-brasilia\\\/\"},\"author\":{\"name\":\"Autor\",\"@id\":\"https:\\\/\\\/fieam.org.br\\\/sesi\\\/#\\\/schema\\\/person\\\/f54998dd14d5f0695b41444f2b01c31e\"},\"headline\":\"Projeto ViraVida agora \u00e9 pol\u00edtica p\u00fablica em Bras\u00edlia\",\"datePublished\":\"2013-11-01T20:34:28+00:00\",\"mainEntityOfPage\":{\"@id\":\"https:\\\/\\\/fieam.org.br\\\/sesi\\\/projeto-viravida-agora-e-politica-publica-em-brasilia\\\/\"},\"wordCount\":797,\"commentCount\":0,\"publisher\":{\"@id\":\"https:\\\/\\\/fieam.org.br\\\/sesi\\\/#organization\"},\"image\":{\"@id\":\"https:\\\/\\\/fieam.org.br\\\/sesi\\\/projeto-viravida-agora-e-politica-publica-em-brasilia\\\/#primaryimage\"},\"thumbnailUrl\":\"https:\\\/\\\/marketingmassivo.com.br\\\/sesi\\\/wp-content\\\/uploads\\\/sites\\\/12\\\/2013\\\/11\\\/Jair-Meneguelli-e-a-secretaria-da-Secretaria-da-Crianca-Rejane-Pitanga-durante-o-4-Seminario-Nacional-do-ViraVida.jpg\",\"articleSection\":[\"News\"],\"inLanguage\":\"pt-BR\",\"potentialAction\":[{\"@type\":\"CommentAction\",\"name\":\"Comment\",\"target\":[\"https:\\\/\\\/fieam.org.br\\\/sesi\\\/projeto-viravida-agora-e-politica-publica-em-brasilia\\\/#respond\"]}]},{\"@type\":\"WebPage\",\"@id\":\"https:\\\/\\\/fieam.org.br\\\/sesi\\\/projeto-viravida-agora-e-politica-publica-em-brasilia\\\/\",\"url\":\"https:\\\/\\\/fieam.org.br\\\/sesi\\\/projeto-viravida-agora-e-politica-publica-em-brasilia\\\/\",\"name\":\"Projeto ViraVida agora \u00e9 pol\u00edtica p\u00fablica em Bras\u00edlia - SESI\",\"isPartOf\":{\"@id\":\"https:\\\/\\\/fieam.org.br\\\/sesi\\\/#website\"},\"primaryImageOfPage\":{\"@id\":\"https:\\\/\\\/fieam.org.br\\\/sesi\\\/projeto-viravida-agora-e-politica-publica-em-brasilia\\\/#primaryimage\"},\"image\":{\"@id\":\"https:\\\/\\\/fieam.org.br\\\/sesi\\\/projeto-viravida-agora-e-politica-publica-em-brasilia\\\/#primaryimage\"},\"thumbnailUrl\":\"https:\\\/\\\/marketingmassivo.com.br\\\/sesi\\\/wp-content\\\/uploads\\\/sites\\\/12\\\/2013\\\/11\\\/Jair-Meneguelli-e-a-secretaria-da-Secretaria-da-Crianca-Rejane-Pitanga-durante-o-4-Seminario-Nacional-do-ViraVida.jpg\",\"datePublished\":\"2013-11-01T20:34:28+00:00\",\"breadcrumb\":{\"@id\":\"https:\\\/\\\/fieam.org.br\\\/sesi\\\/projeto-viravida-agora-e-politica-publica-em-brasilia\\\/#breadcrumb\"},\"inLanguage\":\"pt-BR\",\"potentialAction\":[{\"@type\":\"ReadAction\",\"target\":[\"https:\\\/\\\/fieam.org.br\\\/sesi\\\/projeto-viravida-agora-e-politica-publica-em-brasilia\\\/\"]}]},{\"@type\":\"ImageObject\",\"inLanguage\":\"pt-BR\",\"@id\":\"https:\\\/\\\/fieam.org.br\\\/sesi\\\/projeto-viravida-agora-e-politica-publica-em-brasilia\\\/#primaryimage\",\"url\":\"https:\\\/\\\/marketingmassivo.com.br\\\/sesi\\\/wp-content\\\/uploads\\\/sites\\\/12\\\/2013\\\/11\\\/Jair-Meneguelli-e-a-secretaria-da-Secretaria-da-Crianca-Rejane-Pitanga-durante-o-4-Seminario-Nacional-do-ViraVida.jpg\",\"contentUrl\":\"https:\\\/\\\/marketingmassivo.com.br\\\/sesi\\\/wp-content\\\/uploads\\\/sites\\\/12\\\/2013\\\/11\\\/Jair-Meneguelli-e-a-secretaria-da-Secretaria-da-Crianca-Rejane-Pitanga-durante-o-4-Seminario-Nacional-do-ViraVida.jpg\"},{\"@type\":\"BreadcrumbList\",\"@id\":\"https:\\\/\\\/fieam.org.br\\\/sesi\\\/projeto-viravida-agora-e-politica-publica-em-brasilia\\\/#breadcrumb\",\"itemListElement\":[{\"@type\":\"ListItem\",\"position\":1,\"name\":\"In\u00edcio\",\"item\":\"https:\\\/\\\/fieam.org.br\\\/sesi\\\/\"},{\"@type\":\"ListItem\",\"position\":2,\"name\":\"Projeto ViraVida agora \u00e9 pol\u00edtica p\u00fablica em Bras\u00edlia\"}]},{\"@type\":\"WebSite\",\"@id\":\"https:\\\/\\\/fieam.org.br\\\/sesi\\\/#website\",\"url\":\"https:\\\/\\\/fieam.org.br\\\/sesi\\\/\",\"name\":\"SESI\",\"description\":\"Site Oficial!\",\"publisher\":{\"@id\":\"https:\\\/\\\/fieam.org.br\\\/sesi\\\/#organization\"},\"potentialAction\":[{\"@type\":\"SearchAction\",\"target\":{\"@type\":\"EntryPoint\",\"urlTemplate\":\"https:\\\/\\\/fieam.org.br\\\/sesi\\\/?s={search_term_string}\"},\"query-input\":{\"@type\":\"PropertyValueSpecification\",\"valueRequired\":true,\"valueName\":\"search_term_string\"}}],\"inLanguage\":\"pt-BR\"},{\"@type\":\"Organization\",\"@id\":\"https:\\\/\\\/fieam.org.br\\\/sesi\\\/#organization\",\"name\":\"SESI\",\"url\":\"https:\\\/\\\/fieam.org.br\\\/sesi\\\/\",\"logo\":{\"@type\":\"ImageObject\",\"inLanguage\":\"pt-BR\",\"@id\":\"https:\\\/\\\/fieam.org.br\\\/sesi\\\/#\\\/schema\\\/logo\\\/image\\\/\",\"url\":\"https:\\\/\\\/fieam.org.br\\\/sesi\\\/wp-content\\\/uploads\\\/sites\\\/14\\\/2024\\\/03\\\/cropped-fav.png\",\"contentUrl\":\"https:\\\/\\\/fieam.org.br\\\/sesi\\\/wp-content\\\/uploads\\\/sites\\\/14\\\/2024\\\/03\\\/cropped-fav.png\",\"width\":610,\"height\":589,\"caption\":\"SESI\"},\"image\":{\"@id\":\"https:\\\/\\\/fieam.org.br\\\/sesi\\\/#\\\/schema\\\/logo\\\/image\\\/\"}},{\"@type\":\"Person\",\"@id\":\"https:\\\/\\\/fieam.org.br\\\/sesi\\\/#\\\/schema\\\/person\\\/f54998dd14d5f0695b41444f2b01c31e\",\"name\":\"Autor\",\"image\":{\"@type\":\"ImageObject\",\"inLanguage\":\"pt-BR\",\"@id\":\"https:\\\/\\\/secure.gravatar.com\\\/avatar\\\/3732c223e0e1fad69062a8f770955c9068d37b055204f310a0be18d4069fe380?s=96&d=mm&r=g\",\"url\":\"https:\\\/\\\/secure.gravatar.com\\\/avatar\\\/3732c223e0e1fad69062a8f770955c9068d37b055204f310a0be18d4069fe380?s=96&d=mm&r=g\",\"contentUrl\":\"https:\\\/\\\/secure.gravatar.com\\\/avatar\\\/3732c223e0e1fad69062a8f770955c9068d37b055204f310a0be18d4069fe380?s=96&d=mm&r=g\",\"caption\":\"Autor\"},\"sameAs\":[\"https:\\\/\\\/marketingmassivo.com.br\"],\"url\":\"https:\\\/\\\/fieam.org.br\\\/sesi\\\/author\\\/admin\\\/\"}]}<\/script>\n<!-- \/ Yoast SEO plugin. -->","yoast_head_json":{"title":"Projeto ViraVida agora \u00e9 pol\u00edtica p\u00fablica em Bras\u00edlia - SESI","robots":{"index":"index","follow":"follow","max-snippet":"max-snippet:-1","max-image-preview":"max-image-preview:large","max-video-preview":"max-video-preview:-1"},"canonical":"https:\/\/fieam.org.br\/sesi\/projeto-viravida-agora-e-politica-publica-em-brasilia\/","og_locale":"pt_BR","og_type":"article","og_title":"Projeto ViraVida agora \u00e9 pol\u00edtica p\u00fablica em Bras\u00edlia - SESI","og_description":"Jovens do Amazonas vivenciam momento especial Dezenove jovens do projeto ViraVira de Manaus, que atende jovens em situa\u00e7\u00e3o de viol\u00eancia sexual, participaram de momento hist\u00f3rico, em Bras\u00edlia, onde o projeto foi transformado em pol\u00edtica p\u00fablica no Distrito Federal. A mudan\u00e7a foi anunciada pelo presidente do Conselho Nacional do\u00a0SESI, Jair Meneguelli, em conjunto com a secret\u00e1ria [&hellip;]","og_url":"https:\/\/fieam.org.br\/sesi\/projeto-viravida-agora-e-politica-publica-em-brasilia\/","og_site_name":"SESI","article_published_time":"2013-11-01T20:34:28+00:00","og_image":[{"width":2400,"height":600,"url":"https:\/\/fieam.org.br\/sesi\/wp-content\/uploads\/sites\/14\/2024\/02\/muzica.png","type":"image\/png"}],"author":"Autor","twitter_card":"summary_large_image","twitter_misc":{"Escrito por":"Autor","Est. tempo de leitura":"4 minutos"},"schema":{"@context":"https:\/\/schema.org","@graph":[{"@type":"Article","@id":"https:\/\/fieam.org.br\/sesi\/projeto-viravida-agora-e-politica-publica-em-brasilia\/#article","isPartOf":{"@id":"https:\/\/fieam.org.br\/sesi\/projeto-viravida-agora-e-politica-publica-em-brasilia\/"},"author":{"name":"Autor","@id":"https:\/\/fieam.org.br\/sesi\/#\/schema\/person\/f54998dd14d5f0695b41444f2b01c31e"},"headline":"Projeto ViraVida agora \u00e9 pol\u00edtica p\u00fablica em Bras\u00edlia","datePublished":"2013-11-01T20:34:28+00:00","mainEntityOfPage":{"@id":"https:\/\/fieam.org.br\/sesi\/projeto-viravida-agora-e-politica-publica-em-brasilia\/"},"wordCount":797,"commentCount":0,"publisher":{"@id":"https:\/\/fieam.org.br\/sesi\/#organization"},"image":{"@id":"https:\/\/fieam.org.br\/sesi\/projeto-viravida-agora-e-politica-publica-em-brasilia\/#primaryimage"},"thumbnailUrl":"https:\/\/marketingmassivo.com.br\/sesi\/wp-content\/uploads\/sites\/12\/2013\/11\/Jair-Meneguelli-e-a-secretaria-da-Secretaria-da-Crianca-Rejane-Pitanga-durante-o-4-Seminario-Nacional-do-ViraVida.jpg","articleSection":["News"],"inLanguage":"pt-BR","potentialAction":[{"@type":"CommentAction","name":"Comment","target":["https:\/\/fieam.org.br\/sesi\/projeto-viravida-agora-e-politica-publica-em-brasilia\/#respond"]}]},{"@type":"WebPage","@id":"https:\/\/fieam.org.br\/sesi\/projeto-viravida-agora-e-politica-publica-em-brasilia\/","url":"https:\/\/fieam.org.br\/sesi\/projeto-viravida-agora-e-politica-publica-em-brasilia\/","name":"Projeto ViraVida agora \u00e9 pol\u00edtica p\u00fablica em Bras\u00edlia - SESI","isPartOf":{"@id":"https:\/\/fieam.org.br\/sesi\/#website"},"primaryImageOfPage":{"@id":"https:\/\/fieam.org.br\/sesi\/projeto-viravida-agora-e-politica-publica-em-brasilia\/#primaryimage"},"image":{"@id":"https:\/\/fieam.org.br\/sesi\/projeto-viravida-agora-e-politica-publica-em-brasilia\/#primaryimage"},"thumbnailUrl":"https:\/\/marketingmassivo.com.br\/sesi\/wp-content\/uploads\/sites\/12\/2013\/11\/Jair-Meneguelli-e-a-secretaria-da-Secretaria-da-Crianca-Rejane-Pitanga-durante-o-4-Seminario-Nacional-do-ViraVida.jpg","datePublished":"2013-11-01T20:34:28+00:00","breadcrumb":{"@id":"https:\/\/fieam.org.br\/sesi\/projeto-viravida-agora-e-politica-publica-em-brasilia\/#breadcrumb"},"inLanguage":"pt-BR","potentialAction":[{"@type":"ReadAction","target":["https:\/\/fieam.org.br\/sesi\/projeto-viravida-agora-e-politica-publica-em-brasilia\/"]}]},{"@type":"ImageObject","inLanguage":"pt-BR","@id":"https:\/\/fieam.org.br\/sesi\/projeto-viravida-agora-e-politica-publica-em-brasilia\/#primaryimage","url":"https:\/\/marketingmassivo.com.br\/sesi\/wp-content\/uploads\/sites\/12\/2013\/11\/Jair-Meneguelli-e-a-secretaria-da-Secretaria-da-Crianca-Rejane-Pitanga-durante-o-4-Seminario-Nacional-do-ViraVida.jpg","contentUrl":"https:\/\/marketingmassivo.com.br\/sesi\/wp-content\/uploads\/sites\/12\/2013\/11\/Jair-Meneguelli-e-a-secretaria-da-Secretaria-da-Crianca-Rejane-Pitanga-durante-o-4-Seminario-Nacional-do-ViraVida.jpg"},{"@type":"BreadcrumbList","@id":"https:\/\/fieam.org.br\/sesi\/projeto-viravida-agora-e-politica-publica-em-brasilia\/#breadcrumb","itemListElement":[{"@type":"ListItem","position":1,"name":"In\u00edcio","item":"https:\/\/fieam.org.br\/sesi\/"},{"@type":"ListItem","position":2,"name":"Projeto ViraVida agora \u00e9 pol\u00edtica p\u00fablica em Bras\u00edlia"}]},{"@type":"WebSite","@id":"https:\/\/fieam.org.br\/sesi\/#website","url":"https:\/\/fieam.org.br\/sesi\/","name":"SESI","description":"Site Oficial!","publisher":{"@id":"https:\/\/fieam.org.br\/sesi\/#organization"},"potentialAction":[{"@type":"SearchAction","target":{"@type":"EntryPoint","urlTemplate":"https:\/\/fieam.org.br\/sesi\/?s={search_term_string}"},"query-input":{"@type":"PropertyValueSpecification","valueRequired":true,"valueName":"search_term_string"}}],"inLanguage":"pt-BR"},{"@type":"Organization","@id":"https:\/\/fieam.org.br\/sesi\/#organization","name":"SESI","url":"https:\/\/fieam.org.br\/sesi\/","logo":{"@type":"ImageObject","inLanguage":"pt-BR","@id":"https:\/\/fieam.org.br\/sesi\/#\/schema\/logo\/image\/","url":"https:\/\/fieam.org.br\/sesi\/wp-content\/uploads\/sites\/14\/2024\/03\/cropped-fav.png","contentUrl":"https:\/\/fieam.org.br\/sesi\/wp-content\/uploads\/sites\/14\/2024\/03\/cropped-fav.png","width":610,"height":589,"caption":"SESI"},"image":{"@id":"https:\/\/fieam.org.br\/sesi\/#\/schema\/logo\/image\/"}},{"@type":"Person","@id":"https:\/\/fieam.org.br\/sesi\/#\/schema\/person\/f54998dd14d5f0695b41444f2b01c31e","name":"Autor","image":{"@type":"ImageObject","inLanguage":"pt-BR","@id":"https:\/\/secure.gravatar.com\/avatar\/3732c223e0e1fad69062a8f770955c9068d37b055204f310a0be18d4069fe380?s=96&d=mm&r=g","url":"https:\/\/secure.gravatar.com\/avatar\/3732c223e0e1fad69062a8f770955c9068d37b055204f310a0be18d4069fe380?s=96&d=mm&r=g","contentUrl":"https:\/\/secure.gravatar.com\/avatar\/3732c223e0e1fad69062a8f770955c9068d37b055204f310a0be18d4069fe380?s=96&d=mm&r=g","caption":"Autor"},"sameAs":["https:\/\/marketingmassivo.com.br"],"url":"https:\/\/fieam.org.br\/sesi\/author\/admin\/"}]}},"_links":{"self":[{"href":"https:\/\/fieam.org.br\/sesi\/wp-json\/wp\/v2\/posts\/19383","targetHints":{"allow":["GET"]}}],"collection":[{"href":"https:\/\/fieam.org.br\/sesi\/wp-json\/wp\/v2\/posts"}],"about":[{"href":"https:\/\/fieam.org.br\/sesi\/wp-json\/wp\/v2\/types\/post"}],"author":[{"embeddable":true,"href":"https:\/\/fieam.org.br\/sesi\/wp-json\/wp\/v2\/users\/1"}],"replies":[{"embeddable":true,"href":"https:\/\/fieam.org.br\/sesi\/wp-json\/wp\/v2\/comments?post=19383"}],"version-history":[{"count":0,"href":"https:\/\/fieam.org.br\/sesi\/wp-json\/wp\/v2\/posts\/19383\/revisions"}],"wp:attachment":[{"href":"https:\/\/fieam.org.br\/sesi\/wp-json\/wp\/v2\/media?parent=19383"}],"wp:term":[{"taxonomy":"category","embeddable":true,"href":"https:\/\/fieam.org.br\/sesi\/wp-json\/wp\/v2\/categories?post=19383"},{"taxonomy":"post_tag","embeddable":true,"href":"https:\/\/fieam.org.br\/sesi\/wp-json\/wp\/v2\/tags?post=19383"}],"curies":[{"name":"wp","href":"https:\/\/api.w.org\/{rel}","templated":true}]}}