{"id":19382,"date":"2013-11-01T15:30:06","date_gmt":"2013-11-01T15:30:06","guid":{"rendered":"http:\/\/www.fieam.org.br\/site\/sesi\/?p=4825"},"modified":"2013-11-01T15:30:06","modified_gmt":"2013-11-01T15:30:06","slug":"educacao-continuada-informatica-basica-no-sesi","status":"publish","type":"post","link":"https:\/\/fieam.org.br\/sesi\/educacao-continuada-informatica-basica-no-sesi\/","title":{"rendered":"Educa\u00e7\u00e3o Continuada Inform\u00e1tica B\u00e1sica no SESI"},"content":{"rendered":"<p><a href=\"http:\/\/www.fieam.org.br\/site\/sesi\/educacao-continuada-informatica-basica-no-sesi\/sesi-anuncio-cursos-ed_er\/\" rel=\"attachment wp-att-4826\"><img fetchpriority=\"high\" decoding=\"async\" class=\"alignleft  wp-image-4826\" alt=\"SESI - ANUNCIO CURSOS ED_er\" src=\"https:\/\/marketingmassivo.com.br\/sesi\/wp-content\/uploads\/sites\/12\/2013\/11\/SESI-ANUNCIO-CURSOS-ED_er.jpg\" width=\"417\" height=\"425\" \/><\/a>Cursos fundamentais para ingressar no mercado de trabalho s\u00e3o oferecidos pelo\u00a0<a href=\"http:\/\/www.fieam.org.br\/site\/sesi\/institucional\" target=\"_blank\" rel=\"noopener\">Servi\u00e7o Social da Ind\u00fastria (SESI Amazonas)<\/a>, dentre eles o curso de Inform\u00e1tica B\u00e1sica. A programa\u00e7\u00e3o que ter\u00e1 in\u00edcio na pr\u00f3xima segunda-feira (4) e ser\u00e1 realizada no Centro Integrado do Trabalhador Dolores Garcia, localizado na Rua Vivaldo Lima, s\/n, Alvorada I. O curso \u00e9 direcionado aos jovens e adultos.<\/p>\n<p>O conte\u00fado program\u00e1tico \u00e9 de 60 horas, com previs\u00e3o para ser conclu\u00eddo no in\u00edcio de dezembro. A programa\u00e7\u00e3o ser\u00e1 ministrada das 18h30 \u00e0s 21h30 e abranger\u00e1 o pacote Office 2007 e 2010, sistema operacional Windows XP e 7, e Internet. O investimento na capacita\u00e7\u00e3o em inform\u00e1tica b\u00e1sica \u00e9 de R$ 350.<\/p>\n<p>Os documentos necess\u00e1rios para realizar a inscri\u00e7\u00e3o e garantir a vaga nesta programa\u00e7\u00e3o s\u00e3o Xerox de RG\/CPF\/N\u00ba PIS, contracheque e comprovante de resid\u00eancia para quem for industri\u00e1rio, no caso de dependente de industri\u00e1rio, \u00e9 necess\u00e1rio acrescentar o comprovante de depend\u00eancia (certid\u00e3o de nascimento ou casamento), al\u00e9m dos documentos do industri\u00e1rio, e para n\u00e3o industri\u00e1rio os documentos a serem entregues s\u00e3o xerox RG\/CPF e comprovante de resid\u00eancia.<\/p>\n<p>Mais informa\u00e7\u00f5es pelos telefones 3239-1101 ou 3216-8022<\/p>\n","protected":false},"excerpt":{"rendered":"<p>Cursos fundamentais para ingressar no mercado de trabalho s\u00e3o oferecidos pelo\u00a0Servi\u00e7o Social da Ind\u00fastria (SESI Amazonas), dentre eles o curso de Inform\u00e1tica B\u00e1sica. A programa\u00e7\u00e3o que ter\u00e1 in\u00edcio na pr\u00f3xima segunda-feira (4) e ser\u00e1 realizada no Centro Integrado do Trabalhador Dolores Garcia, localizado na Rua Vivaldo Lima, s\/n, Alvorada I. O curso \u00e9 direcionado aos [&hellip;]<\/p>\n","protected":false},"author":1,"featured_media":0,"comment_status":"open","ping_status":"open","sticky":false,"template":"","format":"standard","meta":{"footnotes":""},"categories":[25],"tags":[],"class_list":["post-19382","post","type-post","status-publish","format-standard","hentry","category-news"],"yoast_head":"<!-- This site is optimized with the Yoast SEO plugin v28.2 - https:\/\/yoast.com\/product\/yoast-seo-wordpress\/ -->\n<title>Educa\u00e7\u00e3o Continuada Inform\u00e1tica B\u00e1sica no SESI - SESI<\/title>\n<meta name=\"robots\" content=\"index, follow, max-snippet:-1, max-image-preview:large, max-video-preview:-1\" \/>\n<link rel=\"canonical\" href=\"https:\/\/fieam.org.br\/sesi\/educacao-continuada-informatica-basica-no-sesi\/\" \/>\n<meta property=\"og:locale\" content=\"pt_BR\" \/>\n<meta property=\"og:type\" content=\"article\" \/>\n<meta property=\"og:title\" content=\"Educa\u00e7\u00e3o Continuada Inform\u00e1tica B\u00e1sica no SESI - SESI\" \/>\n<meta property=\"og:description\" content=\"Cursos fundamentais para ingressar no mercado de trabalho s\u00e3o oferecidos pelo\u00a0Servi\u00e7o Social da Ind\u00fastria (SESI Amazonas), dentre eles o curso de Inform\u00e1tica B\u00e1sica. A programa\u00e7\u00e3o que ter\u00e1 in\u00edcio na pr\u00f3xima segunda-feira (4) e ser\u00e1 realizada no Centro Integrado do Trabalhador Dolores Garcia, localizado na Rua Vivaldo Lima, s\/n, Alvorada I. O curso \u00e9 direcionado aos [&hellip;]\" \/>\n<meta property=\"og:url\" content=\"https:\/\/fieam.org.br\/sesi\/educacao-continuada-informatica-basica-no-sesi\/\" \/>\n<meta property=\"og:site_name\" content=\"SESI\" \/>\n<meta property=\"article:published_time\" content=\"2013-11-01T15:30:06+00:00\" \/>\n<meta property=\"og:image\" content=\"https:\/\/fieam.org.br\/sesi\/wp-content\/uploads\/sites\/14\/2024\/02\/velocity-9.png\" \/>\n\t<meta property=\"og:image:width\" content=\"2333\" \/>\n\t<meta property=\"og:image:height\" content=\"600\" \/>\n\t<meta property=\"og:image:type\" content=\"image\/png\" \/>\n<meta name=\"author\" content=\"Autor\" \/>\n<meta name=\"twitter:card\" content=\"summary_large_image\" \/>\n<meta name=\"twitter:label1\" content=\"Escrito por\" \/>\n\t<meta name=\"twitter:data1\" content=\"Autor\" \/>\n\t<meta name=\"twitter:label2\" content=\"Est. tempo de leitura\" \/>\n\t<meta name=\"twitter:data2\" content=\"1 minuto\" \/>\n<script type=\"application\/ld+json\" class=\"yoast-schema-graph\">{\"@context\":\"https:\\\/\\\/schema.org\",\"@graph\":[{\"@type\":\"Article\",\"@id\":\"https:\\\/\\\/fieam.org.br\\\/sesi\\\/educacao-continuada-informatica-basica-no-sesi\\\/#article\",\"isPartOf\":{\"@id\":\"https:\\\/\\\/fieam.org.br\\\/sesi\\\/educacao-continuada-informatica-basica-no-sesi\\\/\"},\"author\":{\"name\":\"Autor\",\"@id\":\"https:\\\/\\\/fieam.org.br\\\/sesi\\\/#\\\/schema\\\/person\\\/f54998dd14d5f0695b41444f2b01c31e\"},\"headline\":\"Educa\u00e7\u00e3o Continuada Inform\u00e1tica B\u00e1sica no SESI\",\"datePublished\":\"2013-11-01T15:30:06+00:00\",\"mainEntityOfPage\":{\"@id\":\"https:\\\/\\\/fieam.org.br\\\/sesi\\\/educacao-continuada-informatica-basica-no-sesi\\\/\"},\"wordCount\":220,\"commentCount\":0,\"publisher\":{\"@id\":\"https:\\\/\\\/fieam.org.br\\\/sesi\\\/#organization\"},\"image\":{\"@id\":\"https:\\\/\\\/fieam.org.br\\\/sesi\\\/educacao-continuada-informatica-basica-no-sesi\\\/#primaryimage\"},\"thumbnailUrl\":\"https:\\\/\\\/marketingmassivo.com.br\\\/sesi\\\/wp-content\\\/uploads\\\/sites\\\/12\\\/2013\\\/11\\\/SESI-ANUNCIO-CURSOS-ED_er.jpg\",\"articleSection\":[\"News\"],\"inLanguage\":\"pt-BR\",\"potentialAction\":[{\"@type\":\"CommentAction\",\"name\":\"Comment\",\"target\":[\"https:\\\/\\\/fieam.org.br\\\/sesi\\\/educacao-continuada-informatica-basica-no-sesi\\\/#respond\"]}]},{\"@type\":\"WebPage\",\"@id\":\"https:\\\/\\\/fieam.org.br\\\/sesi\\\/educacao-continuada-informatica-basica-no-sesi\\\/\",\"url\":\"https:\\\/\\\/fieam.org.br\\\/sesi\\\/educacao-continuada-informatica-basica-no-sesi\\\/\",\"name\":\"Educa\u00e7\u00e3o Continuada Inform\u00e1tica B\u00e1sica no SESI - SESI\",\"isPartOf\":{\"@id\":\"https:\\\/\\\/fieam.org.br\\\/sesi\\\/#website\"},\"primaryImageOfPage\":{\"@id\":\"https:\\\/\\\/fieam.org.br\\\/sesi\\\/educacao-continuada-informatica-basica-no-sesi\\\/#primaryimage\"},\"image\":{\"@id\":\"https:\\\/\\\/fieam.org.br\\\/sesi\\\/educacao-continuada-informatica-basica-no-sesi\\\/#primaryimage\"},\"thumbnailUrl\":\"https:\\\/\\\/marketingmassivo.com.br\\\/sesi\\\/wp-content\\\/uploads\\\/sites\\\/12\\\/2013\\\/11\\\/SESI-ANUNCIO-CURSOS-ED_er.jpg\",\"datePublished\":\"2013-11-01T15:30:06+00:00\",\"breadcrumb\":{\"@id\":\"https:\\\/\\\/fieam.org.br\\\/sesi\\\/educacao-continuada-informatica-basica-no-sesi\\\/#breadcrumb\"},\"inLanguage\":\"pt-BR\",\"potentialAction\":[{\"@type\":\"ReadAction\",\"target\":[\"https:\\\/\\\/fieam.org.br\\\/sesi\\\/educacao-continuada-informatica-basica-no-sesi\\\/\"]}]},{\"@type\":\"ImageObject\",\"inLanguage\":\"pt-BR\",\"@id\":\"https:\\\/\\\/fieam.org.br\\\/sesi\\\/educacao-continuada-informatica-basica-no-sesi\\\/#primaryimage\",\"url\":\"https:\\\/\\\/marketingmassivo.com.br\\\/sesi\\\/wp-content\\\/uploads\\\/sites\\\/12\\\/2013\\\/11\\\/SESI-ANUNCIO-CURSOS-ED_er.jpg\",\"contentUrl\":\"https:\\\/\\\/marketingmassivo.com.br\\\/sesi\\\/wp-content\\\/uploads\\\/sites\\\/12\\\/2013\\\/11\\\/SESI-ANUNCIO-CURSOS-ED_er.jpg\"},{\"@type\":\"BreadcrumbList\",\"@id\":\"https:\\\/\\\/fieam.org.br\\\/sesi\\\/educacao-continuada-informatica-basica-no-sesi\\\/#breadcrumb\",\"itemListElement\":[{\"@type\":\"ListItem\",\"position\":1,\"name\":\"In\u00edcio\",\"item\":\"https:\\\/\\\/fieam.org.br\\\/sesi\\\/\"},{\"@type\":\"ListItem\",\"position\":2,\"name\":\"Educa\u00e7\u00e3o Continuada Inform\u00e1tica B\u00e1sica no SESI\"}]},{\"@type\":\"WebSite\",\"@id\":\"https:\\\/\\\/fieam.org.br\\\/sesi\\\/#website\",\"url\":\"https:\\\/\\\/fieam.org.br\\\/sesi\\\/\",\"name\":\"SESI\",\"description\":\"Site Oficial!\",\"publisher\":{\"@id\":\"https:\\\/\\\/fieam.org.br\\\/sesi\\\/#organization\"},\"potentialAction\":[{\"@type\":\"SearchAction\",\"target\":{\"@type\":\"EntryPoint\",\"urlTemplate\":\"https:\\\/\\\/fieam.org.br\\\/sesi\\\/?s={search_term_string}\"},\"query-input\":{\"@type\":\"PropertyValueSpecification\",\"valueRequired\":true,\"valueName\":\"search_term_string\"}}],\"inLanguage\":\"pt-BR\"},{\"@type\":\"Organization\",\"@id\":\"https:\\\/\\\/fieam.org.br\\\/sesi\\\/#organization\",\"name\":\"SESI\",\"url\":\"https:\\\/\\\/fieam.org.br\\\/sesi\\\/\",\"logo\":{\"@type\":\"ImageObject\",\"inLanguage\":\"pt-BR\",\"@id\":\"https:\\\/\\\/fieam.org.br\\\/sesi\\\/#\\\/schema\\\/logo\\\/image\\\/\",\"url\":\"https:\\\/\\\/fieam.org.br\\\/sesi\\\/wp-content\\\/uploads\\\/sites\\\/14\\\/2024\\\/03\\\/cropped-fav.png\",\"contentUrl\":\"https:\\\/\\\/fieam.org.br\\\/sesi\\\/wp-content\\\/uploads\\\/sites\\\/14\\\/2024\\\/03\\\/cropped-fav.png\",\"width\":610,\"height\":589,\"caption\":\"SESI\"},\"image\":{\"@id\":\"https:\\\/\\\/fieam.org.br\\\/sesi\\\/#\\\/schema\\\/logo\\\/image\\\/\"}},{\"@type\":\"Person\",\"@id\":\"https:\\\/\\\/fieam.org.br\\\/sesi\\\/#\\\/schema\\\/person\\\/f54998dd14d5f0695b41444f2b01c31e\",\"name\":\"Autor\",\"image\":{\"@type\":\"ImageObject\",\"inLanguage\":\"pt-BR\",\"@id\":\"https:\\\/\\\/secure.gravatar.com\\\/avatar\\\/3732c223e0e1fad69062a8f770955c9068d37b055204f310a0be18d4069fe380?s=96&d=mm&r=g\",\"url\":\"https:\\\/\\\/secure.gravatar.com\\\/avatar\\\/3732c223e0e1fad69062a8f770955c9068d37b055204f310a0be18d4069fe380?s=96&d=mm&r=g\",\"contentUrl\":\"https:\\\/\\\/secure.gravatar.com\\\/avatar\\\/3732c223e0e1fad69062a8f770955c9068d37b055204f310a0be18d4069fe380?s=96&d=mm&r=g\",\"caption\":\"Autor\"},\"sameAs\":[\"https:\\\/\\\/marketingmassivo.com.br\"],\"url\":\"https:\\\/\\\/fieam.org.br\\\/sesi\\\/author\\\/admin\\\/\"}]}<\/script>\n<!-- \/ Yoast SEO plugin. -->","yoast_head_json":{"title":"Educa\u00e7\u00e3o Continuada Inform\u00e1tica B\u00e1sica no SESI - SESI","robots":{"index":"index","follow":"follow","max-snippet":"max-snippet:-1","max-image-preview":"max-image-preview:large","max-video-preview":"max-video-preview:-1"},"canonical":"https:\/\/fieam.org.br\/sesi\/educacao-continuada-informatica-basica-no-sesi\/","og_locale":"pt_BR","og_type":"article","og_title":"Educa\u00e7\u00e3o Continuada Inform\u00e1tica B\u00e1sica no SESI - SESI","og_description":"Cursos fundamentais para ingressar no mercado de trabalho s\u00e3o oferecidos pelo\u00a0Servi\u00e7o Social da Ind\u00fastria (SESI Amazonas), dentre eles o curso de Inform\u00e1tica B\u00e1sica. A programa\u00e7\u00e3o que ter\u00e1 in\u00edcio na pr\u00f3xima segunda-feira (4) e ser\u00e1 realizada no Centro Integrado do Trabalhador Dolores Garcia, localizado na Rua Vivaldo Lima, s\/n, Alvorada I. O curso \u00e9 direcionado aos [&hellip;]","og_url":"https:\/\/fieam.org.br\/sesi\/educacao-continuada-informatica-basica-no-sesi\/","og_site_name":"SESI","article_published_time":"2013-11-01T15:30:06+00:00","og_image":[{"width":2333,"height":600,"url":"https:\/\/fieam.org.br\/sesi\/wp-content\/uploads\/sites\/14\/2024\/02\/velocity-9.png","type":"image\/png"}],"author":"Autor","twitter_card":"summary_large_image","twitter_misc":{"Escrito por":"Autor","Est. tempo de leitura":"1 minuto"},"schema":{"@context":"https:\/\/schema.org","@graph":[{"@type":"Article","@id":"https:\/\/fieam.org.br\/sesi\/educacao-continuada-informatica-basica-no-sesi\/#article","isPartOf":{"@id":"https:\/\/fieam.org.br\/sesi\/educacao-continuada-informatica-basica-no-sesi\/"},"author":{"name":"Autor","@id":"https:\/\/fieam.org.br\/sesi\/#\/schema\/person\/f54998dd14d5f0695b41444f2b01c31e"},"headline":"Educa\u00e7\u00e3o Continuada Inform\u00e1tica B\u00e1sica no SESI","datePublished":"2013-11-01T15:30:06+00:00","mainEntityOfPage":{"@id":"https:\/\/fieam.org.br\/sesi\/educacao-continuada-informatica-basica-no-sesi\/"},"wordCount":220,"commentCount":0,"publisher":{"@id":"https:\/\/fieam.org.br\/sesi\/#organization"},"image":{"@id":"https:\/\/fieam.org.br\/sesi\/educacao-continuada-informatica-basica-no-sesi\/#primaryimage"},"thumbnailUrl":"https:\/\/marketingmassivo.com.br\/sesi\/wp-content\/uploads\/sites\/12\/2013\/11\/SESI-ANUNCIO-CURSOS-ED_er.jpg","articleSection":["News"],"inLanguage":"pt-BR","potentialAction":[{"@type":"CommentAction","name":"Comment","target":["https:\/\/fieam.org.br\/sesi\/educacao-continuada-informatica-basica-no-sesi\/#respond"]}]},{"@type":"WebPage","@id":"https:\/\/fieam.org.br\/sesi\/educacao-continuada-informatica-basica-no-sesi\/","url":"https:\/\/fieam.org.br\/sesi\/educacao-continuada-informatica-basica-no-sesi\/","name":"Educa\u00e7\u00e3o Continuada Inform\u00e1tica B\u00e1sica no SESI - SESI","isPartOf":{"@id":"https:\/\/fieam.org.br\/sesi\/#website"},"primaryImageOfPage":{"@id":"https:\/\/fieam.org.br\/sesi\/educacao-continuada-informatica-basica-no-sesi\/#primaryimage"},"image":{"@id":"https:\/\/fieam.org.br\/sesi\/educacao-continuada-informatica-basica-no-sesi\/#primaryimage"},"thumbnailUrl":"https:\/\/marketingmassivo.com.br\/sesi\/wp-content\/uploads\/sites\/12\/2013\/11\/SESI-ANUNCIO-CURSOS-ED_er.jpg","datePublished":"2013-11-01T15:30:06+00:00","breadcrumb":{"@id":"https:\/\/fieam.org.br\/sesi\/educacao-continuada-informatica-basica-no-sesi\/#breadcrumb"},"inLanguage":"pt-BR","potentialAction":[{"@type":"ReadAction","target":["https:\/\/fieam.org.br\/sesi\/educacao-continuada-informatica-basica-no-sesi\/"]}]},{"@type":"ImageObject","inLanguage":"pt-BR","@id":"https:\/\/fieam.org.br\/sesi\/educacao-continuada-informatica-basica-no-sesi\/#primaryimage","url":"https:\/\/marketingmassivo.com.br\/sesi\/wp-content\/uploads\/sites\/12\/2013\/11\/SESI-ANUNCIO-CURSOS-ED_er.jpg","contentUrl":"https:\/\/marketingmassivo.com.br\/sesi\/wp-content\/uploads\/sites\/12\/2013\/11\/SESI-ANUNCIO-CURSOS-ED_er.jpg"},{"@type":"BreadcrumbList","@id":"https:\/\/fieam.org.br\/sesi\/educacao-continuada-informatica-basica-no-sesi\/#breadcrumb","itemListElement":[{"@type":"ListItem","position":1,"name":"In\u00edcio","item":"https:\/\/fieam.org.br\/sesi\/"},{"@type":"ListItem","position":2,"name":"Educa\u00e7\u00e3o Continuada Inform\u00e1tica B\u00e1sica no SESI"}]},{"@type":"WebSite","@id":"https:\/\/fieam.org.br\/sesi\/#website","url":"https:\/\/fieam.org.br\/sesi\/","name":"SESI","description":"Site Oficial!","publisher":{"@id":"https:\/\/fieam.org.br\/sesi\/#organization"},"potentialAction":[{"@type":"SearchAction","target":{"@type":"EntryPoint","urlTemplate":"https:\/\/fieam.org.br\/sesi\/?s={search_term_string}"},"query-input":{"@type":"PropertyValueSpecification","valueRequired":true,"valueName":"search_term_string"}}],"inLanguage":"pt-BR"},{"@type":"Organization","@id":"https:\/\/fieam.org.br\/sesi\/#organization","name":"SESI","url":"https:\/\/fieam.org.br\/sesi\/","logo":{"@type":"ImageObject","inLanguage":"pt-BR","@id":"https:\/\/fieam.org.br\/sesi\/#\/schema\/logo\/image\/","url":"https:\/\/fieam.org.br\/sesi\/wp-content\/uploads\/sites\/14\/2024\/03\/cropped-fav.png","contentUrl":"https:\/\/fieam.org.br\/sesi\/wp-content\/uploads\/sites\/14\/2024\/03\/cropped-fav.png","width":610,"height":589,"caption":"SESI"},"image":{"@id":"https:\/\/fieam.org.br\/sesi\/#\/schema\/logo\/image\/"}},{"@type":"Person","@id":"https:\/\/fieam.org.br\/sesi\/#\/schema\/person\/f54998dd14d5f0695b41444f2b01c31e","name":"Autor","image":{"@type":"ImageObject","inLanguage":"pt-BR","@id":"https:\/\/secure.gravatar.com\/avatar\/3732c223e0e1fad69062a8f770955c9068d37b055204f310a0be18d4069fe380?s=96&d=mm&r=g","url":"https:\/\/secure.gravatar.com\/avatar\/3732c223e0e1fad69062a8f770955c9068d37b055204f310a0be18d4069fe380?s=96&d=mm&r=g","contentUrl":"https:\/\/secure.gravatar.com\/avatar\/3732c223e0e1fad69062a8f770955c9068d37b055204f310a0be18d4069fe380?s=96&d=mm&r=g","caption":"Autor"},"sameAs":["https:\/\/marketingmassivo.com.br"],"url":"https:\/\/fieam.org.br\/sesi\/author\/admin\/"}]}},"_links":{"self":[{"href":"https:\/\/fieam.org.br\/sesi\/wp-json\/wp\/v2\/posts\/19382","targetHints":{"allow":["GET"]}}],"collection":[{"href":"https:\/\/fieam.org.br\/sesi\/wp-json\/wp\/v2\/posts"}],"about":[{"href":"https:\/\/fieam.org.br\/sesi\/wp-json\/wp\/v2\/types\/post"}],"author":[{"embeddable":true,"href":"https:\/\/fieam.org.br\/sesi\/wp-json\/wp\/v2\/users\/1"}],"replies":[{"embeddable":true,"href":"https:\/\/fieam.org.br\/sesi\/wp-json\/wp\/v2\/comments?post=19382"}],"version-history":[{"count":0,"href":"https:\/\/fieam.org.br\/sesi\/wp-json\/wp\/v2\/posts\/19382\/revisions"}],"wp:attachment":[{"href":"https:\/\/fieam.org.br\/sesi\/wp-json\/wp\/v2\/media?parent=19382"}],"wp:term":[{"taxonomy":"category","embeddable":true,"href":"https:\/\/fieam.org.br\/sesi\/wp-json\/wp\/v2\/categories?post=19382"},{"taxonomy":"post_tag","embeddable":true,"href":"https:\/\/fieam.org.br\/sesi\/wp-json\/wp\/v2\/tags?post=19382"}],"curies":[{"name":"wp","href":"https:\/\/api.w.org\/{rel}","templated":true}]}}