{"id":19380,"date":"2013-10-31T15:22:59","date_gmt":"2013-10-31T15:22:59","guid":{"rendered":"http:\/\/www.fieam.org.br\/site\/sesi\/?p=4815"},"modified":"2013-10-31T15:22:59","modified_gmt":"2013-10-31T15:22:59","slug":"manaus-sera-sede-regional-do-torneio-de-robotica","status":"publish","type":"post","link":"https:\/\/fieam.org.br\/sesi\/manaus-sera-sede-regional-do-torneio-de-robotica\/","title":{"rendered":"Manaus ser\u00e1 sede regional do Torneio de Rob\u00f3tica"},"content":{"rendered":"<p align=\"center\"><b><i>Competi\u00e7\u00e3o estimula gosto pela engenharia matem\u00e1tica e tecnologia<\/i><\/b><\/p>\n<p>\u00a0<a href=\"http:\/\/www.fieam.org.br\/site\/sesi\/institucional\" target=\"_blank\" rel=\"noopener\">O Servi\u00e7o Social da Ind\u00fastria (SESI Amazonas)<\/a>\u00a0ser\u00e1 a sede nos dias 22 e 23 de novembro do Torneio de Rob\u00f3tica First Lego League (FLL), na regi\u00e3o Norte, uma competi\u00e7\u00e3o internacional que visa despertar o interesse dos alunos pelas \u00e1reas de ci\u00eancia, matem\u00e1tica e tecnologia, contribuindo para formar futuros cientistas e engenheiros. As inscri\u00e7\u00f5es j\u00e1 est\u00e3o abertas pelo site\u00a0<a href=\"http:\/\/inscricao.sesi.org.br\/times\/\" target=\"_blank\" rel=\"noopener\">http:\/\/inscricao.sesi.org.br\/times\/<\/a><br \/>\nO Torneio de Rob\u00f3tica FLL segue o formato de competi\u00e7\u00f5es esportivas, no qual s\u00e3o avaliadas e premiadas as equipes que mais se destacarem nas categorias Projeto de Pesquisa (inova\u00e7\u00e3o, apresenta\u00e7\u00e3o e processo de pesquisa), Design do Rob\u00f4,\u00a0<em>Core Values<\/em>\u00a0(inspira\u00e7\u00e3o, trabalho em equipe e<em>gracious professionalism<\/em>\u2122) e Desafio do Rob\u00f4.<\/p>\n<p>Para participar, basta ser crian\u00e7a ou jovem, de 9 a 15 anos de idade, e formar um time composto por 4 a 10 competidores. A equipe precisa ainda da media\u00e7\u00e3o de um t\u00e9cnico adulto e pode contar tamb\u00e9m com um mentor.<\/p>\n<p>Para gerente geral de Educa\u00e7\u00e3o do SESI Amazonas, Rita de C\u00e1ssia Machado, a iniciativa fortalece a capacidade de inova\u00e7\u00e3o, criatividade e racioc\u00ednio l\u00f3gico, inspirando crian\u00e7as a seguir carreira no ramo da engenharia, matem\u00e1tica e tecnologia.<\/p>\n<p>\u201cO SESI Amazonas est\u00e1 muito feliz em participar pela primeira vez desse evento, ainda mais sediando o regional. Dados revelam que a regi\u00e3o norte \u00e9 pouco participativa e n\u00f3s queremos mudar esse retrato. Vai ser uma experi\u00eancia \u00fanica para os alunos, crian\u00e7as e adolescentes do nosso Estado\u201d, disse a gerente.<\/p>\n<p>\u201cA iniciativa \u00e9 ainda uma sa\u00edda para o problema enfrentado atualmente pela falta de profissionais capacitados em \u00e1reas tecnol\u00f3gicas. O interesse pela tecnologia precisa ser despertado desde cedo. Hoje, com 16 anos, um jovem tem de escolher a sua profiss\u00e3o. E \u00e9 nessa idade que surgem habilidades para engenharia e arquitetura\u201d, destaca o diretor do Instituto Aprender Fazendo, Marcos Wesley.<\/p>\n<p>No Brasil os torneios ser\u00e3o realizados, durante os meses de outubro a dezembro, com a participa\u00e7\u00e3o de seis regionais (AM, BA, GO, MG, PR e SP), que buscar\u00e3o\u00a0 classifica\u00e7\u00e3o para a competi\u00e7\u00e3o nacional, que ser\u00e1 realizada em Bras\u00edlia.<\/p>\n<p>O torneio nacional, por sua vez, classificar\u00e1 as equipes para participar dos torneios e festivais internacionais nos EUA, Alemanha, Austr\u00e1lia, entre outros.<\/p>\n<p><b>TEMPORADA 2013\/2014<\/b><\/p>\n<p>Para a temporada 2013\/2014, o desafio proposto \u00e9 \u201cF\u00farias da Natureza\u201d, onde mais de 200 mil crian\u00e7as, de aproximadamente 70 pa\u00edses, ir\u00e3o explorar e propor solu\u00e7\u00f5es inovadoras para prevenir desastres naturais como tornados, ciclones, avalanches, tempestades, terremotos, tsunamis, enchentes, deslizamentos de terra, entre outros.<\/p>\n<p>Empresas, ind\u00fastrias e universidades podem financiar equipes, contribuir com mentores ou disponibilizar ju\u00edzes para as competi\u00e7\u00f5es.<\/p>\n<p>&nbsp;<\/p>\n<p>&nbsp;<\/p>\n","protected":false},"excerpt":{"rendered":"<p>Competi\u00e7\u00e3o estimula gosto pela engenharia matem\u00e1tica e tecnologia \u00a0O Servi\u00e7o Social da Ind\u00fastria (SESI Amazonas)\u00a0ser\u00e1 a sede nos dias 22 e 23 de novembro do Torneio de Rob\u00f3tica First Lego League (FLL), na regi\u00e3o Norte, uma competi\u00e7\u00e3o internacional que visa despertar o interesse dos alunos pelas \u00e1reas de ci\u00eancia, matem\u00e1tica e tecnologia, contribuindo para formar [&hellip;]<\/p>\n","protected":false},"author":1,"featured_media":0,"comment_status":"open","ping_status":"open","sticky":false,"template":"","format":"standard","meta":{"footnotes":""},"categories":[25],"tags":[],"class_list":["post-19380","post","type-post","status-publish","format-standard","hentry","category-news"],"yoast_head":"<!-- This site is optimized with the Yoast SEO plugin v28.2 - https:\/\/yoast.com\/product\/yoast-seo-wordpress\/ -->\n<title>Manaus ser\u00e1 sede regional do Torneio de Rob\u00f3tica - SESI<\/title>\n<meta name=\"robots\" content=\"index, follow, max-snippet:-1, max-image-preview:large, max-video-preview:-1\" \/>\n<link rel=\"canonical\" href=\"https:\/\/fieam.org.br\/sesi\/manaus-sera-sede-regional-do-torneio-de-robotica\/\" \/>\n<meta property=\"og:locale\" content=\"pt_BR\" \/>\n<meta property=\"og:type\" content=\"article\" \/>\n<meta property=\"og:title\" content=\"Manaus ser\u00e1 sede regional do Torneio de Rob\u00f3tica - SESI\" \/>\n<meta property=\"og:description\" content=\"Competi\u00e7\u00e3o estimula gosto pela engenharia matem\u00e1tica e tecnologia \u00a0O Servi\u00e7o Social da Ind\u00fastria (SESI Amazonas)\u00a0ser\u00e1 a sede nos dias 22 e 23 de novembro do Torneio de Rob\u00f3tica First Lego League (FLL), na regi\u00e3o Norte, uma competi\u00e7\u00e3o internacional que visa despertar o interesse dos alunos pelas \u00e1reas de ci\u00eancia, matem\u00e1tica e tecnologia, contribuindo para formar [&hellip;]\" \/>\n<meta property=\"og:url\" content=\"https:\/\/fieam.org.br\/sesi\/manaus-sera-sede-regional-do-torneio-de-robotica\/\" \/>\n<meta property=\"og:site_name\" content=\"SESI\" \/>\n<meta property=\"article:published_time\" content=\"2013-10-31T15:22:59+00:00\" \/>\n<meta name=\"author\" content=\"Autor\" \/>\n<meta name=\"twitter:card\" content=\"summary_large_image\" \/>\n<meta name=\"twitter:label1\" content=\"Escrito por\" \/>\n\t<meta name=\"twitter:data1\" content=\"Autor\" \/>\n\t<meta name=\"twitter:label2\" content=\"Est. tempo de leitura\" \/>\n\t<meta name=\"twitter:data2\" content=\"2 minutos\" \/>\n<script type=\"application\/ld+json\" class=\"yoast-schema-graph\">{\"@context\":\"https:\\\/\\\/schema.org\",\"@graph\":[{\"@type\":\"Article\",\"@id\":\"https:\\\/\\\/fieam.org.br\\\/sesi\\\/manaus-sera-sede-regional-do-torneio-de-robotica\\\/#article\",\"isPartOf\":{\"@id\":\"https:\\\/\\\/fieam.org.br\\\/sesi\\\/manaus-sera-sede-regional-do-torneio-de-robotica\\\/\"},\"author\":{\"name\":\"Autor\",\"@id\":\"https:\\\/\\\/fieam.org.br\\\/sesi\\\/#\\\/schema\\\/person\\\/f54998dd14d5f0695b41444f2b01c31e\"},\"headline\":\"Manaus ser\u00e1 sede regional do Torneio de Rob\u00f3tica\",\"datePublished\":\"2013-10-31T15:22:59+00:00\",\"mainEntityOfPage\":{\"@id\":\"https:\\\/\\\/fieam.org.br\\\/sesi\\\/manaus-sera-sede-regional-do-torneio-de-robotica\\\/\"},\"wordCount\":476,\"commentCount\":0,\"publisher\":{\"@id\":\"https:\\\/\\\/fieam.org.br\\\/sesi\\\/#organization\"},\"articleSection\":[\"News\"],\"inLanguage\":\"pt-BR\",\"potentialAction\":[{\"@type\":\"CommentAction\",\"name\":\"Comment\",\"target\":[\"https:\\\/\\\/fieam.org.br\\\/sesi\\\/manaus-sera-sede-regional-do-torneio-de-robotica\\\/#respond\"]}]},{\"@type\":\"WebPage\",\"@id\":\"https:\\\/\\\/fieam.org.br\\\/sesi\\\/manaus-sera-sede-regional-do-torneio-de-robotica\\\/\",\"url\":\"https:\\\/\\\/fieam.org.br\\\/sesi\\\/manaus-sera-sede-regional-do-torneio-de-robotica\\\/\",\"name\":\"Manaus ser\u00e1 sede regional do Torneio de Rob\u00f3tica - SESI\",\"isPartOf\":{\"@id\":\"https:\\\/\\\/fieam.org.br\\\/sesi\\\/#website\"},\"datePublished\":\"2013-10-31T15:22:59+00:00\",\"breadcrumb\":{\"@id\":\"https:\\\/\\\/fieam.org.br\\\/sesi\\\/manaus-sera-sede-regional-do-torneio-de-robotica\\\/#breadcrumb\"},\"inLanguage\":\"pt-BR\",\"potentialAction\":[{\"@type\":\"ReadAction\",\"target\":[\"https:\\\/\\\/fieam.org.br\\\/sesi\\\/manaus-sera-sede-regional-do-torneio-de-robotica\\\/\"]}]},{\"@type\":\"BreadcrumbList\",\"@id\":\"https:\\\/\\\/fieam.org.br\\\/sesi\\\/manaus-sera-sede-regional-do-torneio-de-robotica\\\/#breadcrumb\",\"itemListElement\":[{\"@type\":\"ListItem\",\"position\":1,\"name\":\"In\u00edcio\",\"item\":\"https:\\\/\\\/fieam.org.br\\\/sesi\\\/\"},{\"@type\":\"ListItem\",\"position\":2,\"name\":\"Manaus ser\u00e1 sede regional do Torneio de Rob\u00f3tica\"}]},{\"@type\":\"WebSite\",\"@id\":\"https:\\\/\\\/fieam.org.br\\\/sesi\\\/#website\",\"url\":\"https:\\\/\\\/fieam.org.br\\\/sesi\\\/\",\"name\":\"SESI\",\"description\":\"Site Oficial!\",\"publisher\":{\"@id\":\"https:\\\/\\\/fieam.org.br\\\/sesi\\\/#organization\"},\"potentialAction\":[{\"@type\":\"SearchAction\",\"target\":{\"@type\":\"EntryPoint\",\"urlTemplate\":\"https:\\\/\\\/fieam.org.br\\\/sesi\\\/?s={search_term_string}\"},\"query-input\":{\"@type\":\"PropertyValueSpecification\",\"valueRequired\":true,\"valueName\":\"search_term_string\"}}],\"inLanguage\":\"pt-BR\"},{\"@type\":\"Organization\",\"@id\":\"https:\\\/\\\/fieam.org.br\\\/sesi\\\/#organization\",\"name\":\"SESI\",\"url\":\"https:\\\/\\\/fieam.org.br\\\/sesi\\\/\",\"logo\":{\"@type\":\"ImageObject\",\"inLanguage\":\"pt-BR\",\"@id\":\"https:\\\/\\\/fieam.org.br\\\/sesi\\\/#\\\/schema\\\/logo\\\/image\\\/\",\"url\":\"https:\\\/\\\/fieam.org.br\\\/sesi\\\/wp-content\\\/uploads\\\/sites\\\/14\\\/2024\\\/03\\\/cropped-fav.png\",\"contentUrl\":\"https:\\\/\\\/fieam.org.br\\\/sesi\\\/wp-content\\\/uploads\\\/sites\\\/14\\\/2024\\\/03\\\/cropped-fav.png\",\"width\":610,\"height\":589,\"caption\":\"SESI\"},\"image\":{\"@id\":\"https:\\\/\\\/fieam.org.br\\\/sesi\\\/#\\\/schema\\\/logo\\\/image\\\/\"}},{\"@type\":\"Person\",\"@id\":\"https:\\\/\\\/fieam.org.br\\\/sesi\\\/#\\\/schema\\\/person\\\/f54998dd14d5f0695b41444f2b01c31e\",\"name\":\"Autor\",\"image\":{\"@type\":\"ImageObject\",\"inLanguage\":\"pt-BR\",\"@id\":\"https:\\\/\\\/secure.gravatar.com\\\/avatar\\\/3732c223e0e1fad69062a8f770955c9068d37b055204f310a0be18d4069fe380?s=96&d=mm&r=g\",\"url\":\"https:\\\/\\\/secure.gravatar.com\\\/avatar\\\/3732c223e0e1fad69062a8f770955c9068d37b055204f310a0be18d4069fe380?s=96&d=mm&r=g\",\"contentUrl\":\"https:\\\/\\\/secure.gravatar.com\\\/avatar\\\/3732c223e0e1fad69062a8f770955c9068d37b055204f310a0be18d4069fe380?s=96&d=mm&r=g\",\"caption\":\"Autor\"},\"sameAs\":[\"https:\\\/\\\/marketingmassivo.com.br\"],\"url\":\"https:\\\/\\\/fieam.org.br\\\/sesi\\\/author\\\/admin\\\/\"}]}<\/script>\n<!-- \/ Yoast SEO plugin. -->","yoast_head_json":{"title":"Manaus ser\u00e1 sede regional do Torneio de Rob\u00f3tica - SESI","robots":{"index":"index","follow":"follow","max-snippet":"max-snippet:-1","max-image-preview":"max-image-preview:large","max-video-preview":"max-video-preview:-1"},"canonical":"https:\/\/fieam.org.br\/sesi\/manaus-sera-sede-regional-do-torneio-de-robotica\/","og_locale":"pt_BR","og_type":"article","og_title":"Manaus ser\u00e1 sede regional do Torneio de Rob\u00f3tica - SESI","og_description":"Competi\u00e7\u00e3o estimula gosto pela engenharia matem\u00e1tica e tecnologia \u00a0O Servi\u00e7o Social da Ind\u00fastria (SESI Amazonas)\u00a0ser\u00e1 a sede nos dias 22 e 23 de novembro do Torneio de Rob\u00f3tica First Lego League (FLL), na regi\u00e3o Norte, uma competi\u00e7\u00e3o internacional que visa despertar o interesse dos alunos pelas \u00e1reas de ci\u00eancia, matem\u00e1tica e tecnologia, contribuindo para formar [&hellip;]","og_url":"https:\/\/fieam.org.br\/sesi\/manaus-sera-sede-regional-do-torneio-de-robotica\/","og_site_name":"SESI","article_published_time":"2013-10-31T15:22:59+00:00","author":"Autor","twitter_card":"summary_large_image","twitter_misc":{"Escrito por":"Autor","Est. tempo de leitura":"2 minutos"},"schema":{"@context":"https:\/\/schema.org","@graph":[{"@type":"Article","@id":"https:\/\/fieam.org.br\/sesi\/manaus-sera-sede-regional-do-torneio-de-robotica\/#article","isPartOf":{"@id":"https:\/\/fieam.org.br\/sesi\/manaus-sera-sede-regional-do-torneio-de-robotica\/"},"author":{"name":"Autor","@id":"https:\/\/fieam.org.br\/sesi\/#\/schema\/person\/f54998dd14d5f0695b41444f2b01c31e"},"headline":"Manaus ser\u00e1 sede regional do Torneio de Rob\u00f3tica","datePublished":"2013-10-31T15:22:59+00:00","mainEntityOfPage":{"@id":"https:\/\/fieam.org.br\/sesi\/manaus-sera-sede-regional-do-torneio-de-robotica\/"},"wordCount":476,"commentCount":0,"publisher":{"@id":"https:\/\/fieam.org.br\/sesi\/#organization"},"articleSection":["News"],"inLanguage":"pt-BR","potentialAction":[{"@type":"CommentAction","name":"Comment","target":["https:\/\/fieam.org.br\/sesi\/manaus-sera-sede-regional-do-torneio-de-robotica\/#respond"]}]},{"@type":"WebPage","@id":"https:\/\/fieam.org.br\/sesi\/manaus-sera-sede-regional-do-torneio-de-robotica\/","url":"https:\/\/fieam.org.br\/sesi\/manaus-sera-sede-regional-do-torneio-de-robotica\/","name":"Manaus ser\u00e1 sede regional do Torneio de Rob\u00f3tica - SESI","isPartOf":{"@id":"https:\/\/fieam.org.br\/sesi\/#website"},"datePublished":"2013-10-31T15:22:59+00:00","breadcrumb":{"@id":"https:\/\/fieam.org.br\/sesi\/manaus-sera-sede-regional-do-torneio-de-robotica\/#breadcrumb"},"inLanguage":"pt-BR","potentialAction":[{"@type":"ReadAction","target":["https:\/\/fieam.org.br\/sesi\/manaus-sera-sede-regional-do-torneio-de-robotica\/"]}]},{"@type":"BreadcrumbList","@id":"https:\/\/fieam.org.br\/sesi\/manaus-sera-sede-regional-do-torneio-de-robotica\/#breadcrumb","itemListElement":[{"@type":"ListItem","position":1,"name":"In\u00edcio","item":"https:\/\/fieam.org.br\/sesi\/"},{"@type":"ListItem","position":2,"name":"Manaus ser\u00e1 sede regional do Torneio de Rob\u00f3tica"}]},{"@type":"WebSite","@id":"https:\/\/fieam.org.br\/sesi\/#website","url":"https:\/\/fieam.org.br\/sesi\/","name":"SESI","description":"Site Oficial!","publisher":{"@id":"https:\/\/fieam.org.br\/sesi\/#organization"},"potentialAction":[{"@type":"SearchAction","target":{"@type":"EntryPoint","urlTemplate":"https:\/\/fieam.org.br\/sesi\/?s={search_term_string}"},"query-input":{"@type":"PropertyValueSpecification","valueRequired":true,"valueName":"search_term_string"}}],"inLanguage":"pt-BR"},{"@type":"Organization","@id":"https:\/\/fieam.org.br\/sesi\/#organization","name":"SESI","url":"https:\/\/fieam.org.br\/sesi\/","logo":{"@type":"ImageObject","inLanguage":"pt-BR","@id":"https:\/\/fieam.org.br\/sesi\/#\/schema\/logo\/image\/","url":"https:\/\/fieam.org.br\/sesi\/wp-content\/uploads\/sites\/14\/2024\/03\/cropped-fav.png","contentUrl":"https:\/\/fieam.org.br\/sesi\/wp-content\/uploads\/sites\/14\/2024\/03\/cropped-fav.png","width":610,"height":589,"caption":"SESI"},"image":{"@id":"https:\/\/fieam.org.br\/sesi\/#\/schema\/logo\/image\/"}},{"@type":"Person","@id":"https:\/\/fieam.org.br\/sesi\/#\/schema\/person\/f54998dd14d5f0695b41444f2b01c31e","name":"Autor","image":{"@type":"ImageObject","inLanguage":"pt-BR","@id":"https:\/\/secure.gravatar.com\/avatar\/3732c223e0e1fad69062a8f770955c9068d37b055204f310a0be18d4069fe380?s=96&d=mm&r=g","url":"https:\/\/secure.gravatar.com\/avatar\/3732c223e0e1fad69062a8f770955c9068d37b055204f310a0be18d4069fe380?s=96&d=mm&r=g","contentUrl":"https:\/\/secure.gravatar.com\/avatar\/3732c223e0e1fad69062a8f770955c9068d37b055204f310a0be18d4069fe380?s=96&d=mm&r=g","caption":"Autor"},"sameAs":["https:\/\/marketingmassivo.com.br"],"url":"https:\/\/fieam.org.br\/sesi\/author\/admin\/"}]}},"_links":{"self":[{"href":"https:\/\/fieam.org.br\/sesi\/wp-json\/wp\/v2\/posts\/19380","targetHints":{"allow":["GET"]}}],"collection":[{"href":"https:\/\/fieam.org.br\/sesi\/wp-json\/wp\/v2\/posts"}],"about":[{"href":"https:\/\/fieam.org.br\/sesi\/wp-json\/wp\/v2\/types\/post"}],"author":[{"embeddable":true,"href":"https:\/\/fieam.org.br\/sesi\/wp-json\/wp\/v2\/users\/1"}],"replies":[{"embeddable":true,"href":"https:\/\/fieam.org.br\/sesi\/wp-json\/wp\/v2\/comments?post=19380"}],"version-history":[{"count":0,"href":"https:\/\/fieam.org.br\/sesi\/wp-json\/wp\/v2\/posts\/19380\/revisions"}],"wp:attachment":[{"href":"https:\/\/fieam.org.br\/sesi\/wp-json\/wp\/v2\/media?parent=19380"}],"wp:term":[{"taxonomy":"category","embeddable":true,"href":"https:\/\/fieam.org.br\/sesi\/wp-json\/wp\/v2\/categories?post=19380"},{"taxonomy":"post_tag","embeddable":true,"href":"https:\/\/fieam.org.br\/sesi\/wp-json\/wp\/v2\/tags?post=19380"}],"curies":[{"name":"wp","href":"https:\/\/api.w.org\/{rel}","templated":true}]}}