{"id":19377,"date":"2013-10-28T21:51:20","date_gmt":"2013-10-28T21:51:20","guid":{"rendered":"http:\/\/www.fieam.org.br\/site\/sesi\/?p=4800"},"modified":"2013-10-28T21:51:20","modified_gmt":"2013-10-28T21:51:20","slug":"esporte-e-cidadania-reune-mais-de-cinco-mil-pessoas-no-clube-do-trabalhador","status":"publish","type":"post","link":"https:\/\/fieam.org.br\/sesi\/esporte-e-cidadania-reune-mais-de-cinco-mil-pessoas-no-clube-do-trabalhador\/","title":{"rendered":"Esporte e Cidadania re\u00fane mais de cinco mil pessoas no Clube do Trabalhador"},"content":{"rendered":"<p>A 8\u00aa edi\u00e7\u00e3o do evento Esporte e Cidadania, realizada no s\u00e1bado (26) pelo\u00a0<a href=\"http:\/\/www.fieam.org.br\/site\/sesi\/institucional\" target=\"_blank\" rel=\"noopener\">Servi\u00e7o Social da Ind\u00fastria (SESI Amazonas)<\/a>, em parceria com a Rede Globo de Televis\u00e3o, no Clube do Trabalhador (Alameda Cosme Ferreira, 7.399 \u2013 S\u00e3o Jos\u00e9 I), recebeu 5.637 pessoas com atividades esportivas, culturais, lazer e de responsabilidade social.<\/p>\n<figure id=\"attachment_4801\" aria-describedby=\"caption-attachment-4801\" style=\"width: 430px\" class=\"wp-caption alignleft\"><a href=\"http:\/\/www.fieam.org.br\/site\/sesi\/esporte-e-cidadania-reune-mais-de-cinco-mil-pessoas-no-clube-do-trabalhador\/mendes-recebe-orientacoes-nutricionais\/\" rel=\"attachment wp-att-4801\"><img fetchpriority=\"high\" decoding=\"async\" class=\" wp-image-4801   \" alt=\"O industri\u00e1rio Jo\u00e3o Mendes Ribeiro recebe orienta\u00e7\u00f5es nutricionais\" src=\"https:\/\/marketingmassivo.com.br\/sesi\/wp-content\/uploads\/sites\/12\/2013\/10\/Mendes-recebe-orientacoes-nutricionais.jpg\" width=\"430\" height=\"287\" \/><\/a><figcaption id=\"caption-attachment-4801\" class=\"wp-caption-text\">O industri\u00e1rio Jo\u00e3o Mendes Ribeiro recebe orienta\u00e7\u00f5es nutricionais<\/figcaption><\/figure>\n<p>De acordo com a gerente de Lazer, Cultura e Esporte do SESI, Nelsi Luni\u00e8re, a programa\u00e7\u00e3o totalizou 8,5 mil atendimentos com servi\u00e7os na \u00e1rea de sa\u00fade, esporte e lazer cultural, educacional e de responsabilidade social.<\/p>\n<p>Este ano, a sess\u00e3o de macrogin\u00e1stica administrada por professores de educa\u00e7\u00e3o f\u00edsica deu in\u00edcio ao evento. A programa\u00e7\u00e3o come\u00e7ou \u00e0s 8 horas e encerrou-se \u00e0s 16 horas, com v\u00e1rios servi\u00e7os nas \u00e1reas de esporte, cultura, lazer e cidadania. O Circuito de Sa\u00fade, uma das atividades mais procuradas, beneficiou os participantes com exames de glicemia, verifica\u00e7\u00e3o da press\u00e3o arterial, al\u00e9m de verifica\u00e7\u00e3o do \u00edndice da Massa Corporal com medi\u00e7\u00e3o da altura e peso e cintura, al\u00e9m de informa\u00e7\u00f5es nutricionais.<\/p>\n<p>O industri\u00e1rio Jo\u00e3o Mendes Ribeiro foi um dos participantes do Esporte e Cidadania, e aproveitou a oportunidade para realizar os exames oferecidos pelo Circuito Sa\u00fade. O funcion\u00e1rio da Masa da Amaz\u00f4nia, disse que o resultado dos exames comprovou sa\u00fade, mas afirmou que recebeu orienta\u00e7\u00f5es da nutricionista do SESI, Creusa Varela, sobre h\u00e1bitos saud\u00e1veis. Mendes j\u00e1 participou de v\u00e1rias edi\u00e7\u00f5es anteriores e \u00e9 um frequentador do Clube do Trabalhador.<\/p>\n<p>Entre as atividades esportivas, foram desenvolvidos torneios de futsal, v\u00f4lei de areia, oficinas de t\u00eanis e de jiu-j\u00edtsu, torneio de nata\u00e7\u00e3o e campeonato de karat\u00ea interestilo, que reuniu cerca de 120 atletas, no gin\u00e1sio Poliesportivo Jos\u00e9 Nasser, entre outras atividades.<\/p>\n<p>Segundo Luni\u00e8re, a \u00e1rea cultural apresentou atra\u00e7\u00f5es, como o grupo de bal\u00e9, formado por alunos da Escola Estadual Mirtes Trigueiro, do programa\u00a0 Sesi\u00a0 Atleta do Futuro,\u00a0\u00a0\u00a0\u00a0\u00a0\u00a0 Grupo de Dan\u00e7a formado por professores do SESI, Grupo Swingueira, apresenta\u00e7\u00e3o de dan\u00e7a por alunos da Academia Stop Dance.<\/p>\n<p>Foram oferecidas tamb\u00e9m atividades recreativas, como dama, domin\u00f3, xadrez, t\u00eanis de mesa, pula-pula e cama el\u00e1stica, al\u00e9m de pintura facial. Houve ainda a participa\u00e7\u00e3o SESI Cozinha Brasil na distribui\u00e7\u00e3o do suco da horta e de material informativo sobre Educa\u00e7\u00e3o Alimentar. O evento tamb\u00e9m contou com a participa\u00e7\u00e3o de 24 parceiros.<\/p>\n<p>[nggallery id=203]<\/p>\n<p>&nbsp;<\/p>\n","protected":false},"excerpt":{"rendered":"<p>A 8\u00aa edi\u00e7\u00e3o do evento Esporte e Cidadania, realizada no s\u00e1bado (26) pelo\u00a0Servi\u00e7o Social da Ind\u00fastria (SESI Amazonas), em parceria com a Rede Globo de Televis\u00e3o, no Clube do Trabalhador (Alameda Cosme Ferreira, 7.399 \u2013 S\u00e3o Jos\u00e9 I), recebeu 5.637 pessoas com atividades esportivas, culturais, lazer e de responsabilidade social. De acordo com a gerente [&hellip;]<\/p>\n","protected":false},"author":1,"featured_media":0,"comment_status":"open","ping_status":"open","sticky":false,"template":"","format":"standard","meta":{"footnotes":""},"categories":[25],"tags":[],"class_list":["post-19377","post","type-post","status-publish","format-standard","hentry","category-news"],"yoast_head":"<!-- This site is optimized with the Yoast SEO plugin v28.2 - https:\/\/yoast.com\/product\/yoast-seo-wordpress\/ -->\n<title>Esporte e Cidadania re\u00fane mais de cinco mil pessoas no Clube do Trabalhador - SESI<\/title>\n<meta name=\"robots\" content=\"index, follow, max-snippet:-1, max-image-preview:large, max-video-preview:-1\" \/>\n<link rel=\"canonical\" href=\"https:\/\/fieam.org.br\/sesi\/esporte-e-cidadania-reune-mais-de-cinco-mil-pessoas-no-clube-do-trabalhador\/\" \/>\n<meta property=\"og:locale\" content=\"pt_BR\" \/>\n<meta property=\"og:type\" content=\"article\" \/>\n<meta property=\"og:title\" content=\"Esporte e Cidadania re\u00fane mais de cinco mil pessoas no Clube do Trabalhador - SESI\" \/>\n<meta property=\"og:description\" content=\"A 8\u00aa edi\u00e7\u00e3o do evento Esporte e Cidadania, realizada no s\u00e1bado (26) pelo\u00a0Servi\u00e7o Social da Ind\u00fastria (SESI Amazonas), em parceria com a Rede Globo de Televis\u00e3o, no Clube do Trabalhador (Alameda Cosme Ferreira, 7.399 \u2013 S\u00e3o Jos\u00e9 I), recebeu 5.637 pessoas com atividades esportivas, culturais, lazer e de responsabilidade social. De acordo com a gerente [&hellip;]\" \/>\n<meta property=\"og:url\" content=\"https:\/\/fieam.org.br\/sesi\/esporte-e-cidadania-reune-mais-de-cinco-mil-pessoas-no-clube-do-trabalhador\/\" \/>\n<meta property=\"og:site_name\" content=\"SESI\" \/>\n<meta property=\"article:published_time\" content=\"2013-10-28T21:51:20+00:00\" \/>\n<meta name=\"author\" content=\"Autor\" \/>\n<meta name=\"twitter:card\" content=\"summary_large_image\" \/>\n<meta name=\"twitter:label1\" content=\"Escrito por\" \/>\n\t<meta name=\"twitter:data1\" content=\"Autor\" \/>\n\t<meta name=\"twitter:label2\" content=\"Est. tempo de leitura\" \/>\n\t<meta name=\"twitter:data2\" content=\"2 minutos\" \/>\n<script type=\"application\/ld+json\" class=\"yoast-schema-graph\">{\"@context\":\"https:\\\/\\\/schema.org\",\"@graph\":[{\"@type\":\"Article\",\"@id\":\"https:\\\/\\\/fieam.org.br\\\/sesi\\\/esporte-e-cidadania-reune-mais-de-cinco-mil-pessoas-no-clube-do-trabalhador\\\/#article\",\"isPartOf\":{\"@id\":\"https:\\\/\\\/fieam.org.br\\\/sesi\\\/esporte-e-cidadania-reune-mais-de-cinco-mil-pessoas-no-clube-do-trabalhador\\\/\"},\"author\":{\"name\":\"Autor\",\"@id\":\"https:\\\/\\\/fieam.org.br\\\/sesi\\\/#\\\/schema\\\/person\\\/f54998dd14d5f0695b41444f2b01c31e\"},\"headline\":\"Esporte e Cidadania re\u00fane mais de cinco mil pessoas no Clube do Trabalhador\",\"datePublished\":\"2013-10-28T21:51:20+00:00\",\"mainEntityOfPage\":{\"@id\":\"https:\\\/\\\/fieam.org.br\\\/sesi\\\/esporte-e-cidadania-reune-mais-de-cinco-mil-pessoas-no-clube-do-trabalhador\\\/\"},\"wordCount\":448,\"commentCount\":0,\"publisher\":{\"@id\":\"https:\\\/\\\/fieam.org.br\\\/sesi\\\/#organization\"},\"image\":{\"@id\":\"https:\\\/\\\/fieam.org.br\\\/sesi\\\/esporte-e-cidadania-reune-mais-de-cinco-mil-pessoas-no-clube-do-trabalhador\\\/#primaryimage\"},\"thumbnailUrl\":\"https:\\\/\\\/marketingmassivo.com.br\\\/sesi\\\/wp-content\\\/uploads\\\/sites\\\/12\\\/2013\\\/10\\\/Mendes-recebe-orientacoes-nutricionais.jpg\",\"articleSection\":[\"News\"],\"inLanguage\":\"pt-BR\",\"potentialAction\":[{\"@type\":\"CommentAction\",\"name\":\"Comment\",\"target\":[\"https:\\\/\\\/fieam.org.br\\\/sesi\\\/esporte-e-cidadania-reune-mais-de-cinco-mil-pessoas-no-clube-do-trabalhador\\\/#respond\"]}]},{\"@type\":\"WebPage\",\"@id\":\"https:\\\/\\\/fieam.org.br\\\/sesi\\\/esporte-e-cidadania-reune-mais-de-cinco-mil-pessoas-no-clube-do-trabalhador\\\/\",\"url\":\"https:\\\/\\\/fieam.org.br\\\/sesi\\\/esporte-e-cidadania-reune-mais-de-cinco-mil-pessoas-no-clube-do-trabalhador\\\/\",\"name\":\"Esporte e Cidadania re\u00fane mais de cinco mil pessoas no Clube do Trabalhador - SESI\",\"isPartOf\":{\"@id\":\"https:\\\/\\\/fieam.org.br\\\/sesi\\\/#website\"},\"primaryImageOfPage\":{\"@id\":\"https:\\\/\\\/fieam.org.br\\\/sesi\\\/esporte-e-cidadania-reune-mais-de-cinco-mil-pessoas-no-clube-do-trabalhador\\\/#primaryimage\"},\"image\":{\"@id\":\"https:\\\/\\\/fieam.org.br\\\/sesi\\\/esporte-e-cidadania-reune-mais-de-cinco-mil-pessoas-no-clube-do-trabalhador\\\/#primaryimage\"},\"thumbnailUrl\":\"https:\\\/\\\/marketingmassivo.com.br\\\/sesi\\\/wp-content\\\/uploads\\\/sites\\\/12\\\/2013\\\/10\\\/Mendes-recebe-orientacoes-nutricionais.jpg\",\"datePublished\":\"2013-10-28T21:51:20+00:00\",\"breadcrumb\":{\"@id\":\"https:\\\/\\\/fieam.org.br\\\/sesi\\\/esporte-e-cidadania-reune-mais-de-cinco-mil-pessoas-no-clube-do-trabalhador\\\/#breadcrumb\"},\"inLanguage\":\"pt-BR\",\"potentialAction\":[{\"@type\":\"ReadAction\",\"target\":[\"https:\\\/\\\/fieam.org.br\\\/sesi\\\/esporte-e-cidadania-reune-mais-de-cinco-mil-pessoas-no-clube-do-trabalhador\\\/\"]}]},{\"@type\":\"ImageObject\",\"inLanguage\":\"pt-BR\",\"@id\":\"https:\\\/\\\/fieam.org.br\\\/sesi\\\/esporte-e-cidadania-reune-mais-de-cinco-mil-pessoas-no-clube-do-trabalhador\\\/#primaryimage\",\"url\":\"https:\\\/\\\/marketingmassivo.com.br\\\/sesi\\\/wp-content\\\/uploads\\\/sites\\\/12\\\/2013\\\/10\\\/Mendes-recebe-orientacoes-nutricionais.jpg\",\"contentUrl\":\"https:\\\/\\\/marketingmassivo.com.br\\\/sesi\\\/wp-content\\\/uploads\\\/sites\\\/12\\\/2013\\\/10\\\/Mendes-recebe-orientacoes-nutricionais.jpg\"},{\"@type\":\"BreadcrumbList\",\"@id\":\"https:\\\/\\\/fieam.org.br\\\/sesi\\\/esporte-e-cidadania-reune-mais-de-cinco-mil-pessoas-no-clube-do-trabalhador\\\/#breadcrumb\",\"itemListElement\":[{\"@type\":\"ListItem\",\"position\":1,\"name\":\"In\u00edcio\",\"item\":\"https:\\\/\\\/fieam.org.br\\\/sesi\\\/\"},{\"@type\":\"ListItem\",\"position\":2,\"name\":\"Esporte e Cidadania re\u00fane mais de cinco mil pessoas no Clube do Trabalhador\"}]},{\"@type\":\"WebSite\",\"@id\":\"https:\\\/\\\/fieam.org.br\\\/sesi\\\/#website\",\"url\":\"https:\\\/\\\/fieam.org.br\\\/sesi\\\/\",\"name\":\"SESI\",\"description\":\"Site Oficial!\",\"publisher\":{\"@id\":\"https:\\\/\\\/fieam.org.br\\\/sesi\\\/#organization\"},\"potentialAction\":[{\"@type\":\"SearchAction\",\"target\":{\"@type\":\"EntryPoint\",\"urlTemplate\":\"https:\\\/\\\/fieam.org.br\\\/sesi\\\/?s={search_term_string}\"},\"query-input\":{\"@type\":\"PropertyValueSpecification\",\"valueRequired\":true,\"valueName\":\"search_term_string\"}}],\"inLanguage\":\"pt-BR\"},{\"@type\":\"Organization\",\"@id\":\"https:\\\/\\\/fieam.org.br\\\/sesi\\\/#organization\",\"name\":\"SESI\",\"url\":\"https:\\\/\\\/fieam.org.br\\\/sesi\\\/\",\"logo\":{\"@type\":\"ImageObject\",\"inLanguage\":\"pt-BR\",\"@id\":\"https:\\\/\\\/fieam.org.br\\\/sesi\\\/#\\\/schema\\\/logo\\\/image\\\/\",\"url\":\"https:\\\/\\\/fieam.org.br\\\/sesi\\\/wp-content\\\/uploads\\\/sites\\\/14\\\/2024\\\/03\\\/cropped-fav.png\",\"contentUrl\":\"https:\\\/\\\/fieam.org.br\\\/sesi\\\/wp-content\\\/uploads\\\/sites\\\/14\\\/2024\\\/03\\\/cropped-fav.png\",\"width\":610,\"height\":589,\"caption\":\"SESI\"},\"image\":{\"@id\":\"https:\\\/\\\/fieam.org.br\\\/sesi\\\/#\\\/schema\\\/logo\\\/image\\\/\"}},{\"@type\":\"Person\",\"@id\":\"https:\\\/\\\/fieam.org.br\\\/sesi\\\/#\\\/schema\\\/person\\\/f54998dd14d5f0695b41444f2b01c31e\",\"name\":\"Autor\",\"image\":{\"@type\":\"ImageObject\",\"inLanguage\":\"pt-BR\",\"@id\":\"https:\\\/\\\/secure.gravatar.com\\\/avatar\\\/3732c223e0e1fad69062a8f770955c9068d37b055204f310a0be18d4069fe380?s=96&d=mm&r=g\",\"url\":\"https:\\\/\\\/secure.gravatar.com\\\/avatar\\\/3732c223e0e1fad69062a8f770955c9068d37b055204f310a0be18d4069fe380?s=96&d=mm&r=g\",\"contentUrl\":\"https:\\\/\\\/secure.gravatar.com\\\/avatar\\\/3732c223e0e1fad69062a8f770955c9068d37b055204f310a0be18d4069fe380?s=96&d=mm&r=g\",\"caption\":\"Autor\"},\"sameAs\":[\"https:\\\/\\\/marketingmassivo.com.br\"],\"url\":\"https:\\\/\\\/fieam.org.br\\\/sesi\\\/author\\\/admin\\\/\"}]}<\/script>\n<!-- \/ Yoast SEO plugin. -->","yoast_head_json":{"title":"Esporte e Cidadania re\u00fane mais de cinco mil pessoas no Clube do Trabalhador - SESI","robots":{"index":"index","follow":"follow","max-snippet":"max-snippet:-1","max-image-preview":"max-image-preview:large","max-video-preview":"max-video-preview:-1"},"canonical":"https:\/\/fieam.org.br\/sesi\/esporte-e-cidadania-reune-mais-de-cinco-mil-pessoas-no-clube-do-trabalhador\/","og_locale":"pt_BR","og_type":"article","og_title":"Esporte e Cidadania re\u00fane mais de cinco mil pessoas no Clube do Trabalhador - SESI","og_description":"A 8\u00aa edi\u00e7\u00e3o do evento Esporte e Cidadania, realizada no s\u00e1bado (26) pelo\u00a0Servi\u00e7o Social da Ind\u00fastria (SESI Amazonas), em parceria com a Rede Globo de Televis\u00e3o, no Clube do Trabalhador (Alameda Cosme Ferreira, 7.399 \u2013 S\u00e3o Jos\u00e9 I), recebeu 5.637 pessoas com atividades esportivas, culturais, lazer e de responsabilidade social. De acordo com a gerente [&hellip;]","og_url":"https:\/\/fieam.org.br\/sesi\/esporte-e-cidadania-reune-mais-de-cinco-mil-pessoas-no-clube-do-trabalhador\/","og_site_name":"SESI","article_published_time":"2013-10-28T21:51:20+00:00","author":"Autor","twitter_card":"summary_large_image","twitter_misc":{"Escrito por":"Autor","Est. tempo de leitura":"2 minutos"},"schema":{"@context":"https:\/\/schema.org","@graph":[{"@type":"Article","@id":"https:\/\/fieam.org.br\/sesi\/esporte-e-cidadania-reune-mais-de-cinco-mil-pessoas-no-clube-do-trabalhador\/#article","isPartOf":{"@id":"https:\/\/fieam.org.br\/sesi\/esporte-e-cidadania-reune-mais-de-cinco-mil-pessoas-no-clube-do-trabalhador\/"},"author":{"name":"Autor","@id":"https:\/\/fieam.org.br\/sesi\/#\/schema\/person\/f54998dd14d5f0695b41444f2b01c31e"},"headline":"Esporte e Cidadania re\u00fane mais de cinco mil pessoas no Clube do Trabalhador","datePublished":"2013-10-28T21:51:20+00:00","mainEntityOfPage":{"@id":"https:\/\/fieam.org.br\/sesi\/esporte-e-cidadania-reune-mais-de-cinco-mil-pessoas-no-clube-do-trabalhador\/"},"wordCount":448,"commentCount":0,"publisher":{"@id":"https:\/\/fieam.org.br\/sesi\/#organization"},"image":{"@id":"https:\/\/fieam.org.br\/sesi\/esporte-e-cidadania-reune-mais-de-cinco-mil-pessoas-no-clube-do-trabalhador\/#primaryimage"},"thumbnailUrl":"https:\/\/marketingmassivo.com.br\/sesi\/wp-content\/uploads\/sites\/12\/2013\/10\/Mendes-recebe-orientacoes-nutricionais.jpg","articleSection":["News"],"inLanguage":"pt-BR","potentialAction":[{"@type":"CommentAction","name":"Comment","target":["https:\/\/fieam.org.br\/sesi\/esporte-e-cidadania-reune-mais-de-cinco-mil-pessoas-no-clube-do-trabalhador\/#respond"]}]},{"@type":"WebPage","@id":"https:\/\/fieam.org.br\/sesi\/esporte-e-cidadania-reune-mais-de-cinco-mil-pessoas-no-clube-do-trabalhador\/","url":"https:\/\/fieam.org.br\/sesi\/esporte-e-cidadania-reune-mais-de-cinco-mil-pessoas-no-clube-do-trabalhador\/","name":"Esporte e Cidadania re\u00fane mais de cinco mil pessoas no Clube do Trabalhador - SESI","isPartOf":{"@id":"https:\/\/fieam.org.br\/sesi\/#website"},"primaryImageOfPage":{"@id":"https:\/\/fieam.org.br\/sesi\/esporte-e-cidadania-reune-mais-de-cinco-mil-pessoas-no-clube-do-trabalhador\/#primaryimage"},"image":{"@id":"https:\/\/fieam.org.br\/sesi\/esporte-e-cidadania-reune-mais-de-cinco-mil-pessoas-no-clube-do-trabalhador\/#primaryimage"},"thumbnailUrl":"https:\/\/marketingmassivo.com.br\/sesi\/wp-content\/uploads\/sites\/12\/2013\/10\/Mendes-recebe-orientacoes-nutricionais.jpg","datePublished":"2013-10-28T21:51:20+00:00","breadcrumb":{"@id":"https:\/\/fieam.org.br\/sesi\/esporte-e-cidadania-reune-mais-de-cinco-mil-pessoas-no-clube-do-trabalhador\/#breadcrumb"},"inLanguage":"pt-BR","potentialAction":[{"@type":"ReadAction","target":["https:\/\/fieam.org.br\/sesi\/esporte-e-cidadania-reune-mais-de-cinco-mil-pessoas-no-clube-do-trabalhador\/"]}]},{"@type":"ImageObject","inLanguage":"pt-BR","@id":"https:\/\/fieam.org.br\/sesi\/esporte-e-cidadania-reune-mais-de-cinco-mil-pessoas-no-clube-do-trabalhador\/#primaryimage","url":"https:\/\/marketingmassivo.com.br\/sesi\/wp-content\/uploads\/sites\/12\/2013\/10\/Mendes-recebe-orientacoes-nutricionais.jpg","contentUrl":"https:\/\/marketingmassivo.com.br\/sesi\/wp-content\/uploads\/sites\/12\/2013\/10\/Mendes-recebe-orientacoes-nutricionais.jpg"},{"@type":"BreadcrumbList","@id":"https:\/\/fieam.org.br\/sesi\/esporte-e-cidadania-reune-mais-de-cinco-mil-pessoas-no-clube-do-trabalhador\/#breadcrumb","itemListElement":[{"@type":"ListItem","position":1,"name":"In\u00edcio","item":"https:\/\/fieam.org.br\/sesi\/"},{"@type":"ListItem","position":2,"name":"Esporte e Cidadania re\u00fane mais de cinco mil pessoas no Clube do Trabalhador"}]},{"@type":"WebSite","@id":"https:\/\/fieam.org.br\/sesi\/#website","url":"https:\/\/fieam.org.br\/sesi\/","name":"SESI","description":"Site Oficial!","publisher":{"@id":"https:\/\/fieam.org.br\/sesi\/#organization"},"potentialAction":[{"@type":"SearchAction","target":{"@type":"EntryPoint","urlTemplate":"https:\/\/fieam.org.br\/sesi\/?s={search_term_string}"},"query-input":{"@type":"PropertyValueSpecification","valueRequired":true,"valueName":"search_term_string"}}],"inLanguage":"pt-BR"},{"@type":"Organization","@id":"https:\/\/fieam.org.br\/sesi\/#organization","name":"SESI","url":"https:\/\/fieam.org.br\/sesi\/","logo":{"@type":"ImageObject","inLanguage":"pt-BR","@id":"https:\/\/fieam.org.br\/sesi\/#\/schema\/logo\/image\/","url":"https:\/\/fieam.org.br\/sesi\/wp-content\/uploads\/sites\/14\/2024\/03\/cropped-fav.png","contentUrl":"https:\/\/fieam.org.br\/sesi\/wp-content\/uploads\/sites\/14\/2024\/03\/cropped-fav.png","width":610,"height":589,"caption":"SESI"},"image":{"@id":"https:\/\/fieam.org.br\/sesi\/#\/schema\/logo\/image\/"}},{"@type":"Person","@id":"https:\/\/fieam.org.br\/sesi\/#\/schema\/person\/f54998dd14d5f0695b41444f2b01c31e","name":"Autor","image":{"@type":"ImageObject","inLanguage":"pt-BR","@id":"https:\/\/secure.gravatar.com\/avatar\/3732c223e0e1fad69062a8f770955c9068d37b055204f310a0be18d4069fe380?s=96&d=mm&r=g","url":"https:\/\/secure.gravatar.com\/avatar\/3732c223e0e1fad69062a8f770955c9068d37b055204f310a0be18d4069fe380?s=96&d=mm&r=g","contentUrl":"https:\/\/secure.gravatar.com\/avatar\/3732c223e0e1fad69062a8f770955c9068d37b055204f310a0be18d4069fe380?s=96&d=mm&r=g","caption":"Autor"},"sameAs":["https:\/\/marketingmassivo.com.br"],"url":"https:\/\/fieam.org.br\/sesi\/author\/admin\/"}]}},"_links":{"self":[{"href":"https:\/\/fieam.org.br\/sesi\/wp-json\/wp\/v2\/posts\/19377","targetHints":{"allow":["GET"]}}],"collection":[{"href":"https:\/\/fieam.org.br\/sesi\/wp-json\/wp\/v2\/posts"}],"about":[{"href":"https:\/\/fieam.org.br\/sesi\/wp-json\/wp\/v2\/types\/post"}],"author":[{"embeddable":true,"href":"https:\/\/fieam.org.br\/sesi\/wp-json\/wp\/v2\/users\/1"}],"replies":[{"embeddable":true,"href":"https:\/\/fieam.org.br\/sesi\/wp-json\/wp\/v2\/comments?post=19377"}],"version-history":[{"count":0,"href":"https:\/\/fieam.org.br\/sesi\/wp-json\/wp\/v2\/posts\/19377\/revisions"}],"wp:attachment":[{"href":"https:\/\/fieam.org.br\/sesi\/wp-json\/wp\/v2\/media?parent=19377"}],"wp:term":[{"taxonomy":"category","embeddable":true,"href":"https:\/\/fieam.org.br\/sesi\/wp-json\/wp\/v2\/categories?post=19377"},{"taxonomy":"post_tag","embeddable":true,"href":"https:\/\/fieam.org.br\/sesi\/wp-json\/wp\/v2\/tags?post=19377"}],"curies":[{"name":"wp","href":"https:\/\/api.w.org\/{rel}","templated":true}]}}