{"id":19375,"date":"2013-10-21T12:29:38","date_gmt":"2013-10-21T12:29:38","guid":{"rendered":"http:\/\/www.fieam.org.br\/site\/sesi\/?p=4778"},"modified":"2013-10-21T12:29:38","modified_gmt":"2013-10-21T12:29:38","slug":"sesi-apresenta-cultura-e-arte-em-2a-mostra-sesi-de-teatro","status":"publish","type":"post","link":"https:\/\/fieam.org.br\/sesi\/sesi-apresenta-cultura-e-arte-em-2a-mostra-sesi-de-teatro\/","title":{"rendered":"SESI apresenta cultura e arte em 2\u00aa Mostra SESI de Teatro"},"content":{"rendered":"<p><a href=\"http:\/\/www.fieam.org.br\/site\/sesi\/institucional\/\" target=\"_blank\" rel=\"noopener\">O Servi\u00e7o Social da Ind\u00fastria (SESI Amazonas)<\/a>\u00a0apresenta nos dias 19 e 20 de outubro a 2\u00aa Mostra SESI de Teatro Infantil. A entrada \u00e9 gratuita, com in\u00edcio a partir das 17 horas, no Clube do Trabalhador SESI, localizado na Alameda Cosme e Ferreira, 7399, Aleixo.<\/p>\n<p>A programa\u00e7\u00e3o para o dia<\/p>\n<p><a href=\"http:\/\/www.fieam.org.br\/site\/sesi\/sesi-apresenta-cultura-e-arte-em-2a-mostra-sesi-de-teatro\/iimostradeteatroinfantil\/\" rel=\"attachment wp-att-4779\"><img fetchpriority=\"high\" decoding=\"async\" class=\"alignleft  wp-image-4779\" alt=\"II Mostra Sesi de Teatro  Infantil \" src=\"https:\/\/marketingmassivo.com.br\/sesi\/wp-content\/uploads\/sites\/12\/2013\/10\/IIMostradeteatroinfantil.jpg\" width=\"300\" height=\"360\" \/><\/a><\/p>\n<p>19 conta com a apresenta\u00e7\u00e3o dos grupos: Faz de Conta, com os espet\u00e1culos \u201cAs aventuras de Lobato na Amaz\u00f4nia\u201d e \u201cUm Ap\u00f3logo Remendado<\/p>\n<p>\u201d, dirigida por Adriana Cris; Jovem Cidad\u00e3o &#8211; \u201cO Cavalo Transparente\u201d, dirigido por Fabiane Priscila e Israel Castro; e da Escola Municipal Nossa Senhora da paz \u2013 \u201cUma Nova vida\u201d, dirigido por Cristiano da Silva e Vanda Ferreira.<\/p>\n<p>Os grupos de teatro do SESI, com o espet\u00e1culo \u201cJulgamento Caboclo\u201d, e o do Artcena, com o espet\u00e1culo \u201cO Mist\u00e9rio da Fazenda\u201d, dirigido por Roger Barbosa e Ariane Feitosa, ser\u00e3o as apresenta\u00e7\u00f5es do dia 20, que contar\u00e1 tamb\u00e9m com entrega de trof\u00e9us para as melhores apresenta\u00e7\u00f5es e medalhas para todos os participantes da mostra.<br \/>\nAl\u00e9m das apresenta\u00e7\u00f5es teatrais, o evento ter\u00e1 apresenta\u00e7\u00f5es paralelas como cama el\u00e1stica, oficina de bal\u00f5es, pintura art\u00edstica facial e recep\u00e7\u00e3o de personagens infantis para recebimento do p\u00fablico. Espa\u00e7o tem\u00e1tico, como o \u201cRecanto da Vov\u00f3\u201d, ser\u00e1 ambientado para que o p\u00fablico possa registrar momentos em fam\u00edlia ao participar do evento. Anima\u00e7\u00f5es com os palha\u00e7os Ninho de Solei e Cora\u00e7\u00e3o fazem parte dos intervalos de cada apresenta\u00e7\u00e3o, no primeiro e segundo dia respectivamente.<\/p>\n<p>A mostra tem o objetivo de incentivar a participa\u00e7\u00e3o de grupos de teatro montados em empresas e escolas da Rede SESI Educa\u00e7\u00e3o, estaduais, municipais e escolas particulares, al\u00e9m de grupos da comunidade em geral.<\/p>\n<p>Mais informa\u00e7\u00f5es pelo n\u00famero (92) 3216-1037 ou email\u00a0<a href=\"mailto:teatro.lazer@fieam.org.br\" target=\"_blank\" rel=\"noopener\">teatro.lazer@fieam.org.br<\/a>.\u00a0[nggallery id=202]<\/p>\n","protected":false},"excerpt":{"rendered":"<p>O Servi\u00e7o Social da Ind\u00fastria (SESI Amazonas)\u00a0apresenta nos dias 19 e 20 de outubro a 2\u00aa Mostra SESI de Teatro Infantil. A entrada \u00e9 gratuita, com in\u00edcio a partir das 17 horas, no Clube do Trabalhador SESI, localizado na Alameda Cosme e Ferreira, 7399, Aleixo. A programa\u00e7\u00e3o para o dia 19 conta com a apresenta\u00e7\u00e3o [&hellip;]<\/p>\n","protected":false},"author":1,"featured_media":0,"comment_status":"open","ping_status":"open","sticky":false,"template":"","format":"standard","meta":{"footnotes":""},"categories":[25],"tags":[],"class_list":["post-19375","post","type-post","status-publish","format-standard","hentry","category-news"],"yoast_head":"<!-- This site is optimized with the Yoast SEO plugin v28.2 - https:\/\/yoast.com\/product\/yoast-seo-wordpress\/ -->\n<title>SESI apresenta cultura e arte em 2\u00aa Mostra SESI de Teatro - SESI<\/title>\n<meta name=\"robots\" content=\"index, follow, max-snippet:-1, max-image-preview:large, max-video-preview:-1\" \/>\n<link rel=\"canonical\" href=\"https:\/\/fieam.org.br\/sesi\/sesi-apresenta-cultura-e-arte-em-2a-mostra-sesi-de-teatro\/\" \/>\n<meta property=\"og:locale\" content=\"pt_BR\" \/>\n<meta property=\"og:type\" content=\"article\" \/>\n<meta property=\"og:title\" content=\"SESI apresenta cultura e arte em 2\u00aa Mostra SESI de Teatro - SESI\" \/>\n<meta property=\"og:description\" content=\"O Servi\u00e7o Social da Ind\u00fastria (SESI Amazonas)\u00a0apresenta nos dias 19 e 20 de outubro a 2\u00aa Mostra SESI de Teatro Infantil. A entrada \u00e9 gratuita, com in\u00edcio a partir das 17 horas, no Clube do Trabalhador SESI, localizado na Alameda Cosme e Ferreira, 7399, Aleixo. A programa\u00e7\u00e3o para o dia 19 conta com a apresenta\u00e7\u00e3o [&hellip;]\" \/>\n<meta property=\"og:url\" content=\"https:\/\/fieam.org.br\/sesi\/sesi-apresenta-cultura-e-arte-em-2a-mostra-sesi-de-teatro\/\" \/>\n<meta property=\"og:site_name\" content=\"SESI\" \/>\n<meta property=\"article:published_time\" content=\"2013-10-21T12:29:38+00:00\" \/>\n<meta name=\"author\" content=\"Autor\" \/>\n<meta name=\"twitter:card\" content=\"summary_large_image\" \/>\n<meta name=\"twitter:label1\" content=\"Escrito por\" \/>\n\t<meta name=\"twitter:data1\" content=\"Autor\" \/>\n\t<meta name=\"twitter:label2\" content=\"Est. tempo de leitura\" \/>\n\t<meta name=\"twitter:data2\" content=\"2 minutos\" \/>\n<script type=\"application\/ld+json\" class=\"yoast-schema-graph\">{\"@context\":\"https:\\\/\\\/schema.org\",\"@graph\":[{\"@type\":\"Article\",\"@id\":\"https:\\\/\\\/fieam.org.br\\\/sesi\\\/sesi-apresenta-cultura-e-arte-em-2a-mostra-sesi-de-teatro\\\/#article\",\"isPartOf\":{\"@id\":\"https:\\\/\\\/fieam.org.br\\\/sesi\\\/sesi-apresenta-cultura-e-arte-em-2a-mostra-sesi-de-teatro\\\/\"},\"author\":{\"name\":\"Autor\",\"@id\":\"https:\\\/\\\/fieam.org.br\\\/sesi\\\/#\\\/schema\\\/person\\\/f54998dd14d5f0695b41444f2b01c31e\"},\"headline\":\"SESI apresenta cultura e arte em 2\u00aa Mostra SESI de Teatro\",\"datePublished\":\"2013-10-21T12:29:38+00:00\",\"mainEntityOfPage\":{\"@id\":\"https:\\\/\\\/fieam.org.br\\\/sesi\\\/sesi-apresenta-cultura-e-arte-em-2a-mostra-sesi-de-teatro\\\/\"},\"wordCount\":323,\"commentCount\":0,\"publisher\":{\"@id\":\"https:\\\/\\\/fieam.org.br\\\/sesi\\\/#organization\"},\"image\":{\"@id\":\"https:\\\/\\\/fieam.org.br\\\/sesi\\\/sesi-apresenta-cultura-e-arte-em-2a-mostra-sesi-de-teatro\\\/#primaryimage\"},\"thumbnailUrl\":\"https:\\\/\\\/marketingmassivo.com.br\\\/sesi\\\/wp-content\\\/uploads\\\/sites\\\/12\\\/2013\\\/10\\\/IIMostradeteatroinfantil.jpg\",\"articleSection\":[\"News\"],\"inLanguage\":\"pt-BR\",\"potentialAction\":[{\"@type\":\"CommentAction\",\"name\":\"Comment\",\"target\":[\"https:\\\/\\\/fieam.org.br\\\/sesi\\\/sesi-apresenta-cultura-e-arte-em-2a-mostra-sesi-de-teatro\\\/#respond\"]}]},{\"@type\":\"WebPage\",\"@id\":\"https:\\\/\\\/fieam.org.br\\\/sesi\\\/sesi-apresenta-cultura-e-arte-em-2a-mostra-sesi-de-teatro\\\/\",\"url\":\"https:\\\/\\\/fieam.org.br\\\/sesi\\\/sesi-apresenta-cultura-e-arte-em-2a-mostra-sesi-de-teatro\\\/\",\"name\":\"SESI apresenta cultura e arte em 2\u00aa Mostra SESI de Teatro - SESI\",\"isPartOf\":{\"@id\":\"https:\\\/\\\/fieam.org.br\\\/sesi\\\/#website\"},\"primaryImageOfPage\":{\"@id\":\"https:\\\/\\\/fieam.org.br\\\/sesi\\\/sesi-apresenta-cultura-e-arte-em-2a-mostra-sesi-de-teatro\\\/#primaryimage\"},\"image\":{\"@id\":\"https:\\\/\\\/fieam.org.br\\\/sesi\\\/sesi-apresenta-cultura-e-arte-em-2a-mostra-sesi-de-teatro\\\/#primaryimage\"},\"thumbnailUrl\":\"https:\\\/\\\/marketingmassivo.com.br\\\/sesi\\\/wp-content\\\/uploads\\\/sites\\\/12\\\/2013\\\/10\\\/IIMostradeteatroinfantil.jpg\",\"datePublished\":\"2013-10-21T12:29:38+00:00\",\"breadcrumb\":{\"@id\":\"https:\\\/\\\/fieam.org.br\\\/sesi\\\/sesi-apresenta-cultura-e-arte-em-2a-mostra-sesi-de-teatro\\\/#breadcrumb\"},\"inLanguage\":\"pt-BR\",\"potentialAction\":[{\"@type\":\"ReadAction\",\"target\":[\"https:\\\/\\\/fieam.org.br\\\/sesi\\\/sesi-apresenta-cultura-e-arte-em-2a-mostra-sesi-de-teatro\\\/\"]}]},{\"@type\":\"ImageObject\",\"inLanguage\":\"pt-BR\",\"@id\":\"https:\\\/\\\/fieam.org.br\\\/sesi\\\/sesi-apresenta-cultura-e-arte-em-2a-mostra-sesi-de-teatro\\\/#primaryimage\",\"url\":\"https:\\\/\\\/marketingmassivo.com.br\\\/sesi\\\/wp-content\\\/uploads\\\/sites\\\/12\\\/2013\\\/10\\\/IIMostradeteatroinfantil.jpg\",\"contentUrl\":\"https:\\\/\\\/marketingmassivo.com.br\\\/sesi\\\/wp-content\\\/uploads\\\/sites\\\/12\\\/2013\\\/10\\\/IIMostradeteatroinfantil.jpg\"},{\"@type\":\"BreadcrumbList\",\"@id\":\"https:\\\/\\\/fieam.org.br\\\/sesi\\\/sesi-apresenta-cultura-e-arte-em-2a-mostra-sesi-de-teatro\\\/#breadcrumb\",\"itemListElement\":[{\"@type\":\"ListItem\",\"position\":1,\"name\":\"In\u00edcio\",\"item\":\"https:\\\/\\\/fieam.org.br\\\/sesi\\\/\"},{\"@type\":\"ListItem\",\"position\":2,\"name\":\"SESI apresenta cultura e arte em 2\u00aa Mostra SESI de Teatro\"}]},{\"@type\":\"WebSite\",\"@id\":\"https:\\\/\\\/fieam.org.br\\\/sesi\\\/#website\",\"url\":\"https:\\\/\\\/fieam.org.br\\\/sesi\\\/\",\"name\":\"SESI\",\"description\":\"Site Oficial!\",\"publisher\":{\"@id\":\"https:\\\/\\\/fieam.org.br\\\/sesi\\\/#organization\"},\"potentialAction\":[{\"@type\":\"SearchAction\",\"target\":{\"@type\":\"EntryPoint\",\"urlTemplate\":\"https:\\\/\\\/fieam.org.br\\\/sesi\\\/?s={search_term_string}\"},\"query-input\":{\"@type\":\"PropertyValueSpecification\",\"valueRequired\":true,\"valueName\":\"search_term_string\"}}],\"inLanguage\":\"pt-BR\"},{\"@type\":\"Organization\",\"@id\":\"https:\\\/\\\/fieam.org.br\\\/sesi\\\/#organization\",\"name\":\"SESI\",\"url\":\"https:\\\/\\\/fieam.org.br\\\/sesi\\\/\",\"logo\":{\"@type\":\"ImageObject\",\"inLanguage\":\"pt-BR\",\"@id\":\"https:\\\/\\\/fieam.org.br\\\/sesi\\\/#\\\/schema\\\/logo\\\/image\\\/\",\"url\":\"https:\\\/\\\/fieam.org.br\\\/sesi\\\/wp-content\\\/uploads\\\/sites\\\/14\\\/2024\\\/03\\\/cropped-fav.png\",\"contentUrl\":\"https:\\\/\\\/fieam.org.br\\\/sesi\\\/wp-content\\\/uploads\\\/sites\\\/14\\\/2024\\\/03\\\/cropped-fav.png\",\"width\":610,\"height\":589,\"caption\":\"SESI\"},\"image\":{\"@id\":\"https:\\\/\\\/fieam.org.br\\\/sesi\\\/#\\\/schema\\\/logo\\\/image\\\/\"}},{\"@type\":\"Person\",\"@id\":\"https:\\\/\\\/fieam.org.br\\\/sesi\\\/#\\\/schema\\\/person\\\/f54998dd14d5f0695b41444f2b01c31e\",\"name\":\"Autor\",\"image\":{\"@type\":\"ImageObject\",\"inLanguage\":\"pt-BR\",\"@id\":\"https:\\\/\\\/secure.gravatar.com\\\/avatar\\\/3732c223e0e1fad69062a8f770955c9068d37b055204f310a0be18d4069fe380?s=96&d=mm&r=g\",\"url\":\"https:\\\/\\\/secure.gravatar.com\\\/avatar\\\/3732c223e0e1fad69062a8f770955c9068d37b055204f310a0be18d4069fe380?s=96&d=mm&r=g\",\"contentUrl\":\"https:\\\/\\\/secure.gravatar.com\\\/avatar\\\/3732c223e0e1fad69062a8f770955c9068d37b055204f310a0be18d4069fe380?s=96&d=mm&r=g\",\"caption\":\"Autor\"},\"sameAs\":[\"https:\\\/\\\/marketingmassivo.com.br\"],\"url\":\"https:\\\/\\\/fieam.org.br\\\/sesi\\\/author\\\/admin\\\/\"}]}<\/script>\n<!-- \/ Yoast SEO plugin. -->","yoast_head_json":{"title":"SESI apresenta cultura e arte em 2\u00aa Mostra SESI de Teatro - SESI","robots":{"index":"index","follow":"follow","max-snippet":"max-snippet:-1","max-image-preview":"max-image-preview:large","max-video-preview":"max-video-preview:-1"},"canonical":"https:\/\/fieam.org.br\/sesi\/sesi-apresenta-cultura-e-arte-em-2a-mostra-sesi-de-teatro\/","og_locale":"pt_BR","og_type":"article","og_title":"SESI apresenta cultura e arte em 2\u00aa Mostra SESI de Teatro - SESI","og_description":"O Servi\u00e7o Social da Ind\u00fastria (SESI Amazonas)\u00a0apresenta nos dias 19 e 20 de outubro a 2\u00aa Mostra SESI de Teatro Infantil. A entrada \u00e9 gratuita, com in\u00edcio a partir das 17 horas, no Clube do Trabalhador SESI, localizado na Alameda Cosme e Ferreira, 7399, Aleixo. A programa\u00e7\u00e3o para o dia 19 conta com a apresenta\u00e7\u00e3o [&hellip;]","og_url":"https:\/\/fieam.org.br\/sesi\/sesi-apresenta-cultura-e-arte-em-2a-mostra-sesi-de-teatro\/","og_site_name":"SESI","article_published_time":"2013-10-21T12:29:38+00:00","author":"Autor","twitter_card":"summary_large_image","twitter_misc":{"Escrito por":"Autor","Est. tempo de leitura":"2 minutos"},"schema":{"@context":"https:\/\/schema.org","@graph":[{"@type":"Article","@id":"https:\/\/fieam.org.br\/sesi\/sesi-apresenta-cultura-e-arte-em-2a-mostra-sesi-de-teatro\/#article","isPartOf":{"@id":"https:\/\/fieam.org.br\/sesi\/sesi-apresenta-cultura-e-arte-em-2a-mostra-sesi-de-teatro\/"},"author":{"name":"Autor","@id":"https:\/\/fieam.org.br\/sesi\/#\/schema\/person\/f54998dd14d5f0695b41444f2b01c31e"},"headline":"SESI apresenta cultura e arte em 2\u00aa Mostra SESI de Teatro","datePublished":"2013-10-21T12:29:38+00:00","mainEntityOfPage":{"@id":"https:\/\/fieam.org.br\/sesi\/sesi-apresenta-cultura-e-arte-em-2a-mostra-sesi-de-teatro\/"},"wordCount":323,"commentCount":0,"publisher":{"@id":"https:\/\/fieam.org.br\/sesi\/#organization"},"image":{"@id":"https:\/\/fieam.org.br\/sesi\/sesi-apresenta-cultura-e-arte-em-2a-mostra-sesi-de-teatro\/#primaryimage"},"thumbnailUrl":"https:\/\/marketingmassivo.com.br\/sesi\/wp-content\/uploads\/sites\/12\/2013\/10\/IIMostradeteatroinfantil.jpg","articleSection":["News"],"inLanguage":"pt-BR","potentialAction":[{"@type":"CommentAction","name":"Comment","target":["https:\/\/fieam.org.br\/sesi\/sesi-apresenta-cultura-e-arte-em-2a-mostra-sesi-de-teatro\/#respond"]}]},{"@type":"WebPage","@id":"https:\/\/fieam.org.br\/sesi\/sesi-apresenta-cultura-e-arte-em-2a-mostra-sesi-de-teatro\/","url":"https:\/\/fieam.org.br\/sesi\/sesi-apresenta-cultura-e-arte-em-2a-mostra-sesi-de-teatro\/","name":"SESI apresenta cultura e arte em 2\u00aa Mostra SESI de Teatro - SESI","isPartOf":{"@id":"https:\/\/fieam.org.br\/sesi\/#website"},"primaryImageOfPage":{"@id":"https:\/\/fieam.org.br\/sesi\/sesi-apresenta-cultura-e-arte-em-2a-mostra-sesi-de-teatro\/#primaryimage"},"image":{"@id":"https:\/\/fieam.org.br\/sesi\/sesi-apresenta-cultura-e-arte-em-2a-mostra-sesi-de-teatro\/#primaryimage"},"thumbnailUrl":"https:\/\/marketingmassivo.com.br\/sesi\/wp-content\/uploads\/sites\/12\/2013\/10\/IIMostradeteatroinfantil.jpg","datePublished":"2013-10-21T12:29:38+00:00","breadcrumb":{"@id":"https:\/\/fieam.org.br\/sesi\/sesi-apresenta-cultura-e-arte-em-2a-mostra-sesi-de-teatro\/#breadcrumb"},"inLanguage":"pt-BR","potentialAction":[{"@type":"ReadAction","target":["https:\/\/fieam.org.br\/sesi\/sesi-apresenta-cultura-e-arte-em-2a-mostra-sesi-de-teatro\/"]}]},{"@type":"ImageObject","inLanguage":"pt-BR","@id":"https:\/\/fieam.org.br\/sesi\/sesi-apresenta-cultura-e-arte-em-2a-mostra-sesi-de-teatro\/#primaryimage","url":"https:\/\/marketingmassivo.com.br\/sesi\/wp-content\/uploads\/sites\/12\/2013\/10\/IIMostradeteatroinfantil.jpg","contentUrl":"https:\/\/marketingmassivo.com.br\/sesi\/wp-content\/uploads\/sites\/12\/2013\/10\/IIMostradeteatroinfantil.jpg"},{"@type":"BreadcrumbList","@id":"https:\/\/fieam.org.br\/sesi\/sesi-apresenta-cultura-e-arte-em-2a-mostra-sesi-de-teatro\/#breadcrumb","itemListElement":[{"@type":"ListItem","position":1,"name":"In\u00edcio","item":"https:\/\/fieam.org.br\/sesi\/"},{"@type":"ListItem","position":2,"name":"SESI apresenta cultura e arte em 2\u00aa Mostra SESI de Teatro"}]},{"@type":"WebSite","@id":"https:\/\/fieam.org.br\/sesi\/#website","url":"https:\/\/fieam.org.br\/sesi\/","name":"SESI","description":"Site Oficial!","publisher":{"@id":"https:\/\/fieam.org.br\/sesi\/#organization"},"potentialAction":[{"@type":"SearchAction","target":{"@type":"EntryPoint","urlTemplate":"https:\/\/fieam.org.br\/sesi\/?s={search_term_string}"},"query-input":{"@type":"PropertyValueSpecification","valueRequired":true,"valueName":"search_term_string"}}],"inLanguage":"pt-BR"},{"@type":"Organization","@id":"https:\/\/fieam.org.br\/sesi\/#organization","name":"SESI","url":"https:\/\/fieam.org.br\/sesi\/","logo":{"@type":"ImageObject","inLanguage":"pt-BR","@id":"https:\/\/fieam.org.br\/sesi\/#\/schema\/logo\/image\/","url":"https:\/\/fieam.org.br\/sesi\/wp-content\/uploads\/sites\/14\/2024\/03\/cropped-fav.png","contentUrl":"https:\/\/fieam.org.br\/sesi\/wp-content\/uploads\/sites\/14\/2024\/03\/cropped-fav.png","width":610,"height":589,"caption":"SESI"},"image":{"@id":"https:\/\/fieam.org.br\/sesi\/#\/schema\/logo\/image\/"}},{"@type":"Person","@id":"https:\/\/fieam.org.br\/sesi\/#\/schema\/person\/f54998dd14d5f0695b41444f2b01c31e","name":"Autor","image":{"@type":"ImageObject","inLanguage":"pt-BR","@id":"https:\/\/secure.gravatar.com\/avatar\/3732c223e0e1fad69062a8f770955c9068d37b055204f310a0be18d4069fe380?s=96&d=mm&r=g","url":"https:\/\/secure.gravatar.com\/avatar\/3732c223e0e1fad69062a8f770955c9068d37b055204f310a0be18d4069fe380?s=96&d=mm&r=g","contentUrl":"https:\/\/secure.gravatar.com\/avatar\/3732c223e0e1fad69062a8f770955c9068d37b055204f310a0be18d4069fe380?s=96&d=mm&r=g","caption":"Autor"},"sameAs":["https:\/\/marketingmassivo.com.br"],"url":"https:\/\/fieam.org.br\/sesi\/author\/admin\/"}]}},"_links":{"self":[{"href":"https:\/\/fieam.org.br\/sesi\/wp-json\/wp\/v2\/posts\/19375","targetHints":{"allow":["GET"]}}],"collection":[{"href":"https:\/\/fieam.org.br\/sesi\/wp-json\/wp\/v2\/posts"}],"about":[{"href":"https:\/\/fieam.org.br\/sesi\/wp-json\/wp\/v2\/types\/post"}],"author":[{"embeddable":true,"href":"https:\/\/fieam.org.br\/sesi\/wp-json\/wp\/v2\/users\/1"}],"replies":[{"embeddable":true,"href":"https:\/\/fieam.org.br\/sesi\/wp-json\/wp\/v2\/comments?post=19375"}],"version-history":[{"count":0,"href":"https:\/\/fieam.org.br\/sesi\/wp-json\/wp\/v2\/posts\/19375\/revisions"}],"wp:attachment":[{"href":"https:\/\/fieam.org.br\/sesi\/wp-json\/wp\/v2\/media?parent=19375"}],"wp:term":[{"taxonomy":"category","embeddable":true,"href":"https:\/\/fieam.org.br\/sesi\/wp-json\/wp\/v2\/categories?post=19375"},{"taxonomy":"post_tag","embeddable":true,"href":"https:\/\/fieam.org.br\/sesi\/wp-json\/wp\/v2\/tags?post=19375"}],"curies":[{"name":"wp","href":"https:\/\/api.w.org\/{rel}","templated":true}]}}