{"id":19373,"date":"2013-10-15T12:09:55","date_gmt":"2013-10-15T12:09:55","guid":{"rendered":"http:\/\/www.fieam.org.br\/site\/sesi\/?p=4757"},"modified":"2013-10-15T12:09:55","modified_gmt":"2013-10-15T12:09:55","slug":"clube-do-trabalhador-lanca-brinquedoteca-espaco-ludico-pedagogico-e-opcao-para-os-filhos-enquanto-os-pais-praticam-atividade-fisica","status":"publish","type":"post","link":"https:\/\/fieam.org.br\/sesi\/clube-do-trabalhador-lanca-brinquedoteca-espaco-ludico-pedagogico-e-opcao-para-os-filhos-enquanto-os-pais-praticam-atividade-fisica\/","title":{"rendered":"Clube do Trabalhador lan\u00e7a Brinquedoteca Espa\u00e7o l\u00fadico- pedag\u00f3gico \u00e9 op\u00e7\u00e3o para os filhos enquanto os pais praticam atividade f\u00edsica"},"content":{"rendered":"<p>Deixar de praticar atividade f\u00edsica, por n\u00e3o ter local para deixar os filhos enquanto se exercita, n\u00e3o \u00e9 mais problema para os clientes do Clube do Trabalhador do Amazonas. Agora podem contar com a brinquedoteca do\u00a0<a href=\"http:\/\/www.fieam.org.br\/site\/sesi\/institucional\/\" target=\"_blank\" rel=\"noopener\">SESI<\/a>.<\/p>\n<p>Lan\u00e7ado neste m\u00eas, o espa\u00e7o l\u00fadico-pedag\u00f3gico \u00e9 destinado a crian\u00e7as de 4 a 10 anos, que precisam de programa\u00e7\u00e3o especial enquanto seus pais frequentam suas aulas.<\/p>\n<p>De acordo com uma das coordenadoras do projeto, Irin\u00e9a de Oliveira, a iniciativa surgiu devido a presen\u00e7a de muitas crian\u00e7as dispersas, expondo-se a riscos no ambiente espa\u00e7oso como o do Clube do Trabalhador.<\/p>\n<figure id=\"attachment_4758\" aria-describedby=\"caption-attachment-4758\" style=\"width: 300px\" class=\"wp-caption alignleft\"><a href=\"http:\/\/www.fieam.org.br\/site\/sesi\/clube-do-trabalhador-lanca-brinquedoteca-espaco-ludico-pedagogico-e-opcao-para-os-filhos-enquanto-os-pais-praticam-atividade-fisica\/equipe-da-brinquedoteca\/\" rel=\"attachment wp-att-4758\"><img fetchpriority=\"high\" decoding=\"async\" class=\"size-medium wp-image-4758\" alt=\"Equipe da Brinquedoteca\" src=\"http:\/\/www.fieam.org.br\/2015\/sesi\/wp-content\/uploads\/sites\/2\/2013\/10\/Equipe-da-Brinquedoteca-300x200.jpg\" width=\"300\" height=\"200\" \/><\/a><figcaption id=\"caption-attachment-4758\" class=\"wp-caption-text\">Equipe da Brinquedoteca<\/figcaption><\/figure>\n<p>A professora de n\u00edvel superior, respons\u00e1vel pela orienta\u00e7\u00e3o e supervis\u00e3o do processo da brinquedoteca, Leula Melo, assegurou que os pais poder\u00e3o deixar seus filhos em seguran\u00e7a enquanto est\u00e3o na academia, praticando dan\u00e7a ou nata\u00e7\u00e3o e que o tempo na brinquedoteca ser\u00e1 destinado tamb\u00e9m ao desenvolvimento pedag\u00f3gico da crian\u00e7a, com atividades extras e n\u00e3o limitadas ao ato de brincar.<\/p>\n<p>\u201cA crian\u00e7a n\u00e3o vir\u00e1 mais ao Clube por que a mam\u00e3e ou o papai tem que vir fazer sua atividade f\u00edsica, agora eles ter\u00e3o prazer em estar aqui. Por isso pensamos em diversas atividades que exploram a criatividade e movimentos, assim como os brinquedos, livros e videogames\u201d, disse.<\/p>\n<p>Al\u00e9m dos clientes do Clube do Trabalhador do Amazonas, a brinquedoteca tamb\u00e9m ser\u00e1 destinada aos Industri\u00e1rios e seus dependentes, funcion\u00e1rios do Sistema FIEAM e clientes das Escolas do SESI.<\/p>\n<p>O atendimento inicial ser\u00e1 das 14 \u00e0s 20h,\u00a0 de segunda a sexta. Os fins de semana ser\u00e3o\u00a0 destinados a programa\u00e7\u00e3o para empresas, com atendimento a dez crian\u00e7as por hora.<\/p>\n<p>A equipe \u00e9 formada por duas professoras de n\u00edvel superior, tr\u00eas estagi\u00e1rias, sendo duas de pedagogia, e uma de educa\u00e7\u00e3o art\u00edstica, al\u00e9m uma pessoa de apoio administrativo.<\/p>\n<p>Os usu\u00e1rios poder\u00e3o fazer Inscri\u00e7\u00e3o mensal de R$ 80 reais, podendo utilizar a brinquedoteca tr\u00eas vezes por semana, segunda quarta e sexta, por duas horas, ou de segunda a sexta, sendo uma hora por dia. O cliente, que n\u00e3o \u00e9 t\u00e3o ass\u00edduo ou um pai de aluno, que precisa participar de uma reuni\u00e3o, tem a op\u00e7\u00e3o de pagar por hora, no valor de R$13 reais.\u00a0[nggallery id=200]<\/p>\n","protected":false},"excerpt":{"rendered":"<p>Deixar de praticar atividade f\u00edsica, por n\u00e3o ter local para deixar os filhos enquanto se exercita, n\u00e3o \u00e9 mais problema para os clientes do Clube do Trabalhador do Amazonas. Agora podem contar com a brinquedoteca do\u00a0SESI. Lan\u00e7ado neste m\u00eas, o espa\u00e7o l\u00fadico-pedag\u00f3gico \u00e9 destinado a crian\u00e7as de 4 a 10 anos, que precisam de programa\u00e7\u00e3o [&hellip;]<\/p>\n","protected":false},"author":1,"featured_media":0,"comment_status":"open","ping_status":"open","sticky":false,"template":"","format":"standard","meta":{"footnotes":""},"categories":[25],"tags":[],"class_list":["post-19373","post","type-post","status-publish","format-standard","hentry","category-news"],"yoast_head":"<!-- This site is optimized with the Yoast SEO plugin v28.2 - https:\/\/yoast.com\/product\/yoast-seo-wordpress\/ -->\n<title>Clube do Trabalhador lan\u00e7a Brinquedoteca Espa\u00e7o l\u00fadico- pedag\u00f3gico \u00e9 op\u00e7\u00e3o para os filhos enquanto os pais praticam atividade f\u00edsica - SESI<\/title>\n<meta name=\"robots\" content=\"index, follow, max-snippet:-1, max-image-preview:large, max-video-preview:-1\" \/>\n<link rel=\"canonical\" href=\"https:\/\/fieam.org.br\/sesi\/clube-do-trabalhador-lanca-brinquedoteca-espaco-ludico-pedagogico-e-opcao-para-os-filhos-enquanto-os-pais-praticam-atividade-fisica\/\" \/>\n<meta property=\"og:locale\" content=\"pt_BR\" \/>\n<meta property=\"og:type\" content=\"article\" \/>\n<meta property=\"og:title\" content=\"Clube do Trabalhador lan\u00e7a Brinquedoteca Espa\u00e7o l\u00fadico- pedag\u00f3gico \u00e9 op\u00e7\u00e3o para os filhos enquanto os pais praticam atividade f\u00edsica - SESI\" \/>\n<meta property=\"og:description\" content=\"Deixar de praticar atividade f\u00edsica, por n\u00e3o ter local para deixar os filhos enquanto se exercita, n\u00e3o \u00e9 mais problema para os clientes do Clube do Trabalhador do Amazonas. Agora podem contar com a brinquedoteca do\u00a0SESI. Lan\u00e7ado neste m\u00eas, o espa\u00e7o l\u00fadico-pedag\u00f3gico \u00e9 destinado a crian\u00e7as de 4 a 10 anos, que precisam de programa\u00e7\u00e3o [&hellip;]\" \/>\n<meta property=\"og:url\" content=\"https:\/\/fieam.org.br\/sesi\/clube-do-trabalhador-lanca-brinquedoteca-espaco-ludico-pedagogico-e-opcao-para-os-filhos-enquanto-os-pais-praticam-atividade-fisica\/\" \/>\n<meta property=\"og:site_name\" content=\"SESI\" \/>\n<meta property=\"article:published_time\" content=\"2013-10-15T12:09:55+00:00\" \/>\n<meta name=\"author\" content=\"Autor\" \/>\n<meta name=\"twitter:card\" content=\"summary_large_image\" \/>\n<meta name=\"twitter:label1\" content=\"Escrito por\" \/>\n\t<meta name=\"twitter:data1\" content=\"Autor\" \/>\n\t<meta name=\"twitter:label2\" content=\"Est. tempo de leitura\" \/>\n\t<meta name=\"twitter:data2\" content=\"2 minutos\" \/>\n<script type=\"application\/ld+json\" class=\"yoast-schema-graph\">{\"@context\":\"https:\\\/\\\/schema.org\",\"@graph\":[{\"@type\":\"Article\",\"@id\":\"https:\\\/\\\/fieam.org.br\\\/sesi\\\/clube-do-trabalhador-lanca-brinquedoteca-espaco-ludico-pedagogico-e-opcao-para-os-filhos-enquanto-os-pais-praticam-atividade-fisica\\\/#article\",\"isPartOf\":{\"@id\":\"https:\\\/\\\/fieam.org.br\\\/sesi\\\/clube-do-trabalhador-lanca-brinquedoteca-espaco-ludico-pedagogico-e-opcao-para-os-filhos-enquanto-os-pais-praticam-atividade-fisica\\\/\"},\"author\":{\"name\":\"Autor\",\"@id\":\"https:\\\/\\\/fieam.org.br\\\/sesi\\\/#\\\/schema\\\/person\\\/f54998dd14d5f0695b41444f2b01c31e\"},\"headline\":\"Clube do Trabalhador lan\u00e7a Brinquedoteca Espa\u00e7o l\u00fadico- pedag\u00f3gico \u00e9 op\u00e7\u00e3o para os filhos enquanto os pais praticam atividade f\u00edsica\",\"datePublished\":\"2013-10-15T12:09:55+00:00\",\"mainEntityOfPage\":{\"@id\":\"https:\\\/\\\/fieam.org.br\\\/sesi\\\/clube-do-trabalhador-lanca-brinquedoteca-espaco-ludico-pedagogico-e-opcao-para-os-filhos-enquanto-os-pais-praticam-atividade-fisica\\\/\"},\"wordCount\":434,\"commentCount\":0,\"publisher\":{\"@id\":\"https:\\\/\\\/fieam.org.br\\\/sesi\\\/#organization\"},\"image\":{\"@id\":\"https:\\\/\\\/fieam.org.br\\\/sesi\\\/clube-do-trabalhador-lanca-brinquedoteca-espaco-ludico-pedagogico-e-opcao-para-os-filhos-enquanto-os-pais-praticam-atividade-fisica\\\/#primaryimage\"},\"thumbnailUrl\":\"http:\\\/\\\/www.fieam.org.br\\\/2015\\\/sesi\\\/wp-content\\\/uploads\\\/sites\\\/2\\\/2013\\\/10\\\/Equipe-da-Brinquedoteca-300x200.jpg\",\"articleSection\":[\"News\"],\"inLanguage\":\"pt-BR\",\"potentialAction\":[{\"@type\":\"CommentAction\",\"name\":\"Comment\",\"target\":[\"https:\\\/\\\/fieam.org.br\\\/sesi\\\/clube-do-trabalhador-lanca-brinquedoteca-espaco-ludico-pedagogico-e-opcao-para-os-filhos-enquanto-os-pais-praticam-atividade-fisica\\\/#respond\"]}]},{\"@type\":\"WebPage\",\"@id\":\"https:\\\/\\\/fieam.org.br\\\/sesi\\\/clube-do-trabalhador-lanca-brinquedoteca-espaco-ludico-pedagogico-e-opcao-para-os-filhos-enquanto-os-pais-praticam-atividade-fisica\\\/\",\"url\":\"https:\\\/\\\/fieam.org.br\\\/sesi\\\/clube-do-trabalhador-lanca-brinquedoteca-espaco-ludico-pedagogico-e-opcao-para-os-filhos-enquanto-os-pais-praticam-atividade-fisica\\\/\",\"name\":\"Clube do Trabalhador lan\u00e7a Brinquedoteca Espa\u00e7o l\u00fadico- pedag\u00f3gico \u00e9 op\u00e7\u00e3o para os filhos enquanto os pais praticam atividade f\u00edsica - SESI\",\"isPartOf\":{\"@id\":\"https:\\\/\\\/fieam.org.br\\\/sesi\\\/#website\"},\"primaryImageOfPage\":{\"@id\":\"https:\\\/\\\/fieam.org.br\\\/sesi\\\/clube-do-trabalhador-lanca-brinquedoteca-espaco-ludico-pedagogico-e-opcao-para-os-filhos-enquanto-os-pais-praticam-atividade-fisica\\\/#primaryimage\"},\"image\":{\"@id\":\"https:\\\/\\\/fieam.org.br\\\/sesi\\\/clube-do-trabalhador-lanca-brinquedoteca-espaco-ludico-pedagogico-e-opcao-para-os-filhos-enquanto-os-pais-praticam-atividade-fisica\\\/#primaryimage\"},\"thumbnailUrl\":\"http:\\\/\\\/www.fieam.org.br\\\/2015\\\/sesi\\\/wp-content\\\/uploads\\\/sites\\\/2\\\/2013\\\/10\\\/Equipe-da-Brinquedoteca-300x200.jpg\",\"datePublished\":\"2013-10-15T12:09:55+00:00\",\"breadcrumb\":{\"@id\":\"https:\\\/\\\/fieam.org.br\\\/sesi\\\/clube-do-trabalhador-lanca-brinquedoteca-espaco-ludico-pedagogico-e-opcao-para-os-filhos-enquanto-os-pais-praticam-atividade-fisica\\\/#breadcrumb\"},\"inLanguage\":\"pt-BR\",\"potentialAction\":[{\"@type\":\"ReadAction\",\"target\":[\"https:\\\/\\\/fieam.org.br\\\/sesi\\\/clube-do-trabalhador-lanca-brinquedoteca-espaco-ludico-pedagogico-e-opcao-para-os-filhos-enquanto-os-pais-praticam-atividade-fisica\\\/\"]}]},{\"@type\":\"ImageObject\",\"inLanguage\":\"pt-BR\",\"@id\":\"https:\\\/\\\/fieam.org.br\\\/sesi\\\/clube-do-trabalhador-lanca-brinquedoteca-espaco-ludico-pedagogico-e-opcao-para-os-filhos-enquanto-os-pais-praticam-atividade-fisica\\\/#primaryimage\",\"url\":\"http:\\\/\\\/www.fieam.org.br\\\/2015\\\/sesi\\\/wp-content\\\/uploads\\\/sites\\\/2\\\/2013\\\/10\\\/Equipe-da-Brinquedoteca-300x200.jpg\",\"contentUrl\":\"http:\\\/\\\/www.fieam.org.br\\\/2015\\\/sesi\\\/wp-content\\\/uploads\\\/sites\\\/2\\\/2013\\\/10\\\/Equipe-da-Brinquedoteca-300x200.jpg\"},{\"@type\":\"BreadcrumbList\",\"@id\":\"https:\\\/\\\/fieam.org.br\\\/sesi\\\/clube-do-trabalhador-lanca-brinquedoteca-espaco-ludico-pedagogico-e-opcao-para-os-filhos-enquanto-os-pais-praticam-atividade-fisica\\\/#breadcrumb\",\"itemListElement\":[{\"@type\":\"ListItem\",\"position\":1,\"name\":\"In\u00edcio\",\"item\":\"https:\\\/\\\/fieam.org.br\\\/sesi\\\/\"},{\"@type\":\"ListItem\",\"position\":2,\"name\":\"Clube do Trabalhador lan\u00e7a Brinquedoteca Espa\u00e7o l\u00fadico- pedag\u00f3gico \u00e9 op\u00e7\u00e3o para os filhos enquanto os pais praticam atividade f\u00edsica\"}]},{\"@type\":\"WebSite\",\"@id\":\"https:\\\/\\\/fieam.org.br\\\/sesi\\\/#website\",\"url\":\"https:\\\/\\\/fieam.org.br\\\/sesi\\\/\",\"name\":\"SESI\",\"description\":\"Site Oficial!\",\"publisher\":{\"@id\":\"https:\\\/\\\/fieam.org.br\\\/sesi\\\/#organization\"},\"potentialAction\":[{\"@type\":\"SearchAction\",\"target\":{\"@type\":\"EntryPoint\",\"urlTemplate\":\"https:\\\/\\\/fieam.org.br\\\/sesi\\\/?s={search_term_string}\"},\"query-input\":{\"@type\":\"PropertyValueSpecification\",\"valueRequired\":true,\"valueName\":\"search_term_string\"}}],\"inLanguage\":\"pt-BR\"},{\"@type\":\"Organization\",\"@id\":\"https:\\\/\\\/fieam.org.br\\\/sesi\\\/#organization\",\"name\":\"SESI\",\"url\":\"https:\\\/\\\/fieam.org.br\\\/sesi\\\/\",\"logo\":{\"@type\":\"ImageObject\",\"inLanguage\":\"pt-BR\",\"@id\":\"https:\\\/\\\/fieam.org.br\\\/sesi\\\/#\\\/schema\\\/logo\\\/image\\\/\",\"url\":\"https:\\\/\\\/fieam.org.br\\\/sesi\\\/wp-content\\\/uploads\\\/sites\\\/14\\\/2024\\\/03\\\/cropped-fav.png\",\"contentUrl\":\"https:\\\/\\\/fieam.org.br\\\/sesi\\\/wp-content\\\/uploads\\\/sites\\\/14\\\/2024\\\/03\\\/cropped-fav.png\",\"width\":610,\"height\":589,\"caption\":\"SESI\"},\"image\":{\"@id\":\"https:\\\/\\\/fieam.org.br\\\/sesi\\\/#\\\/schema\\\/logo\\\/image\\\/\"}},{\"@type\":\"Person\",\"@id\":\"https:\\\/\\\/fieam.org.br\\\/sesi\\\/#\\\/schema\\\/person\\\/f54998dd14d5f0695b41444f2b01c31e\",\"name\":\"Autor\",\"image\":{\"@type\":\"ImageObject\",\"inLanguage\":\"pt-BR\",\"@id\":\"https:\\\/\\\/secure.gravatar.com\\\/avatar\\\/3732c223e0e1fad69062a8f770955c9068d37b055204f310a0be18d4069fe380?s=96&d=mm&r=g\",\"url\":\"https:\\\/\\\/secure.gravatar.com\\\/avatar\\\/3732c223e0e1fad69062a8f770955c9068d37b055204f310a0be18d4069fe380?s=96&d=mm&r=g\",\"contentUrl\":\"https:\\\/\\\/secure.gravatar.com\\\/avatar\\\/3732c223e0e1fad69062a8f770955c9068d37b055204f310a0be18d4069fe380?s=96&d=mm&r=g\",\"caption\":\"Autor\"},\"sameAs\":[\"https:\\\/\\\/marketingmassivo.com.br\"],\"url\":\"https:\\\/\\\/fieam.org.br\\\/sesi\\\/author\\\/admin\\\/\"}]}<\/script>\n<!-- \/ Yoast SEO plugin. -->","yoast_head_json":{"title":"Clube do Trabalhador lan\u00e7a Brinquedoteca Espa\u00e7o l\u00fadico- pedag\u00f3gico \u00e9 op\u00e7\u00e3o para os filhos enquanto os pais praticam atividade f\u00edsica - SESI","robots":{"index":"index","follow":"follow","max-snippet":"max-snippet:-1","max-image-preview":"max-image-preview:large","max-video-preview":"max-video-preview:-1"},"canonical":"https:\/\/fieam.org.br\/sesi\/clube-do-trabalhador-lanca-brinquedoteca-espaco-ludico-pedagogico-e-opcao-para-os-filhos-enquanto-os-pais-praticam-atividade-fisica\/","og_locale":"pt_BR","og_type":"article","og_title":"Clube do Trabalhador lan\u00e7a Brinquedoteca Espa\u00e7o l\u00fadico- pedag\u00f3gico \u00e9 op\u00e7\u00e3o para os filhos enquanto os pais praticam atividade f\u00edsica - SESI","og_description":"Deixar de praticar atividade f\u00edsica, por n\u00e3o ter local para deixar os filhos enquanto se exercita, n\u00e3o \u00e9 mais problema para os clientes do Clube do Trabalhador do Amazonas. Agora podem contar com a brinquedoteca do\u00a0SESI. Lan\u00e7ado neste m\u00eas, o espa\u00e7o l\u00fadico-pedag\u00f3gico \u00e9 destinado a crian\u00e7as de 4 a 10 anos, que precisam de programa\u00e7\u00e3o [&hellip;]","og_url":"https:\/\/fieam.org.br\/sesi\/clube-do-trabalhador-lanca-brinquedoteca-espaco-ludico-pedagogico-e-opcao-para-os-filhos-enquanto-os-pais-praticam-atividade-fisica\/","og_site_name":"SESI","article_published_time":"2013-10-15T12:09:55+00:00","author":"Autor","twitter_card":"summary_large_image","twitter_misc":{"Escrito por":"Autor","Est. tempo de leitura":"2 minutos"},"schema":{"@context":"https:\/\/schema.org","@graph":[{"@type":"Article","@id":"https:\/\/fieam.org.br\/sesi\/clube-do-trabalhador-lanca-brinquedoteca-espaco-ludico-pedagogico-e-opcao-para-os-filhos-enquanto-os-pais-praticam-atividade-fisica\/#article","isPartOf":{"@id":"https:\/\/fieam.org.br\/sesi\/clube-do-trabalhador-lanca-brinquedoteca-espaco-ludico-pedagogico-e-opcao-para-os-filhos-enquanto-os-pais-praticam-atividade-fisica\/"},"author":{"name":"Autor","@id":"https:\/\/fieam.org.br\/sesi\/#\/schema\/person\/f54998dd14d5f0695b41444f2b01c31e"},"headline":"Clube do Trabalhador lan\u00e7a Brinquedoteca Espa\u00e7o l\u00fadico- pedag\u00f3gico \u00e9 op\u00e7\u00e3o para os filhos enquanto os pais praticam atividade f\u00edsica","datePublished":"2013-10-15T12:09:55+00:00","mainEntityOfPage":{"@id":"https:\/\/fieam.org.br\/sesi\/clube-do-trabalhador-lanca-brinquedoteca-espaco-ludico-pedagogico-e-opcao-para-os-filhos-enquanto-os-pais-praticam-atividade-fisica\/"},"wordCount":434,"commentCount":0,"publisher":{"@id":"https:\/\/fieam.org.br\/sesi\/#organization"},"image":{"@id":"https:\/\/fieam.org.br\/sesi\/clube-do-trabalhador-lanca-brinquedoteca-espaco-ludico-pedagogico-e-opcao-para-os-filhos-enquanto-os-pais-praticam-atividade-fisica\/#primaryimage"},"thumbnailUrl":"http:\/\/www.fieam.org.br\/2015\/sesi\/wp-content\/uploads\/sites\/2\/2013\/10\/Equipe-da-Brinquedoteca-300x200.jpg","articleSection":["News"],"inLanguage":"pt-BR","potentialAction":[{"@type":"CommentAction","name":"Comment","target":["https:\/\/fieam.org.br\/sesi\/clube-do-trabalhador-lanca-brinquedoteca-espaco-ludico-pedagogico-e-opcao-para-os-filhos-enquanto-os-pais-praticam-atividade-fisica\/#respond"]}]},{"@type":"WebPage","@id":"https:\/\/fieam.org.br\/sesi\/clube-do-trabalhador-lanca-brinquedoteca-espaco-ludico-pedagogico-e-opcao-para-os-filhos-enquanto-os-pais-praticam-atividade-fisica\/","url":"https:\/\/fieam.org.br\/sesi\/clube-do-trabalhador-lanca-brinquedoteca-espaco-ludico-pedagogico-e-opcao-para-os-filhos-enquanto-os-pais-praticam-atividade-fisica\/","name":"Clube do Trabalhador lan\u00e7a Brinquedoteca Espa\u00e7o l\u00fadico- pedag\u00f3gico \u00e9 op\u00e7\u00e3o para os filhos enquanto os pais praticam atividade f\u00edsica - SESI","isPartOf":{"@id":"https:\/\/fieam.org.br\/sesi\/#website"},"primaryImageOfPage":{"@id":"https:\/\/fieam.org.br\/sesi\/clube-do-trabalhador-lanca-brinquedoteca-espaco-ludico-pedagogico-e-opcao-para-os-filhos-enquanto-os-pais-praticam-atividade-fisica\/#primaryimage"},"image":{"@id":"https:\/\/fieam.org.br\/sesi\/clube-do-trabalhador-lanca-brinquedoteca-espaco-ludico-pedagogico-e-opcao-para-os-filhos-enquanto-os-pais-praticam-atividade-fisica\/#primaryimage"},"thumbnailUrl":"http:\/\/www.fieam.org.br\/2015\/sesi\/wp-content\/uploads\/sites\/2\/2013\/10\/Equipe-da-Brinquedoteca-300x200.jpg","datePublished":"2013-10-15T12:09:55+00:00","breadcrumb":{"@id":"https:\/\/fieam.org.br\/sesi\/clube-do-trabalhador-lanca-brinquedoteca-espaco-ludico-pedagogico-e-opcao-para-os-filhos-enquanto-os-pais-praticam-atividade-fisica\/#breadcrumb"},"inLanguage":"pt-BR","potentialAction":[{"@type":"ReadAction","target":["https:\/\/fieam.org.br\/sesi\/clube-do-trabalhador-lanca-brinquedoteca-espaco-ludico-pedagogico-e-opcao-para-os-filhos-enquanto-os-pais-praticam-atividade-fisica\/"]}]},{"@type":"ImageObject","inLanguage":"pt-BR","@id":"https:\/\/fieam.org.br\/sesi\/clube-do-trabalhador-lanca-brinquedoteca-espaco-ludico-pedagogico-e-opcao-para-os-filhos-enquanto-os-pais-praticam-atividade-fisica\/#primaryimage","url":"http:\/\/www.fieam.org.br\/2015\/sesi\/wp-content\/uploads\/sites\/2\/2013\/10\/Equipe-da-Brinquedoteca-300x200.jpg","contentUrl":"http:\/\/www.fieam.org.br\/2015\/sesi\/wp-content\/uploads\/sites\/2\/2013\/10\/Equipe-da-Brinquedoteca-300x200.jpg"},{"@type":"BreadcrumbList","@id":"https:\/\/fieam.org.br\/sesi\/clube-do-trabalhador-lanca-brinquedoteca-espaco-ludico-pedagogico-e-opcao-para-os-filhos-enquanto-os-pais-praticam-atividade-fisica\/#breadcrumb","itemListElement":[{"@type":"ListItem","position":1,"name":"In\u00edcio","item":"https:\/\/fieam.org.br\/sesi\/"},{"@type":"ListItem","position":2,"name":"Clube do Trabalhador lan\u00e7a Brinquedoteca Espa\u00e7o l\u00fadico- pedag\u00f3gico \u00e9 op\u00e7\u00e3o para os filhos enquanto os pais praticam atividade f\u00edsica"}]},{"@type":"WebSite","@id":"https:\/\/fieam.org.br\/sesi\/#website","url":"https:\/\/fieam.org.br\/sesi\/","name":"SESI","description":"Site Oficial!","publisher":{"@id":"https:\/\/fieam.org.br\/sesi\/#organization"},"potentialAction":[{"@type":"SearchAction","target":{"@type":"EntryPoint","urlTemplate":"https:\/\/fieam.org.br\/sesi\/?s={search_term_string}"},"query-input":{"@type":"PropertyValueSpecification","valueRequired":true,"valueName":"search_term_string"}}],"inLanguage":"pt-BR"},{"@type":"Organization","@id":"https:\/\/fieam.org.br\/sesi\/#organization","name":"SESI","url":"https:\/\/fieam.org.br\/sesi\/","logo":{"@type":"ImageObject","inLanguage":"pt-BR","@id":"https:\/\/fieam.org.br\/sesi\/#\/schema\/logo\/image\/","url":"https:\/\/fieam.org.br\/sesi\/wp-content\/uploads\/sites\/14\/2024\/03\/cropped-fav.png","contentUrl":"https:\/\/fieam.org.br\/sesi\/wp-content\/uploads\/sites\/14\/2024\/03\/cropped-fav.png","width":610,"height":589,"caption":"SESI"},"image":{"@id":"https:\/\/fieam.org.br\/sesi\/#\/schema\/logo\/image\/"}},{"@type":"Person","@id":"https:\/\/fieam.org.br\/sesi\/#\/schema\/person\/f54998dd14d5f0695b41444f2b01c31e","name":"Autor","image":{"@type":"ImageObject","inLanguage":"pt-BR","@id":"https:\/\/secure.gravatar.com\/avatar\/3732c223e0e1fad69062a8f770955c9068d37b055204f310a0be18d4069fe380?s=96&d=mm&r=g","url":"https:\/\/secure.gravatar.com\/avatar\/3732c223e0e1fad69062a8f770955c9068d37b055204f310a0be18d4069fe380?s=96&d=mm&r=g","contentUrl":"https:\/\/secure.gravatar.com\/avatar\/3732c223e0e1fad69062a8f770955c9068d37b055204f310a0be18d4069fe380?s=96&d=mm&r=g","caption":"Autor"},"sameAs":["https:\/\/marketingmassivo.com.br"],"url":"https:\/\/fieam.org.br\/sesi\/author\/admin\/"}]}},"_links":{"self":[{"href":"https:\/\/fieam.org.br\/sesi\/wp-json\/wp\/v2\/posts\/19373","targetHints":{"allow":["GET"]}}],"collection":[{"href":"https:\/\/fieam.org.br\/sesi\/wp-json\/wp\/v2\/posts"}],"about":[{"href":"https:\/\/fieam.org.br\/sesi\/wp-json\/wp\/v2\/types\/post"}],"author":[{"embeddable":true,"href":"https:\/\/fieam.org.br\/sesi\/wp-json\/wp\/v2\/users\/1"}],"replies":[{"embeddable":true,"href":"https:\/\/fieam.org.br\/sesi\/wp-json\/wp\/v2\/comments?post=19373"}],"version-history":[{"count":0,"href":"https:\/\/fieam.org.br\/sesi\/wp-json\/wp\/v2\/posts\/19373\/revisions"}],"wp:attachment":[{"href":"https:\/\/fieam.org.br\/sesi\/wp-json\/wp\/v2\/media?parent=19373"}],"wp:term":[{"taxonomy":"category","embeddable":true,"href":"https:\/\/fieam.org.br\/sesi\/wp-json\/wp\/v2\/categories?post=19373"},{"taxonomy":"post_tag","embeddable":true,"href":"https:\/\/fieam.org.br\/sesi\/wp-json\/wp\/v2\/tags?post=19373"}],"curies":[{"name":"wp","href":"https:\/\/api.w.org\/{rel}","templated":true}]}}