{"id":19364,"date":"2013-08-19T13:26:21","date_gmt":"2013-08-19T13:26:21","guid":{"rendered":"http:\/\/www.fieam.org.br\/site\/sesi\/?p=4633"},"modified":"2013-08-19T13:26:21","modified_gmt":"2013-08-19T13:26:21","slug":"am-ja-conquistou-15-medalhas-no-rio","status":"publish","type":"post","link":"https:\/\/fieam.org.br\/sesi\/am-ja-conquistou-15-medalhas-no-rio\/","title":{"rendered":"AM j\u00e1 conquistou 15 medalhas no Rio"},"content":{"rendered":"<p>Os atletas amazonenses Deise Soares e Jackson Mendes acrescentaram mais duas medalhas de ouro ao quadro de medalhas do Amazonas nos Jogos Nacionais do SESI\u00a0 disputados no Rio de Janeiro (RJ). Neste domingo, \u00faltimo dia da competi\u00e7\u00e3o, Deise, representante da Jabil do Brasil, venceu a prova de 1.500m rasos, com o tempo de 5min34, e Jackson, da Steck da Amaz\u00f4nia, venceu nos 3.000m, com a marca de 8min59. Na \u00faltima parcial, divulgada pela manh\u00e3, o quadro estava em 15 medalhas, sendo quatro de ouro, oito de prata e tr\u00eas de bronze. O Amazonas disputaria ainda mais um ouro, no v\u00f4lei de quadra, com a equipe da Yamaha , no final do dia.<\/p>\n<p>Das medalhas de ouro, quatro vieram do atletismo, as duas primeiras conquistadas na sexta-feira (16), no arremesso de peso, com a atleta Siomara Sab\u00f3ia, da Jabil, com a marca de 21m26, e na prova de 100m rasos, com Jos\u00e9 Gemison, da Amazon A\u00e7o, com o tempo de 10seg60. Neste domingo, a equipe feminina de futsal da Jabil, campe\u00e3 e favorita na competi\u00e7\u00e3o, acabou ficando com a prata ao ser derrotada pela equipe da Emiss\u00e3o Engenharia e Constru\u00e7\u00e3o, de Alagoas, por 3 a 2.<\/p>\n<figure id=\"attachment_4634\" aria-describedby=\"caption-attachment-4634\" style=\"width: 300px\" class=\"wp-caption alignleft\"><a href=\"http:\/\/www.fieam.org.br\/site\/sesi\/am-ja-conquistou-15-medalhas-no-rio\/jackson-mendes-ouro-nos-3-000m\/\" rel=\"attachment wp-att-4634\"><img fetchpriority=\"high\" decoding=\"async\" class=\"size-medium wp-image-4634\" alt=\"Jackson Mendes, ouro nos 3.000m\" src=\"http:\/\/www.fieam.org.br\/2015\/sesi\/wp-content\/uploads\/sites\/2\/2013\/08\/Jackson-Mendes-ouro-nos-3.000m-300x200.jpg\" width=\"300\" height=\"200\" \/><\/a><figcaption id=\"caption-attachment-4634\" class=\"wp-caption-text\">Jackson Mendes, ouro nos 3.000m<\/figcaption><\/figure>\n<p>Depois de participar das tr\u00eas \u00faltimas edi\u00e7\u00f5es dos Jogos Nacionais, conquistando sempre a medalha de prata nos 3.000m, o atleta Jackson Mendes disse que o ouro no Rio de Janeiro \u00e9 um reconhecimento \u00e0 sua dedica\u00e7\u00e3o, por mais de dez anos, no atletismo. Ele disse que sempre buscou a medalha de ouro, mas les\u00f5es e\u00a0 dificuldades de conciliar trabalho e treinamento impediam a realiza\u00e7\u00e3o do sonho. Mendes disse que este ano conseguiu se preparar melhor ao treinar durante um m\u00eas no Centro de Alto Rendimento de Atletismo, em Ceil\u00e2ndia, Distrito Federal, onde aprimorou a t\u00e9cnica, resist\u00eancia e velocidade, que foram importantes na conquista do 1\u00ba lugar. Jackson trabalha na Steck da Amaz\u00f4nia na fun\u00e7\u00e3o de l\u00edder de almoxarifado. Sobre a estrat\u00e9gia usada para vencer a prova, disse que come\u00e7ou em um ritmo fraco e que a partir da quarta volta imprimiu mais velocidade e assumiu a lideran\u00e7a at\u00e9 a chegada.<\/p>\n<p>Gemison de Souza, da Amazon A\u00e7o, outro destaque do atletismo do Amazonas, disse que competir em provas diferentes exige muito treinamento e dedica\u00e7\u00e3o. Segundo o medalhista, a prova de 100m exige muita concentra\u00e7\u00e3o, al\u00e9m de velocidade e que a prova de salto em dist\u00e2ncia \u00e9 mais t\u00e9cnica e impuls\u00e3o.<\/p>\n<p>Siomara Sab\u00f3ia, da Jabil, \u00e9 a atleta mais experiente da delega\u00e7\u00e3o do Amazonas com medalhas conquistadas em diferentes modalidades esportivas entre industri\u00e1rios em competi\u00e7\u00f5es estaduais, nacionais e internacionais, como a de ouro, nos Jogos Mundiais de Nata\u00e7\u00e3o em Lisboa, Portugal, em 2007, na prova de 50m borboleta. Sab\u00f3ia disse que \u00e9 preciso t\u00e9cnica e for\u00e7a para arremessar. Ela competiu na categoria para atletas com idade acima de 30 anos.<\/p>\n<p>As medalhas de prata foram conquistadas pelos atletas Val\u00e9ria Nascimento, da Moto Honda, no arremesso de peso, categoria at\u00e9 30 anos, Deise Soares, na prova de 400m rasos, Rosane Patr\u00edcio, da Salcomp, no salto em dist\u00e2ncia, Levi Torres, da LG , no t\u00eanis de mesa, e pela atleta Jocelma Viana, da Salcomp, que conquistou tr\u00eas medalhas nas provas de 100m, 200m e no revezamento 4x100m. As medalhas de bronze foram conquistadas pelos atletas, Gemison Souza, da Amazon A\u00e7o, no salto em dist\u00e2ncia, pela atleta\u00a0\u00a0 Luciele Souza, da Salcomp, na prova de salto em altura, e por Ivanildo Bel\u00e9m, Moto Honda, no t\u00eanis de quadra.<\/p>\n<p>O Amazonas competiu em nove modalidades esportivas: futebol sete m\u00e1ster, futsal, v\u00f4lei de quadra, v\u00f4lei de areia, nata\u00e7\u00e3o, atletismo, t\u00eanis de campo, t\u00eanis de mesa e xadrez. Os jogos reuniram cerca de 1,2 mil trabalhadores atletas representando 250 empresas brasileiras. O Amazonas participou com uma delega\u00e7\u00e3o de 81 atletas de 20 empresas do Polo Industrial de Manaus (PIM). As competi\u00e7\u00f5es foram realizadas no Centro de Educa\u00e7\u00e3o F\u00edsica Almirante Adalberto Nunes (Cefan)\u00a0 e na Associa\u00e7\u00e3o Atl\u00e9tica Banco do Brasil (AABB), na capital carioca.<\/p>\n","protected":false},"excerpt":{"rendered":"<p>Os atletas amazonenses Deise Soares e Jackson Mendes acrescentaram mais duas medalhas de ouro ao quadro de medalhas do Amazonas nos Jogos Nacionais do SESI\u00a0 disputados no Rio de Janeiro (RJ). Neste domingo, \u00faltimo dia da competi\u00e7\u00e3o, Deise, representante da Jabil do Brasil, venceu a prova de 1.500m rasos, com o tempo de 5min34, e [&hellip;]<\/p>\n","protected":false},"author":1,"featured_media":0,"comment_status":"open","ping_status":"open","sticky":false,"template":"","format":"standard","meta":{"footnotes":""},"categories":[25],"tags":[],"class_list":["post-19364","post","type-post","status-publish","format-standard","hentry","category-news"],"yoast_head":"<!-- This site is optimized with the Yoast SEO plugin v28.2 - https:\/\/yoast.com\/product\/yoast-seo-wordpress\/ -->\n<title>AM j\u00e1 conquistou 15 medalhas no Rio - SESI<\/title>\n<meta name=\"robots\" content=\"index, follow, max-snippet:-1, max-image-preview:large, max-video-preview:-1\" \/>\n<link rel=\"canonical\" href=\"https:\/\/fieam.org.br\/sesi\/am-ja-conquistou-15-medalhas-no-rio\/\" \/>\n<meta property=\"og:locale\" content=\"pt_BR\" \/>\n<meta property=\"og:type\" content=\"article\" \/>\n<meta property=\"og:title\" content=\"AM j\u00e1 conquistou 15 medalhas no Rio - SESI\" \/>\n<meta property=\"og:description\" content=\"Os atletas amazonenses Deise Soares e Jackson Mendes acrescentaram mais duas medalhas de ouro ao quadro de medalhas do Amazonas nos Jogos Nacionais do SESI\u00a0 disputados no Rio de Janeiro (RJ). Neste domingo, \u00faltimo dia da competi\u00e7\u00e3o, Deise, representante da Jabil do Brasil, venceu a prova de 1.500m rasos, com o tempo de 5min34, e [&hellip;]\" \/>\n<meta property=\"og:url\" content=\"https:\/\/fieam.org.br\/sesi\/am-ja-conquistou-15-medalhas-no-rio\/\" \/>\n<meta property=\"og:site_name\" content=\"SESI\" \/>\n<meta property=\"article:published_time\" content=\"2013-08-19T13:26:21+00:00\" \/>\n<meta name=\"author\" content=\"Autor\" \/>\n<meta name=\"twitter:card\" content=\"summary_large_image\" \/>\n<meta name=\"twitter:label1\" content=\"Escrito por\" \/>\n\t<meta name=\"twitter:data1\" content=\"Autor\" \/>\n\t<meta name=\"twitter:label2\" content=\"Est. tempo de leitura\" \/>\n\t<meta name=\"twitter:data2\" content=\"4 minutos\" \/>\n<script type=\"application\/ld+json\" class=\"yoast-schema-graph\">{\"@context\":\"https:\\\/\\\/schema.org\",\"@graph\":[{\"@type\":\"Article\",\"@id\":\"https:\\\/\\\/fieam.org.br\\\/sesi\\\/am-ja-conquistou-15-medalhas-no-rio\\\/#article\",\"isPartOf\":{\"@id\":\"https:\\\/\\\/fieam.org.br\\\/sesi\\\/am-ja-conquistou-15-medalhas-no-rio\\\/\"},\"author\":{\"name\":\"Autor\",\"@id\":\"https:\\\/\\\/fieam.org.br\\\/sesi\\\/#\\\/schema\\\/person\\\/f54998dd14d5f0695b41444f2b01c31e\"},\"headline\":\"AM j\u00e1 conquistou 15 medalhas no Rio\",\"datePublished\":\"2013-08-19T13:26:21+00:00\",\"mainEntityOfPage\":{\"@id\":\"https:\\\/\\\/fieam.org.br\\\/sesi\\\/am-ja-conquistou-15-medalhas-no-rio\\\/\"},\"wordCount\":709,\"commentCount\":0,\"publisher\":{\"@id\":\"https:\\\/\\\/fieam.org.br\\\/sesi\\\/#organization\"},\"image\":{\"@id\":\"https:\\\/\\\/fieam.org.br\\\/sesi\\\/am-ja-conquistou-15-medalhas-no-rio\\\/#primaryimage\"},\"thumbnailUrl\":\"http:\\\/\\\/www.fieam.org.br\\\/2015\\\/sesi\\\/wp-content\\\/uploads\\\/sites\\\/2\\\/2013\\\/08\\\/Jackson-Mendes-ouro-nos-3.000m-300x200.jpg\",\"articleSection\":[\"News\"],\"inLanguage\":\"pt-BR\",\"potentialAction\":[{\"@type\":\"CommentAction\",\"name\":\"Comment\",\"target\":[\"https:\\\/\\\/fieam.org.br\\\/sesi\\\/am-ja-conquistou-15-medalhas-no-rio\\\/#respond\"]}]},{\"@type\":\"WebPage\",\"@id\":\"https:\\\/\\\/fieam.org.br\\\/sesi\\\/am-ja-conquistou-15-medalhas-no-rio\\\/\",\"url\":\"https:\\\/\\\/fieam.org.br\\\/sesi\\\/am-ja-conquistou-15-medalhas-no-rio\\\/\",\"name\":\"AM j\u00e1 conquistou 15 medalhas no Rio - SESI\",\"isPartOf\":{\"@id\":\"https:\\\/\\\/fieam.org.br\\\/sesi\\\/#website\"},\"primaryImageOfPage\":{\"@id\":\"https:\\\/\\\/fieam.org.br\\\/sesi\\\/am-ja-conquistou-15-medalhas-no-rio\\\/#primaryimage\"},\"image\":{\"@id\":\"https:\\\/\\\/fieam.org.br\\\/sesi\\\/am-ja-conquistou-15-medalhas-no-rio\\\/#primaryimage\"},\"thumbnailUrl\":\"http:\\\/\\\/www.fieam.org.br\\\/2015\\\/sesi\\\/wp-content\\\/uploads\\\/sites\\\/2\\\/2013\\\/08\\\/Jackson-Mendes-ouro-nos-3.000m-300x200.jpg\",\"datePublished\":\"2013-08-19T13:26:21+00:00\",\"breadcrumb\":{\"@id\":\"https:\\\/\\\/fieam.org.br\\\/sesi\\\/am-ja-conquistou-15-medalhas-no-rio\\\/#breadcrumb\"},\"inLanguage\":\"pt-BR\",\"potentialAction\":[{\"@type\":\"ReadAction\",\"target\":[\"https:\\\/\\\/fieam.org.br\\\/sesi\\\/am-ja-conquistou-15-medalhas-no-rio\\\/\"]}]},{\"@type\":\"ImageObject\",\"inLanguage\":\"pt-BR\",\"@id\":\"https:\\\/\\\/fieam.org.br\\\/sesi\\\/am-ja-conquistou-15-medalhas-no-rio\\\/#primaryimage\",\"url\":\"http:\\\/\\\/www.fieam.org.br\\\/2015\\\/sesi\\\/wp-content\\\/uploads\\\/sites\\\/2\\\/2013\\\/08\\\/Jackson-Mendes-ouro-nos-3.000m-300x200.jpg\",\"contentUrl\":\"http:\\\/\\\/www.fieam.org.br\\\/2015\\\/sesi\\\/wp-content\\\/uploads\\\/sites\\\/2\\\/2013\\\/08\\\/Jackson-Mendes-ouro-nos-3.000m-300x200.jpg\"},{\"@type\":\"BreadcrumbList\",\"@id\":\"https:\\\/\\\/fieam.org.br\\\/sesi\\\/am-ja-conquistou-15-medalhas-no-rio\\\/#breadcrumb\",\"itemListElement\":[{\"@type\":\"ListItem\",\"position\":1,\"name\":\"In\u00edcio\",\"item\":\"https:\\\/\\\/fieam.org.br\\\/sesi\\\/\"},{\"@type\":\"ListItem\",\"position\":2,\"name\":\"AM j\u00e1 conquistou 15 medalhas no Rio\"}]},{\"@type\":\"WebSite\",\"@id\":\"https:\\\/\\\/fieam.org.br\\\/sesi\\\/#website\",\"url\":\"https:\\\/\\\/fieam.org.br\\\/sesi\\\/\",\"name\":\"SESI\",\"description\":\"Site Oficial!\",\"publisher\":{\"@id\":\"https:\\\/\\\/fieam.org.br\\\/sesi\\\/#organization\"},\"potentialAction\":[{\"@type\":\"SearchAction\",\"target\":{\"@type\":\"EntryPoint\",\"urlTemplate\":\"https:\\\/\\\/fieam.org.br\\\/sesi\\\/?s={search_term_string}\"},\"query-input\":{\"@type\":\"PropertyValueSpecification\",\"valueRequired\":true,\"valueName\":\"search_term_string\"}}],\"inLanguage\":\"pt-BR\"},{\"@type\":\"Organization\",\"@id\":\"https:\\\/\\\/fieam.org.br\\\/sesi\\\/#organization\",\"name\":\"SESI\",\"url\":\"https:\\\/\\\/fieam.org.br\\\/sesi\\\/\",\"logo\":{\"@type\":\"ImageObject\",\"inLanguage\":\"pt-BR\",\"@id\":\"https:\\\/\\\/fieam.org.br\\\/sesi\\\/#\\\/schema\\\/logo\\\/image\\\/\",\"url\":\"https:\\\/\\\/fieam.org.br\\\/sesi\\\/wp-content\\\/uploads\\\/sites\\\/14\\\/2024\\\/03\\\/cropped-fav.png\",\"contentUrl\":\"https:\\\/\\\/fieam.org.br\\\/sesi\\\/wp-content\\\/uploads\\\/sites\\\/14\\\/2024\\\/03\\\/cropped-fav.png\",\"width\":610,\"height\":589,\"caption\":\"SESI\"},\"image\":{\"@id\":\"https:\\\/\\\/fieam.org.br\\\/sesi\\\/#\\\/schema\\\/logo\\\/image\\\/\"}},{\"@type\":\"Person\",\"@id\":\"https:\\\/\\\/fieam.org.br\\\/sesi\\\/#\\\/schema\\\/person\\\/f54998dd14d5f0695b41444f2b01c31e\",\"name\":\"Autor\",\"image\":{\"@type\":\"ImageObject\",\"inLanguage\":\"pt-BR\",\"@id\":\"https:\\\/\\\/secure.gravatar.com\\\/avatar\\\/3732c223e0e1fad69062a8f770955c9068d37b055204f310a0be18d4069fe380?s=96&d=mm&r=g\",\"url\":\"https:\\\/\\\/secure.gravatar.com\\\/avatar\\\/3732c223e0e1fad69062a8f770955c9068d37b055204f310a0be18d4069fe380?s=96&d=mm&r=g\",\"contentUrl\":\"https:\\\/\\\/secure.gravatar.com\\\/avatar\\\/3732c223e0e1fad69062a8f770955c9068d37b055204f310a0be18d4069fe380?s=96&d=mm&r=g\",\"caption\":\"Autor\"},\"sameAs\":[\"https:\\\/\\\/marketingmassivo.com.br\"],\"url\":\"https:\\\/\\\/fieam.org.br\\\/sesi\\\/author\\\/admin\\\/\"}]}<\/script>\n<!-- \/ Yoast SEO plugin. -->","yoast_head_json":{"title":"AM j\u00e1 conquistou 15 medalhas no Rio - SESI","robots":{"index":"index","follow":"follow","max-snippet":"max-snippet:-1","max-image-preview":"max-image-preview:large","max-video-preview":"max-video-preview:-1"},"canonical":"https:\/\/fieam.org.br\/sesi\/am-ja-conquistou-15-medalhas-no-rio\/","og_locale":"pt_BR","og_type":"article","og_title":"AM j\u00e1 conquistou 15 medalhas no Rio - SESI","og_description":"Os atletas amazonenses Deise Soares e Jackson Mendes acrescentaram mais duas medalhas de ouro ao quadro de medalhas do Amazonas nos Jogos Nacionais do SESI\u00a0 disputados no Rio de Janeiro (RJ). Neste domingo, \u00faltimo dia da competi\u00e7\u00e3o, Deise, representante da Jabil do Brasil, venceu a prova de 1.500m rasos, com o tempo de 5min34, e [&hellip;]","og_url":"https:\/\/fieam.org.br\/sesi\/am-ja-conquistou-15-medalhas-no-rio\/","og_site_name":"SESI","article_published_time":"2013-08-19T13:26:21+00:00","author":"Autor","twitter_card":"summary_large_image","twitter_misc":{"Escrito por":"Autor","Est. tempo de leitura":"4 minutos"},"schema":{"@context":"https:\/\/schema.org","@graph":[{"@type":"Article","@id":"https:\/\/fieam.org.br\/sesi\/am-ja-conquistou-15-medalhas-no-rio\/#article","isPartOf":{"@id":"https:\/\/fieam.org.br\/sesi\/am-ja-conquistou-15-medalhas-no-rio\/"},"author":{"name":"Autor","@id":"https:\/\/fieam.org.br\/sesi\/#\/schema\/person\/f54998dd14d5f0695b41444f2b01c31e"},"headline":"AM j\u00e1 conquistou 15 medalhas no Rio","datePublished":"2013-08-19T13:26:21+00:00","mainEntityOfPage":{"@id":"https:\/\/fieam.org.br\/sesi\/am-ja-conquistou-15-medalhas-no-rio\/"},"wordCount":709,"commentCount":0,"publisher":{"@id":"https:\/\/fieam.org.br\/sesi\/#organization"},"image":{"@id":"https:\/\/fieam.org.br\/sesi\/am-ja-conquistou-15-medalhas-no-rio\/#primaryimage"},"thumbnailUrl":"http:\/\/www.fieam.org.br\/2015\/sesi\/wp-content\/uploads\/sites\/2\/2013\/08\/Jackson-Mendes-ouro-nos-3.000m-300x200.jpg","articleSection":["News"],"inLanguage":"pt-BR","potentialAction":[{"@type":"CommentAction","name":"Comment","target":["https:\/\/fieam.org.br\/sesi\/am-ja-conquistou-15-medalhas-no-rio\/#respond"]}]},{"@type":"WebPage","@id":"https:\/\/fieam.org.br\/sesi\/am-ja-conquistou-15-medalhas-no-rio\/","url":"https:\/\/fieam.org.br\/sesi\/am-ja-conquistou-15-medalhas-no-rio\/","name":"AM j\u00e1 conquistou 15 medalhas no Rio - SESI","isPartOf":{"@id":"https:\/\/fieam.org.br\/sesi\/#website"},"primaryImageOfPage":{"@id":"https:\/\/fieam.org.br\/sesi\/am-ja-conquistou-15-medalhas-no-rio\/#primaryimage"},"image":{"@id":"https:\/\/fieam.org.br\/sesi\/am-ja-conquistou-15-medalhas-no-rio\/#primaryimage"},"thumbnailUrl":"http:\/\/www.fieam.org.br\/2015\/sesi\/wp-content\/uploads\/sites\/2\/2013\/08\/Jackson-Mendes-ouro-nos-3.000m-300x200.jpg","datePublished":"2013-08-19T13:26:21+00:00","breadcrumb":{"@id":"https:\/\/fieam.org.br\/sesi\/am-ja-conquistou-15-medalhas-no-rio\/#breadcrumb"},"inLanguage":"pt-BR","potentialAction":[{"@type":"ReadAction","target":["https:\/\/fieam.org.br\/sesi\/am-ja-conquistou-15-medalhas-no-rio\/"]}]},{"@type":"ImageObject","inLanguage":"pt-BR","@id":"https:\/\/fieam.org.br\/sesi\/am-ja-conquistou-15-medalhas-no-rio\/#primaryimage","url":"http:\/\/www.fieam.org.br\/2015\/sesi\/wp-content\/uploads\/sites\/2\/2013\/08\/Jackson-Mendes-ouro-nos-3.000m-300x200.jpg","contentUrl":"http:\/\/www.fieam.org.br\/2015\/sesi\/wp-content\/uploads\/sites\/2\/2013\/08\/Jackson-Mendes-ouro-nos-3.000m-300x200.jpg"},{"@type":"BreadcrumbList","@id":"https:\/\/fieam.org.br\/sesi\/am-ja-conquistou-15-medalhas-no-rio\/#breadcrumb","itemListElement":[{"@type":"ListItem","position":1,"name":"In\u00edcio","item":"https:\/\/fieam.org.br\/sesi\/"},{"@type":"ListItem","position":2,"name":"AM j\u00e1 conquistou 15 medalhas no Rio"}]},{"@type":"WebSite","@id":"https:\/\/fieam.org.br\/sesi\/#website","url":"https:\/\/fieam.org.br\/sesi\/","name":"SESI","description":"Site Oficial!","publisher":{"@id":"https:\/\/fieam.org.br\/sesi\/#organization"},"potentialAction":[{"@type":"SearchAction","target":{"@type":"EntryPoint","urlTemplate":"https:\/\/fieam.org.br\/sesi\/?s={search_term_string}"},"query-input":{"@type":"PropertyValueSpecification","valueRequired":true,"valueName":"search_term_string"}}],"inLanguage":"pt-BR"},{"@type":"Organization","@id":"https:\/\/fieam.org.br\/sesi\/#organization","name":"SESI","url":"https:\/\/fieam.org.br\/sesi\/","logo":{"@type":"ImageObject","inLanguage":"pt-BR","@id":"https:\/\/fieam.org.br\/sesi\/#\/schema\/logo\/image\/","url":"https:\/\/fieam.org.br\/sesi\/wp-content\/uploads\/sites\/14\/2024\/03\/cropped-fav.png","contentUrl":"https:\/\/fieam.org.br\/sesi\/wp-content\/uploads\/sites\/14\/2024\/03\/cropped-fav.png","width":610,"height":589,"caption":"SESI"},"image":{"@id":"https:\/\/fieam.org.br\/sesi\/#\/schema\/logo\/image\/"}},{"@type":"Person","@id":"https:\/\/fieam.org.br\/sesi\/#\/schema\/person\/f54998dd14d5f0695b41444f2b01c31e","name":"Autor","image":{"@type":"ImageObject","inLanguage":"pt-BR","@id":"https:\/\/secure.gravatar.com\/avatar\/3732c223e0e1fad69062a8f770955c9068d37b055204f310a0be18d4069fe380?s=96&d=mm&r=g","url":"https:\/\/secure.gravatar.com\/avatar\/3732c223e0e1fad69062a8f770955c9068d37b055204f310a0be18d4069fe380?s=96&d=mm&r=g","contentUrl":"https:\/\/secure.gravatar.com\/avatar\/3732c223e0e1fad69062a8f770955c9068d37b055204f310a0be18d4069fe380?s=96&d=mm&r=g","caption":"Autor"},"sameAs":["https:\/\/marketingmassivo.com.br"],"url":"https:\/\/fieam.org.br\/sesi\/author\/admin\/"}]}},"_links":{"self":[{"href":"https:\/\/fieam.org.br\/sesi\/wp-json\/wp\/v2\/posts\/19364","targetHints":{"allow":["GET"]}}],"collection":[{"href":"https:\/\/fieam.org.br\/sesi\/wp-json\/wp\/v2\/posts"}],"about":[{"href":"https:\/\/fieam.org.br\/sesi\/wp-json\/wp\/v2\/types\/post"}],"author":[{"embeddable":true,"href":"https:\/\/fieam.org.br\/sesi\/wp-json\/wp\/v2\/users\/1"}],"replies":[{"embeddable":true,"href":"https:\/\/fieam.org.br\/sesi\/wp-json\/wp\/v2\/comments?post=19364"}],"version-history":[{"count":0,"href":"https:\/\/fieam.org.br\/sesi\/wp-json\/wp\/v2\/posts\/19364\/revisions"}],"wp:attachment":[{"href":"https:\/\/fieam.org.br\/sesi\/wp-json\/wp\/v2\/media?parent=19364"}],"wp:term":[{"taxonomy":"category","embeddable":true,"href":"https:\/\/fieam.org.br\/sesi\/wp-json\/wp\/v2\/categories?post=19364"},{"taxonomy":"post_tag","embeddable":true,"href":"https:\/\/fieam.org.br\/sesi\/wp-json\/wp\/v2\/tags?post=19364"}],"curies":[{"name":"wp","href":"https:\/\/api.w.org\/{rel}","templated":true}]}}