{"id":19362,"date":"2013-08-16T22:03:49","date_gmt":"2013-08-16T22:03:49","guid":{"rendered":"http:\/\/www.fieam.org.br\/site\/sesi\/?p=4624"},"modified":"2013-08-16T22:03:49","modified_gmt":"2013-08-16T22:03:49","slug":"am-conquista-duas-medalhas-de-ouro-e-tres-de-prata-2","status":"publish","type":"post","link":"https:\/\/fieam.org.br\/sesi\/am-conquista-duas-medalhas-de-ouro-e-tres-de-prata-2\/","title":{"rendered":"AM conquista duas medalhas de ouro e tr\u00eas de prata"},"content":{"rendered":"<p>O Amazonas conquistou duas medalhas de ouro e tr\u00eas de prata, nesta sexta-feira (16), nas provas de atletismo dos Jogos Nacionais do SESI, que est\u00e3o sendo disputados no Rio de Janeiro. O ouro veio do arremesso de peso, categoria acima de 30 anos, com a atleta Siomara Sab\u00f3ia, trabalhadora da Jabil do Brasil, com a marca de 21m29, e dos 100m rasos com o trabalhador Jos\u00e9 Gemison de Souza, da Amazon A\u00e7o, com o tempo de 10seg60.<\/p>\n<figure id=\"attachment_4625\" aria-describedby=\"caption-attachment-4625\" style=\"width: 300px\" class=\"wp-caption alignleft\"><a href=\"http:\/\/www.fieam.org.br\/site\/sesi\/am-conquista-duas-medalhas-de-ouro-e-tres-de-prata-2\/jose-gemison-direita-conquistou-ouro-nos-100m-rasos-2\/\" rel=\"attachment wp-att-4625\"><img fetchpriority=\"high\" decoding=\"async\" class=\"size-medium wp-image-4625\" alt=\"Jos\u00e9 Gemison (direita) conquistou ouro nos 100m rasos\" src=\"http:\/\/www.fieam.org.br\/2015\/sesi\/wp-content\/uploads\/sites\/2\/2013\/08\/Jose-Gemison-direita-conquistou-ouro-nos-100m-rasos1-300x200.jpg\" width=\"300\" height=\"200\" \/><\/a><figcaption id=\"caption-attachment-4625\" class=\"wp-caption-text\">Jos\u00e9 Gemison (direita) conquistou ouro nos 100m rasos<\/figcaption><\/figure>\n<p>A primeira medalha de prata foi conquistada no arremesso de peso, categoria at\u00e9 30 anos, com a veterana Val\u00e9ria Nascimento, da Moto Honda, com a marca de 10m17. Outra atleta veterana dos Jogos SESI, a velocista Deise Soares, da Jabil, ficou com a prata na prova dos 400m rasos. A terceira medalha de prata veio dos 100m rasos feminino, com Jocelma Viana, da Salcomp.<\/p>\n<p>Na disputa do ouro no arremesso de peso, a atleta Siomara Sab\u00f3ia\u00a0 competiu com dez trabalhadoras-atletas de outros Estados. Durante a prova, cada uma tem direito de arremessar seis vezes uma bola de ferro de 4 quilos, prevalecendo para crit\u00e9rio de classifica\u00e7\u00e3o a melhor marca registrada pelo atleta durante os arremessos.<\/p>\n<p>Neste primeiro dia de competi\u00e7\u00e3o do atletismo foram realizadas as provas de 800m masculino, 400m feminino, salto em altura masculino, arremesso de peso feminino, arremesso de peso masculino, 100m masculino e 100m feminino. As provas de atletismo est\u00e3o sendo disputadas na pista do Centro de Educa\u00e7\u00e3o F\u00edsica Adalberto Nunes (Cefan).<\/p>\n<p>O Amazonas participa da 9\u00aa edi\u00e7\u00e3o dos Jogos Nacionais com uma delega\u00e7\u00e3o composta por 81 atletas de 20 empresas do Polo Industrial de Manaus (PIM), nas modalidades de futebol sete m\u00e1ster, futsal, v\u00f4lei de quadra, v\u00f4lei de praia, t\u00eanis de mesa, t\u00eanis de campo, nata\u00e7\u00e3o, xadrez e atletismo. O Amazonas n\u00e3o tem representa\u00e7\u00e3o apenas no futebol de campo. Os Jogos Nacionais do SESI re\u00fanem cerca de 1,2 mil trabalhadores-atletas de 250 empresas brasileiras.<\/p>\n<p>&nbsp;<\/p>\n<p>&nbsp;<\/p>\n","protected":false},"excerpt":{"rendered":"<p>O Amazonas conquistou duas medalhas de ouro e tr\u00eas de prata, nesta sexta-feira (16), nas provas de atletismo dos Jogos Nacionais do SESI, que est\u00e3o sendo disputados no Rio de Janeiro. O ouro veio do arremesso de peso, categoria acima de 30 anos, com a atleta Siomara Sab\u00f3ia, trabalhadora da Jabil do Brasil, com a [&hellip;]<\/p>\n","protected":false},"author":1,"featured_media":0,"comment_status":"open","ping_status":"open","sticky":false,"template":"","format":"standard","meta":{"footnotes":""},"categories":[25],"tags":[],"class_list":["post-19362","post","type-post","status-publish","format-standard","hentry","category-news"],"yoast_head":"<!-- This site is optimized with the Yoast SEO plugin v28.2 - https:\/\/yoast.com\/product\/yoast-seo-wordpress\/ -->\n<title>AM conquista duas medalhas de ouro e tr\u00eas de prata - SESI<\/title>\n<meta name=\"robots\" content=\"index, follow, max-snippet:-1, max-image-preview:large, max-video-preview:-1\" \/>\n<link rel=\"canonical\" href=\"https:\/\/fieam.org.br\/sesi\/am-conquista-duas-medalhas-de-ouro-e-tres-de-prata-2\/\" \/>\n<meta property=\"og:locale\" content=\"pt_BR\" \/>\n<meta property=\"og:type\" content=\"article\" \/>\n<meta property=\"og:title\" content=\"AM conquista duas medalhas de ouro e tr\u00eas de prata - SESI\" \/>\n<meta property=\"og:description\" content=\"O Amazonas conquistou duas medalhas de ouro e tr\u00eas de prata, nesta sexta-feira (16), nas provas de atletismo dos Jogos Nacionais do SESI, que est\u00e3o sendo disputados no Rio de Janeiro. O ouro veio do arremesso de peso, categoria acima de 30 anos, com a atleta Siomara Sab\u00f3ia, trabalhadora da Jabil do Brasil, com a [&hellip;]\" \/>\n<meta property=\"og:url\" content=\"https:\/\/fieam.org.br\/sesi\/am-conquista-duas-medalhas-de-ouro-e-tres-de-prata-2\/\" \/>\n<meta property=\"og:site_name\" content=\"SESI\" \/>\n<meta property=\"article:published_time\" content=\"2013-08-16T22:03:49+00:00\" \/>\n<meta name=\"author\" content=\"Autor\" \/>\n<meta name=\"twitter:card\" content=\"summary_large_image\" \/>\n<meta name=\"twitter:label1\" content=\"Escrito por\" \/>\n\t<meta name=\"twitter:data1\" content=\"Autor\" \/>\n\t<meta name=\"twitter:label2\" content=\"Est. tempo de leitura\" \/>\n\t<meta name=\"twitter:data2\" content=\"2 minutos\" \/>\n<script type=\"application\/ld+json\" class=\"yoast-schema-graph\">{\"@context\":\"https:\\\/\\\/schema.org\",\"@graph\":[{\"@type\":\"Article\",\"@id\":\"https:\\\/\\\/fieam.org.br\\\/sesi\\\/am-conquista-duas-medalhas-de-ouro-e-tres-de-prata-2\\\/#article\",\"isPartOf\":{\"@id\":\"https:\\\/\\\/fieam.org.br\\\/sesi\\\/am-conquista-duas-medalhas-de-ouro-e-tres-de-prata-2\\\/\"},\"author\":{\"name\":\"Autor\",\"@id\":\"https:\\\/\\\/fieam.org.br\\\/sesi\\\/#\\\/schema\\\/person\\\/f54998dd14d5f0695b41444f2b01c31e\"},\"headline\":\"AM conquista duas medalhas de ouro e tr\u00eas de prata\",\"datePublished\":\"2013-08-16T22:03:49+00:00\",\"mainEntityOfPage\":{\"@id\":\"https:\\\/\\\/fieam.org.br\\\/sesi\\\/am-conquista-duas-medalhas-de-ouro-e-tres-de-prata-2\\\/\"},\"wordCount\":357,\"commentCount\":0,\"publisher\":{\"@id\":\"https:\\\/\\\/fieam.org.br\\\/sesi\\\/#organization\"},\"image\":{\"@id\":\"https:\\\/\\\/fieam.org.br\\\/sesi\\\/am-conquista-duas-medalhas-de-ouro-e-tres-de-prata-2\\\/#primaryimage\"},\"thumbnailUrl\":\"http:\\\/\\\/www.fieam.org.br\\\/2015\\\/sesi\\\/wp-content\\\/uploads\\\/sites\\\/2\\\/2013\\\/08\\\/Jose-Gemison-direita-conquistou-ouro-nos-100m-rasos1-300x200.jpg\",\"articleSection\":[\"News\"],\"inLanguage\":\"pt-BR\",\"potentialAction\":[{\"@type\":\"CommentAction\",\"name\":\"Comment\",\"target\":[\"https:\\\/\\\/fieam.org.br\\\/sesi\\\/am-conquista-duas-medalhas-de-ouro-e-tres-de-prata-2\\\/#respond\"]}]},{\"@type\":\"WebPage\",\"@id\":\"https:\\\/\\\/fieam.org.br\\\/sesi\\\/am-conquista-duas-medalhas-de-ouro-e-tres-de-prata-2\\\/\",\"url\":\"https:\\\/\\\/fieam.org.br\\\/sesi\\\/am-conquista-duas-medalhas-de-ouro-e-tres-de-prata-2\\\/\",\"name\":\"AM conquista duas medalhas de ouro e tr\u00eas de prata - SESI\",\"isPartOf\":{\"@id\":\"https:\\\/\\\/fieam.org.br\\\/sesi\\\/#website\"},\"primaryImageOfPage\":{\"@id\":\"https:\\\/\\\/fieam.org.br\\\/sesi\\\/am-conquista-duas-medalhas-de-ouro-e-tres-de-prata-2\\\/#primaryimage\"},\"image\":{\"@id\":\"https:\\\/\\\/fieam.org.br\\\/sesi\\\/am-conquista-duas-medalhas-de-ouro-e-tres-de-prata-2\\\/#primaryimage\"},\"thumbnailUrl\":\"http:\\\/\\\/www.fieam.org.br\\\/2015\\\/sesi\\\/wp-content\\\/uploads\\\/sites\\\/2\\\/2013\\\/08\\\/Jose-Gemison-direita-conquistou-ouro-nos-100m-rasos1-300x200.jpg\",\"datePublished\":\"2013-08-16T22:03:49+00:00\",\"breadcrumb\":{\"@id\":\"https:\\\/\\\/fieam.org.br\\\/sesi\\\/am-conquista-duas-medalhas-de-ouro-e-tres-de-prata-2\\\/#breadcrumb\"},\"inLanguage\":\"pt-BR\",\"potentialAction\":[{\"@type\":\"ReadAction\",\"target\":[\"https:\\\/\\\/fieam.org.br\\\/sesi\\\/am-conquista-duas-medalhas-de-ouro-e-tres-de-prata-2\\\/\"]}]},{\"@type\":\"ImageObject\",\"inLanguage\":\"pt-BR\",\"@id\":\"https:\\\/\\\/fieam.org.br\\\/sesi\\\/am-conquista-duas-medalhas-de-ouro-e-tres-de-prata-2\\\/#primaryimage\",\"url\":\"http:\\\/\\\/www.fieam.org.br\\\/2015\\\/sesi\\\/wp-content\\\/uploads\\\/sites\\\/2\\\/2013\\\/08\\\/Jose-Gemison-direita-conquistou-ouro-nos-100m-rasos1-300x200.jpg\",\"contentUrl\":\"http:\\\/\\\/www.fieam.org.br\\\/2015\\\/sesi\\\/wp-content\\\/uploads\\\/sites\\\/2\\\/2013\\\/08\\\/Jose-Gemison-direita-conquistou-ouro-nos-100m-rasos1-300x200.jpg\"},{\"@type\":\"BreadcrumbList\",\"@id\":\"https:\\\/\\\/fieam.org.br\\\/sesi\\\/am-conquista-duas-medalhas-de-ouro-e-tres-de-prata-2\\\/#breadcrumb\",\"itemListElement\":[{\"@type\":\"ListItem\",\"position\":1,\"name\":\"In\u00edcio\",\"item\":\"https:\\\/\\\/fieam.org.br\\\/sesi\\\/\"},{\"@type\":\"ListItem\",\"position\":2,\"name\":\"AM conquista duas medalhas de ouro e tr\u00eas de prata\"}]},{\"@type\":\"WebSite\",\"@id\":\"https:\\\/\\\/fieam.org.br\\\/sesi\\\/#website\",\"url\":\"https:\\\/\\\/fieam.org.br\\\/sesi\\\/\",\"name\":\"SESI\",\"description\":\"Site Oficial!\",\"publisher\":{\"@id\":\"https:\\\/\\\/fieam.org.br\\\/sesi\\\/#organization\"},\"potentialAction\":[{\"@type\":\"SearchAction\",\"target\":{\"@type\":\"EntryPoint\",\"urlTemplate\":\"https:\\\/\\\/fieam.org.br\\\/sesi\\\/?s={search_term_string}\"},\"query-input\":{\"@type\":\"PropertyValueSpecification\",\"valueRequired\":true,\"valueName\":\"search_term_string\"}}],\"inLanguage\":\"pt-BR\"},{\"@type\":\"Organization\",\"@id\":\"https:\\\/\\\/fieam.org.br\\\/sesi\\\/#organization\",\"name\":\"SESI\",\"url\":\"https:\\\/\\\/fieam.org.br\\\/sesi\\\/\",\"logo\":{\"@type\":\"ImageObject\",\"inLanguage\":\"pt-BR\",\"@id\":\"https:\\\/\\\/fieam.org.br\\\/sesi\\\/#\\\/schema\\\/logo\\\/image\\\/\",\"url\":\"https:\\\/\\\/fieam.org.br\\\/sesi\\\/wp-content\\\/uploads\\\/sites\\\/14\\\/2024\\\/03\\\/cropped-fav.png\",\"contentUrl\":\"https:\\\/\\\/fieam.org.br\\\/sesi\\\/wp-content\\\/uploads\\\/sites\\\/14\\\/2024\\\/03\\\/cropped-fav.png\",\"width\":610,\"height\":589,\"caption\":\"SESI\"},\"image\":{\"@id\":\"https:\\\/\\\/fieam.org.br\\\/sesi\\\/#\\\/schema\\\/logo\\\/image\\\/\"}},{\"@type\":\"Person\",\"@id\":\"https:\\\/\\\/fieam.org.br\\\/sesi\\\/#\\\/schema\\\/person\\\/f54998dd14d5f0695b41444f2b01c31e\",\"name\":\"Autor\",\"image\":{\"@type\":\"ImageObject\",\"inLanguage\":\"pt-BR\",\"@id\":\"https:\\\/\\\/secure.gravatar.com\\\/avatar\\\/3732c223e0e1fad69062a8f770955c9068d37b055204f310a0be18d4069fe380?s=96&d=mm&r=g\",\"url\":\"https:\\\/\\\/secure.gravatar.com\\\/avatar\\\/3732c223e0e1fad69062a8f770955c9068d37b055204f310a0be18d4069fe380?s=96&d=mm&r=g\",\"contentUrl\":\"https:\\\/\\\/secure.gravatar.com\\\/avatar\\\/3732c223e0e1fad69062a8f770955c9068d37b055204f310a0be18d4069fe380?s=96&d=mm&r=g\",\"caption\":\"Autor\"},\"sameAs\":[\"https:\\\/\\\/marketingmassivo.com.br\"],\"url\":\"https:\\\/\\\/fieam.org.br\\\/sesi\\\/author\\\/admin\\\/\"}]}<\/script>\n<!-- \/ Yoast SEO plugin. -->","yoast_head_json":{"title":"AM conquista duas medalhas de ouro e tr\u00eas de prata - SESI","robots":{"index":"index","follow":"follow","max-snippet":"max-snippet:-1","max-image-preview":"max-image-preview:large","max-video-preview":"max-video-preview:-1"},"canonical":"https:\/\/fieam.org.br\/sesi\/am-conquista-duas-medalhas-de-ouro-e-tres-de-prata-2\/","og_locale":"pt_BR","og_type":"article","og_title":"AM conquista duas medalhas de ouro e tr\u00eas de prata - SESI","og_description":"O Amazonas conquistou duas medalhas de ouro e tr\u00eas de prata, nesta sexta-feira (16), nas provas de atletismo dos Jogos Nacionais do SESI, que est\u00e3o sendo disputados no Rio de Janeiro. O ouro veio do arremesso de peso, categoria acima de 30 anos, com a atleta Siomara Sab\u00f3ia, trabalhadora da Jabil do Brasil, com a [&hellip;]","og_url":"https:\/\/fieam.org.br\/sesi\/am-conquista-duas-medalhas-de-ouro-e-tres-de-prata-2\/","og_site_name":"SESI","article_published_time":"2013-08-16T22:03:49+00:00","author":"Autor","twitter_card":"summary_large_image","twitter_misc":{"Escrito por":"Autor","Est. tempo de leitura":"2 minutos"},"schema":{"@context":"https:\/\/schema.org","@graph":[{"@type":"Article","@id":"https:\/\/fieam.org.br\/sesi\/am-conquista-duas-medalhas-de-ouro-e-tres-de-prata-2\/#article","isPartOf":{"@id":"https:\/\/fieam.org.br\/sesi\/am-conquista-duas-medalhas-de-ouro-e-tres-de-prata-2\/"},"author":{"name":"Autor","@id":"https:\/\/fieam.org.br\/sesi\/#\/schema\/person\/f54998dd14d5f0695b41444f2b01c31e"},"headline":"AM conquista duas medalhas de ouro e tr\u00eas de prata","datePublished":"2013-08-16T22:03:49+00:00","mainEntityOfPage":{"@id":"https:\/\/fieam.org.br\/sesi\/am-conquista-duas-medalhas-de-ouro-e-tres-de-prata-2\/"},"wordCount":357,"commentCount":0,"publisher":{"@id":"https:\/\/fieam.org.br\/sesi\/#organization"},"image":{"@id":"https:\/\/fieam.org.br\/sesi\/am-conquista-duas-medalhas-de-ouro-e-tres-de-prata-2\/#primaryimage"},"thumbnailUrl":"http:\/\/www.fieam.org.br\/2015\/sesi\/wp-content\/uploads\/sites\/2\/2013\/08\/Jose-Gemison-direita-conquistou-ouro-nos-100m-rasos1-300x200.jpg","articleSection":["News"],"inLanguage":"pt-BR","potentialAction":[{"@type":"CommentAction","name":"Comment","target":["https:\/\/fieam.org.br\/sesi\/am-conquista-duas-medalhas-de-ouro-e-tres-de-prata-2\/#respond"]}]},{"@type":"WebPage","@id":"https:\/\/fieam.org.br\/sesi\/am-conquista-duas-medalhas-de-ouro-e-tres-de-prata-2\/","url":"https:\/\/fieam.org.br\/sesi\/am-conquista-duas-medalhas-de-ouro-e-tres-de-prata-2\/","name":"AM conquista duas medalhas de ouro e tr\u00eas de prata - SESI","isPartOf":{"@id":"https:\/\/fieam.org.br\/sesi\/#website"},"primaryImageOfPage":{"@id":"https:\/\/fieam.org.br\/sesi\/am-conquista-duas-medalhas-de-ouro-e-tres-de-prata-2\/#primaryimage"},"image":{"@id":"https:\/\/fieam.org.br\/sesi\/am-conquista-duas-medalhas-de-ouro-e-tres-de-prata-2\/#primaryimage"},"thumbnailUrl":"http:\/\/www.fieam.org.br\/2015\/sesi\/wp-content\/uploads\/sites\/2\/2013\/08\/Jose-Gemison-direita-conquistou-ouro-nos-100m-rasos1-300x200.jpg","datePublished":"2013-08-16T22:03:49+00:00","breadcrumb":{"@id":"https:\/\/fieam.org.br\/sesi\/am-conquista-duas-medalhas-de-ouro-e-tres-de-prata-2\/#breadcrumb"},"inLanguage":"pt-BR","potentialAction":[{"@type":"ReadAction","target":["https:\/\/fieam.org.br\/sesi\/am-conquista-duas-medalhas-de-ouro-e-tres-de-prata-2\/"]}]},{"@type":"ImageObject","inLanguage":"pt-BR","@id":"https:\/\/fieam.org.br\/sesi\/am-conquista-duas-medalhas-de-ouro-e-tres-de-prata-2\/#primaryimage","url":"http:\/\/www.fieam.org.br\/2015\/sesi\/wp-content\/uploads\/sites\/2\/2013\/08\/Jose-Gemison-direita-conquistou-ouro-nos-100m-rasos1-300x200.jpg","contentUrl":"http:\/\/www.fieam.org.br\/2015\/sesi\/wp-content\/uploads\/sites\/2\/2013\/08\/Jose-Gemison-direita-conquistou-ouro-nos-100m-rasos1-300x200.jpg"},{"@type":"BreadcrumbList","@id":"https:\/\/fieam.org.br\/sesi\/am-conquista-duas-medalhas-de-ouro-e-tres-de-prata-2\/#breadcrumb","itemListElement":[{"@type":"ListItem","position":1,"name":"In\u00edcio","item":"https:\/\/fieam.org.br\/sesi\/"},{"@type":"ListItem","position":2,"name":"AM conquista duas medalhas de ouro e tr\u00eas de prata"}]},{"@type":"WebSite","@id":"https:\/\/fieam.org.br\/sesi\/#website","url":"https:\/\/fieam.org.br\/sesi\/","name":"SESI","description":"Site Oficial!","publisher":{"@id":"https:\/\/fieam.org.br\/sesi\/#organization"},"potentialAction":[{"@type":"SearchAction","target":{"@type":"EntryPoint","urlTemplate":"https:\/\/fieam.org.br\/sesi\/?s={search_term_string}"},"query-input":{"@type":"PropertyValueSpecification","valueRequired":true,"valueName":"search_term_string"}}],"inLanguage":"pt-BR"},{"@type":"Organization","@id":"https:\/\/fieam.org.br\/sesi\/#organization","name":"SESI","url":"https:\/\/fieam.org.br\/sesi\/","logo":{"@type":"ImageObject","inLanguage":"pt-BR","@id":"https:\/\/fieam.org.br\/sesi\/#\/schema\/logo\/image\/","url":"https:\/\/fieam.org.br\/sesi\/wp-content\/uploads\/sites\/14\/2024\/03\/cropped-fav.png","contentUrl":"https:\/\/fieam.org.br\/sesi\/wp-content\/uploads\/sites\/14\/2024\/03\/cropped-fav.png","width":610,"height":589,"caption":"SESI"},"image":{"@id":"https:\/\/fieam.org.br\/sesi\/#\/schema\/logo\/image\/"}},{"@type":"Person","@id":"https:\/\/fieam.org.br\/sesi\/#\/schema\/person\/f54998dd14d5f0695b41444f2b01c31e","name":"Autor","image":{"@type":"ImageObject","inLanguage":"pt-BR","@id":"https:\/\/secure.gravatar.com\/avatar\/3732c223e0e1fad69062a8f770955c9068d37b055204f310a0be18d4069fe380?s=96&d=mm&r=g","url":"https:\/\/secure.gravatar.com\/avatar\/3732c223e0e1fad69062a8f770955c9068d37b055204f310a0be18d4069fe380?s=96&d=mm&r=g","contentUrl":"https:\/\/secure.gravatar.com\/avatar\/3732c223e0e1fad69062a8f770955c9068d37b055204f310a0be18d4069fe380?s=96&d=mm&r=g","caption":"Autor"},"sameAs":["https:\/\/marketingmassivo.com.br"],"url":"https:\/\/fieam.org.br\/sesi\/author\/admin\/"}]}},"_links":{"self":[{"href":"https:\/\/fieam.org.br\/sesi\/wp-json\/wp\/v2\/posts\/19362","targetHints":{"allow":["GET"]}}],"collection":[{"href":"https:\/\/fieam.org.br\/sesi\/wp-json\/wp\/v2\/posts"}],"about":[{"href":"https:\/\/fieam.org.br\/sesi\/wp-json\/wp\/v2\/types\/post"}],"author":[{"embeddable":true,"href":"https:\/\/fieam.org.br\/sesi\/wp-json\/wp\/v2\/users\/1"}],"replies":[{"embeddable":true,"href":"https:\/\/fieam.org.br\/sesi\/wp-json\/wp\/v2\/comments?post=19362"}],"version-history":[{"count":0,"href":"https:\/\/fieam.org.br\/sesi\/wp-json\/wp\/v2\/posts\/19362\/revisions"}],"wp:attachment":[{"href":"https:\/\/fieam.org.br\/sesi\/wp-json\/wp\/v2\/media?parent=19362"}],"wp:term":[{"taxonomy":"category","embeddable":true,"href":"https:\/\/fieam.org.br\/sesi\/wp-json\/wp\/v2\/categories?post=19362"},{"taxonomy":"post_tag","embeddable":true,"href":"https:\/\/fieam.org.br\/sesi\/wp-json\/wp\/v2\/tags?post=19362"}],"curies":[{"name":"wp","href":"https:\/\/api.w.org\/{rel}","templated":true}]}}